{"id":107467,"date":"2024-06-22T15:00:00","date_gmt":"2024-06-22T15:00:00","guid":{"rendered":"https:\/\/www.primor.eu\/blog\/?p=107467"},"modified":"2024-06-18T12:33:41","modified_gmt":"2024-06-18T12:33:41","slug":"depilacion-laser-verano","status":"publish","type":"post","link":"https:\/\/www.primor.eu\/blog\/depilacion-laser-verano\/","title":{"rendered":"Todo lo que debes saber si te vas a hacer la depilaci\u00f3n l\u00e1ser en verano"},"content":{"rendered":"\n<p>La <a href=\"https:\/\/www.primor.eu\/blog\/el-kit-imprescindible-de-productos-post-depilacion-laser\/\" data-type=\"link\" data-id=\"https:\/\/www.primor.eu\/blog\/el-kit-imprescindible-de-productos-post-depilacion-laser\/\"><strong>depilaci\u00f3n l\u00e1ser<\/strong> <\/a>es una liberaci\u00f3n para muchas mujeres. La elecci\u00f3n de lanzarse a una depilaci\u00f3n definitiva como esta conlleva olvidarse de esos dolorosos tirones de la cera o de la continua depilaci\u00f3n con cuchilla. Y adem\u00e1s, <strong>ahorra tiempo<\/strong>. Si hay algo que nos falta a las mujeres modernas es tiempo. Tiempo de ir de compras (por lo que compramos por internet), tiempo de ver nuestra serie favorita o de quedar con las personas que amamos\u2026 Como para perder tiempo en depilarnos. Por eso, la depilaci\u00f3n l\u00e1ser puede ser genial para ti si eres de las que necesita arrancarle horas al reloj o quieres olvidarte de la depilaci\u00f3n y <strong>estar siempre lista<\/strong>. Eso s\u00ed, debes saber que si te haces la depilaci\u00f3n l\u00e1ser <strong>en verano <\/strong>necesitas tener algunas cosas en cuenta y llevar a cabo unos <strong>cuidados extra<\/strong>.<\/p>\n\n\n\n<h2 class=\"wp-block-heading\">\u00bfHacerse la depilaci\u00f3n l\u00e1ser en verano?<\/h2>\n\n\n\n<p>Hacerte la depilaci\u00f3n l\u00e1ser en verano no lleva consigo<strong> ninguna contraindicaci\u00f3n<\/strong> m\u00e9dica. Si te quieres hacer la depilaci\u00f3n y se te ha echado el verano encima, no hay nada que deba imped\u00edrtelo. Eso s\u00ed, necesitas tener en cuenta algunas cosas en cuanto al <strong>cuidado de tu piel <\/strong>en la zona depilada.\u00a0<\/p>\n\n\n\n<p>No obstante, si prefieres esperar al oto\u00f1o para no tener que estar pendiente este verano de los cuidados o evitar los disgustos que puede traerte un despiste con el sol o ciertas pr\u00e1cticas, puedes hacerlo. Todo ello depender\u00e1 de la prisa que tengas y de c\u00f3mo es tu personalidad. Y es que hay algunas que llevamos <strong>rutinas<\/strong> muy al pie de la letra y no se nos escapa una, pero puede haber otras m\u00e1s despistadas o con demasiadas cosas en la cabeza.<\/p>\n\n\n\n<h2 class=\"wp-block-heading\">Depilaci\u00f3n l\u00e1ser en verano: cuidados necesarios<\/h2>\n\n\n\n<p>El verano es genial para disfrutar y desconectar, pero trae consigo factores que pueden da\u00f1ar nuestra piel y nuestro cabello como el sol excesivo, la sal y el cloro de la piscina. Lo mismo ocurre si decides hacerte la depilaci\u00f3n l\u00e1ser en verano. Estos factores pueden afectar al resultado y traerte alg\u00fan susto extra si no cuidas bien la piel de la zona depilada. Te damos unas claves para que no te ocurra esto:<\/p>\n\n\n\n<ul class=\"wp-block-list\">\n<li><strong>No te expongas al sol<\/strong>: directo al menos durante dos semanas despu\u00e9s de la sesi\u00f3n de depilaci\u00f3n l\u00e1ser. Durante estos d\u00edas es mejor que no vayas a la playa y a la piscina.<\/li>\n\n\n\n<li><strong>Elige ropa protectora del sol<\/strong>: si sales a la calle durante las dos semanas posteriores a la depilaci\u00f3n l\u00e1ser, es mejor que cubras la zona depilada. Si es el \u00e1rea de encima del labio, por ejemplo elige una gorra, un sombrero o una gran pamela que la cubra. Si son las piernas o las axilas elige pantalones largos o camisetas con mangas.<\/li>\n\n\n\n<li><strong>Utiliza protector solar de alto factor<\/strong>: si sales a la calle durante esas dos semanas y, tambi\u00e9n, cuando hayan pasado para ponerte al sol en la playa o en la piscina.<\/li>\n\n\n\n<li><strong>Hidrataci\u00f3n<\/strong>: es muy importante que hidrates tu piel con cremas o geles calmantes como el aloe vera en los d\u00edas sucesivos a la depilaci\u00f3n l\u00e1ser. No te olvides de beber abundante agua, porque la hidrataci\u00f3n m\u00e1s importante es tambi\u00e9n la que hacemos por dentro.<\/li>\n\n\n\n<li><strong>No exfolies la zona<\/strong>: ya sea que tengas costumbre de exfoliar la piel de todo tu cuerpo regularmente o tu cutis si te has hecho la depilaci\u00f3n l\u00e1ser encima del labio, desp\u00eddete de ella por unos d\u00edas. Ten en cuenta que puede ser un proceso agresivo y sensibilizar m\u00e1s tu piel sobre todo en las zonas depiladas, lo que puede hacer que el sol afecte m\u00e1s en verano.<\/li>\n\n\n\n<li><strong>Cuidado con el cloro y la sal<\/strong>: durante al menos las primeras 48 horas evita los ba\u00f1os en la playa y la piscina para no irritarte tras la depilaci\u00f3n l\u00e1ser.<\/li>\n<\/ul>\n\n\n<div class=\"kk-star-ratings kksr-auto kksr-align-center kksr-valign-bottom\"\n    data-payload='{&quot;align&quot;:&quot;center&quot;,&quot;id&quot;:&quot;107467&quot;,&quot;slug&quot;:&quot;default&quot;,&quot;valign&quot;:&quot;bottom&quot;,&quot;ignore&quot;:&quot;&quot;,&quot;reference&quot;:&quot;auto&quot;,&quot;class&quot;:&quot;&quot;,&quot;count&quot;:&quot;0&quot;,&quot;legendonly&quot;:&quot;&quot;,&quot;readonly&quot;:&quot;&quot;,&quot;score&quot;:&quot;0&quot;,&quot;starsonly&quot;:&quot;&quot;,&quot;best&quot;:&quot;5&quot;,&quot;gap&quot;:&quot;5&quot;,&quot;greet&quot;:&quot;Valora este art\u00edculo&quot;,&quot;legend&quot;:&quot;0\\\/5 - (0 votos)&quot;,&quot;size&quot;:&quot;24&quot;,&quot;title&quot;:&quot;Todo lo que debes saber si te vas a hacer la depilaci\u00f3n l\u00e1ser en verano&quot;,&quot;width&quot;:&quot;0&quot;,&quot;_legend&quot;:&quot;{score}\\\/{best} - ({count} {votes})&quot;,&quot;font_factor&quot;:&quot;1.25&quot;}'>\n            \n<div class=\"kksr-stars\">\n    \n<div class=\"kksr-stars-inactive\">\n            <div class=\"kksr-star\" data-star=\"1\" style=\"padding-right: 5px\">\n            \n\n<div class=\"kksr-icon\" style=\"width: 24px; height: 24px;\"><\/div>\n        <\/div>\n            <div class=\"kksr-star\" data-star=\"2\" style=\"padding-right: 5px\">\n            \n\n<div class=\"kksr-icon\" style=\"width: 24px; height: 24px;\"><\/div>\n        <\/div>\n            <div class=\"kksr-star\" data-star=\"3\" style=\"padding-right: 5px\">\n            \n\n<div class=\"kksr-icon\" style=\"width: 24px; height: 24px;\"><\/div>\n        <\/div>\n            <div class=\"kksr-star\" data-star=\"4\" style=\"padding-right: 5px\">\n            \n\n<div class=\"kksr-icon\" style=\"width: 24px; height: 24px;\"><\/div>\n        <\/div>\n            <div class=\"kksr-star\" data-star=\"5\" style=\"padding-right: 5px\">\n            \n\n<div class=\"kksr-icon\" style=\"width: 24px; height: 24px;\"><\/div>\n        <\/div>\n    <\/div>\n    \n<div class=\"kksr-stars-active\" style=\"width: 0px;\">\n            <div class=\"kksr-star\" style=\"padding-right: 5px\">\n            \n\n<div class=\"kksr-icon\" style=\"width: 24px; height: 24px;\"><\/div>\n        <\/div>\n            <div class=\"kksr-star\" style=\"padding-right: 5px\">\n            \n\n<div class=\"kksr-icon\" style=\"width: 24px; height: 24px;\"><\/div>\n        <\/div>\n            <div class=\"kksr-star\" style=\"padding-right: 5px\">\n            \n\n<div class=\"kksr-icon\" style=\"width: 24px; height: 24px;\"><\/div>\n        <\/div>\n            <div class=\"kksr-star\" style=\"padding-right: 5px\">\n            \n\n<div class=\"kksr-icon\" style=\"width: 24px; height: 24px;\"><\/div>\n        <\/div>\n            <div class=\"kksr-star\" style=\"padding-right: 5px\">\n            \n\n<div class=\"kksr-icon\" style=\"width: 24px; height: 24px;\"><\/div>\n        <\/div>\n    <\/div>\n<\/div>\n                \n\n<div class=\"kksr-legend\" style=\"font-size: 19.2px;\">\n            <span class=\"kksr-muted\">Valora este art\u00edculo<\/span>\n    <\/div>\n    <\/div>\n","protected":false},"excerpt":{"rendered":"<p>La depilaci\u00f3n l\u00e1ser es una liberaci\u00f3n para muchas mujeres. La elecci\u00f3n de lanzarse a una depilaci\u00f3n definitiva como esta conlleva olvidarse de esos dolorosos tirones de la cera o de la continua depilaci\u00f3n con cuchilla. Y adem\u00e1s, ahorra tiempo. Si hay algo que nos falta a las mujeres modernas es tiempo. Tiempo de ir de [&hellip;]<\/p>\n","protected":false},"author":30,"featured_media":107469,"comment_status":"closed","ping_status":"closed","sticky":false,"template":"","format":"standard","meta":{"jnews-multi-image_gallery":[],"jnews_single_post":{"subtitle":"","format":"standard","video":"","gallery":"","source_name":"","source_url":"","via_name":"","via_url":"","override_template":"0","override":[{"template":"1","single_blog_custom":"","parallax":"1","fullscreen":"1","layout":"right-sidebar","sidebar":"home-2","second_sidebar":"default-sidebar","sticky_sidebar":"0","share_position":"float","share_float_style":"share-monocrhome","show_share_counter":"0","show_view_counter":"0","show_featured":"1","show_post_meta":"1","show_post_author":"0","show_post_author_image":"1","show_post_date":"1","post_date_format":"default","post_date_format_custom":"Y\/m\/d","show_post_category":"1","show_post_reading_time":"0","post_reading_time_wpm":"300","show_zoom_button":"0","zoom_button_out_step":"2","zoom_button_in_step":"3","show_post_tag":"0","show_prev_next_post":"0","show_popup_post":"0","number_popup_post":"2","show_author_box":"0","show_post_related":"0","show_inline_post_related":"1"}],"override_image_size":"0","image_override":[{"single_post_thumbnail_size":"no-crop","single_post_gallery_size":"crop-500"}],"trending_post":"0","trending_post_position":"meta","trending_post_label":"Trending","sponsored_post":"0","sponsored_post_label":"Sponsored by","sponsored_post_name":"","sponsored_post_url":"","sponsored_post_logo_enable":"0","sponsored_post_logo":"","sponsored_post_desc":"","disable_ad":"0"},"jnews_primary_category":{"id":"","hide":""},"jnews_social_meta":{"fb_title":"","fb_description":"","fb_image":"","twitter_title":"","twitter_description":"","twitter_image":""},"jnews_override_counter":{"override_view_counter":"0","view_counter_number":"0","override_share_counter":"0","share_counter_number":"0","override_like_counter":"0","like_counter_number":"0","override_dislike_counter":"0","dislike_counter_number":"0"},"footnotes":""},"categories":[151],"tags":[],"class_list":["post-107467","post","type-post","status-publish","format-standard","has-post-thumbnail","hentry","category-corporales"],"_links":{"self":[{"href":"https:\/\/www.primor.eu\/blog\/wp-json\/wp\/v2\/posts\/107467","targetHints":{"allow":["GET"]}}],"collection":[{"href":"https:\/\/www.primor.eu\/blog\/wp-json\/wp\/v2\/posts"}],"about":[{"href":"https:\/\/www.primor.eu\/blog\/wp-json\/wp\/v2\/types\/post"}],"author":[{"embeddable":true,"href":"https:\/\/www.primor.eu\/blog\/wp-json\/wp\/v2\/users\/30"}],"replies":[{"embeddable":true,"href":"https:\/\/www.primor.eu\/blog\/wp-json\/wp\/v2\/comments?post=107467"}],"version-history":[{"count":4,"href":"https:\/\/www.primor.eu\/blog\/wp-json\/wp\/v2\/posts\/107467\/revisions"}],"predecessor-version":[{"id":107481,"href":"https:\/\/www.primor.eu\/blog\/wp-json\/wp\/v2\/posts\/107467\/revisions\/107481"}],"wp:featuredmedia":[{"embeddable":true,"href":"https:\/\/www.primor.eu\/blog\/wp-json\/wp\/v2\/media\/107469"}],"wp:attachment":[{"href":"https:\/\/www.primor.eu\/blog\/wp-json\/wp\/v2\/media?parent=107467"}],"wp:term":[{"taxonomy":"category","embeddable":true,"href":"https:\/\/www.primor.eu\/blog\/wp-json\/wp\/v2\/categories?post=107467"},{"taxonomy":"post_tag","embeddable":true,"href":"https:\/\/www.primor.eu\/blog\/wp-json\/wp\/v2\/tags?post=107467"}],"curies":[{"name":"wp","href":"https:\/\/api.w.org\/{rel}","templated":true}]}}