{"id":107420,"date":"2024-06-22T14:00:00","date_gmt":"2024-06-22T14:00:00","guid":{"rendered":"https:\/\/www.primor.eu\/blog\/?p=107420"},"modified":"2024-06-17T13:12:09","modified_gmt":"2024-06-17T13:12:09","slug":"mejores-cremas-cuidar-tatuajes","status":"publish","type":"post","link":"https:\/\/www.primor.eu\/blog\/mejores-cremas-cuidar-tatuajes\/","title":{"rendered":"Estas son las mejores cremas para cuidar tus tatuajes"},"content":{"rendered":"\n<p>Elegir las mejores<strong> cremas para <\/strong><a href=\"https:\/\/www.primor.eu\/blog\/tatuajes-mujeres-mas-50-anos\/\" data-type=\"link\" data-id=\"https:\/\/www.primor.eu\/blog\/tatuajes-mujeres-mas-50-anos\/\"><strong>tatuajes<\/strong> <\/a>es importante sobre todo si te lo acabas de <strong>hacer <\/strong>o de repasar. Lo que no mucha gente sabe es que el hecho de <strong>repasar un tatuaje<\/strong> lleva consigo la obligaci\u00f3n de aplicar cuidados pr\u00e1cticamente como cuando el tatuaje es nuevo. Hay que tener en cuenta que un tatuaje es agresivo para la piel y que, tanto para que cure bien y no nos d\u00e9 problemas como para que<strong> cicatrice<\/strong> bonito las cremas para tatuajes son esenciales.\u00a0<\/p>\n\n\n\n<h2 class=\"wp-block-heading\">Cremas para tatuajes: bases antes de escoger una<\/h2>\n\n\n\n<p>En el mercado hay<strong> diversas marcas<\/strong> de cremas para tatuajes pero lo m\u00e1s importante es que cuentes con una que te sea efectiva. Si nunca has probado cremas para tatuajes o es la primera vez que te haces uno, puedes preguntar a tu tatuador.&nbsp;<\/p>\n\n\n\n<p>Si no, puedes <strong>probar dos o tres<\/strong> de las que te vamos a recomendar a continuaci\u00f3n y una vez que des con la que m\u00e1s te guste, te quedes con esa. Tambi\u00e9n es importante que tengas en cuenta que debes <strong>aplicar <\/strong>las cremas para tatuajes <strong>con la piel limpia y seca <\/strong>para que sean efectivas.<\/p>\n\n\n\n<h2 class=\"wp-block-heading\">Las mejores cremas para tatuajes de nuestra tienda<\/h2>\n\n\n        <product-table class=\"pr-slider\">\r\n            <product-headers class=\"grid-table-rows\">\r\n                <div>Foto<\/div>\r\n                <div>Producto<\/div>\r\n                <div>Marca<\/div>\r\n                <div>Valoraciones<\/div>\r\n                <div>Precio<\/div>\r\n            <\/product-headers>\r\n\r\n            <product-list>\r\n                                    <a href=\"https:\/\/www.primor.eu\/es_es\/lacer-crema-cuidado-tatuajes-14495.html\" class=\"product-item grid-table-rows\" target=\"_blank\">\r\n                        <div>\r\n                            <img decoding=\"async\" class=\"product-img\" width=\"80px\" height=\"80px\" src=\"https:\/\/www.primor.eu\/blog\/wp-content\/uploads\/2024\/04\/6XS11619_1_0dff.jpg\" alt=\"Lacer Crema Cuidado Tatuajes\">\r\n                        <\/div>\r\n\r\n                        <!-- Contenido de producto  -->\r\n                        <div>\r\n                            <div class=\"product-position\">\r\n                                #1 Top Ventas                            <\/div>\r\n\r\n                            <h2>\r\n                                Lacer Crema Cuidado Tatuajes                            <\/h2>\r\n                        <\/div>\r\n\r\n                        <!-- Imagen y\/o nombre de la marca -->\r\n                        <div>\r\n                                                            <img decoding=\"async\" width=\"70\" src=\"https:\/\/www.primor.eu\/blog\/wp-content\/uploads\/2024\/04\/Lacer.jpg\" alt=\"101836\">\r\n                                                    <\/div>\r\n\r\n                        <!-- Puntuaci\u00f3n del producto  -->\r\n                        <div class=\"rating\">\r\n                                                            <div class=\"rate\" style=\"--p:82.8;\"><\/div>\r\n                                <b>4.14\/5<\/b>\r\n                                <div class=\"rate-stars\">\r\n                                                                            <div\r\n                                            class=\"rate-star  \">\r\n                                        <\/div>\r\n                                                                            <div\r\n                                            class=\"rate-star  \">\r\n                                        <\/div>\r\n                                                                            <div\r\n                                            class=\"rate-star  \">\r\n                                        <\/div>\r\n                                                                            <div\r\n                                            class=\"rate-star  \">\r\n                                        <\/div>\r\n                                                                            <div\r\n                                            class=\"rate-star  \">\r\n                                        <\/div>\r\n                                                                    <\/div>\r\n                                                    <\/div>\r\n\r\n                        <!-- Bot\u00f3n de producto  -->\r\n                        <div>\r\n                            <span class=\"price-claim\">\r\n                                VER PRECIO                            <\/span>\r\n                        <\/div>\r\n                    <\/a>\r\n                                    <a href=\"https:\/\/www.primor.eu\/es_es\/rose-rose-aceite-tatuaje-57269.html\" class=\"product-item grid-table-rows\" target=\"_blank\">\r\n                        <div>\r\n                            <img decoding=\"async\" class=\"product-img\" width=\"80px\" height=\"80px\" src=\"https:\/\/www.primor.eu\/blog\/wp-content\/uploads\/2024\/06\/0TN03176_1_17bc.jpg\" alt=\"Rose & Rose Aceite Tatuaje\">\r\n                        <\/div>\r\n\r\n                        <!-- Contenido de producto  -->\r\n                        <div>\r\n                            <div class=\"product-position\">\r\n                                #2                            <\/div>\r\n\r\n                            <h2>\r\n                                Rose & Rose Aceite Tatuaje                            <\/h2>\r\n                        <\/div>\r\n\r\n                        <!-- Imagen y\/o nombre de la marca -->\r\n                        <div>\r\n                                                            <img decoding=\"async\" width=\"70\" src=\"https:\/\/www.primor.eu\/blog\/wp-content\/uploads\/2024\/03\/Rose_rose.jpg\" alt=\"99125\">\r\n                                                    <\/div>\r\n\r\n                        <!-- Puntuaci\u00f3n del producto  -->\r\n                        <div class=\"rating\">\r\n                                                            <p>No hay valoraciones disponibles<\/p>\r\n                                                    <\/div>\r\n\r\n                        <!-- Bot\u00f3n de producto  -->\r\n                        <div>\r\n                            <span class=\"price-claim\">\r\n                                VER PRECIO                            <\/span>\r\n                        <\/div>\r\n                    <\/a>\r\n                                    <a href=\"https:\/\/www.primor.eu\/es_es\/bayer-bepanthol-pomada-protectora-18783.html\" class=\"product-item grid-table-rows\" target=\"_blank\">\r\n                        <div>\r\n                            <img decoding=\"async\" class=\"product-img\" width=\"80px\" height=\"80px\" src=\"https:\/\/www.primor.eu\/blog\/wp-content\/uploads\/2024\/04\/2_6a09.webp\" alt=\"Bayer Bepanthol Pomada Protectora\">\r\n                        <\/div>\r\n\r\n                        <!-- Contenido de producto  -->\r\n                        <div>\r\n                            <div class=\"product-position\">\r\n                                #3                            <\/div>\r\n\r\n                            <h2>\r\n                                Bayer Bepanthol Pomada Protectora                            <\/h2>\r\n                        <\/div>\r\n\r\n                        <!-- Imagen y\/o nombre de la marca -->\r\n                        <div>\r\n                                                            <img decoding=\"async\" width=\"70\" src=\"https:\/\/www.primor.eu\/blog\/wp-content\/uploads\/2023\/09\/Bayer.jpg\" alt=\"85304\">\r\n                                                    <\/div>\r\n\r\n                        <!-- Puntuaci\u00f3n del producto  -->\r\n                        <div class=\"rating\">\r\n                                                            <div class=\"rate\" style=\"--p:100;\"><\/div>\r\n                                <b>5\/5<\/b>\r\n                                <div class=\"rate-stars\">\r\n                                                                            <div\r\n                                            class=\"rate-star  \">\r\n                                        <\/div>\r\n                                                                            <div\r\n                                            class=\"rate-star  \">\r\n                                        <\/div>\r\n                                                                            <div\r\n                                            class=\"rate-star  \">\r\n                                        <\/div>\r\n                                                                            <div\r\n                                            class=\"rate-star  \">\r\n                                        <\/div>\r\n                                                                            <div\r\n                                            class=\"rate-star  \">\r\n                                        <\/div>\r\n                                                                    <\/div>\r\n                                                    <\/div>\r\n\r\n                        <!-- Bot\u00f3n de producto  -->\r\n                        <div>\r\n                            <span class=\"price-claim\">\r\n                                VER PRECIO                            <\/span>\r\n                        <\/div>\r\n                    <\/a>\r\n                                    <a href=\"https:\/\/www.primor.eu\/es_es\/rilastil-regenerum-gel-15864.html\" class=\"product-item grid-table-rows\" target=\"_blank\">\r\n                        <div>\r\n                            <img decoding=\"async\" class=\"product-img\" width=\"80px\" height=\"80px\" src=\"https:\/\/www.primor.eu\/blog\/wp-content\/uploads\/2024\/04\/6XS06299_1_8882.jpg\" alt=\"Rilastil Regenerum Gel\">\r\n                        <\/div>\r\n\r\n                        <!-- Contenido de producto  -->\r\n                        <div>\r\n                            <div class=\"product-position\">\r\n                                #4                            <\/div>\r\n\r\n                            <h2>\r\n                                Rilastil Regenerum Gel                            <\/h2>\r\n                        <\/div>\r\n\r\n                        <!-- Imagen y\/o nombre de la marca -->\r\n                        <div>\r\n                                                            <img decoding=\"async\" width=\"70\" src=\"https:\/\/www.primor.eu\/blog\/wp-content\/uploads\/2023\/09\/RILASTIL.jpg\" alt=\"86370\">\r\n                                                    <\/div>\r\n\r\n                        <!-- Puntuaci\u00f3n del producto  -->\r\n                        <div class=\"rating\">\r\n                                                            <div class=\"rate\" style=\"--p:100;\"><\/div>\r\n                                <b>5\/5<\/b>\r\n                                <div class=\"rate-stars\">\r\n                                                                            <div\r\n                                            class=\"rate-star  \">\r\n                                        <\/div>\r\n                                                                            <div\r\n                                            class=\"rate-star  \">\r\n                                        <\/div>\r\n                                                                            <div\r\n                                            class=\"rate-star  \">\r\n                                        <\/div>\r\n                                                                            <div\r\n                                            class=\"rate-star  \">\r\n                                        <\/div>\r\n                                                                            <div\r\n                                            class=\"rate-star  \">\r\n                                        <\/div>\r\n                                                                    <\/div>\r\n                                                    <\/div>\r\n\r\n                        <!-- Bot\u00f3n de producto  -->\r\n                        <div>\r\n                            <span class=\"price-claim\">\r\n                                VER PRECIO                            <\/span>\r\n                        <\/div>\r\n                    <\/a>\r\n                                    <a href=\"https:\/\/www.primor.eu\/es_es\/la-roche-posay-cicaplast-baume-reparador-b5-spf50-14637.html\" class=\"product-item grid-table-rows\" target=\"_blank\">\r\n                        <div>\r\n                            <img decoding=\"async\" class=\"product-img\" width=\"80px\" height=\"80px\" src=\"https:\/\/www.primor.eu\/blog\/wp-content\/uploads\/2023\/12\/6XS08006_1_7c3e.jpg\" alt=\"La Roche-Posay Cicaplast Baume Reparador B5 SPF50 B\u00e1lsamo reparador\">\r\n                        <\/div>\r\n\r\n                        <!-- Contenido de producto  -->\r\n                        <div>\r\n                            <div class=\"product-position\">\r\n                                #5                            <\/div>\r\n\r\n                            <h2>\r\n                                La Roche-Posay Cicaplast Baume Reparador B5 SPF50 B\u00e1lsamo reparador                            <\/h2>\r\n                        <\/div>\r\n\r\n                        <!-- Imagen y\/o nombre de la marca -->\r\n                        <div>\r\n                                                            <img decoding=\"async\" width=\"70\" src=\"https:\/\/www.primor.eu\/blog\/wp-content\/uploads\/2023\/07\/la-roche-posay.png\" alt=\"83041\">\r\n                                                    <\/div>\r\n\r\n                        <!-- Puntuaci\u00f3n del producto  -->\r\n                        <div class=\"rating\">\r\n                                                            <div class=\"rate\" style=\"--p:97;\"><\/div>\r\n                                <b>4.85\/5<\/b>\r\n                                <div class=\"rate-stars\">\r\n                                                                            <div\r\n                                            class=\"rate-star  \">\r\n                                        <\/div>\r\n                                                                            <div\r\n                                            class=\"rate-star  \">\r\n                                        <\/div>\r\n                                                                            <div\r\n                                            class=\"rate-star  \">\r\n                                        <\/div>\r\n                                                                            <div\r\n                                            class=\"rate-star  \">\r\n                                        <\/div>\r\n                                                                            <div\r\n                                            class=\"rate-star  \">\r\n                                        <\/div>\r\n                                                                    <\/div>\r\n                                                    <\/div>\r\n\r\n                        <!-- Bot\u00f3n de producto  -->\r\n                        <div>\r\n                            <span class=\"price-claim\">\r\n                                VER PRECIO                            <\/span>\r\n                        <\/div>\r\n                    <\/a>\r\n                            <\/product-list>\r\n        <\/product-table>\r\n\r\n        \n\n\n\n<h3 class=\"wp-block-heading\">Crema Cuidado Tatuajes de Lacer<\/h3>\n\n\n\n<p>La Crema Cuidado Tatuajes de Lacer proporciona 24 horas de hidrataci\u00f3n, ayudando a mantener el color, brillo y definici\u00f3n del tatuaje. Tambi\u00e9n incorpora factor de protecci\u00f3n solar 25. Ayuda a mantener la piel tatuada en buen estado. Apto para pieles sensibles. Crema especialmente indicada para ayudar a mantener los colores y la definici\u00f3n de tatuajes hidratando la piel en profundidad.<\/p>\n\n\n    <a class='product' target='_blank' href='https:\/\/www.primor.eu\/es_es\/lacer-crema-cuidado-tatuajes-14495.html'>\r\n        <img loading='async' src='https:\/\/cdn2.primor.eu\/media\/catalog\/product\/cache\/8d3aba296f7a18b5251ee30fa5db42b2\/8\/4\/8470001951557_1_aa29.png' alt='COMPRAR AHORA'>\r\n            <div class=\"claim\">\r\n                COMPRAR AHORA            <\/div>\r\n        <\/a>\r\n    \n\n\n\n<h3 class=\"wp-block-heading\">Aceite Tatuaje de Rose &amp; Rose<\/h3>\n\n\n\n<p>Es ideal para proteger los tatuajes a la vez que nutre la piel. Hace los colores m\u00e1s ricos e intensos. Su f\u00f3rmula contiene aceites de albaricoque, almendra, monoi, onagra, macadamia y linaza. Cruelty free, Sin colorantes, Sin alcohol, Vegano. Apto para microblanding.<\/p>\n\n\n       \r\n        \n\n\n\n<h3 class=\"wp-block-heading\">Bepanthol Pomada Protectora de Bayer<\/h3>\n\n\n\n<p>Emulsi\u00f3n de fase externa oleosa (A\/O) con un alto contenido en dexpantenol (5%) y elevado contenido lip\u00eddico (60%). Estas sustancias lip\u00eddicas emolientes forman una capa protectora sobre la superficie de la piel protegi\u00e9ndola frente al contacto de sustancias irritantes a la vez que act\u00faan de barrera evitando la p\u00e9rdida de agua y proporcionando una elevada hidrataci\u00f3n. Recomendada para tatuajes. Lo recomiendan 9 de cada 10 tatuadores. Aplicada inmediatamente despu\u00e9s del tatuaje, ayuda a la regeneraci\u00f3n de la piel y realza los colores.<\/p>\n\n\n\n<ul class=\"wp-block-list\">\n<li>Sin perfume ni conservantes ni antis\u00e9pticos.<\/li>\n\n\n\n<li>Hipoalerg\u00e9nica.<\/li>\n\n\n\n<li>Excelente tolerancia.<\/li>\n\n\n\n<li>Dermatol\u00f3gicamente testada<\/li>\n<\/ul>\n\n\n    <a class='product' target='_blank' href='https:\/\/www.primor.eu\/es_es\/bayer-bepanthol-pomada-protectora-106587.html?#855=66368'>\r\n        <img loading='async' src='https:\/\/cdn2.primor.eu\/media\/catalog\/product\/cache\/8d3aba296f7a18b5251ee30fa5db42b2\/1\/_\/1_b145.JPG' alt='COMPRAR AHORA'>\r\n            <div class=\"claim\">\r\n                COMPRAR AHORA            <\/div>\r\n        <\/a>\r\n    \n\n\n\n<h3 class=\"wp-block-heading\">Regenerum Gel de Rilastil<\/h3>\n\n\n\n<p>Regenerum Gel de Cumlaude est\u00e1 especialmente indicado para pieles irritadas, agrietadas o que est\u00e1n en proceso de cicatrizaci\u00f3n como heridas, intervenciones quir\u00fargicas, tatuajes o piercings. Favorece la restauraci\u00f3n de la piel alterada o irritada, repar\u00e1ndola y creando una acci\u00f3n protectora, suavizando e hidratando la zona.<\/p>\n\n\n    <a class='product' target='_blank' href='https:\/\/www.primor.eu\/es_es\/rilastil-regenerum-gel-15864.html'>\r\n        <img loading='async' src='https:\/\/cdn2.primor.eu\/media\/catalog\/product\/cache\/8d3aba296f7a18b5251ee30fa5db42b2\/6\/X\/6XS06299_1_8882.jpg' alt='COMPRAR AHORA'>\r\n            <div class=\"claim\">\r\n                COMPRAR AHORA            <\/div>\r\n        <\/a>\r\n    \n\n\n\n<h3 class=\"wp-block-heading\">Cicaplast Baume Reparador B5 SPF50 B\u00e1lsamo reparador de La Roche-Posay<\/h3>\n\n\n\n<p>Su f\u00f3rmula incluye Madecas\u00f3sido para lograr una \u00f3ptima recuperaci\u00f3n de la piel y un 5% de Pantenol para calmar las zonas secas e irritadas. Todo esto se combina en una textura agradable, de f\u00e1cil aplicaci\u00f3n, no grasa y no pegajosa, sin dejar marcas blancas en la piel. Despu\u00e9s de un mes de pruebas cl\u00ednicas, los usuarios reportaron resultados positivos, como la reducci\u00f3n de la sensaci\u00f3n de quemaz\u00f3n, tirantez, inconfort y enrojecimiento.<\/p>\n\n\n\n<p>Est\u00e1 enriquecido con Madecas\u00f3sido, Panthenol, cobre y zinc. Su sistema de filtro SPF50 y el Procerad trabajan juntos para prevenir la apariencia de marcas de color en la piel. Este producto ha sido probado en pieles con tatuajes y en pieles irritadas despu\u00e9s de procedimientos como peelings o l\u00e1ser. Este producto cuenta con una eficaz protecci\u00f3n antimarcas gracias a ingredientes como Procerad y un alto factor de protecci\u00f3n solar UVA\/UVB SPF50.<\/p>\n\n\n    <a class='product' target='_blank' href='https:\/\/www.primor.eu\/es_es\/la-roche-posay-cicaplast-baume-reparador-b5-spf50-14637.html'>\r\n        <img loading='async' src='https:\/\/cdn2.primor.eu\/media\/catalog\/product\/cache\/8d3aba296f7a18b5251ee30fa5db42b2\/3\/3\/3337875876940_c576.jpg' alt='COMPRAR AHORA'>\r\n            <div class=\"claim\">\r\n                COMPRAR AHORA            <\/div>\r\n        <\/a>\r\n    \n\n\n<div class=\"kk-star-ratings kksr-auto kksr-align-center kksr-valign-bottom\"\n    data-payload='{&quot;align&quot;:&quot;center&quot;,&quot;id&quot;:&quot;107420&quot;,&quot;slug&quot;:&quot;default&quot;,&quot;valign&quot;:&quot;bottom&quot;,&quot;ignore&quot;:&quot;&quot;,&quot;reference&quot;:&quot;auto&quot;,&quot;class&quot;:&quot;&quot;,&quot;count&quot;:&quot;0&quot;,&quot;legendonly&quot;:&quot;&quot;,&quot;readonly&quot;:&quot;&quot;,&quot;score&quot;:&quot;0&quot;,&quot;starsonly&quot;:&quot;&quot;,&quot;best&quot;:&quot;5&quot;,&quot;gap&quot;:&quot;5&quot;,&quot;greet&quot;:&quot;Valora este art\u00edculo&quot;,&quot;legend&quot;:&quot;0\\\/5 - (0 votos)&quot;,&quot;size&quot;:&quot;24&quot;,&quot;title&quot;:&quot;Estas son las mejores cremas para cuidar tus tatuajes&quot;,&quot;width&quot;:&quot;0&quot;,&quot;_legend&quot;:&quot;{score}\\\/{best} - ({count} {votes})&quot;,&quot;font_factor&quot;:&quot;1.25&quot;}'>\n            \n<div class=\"kksr-stars\">\n    \n<div class=\"kksr-stars-inactive\">\n            <div class=\"kksr-star\" data-star=\"1\" style=\"padding-right: 5px\">\n            \n\n<div class=\"kksr-icon\" style=\"width: 24px; height: 24px;\"><\/div>\n        <\/div>\n            <div class=\"kksr-star\" data-star=\"2\" style=\"padding-right: 5px\">\n            \n\n<div class=\"kksr-icon\" style=\"width: 24px; height: 24px;\"><\/div>\n        <\/div>\n            <div class=\"kksr-star\" data-star=\"3\" style=\"padding-right: 5px\">\n            \n\n<div class=\"kksr-icon\" style=\"width: 24px; height: 24px;\"><\/div>\n        <\/div>\n            <div class=\"kksr-star\" data-star=\"4\" style=\"padding-right: 5px\">\n            \n\n<div class=\"kksr-icon\" style=\"width: 24px; height: 24px;\"><\/div>\n        <\/div>\n            <div class=\"kksr-star\" data-star=\"5\" style=\"padding-right: 5px\">\n            \n\n<div class=\"kksr-icon\" style=\"width: 24px; height: 24px;\"><\/div>\n        <\/div>\n    <\/div>\n    \n<div class=\"kksr-stars-active\" style=\"width: 0px;\">\n            <div class=\"kksr-star\" style=\"padding-right: 5px\">\n            \n\n<div class=\"kksr-icon\" style=\"width: 24px; height: 24px;\"><\/div>\n        <\/div>\n            <div class=\"kksr-star\" style=\"padding-right: 5px\">\n            \n\n<div class=\"kksr-icon\" style=\"width: 24px; height: 24px;\"><\/div>\n        <\/div>\n            <div class=\"kksr-star\" style=\"padding-right: 5px\">\n            \n\n<div class=\"kksr-icon\" style=\"width: 24px; height: 24px;\"><\/div>\n        <\/div>\n            <div class=\"kksr-star\" style=\"padding-right: 5px\">\n            \n\n<div class=\"kksr-icon\" style=\"width: 24px; height: 24px;\"><\/div>\n        <\/div>\n            <div class=\"kksr-star\" style=\"padding-right: 5px\">\n            \n\n<div class=\"kksr-icon\" style=\"width: 24px; height: 24px;\"><\/div>\n        <\/div>\n    <\/div>\n<\/div>\n                \n\n<div class=\"kksr-legend\" style=\"font-size: 19.2px;\">\n            <span class=\"kksr-muted\">Valora este art\u00edculo<\/span>\n    <\/div>\n    <\/div>\n","protected":false},"excerpt":{"rendered":"<p>Elegir las mejores cremas para tatuajes es importante sobre todo si te lo acabas de hacer o de repasar. Lo que no mucha gente sabe es que el hecho de repasar un tatuaje lleva consigo la obligaci\u00f3n de aplicar cuidados pr\u00e1cticamente como cuando el tatuaje es nuevo. Hay que tener en cuenta que un tatuaje [&hellip;]<\/p>\n","protected":false},"author":30,"featured_media":107421,"comment_status":"closed","ping_status":"closed","sticky":false,"template":"","format":"standard","meta":{"jnews-multi-image_gallery":[],"jnews_single_post":{"subtitle":"","format":"standard","video":"","gallery":"","source_name":"","source_url":"","via_name":"","via_url":"","override_template":"0","override":[{"template":"1","single_blog_custom":"","parallax":"1","fullscreen":"1","layout":"right-sidebar","sidebar":"home-2","second_sidebar":"default-sidebar","sticky_sidebar":"0","share_position":"float","share_float_style":"share-monocrhome","show_share_counter":"0","show_view_counter":"0","show_featured":"1","show_post_meta":"1","show_post_author":"0","show_post_author_image":"1","show_post_date":"1","post_date_format":"default","post_date_format_custom":"Y\/m\/d","show_post_category":"1","show_post_reading_time":"0","post_reading_time_wpm":"300","show_zoom_button":"0","zoom_button_out_step":"2","zoom_button_in_step":"3","show_post_tag":"0","show_prev_next_post":"0","show_popup_post":"0","number_popup_post":"2","show_author_box":"0","show_post_related":"0","show_inline_post_related":"1"}],"override_image_size":"0","image_override":[{"single_post_thumbnail_size":"no-crop","single_post_gallery_size":"crop-500"}],"trending_post":"0","trending_post_position":"meta","trending_post_label":"Trending","sponsored_post":"0","sponsored_post_label":"Sponsored by","sponsored_post_name":"","sponsored_post_url":"","sponsored_post_logo_enable":"0","sponsored_post_logo":"","sponsored_post_desc":"","disable_ad":"0"},"jnews_primary_category":{"id":"","hide":""},"jnews_social_meta":{"fb_title":"","fb_description":"","fb_image":"","twitter_title":"","twitter_description":"","twitter_image":""},"jnews_override_counter":{"override_view_counter":"0","view_counter_number":"0","override_share_counter":"0","share_counter_number":"0","override_like_counter":"0","like_counter_number":"0","override_dislike_counter":"0","dislike_counter_number":"0"},"footnotes":""},"categories":[6305],"tags":[],"class_list":["post-107420","post","type-post","status-publish","format-standard","has-post-thumbnail","hentry","category-tatuajes"],"_links":{"self":[{"href":"https:\/\/www.primor.eu\/blog\/wp-json\/wp\/v2\/posts\/107420","targetHints":{"allow":["GET"]}}],"collection":[{"href":"https:\/\/www.primor.eu\/blog\/wp-json\/wp\/v2\/posts"}],"about":[{"href":"https:\/\/www.primor.eu\/blog\/wp-json\/wp\/v2\/types\/post"}],"author":[{"embeddable":true,"href":"https:\/\/www.primor.eu\/blog\/wp-json\/wp\/v2\/users\/30"}],"replies":[{"embeddable":true,"href":"https:\/\/www.primor.eu\/blog\/wp-json\/wp\/v2\/comments?post=107420"}],"version-history":[{"count":2,"href":"https:\/\/www.primor.eu\/blog\/wp-json\/wp\/v2\/posts\/107420\/revisions"}],"predecessor-version":[{"id":107424,"href":"https:\/\/www.primor.eu\/blog\/wp-json\/wp\/v2\/posts\/107420\/revisions\/107424"}],"wp:featuredmedia":[{"embeddable":true,"href":"https:\/\/www.primor.eu\/blog\/wp-json\/wp\/v2\/media\/107421"}],"wp:attachment":[{"href":"https:\/\/www.primor.eu\/blog\/wp-json\/wp\/v2\/media?parent=107420"}],"wp:term":[{"taxonomy":"category","embeddable":true,"href":"https:\/\/www.primor.eu\/blog\/wp-json\/wp\/v2\/categories?post=107420"},{"taxonomy":"post_tag","embeddable":true,"href":"https:\/\/www.primor.eu\/blog\/wp-json\/wp\/v2\/tags?post=107420"}],"curies":[{"name":"wp","href":"https:\/\/api.w.org\/{rel}","templated":true}]}}