{"id":107346,"date":"2026-01-22T08:24:57","date_gmt":"2026-01-22T08:24:57","guid":{"rendered":"https:\/\/www.primor.eu\/blog\/?p=107346"},"modified":"2026-01-28T09:02:28","modified_gmt":"2026-01-28T09:02:28","slug":"reflejos-pelo","status":"publish","type":"post","link":"https:\/\/www.primor.eu\/blog\/reflejos-pelo\/","title":{"rendered":"Reflejos para el pelo: qu\u00e9 son, c\u00f3mo se hacen y a qui\u00e9n favorecen seg\u00fan los expertos"},"content":{"rendered":"\n<p>Todas andamos buscando un cambio de look que nos d\u00e9 un aspecto m\u00e1s juvenil, renovado y de aspecto saludable. Y a pesar de que muchas de ellas apuestan por algunas de las <a href=\"https:\/\/www.primor.eu\/blog\/tipos-de-mechas\/\">mechas m\u00e1s conocidas<\/a> y efectivas en <strong>tendencia<\/strong> de la temporada, otras sugieren un aspecto mucho m\u00e1s sutil con la ayuda de los <strong>reflejos en el <a href=\"https:\/\/www.primor.eu\/es_es\/cabello\">pelo<\/a><\/strong>. Sin embargo, muchas no saben de qu\u00e9 hablamos. Por lo que, ha llegado el d\u00eda que te contemos todo lo que necesitas saber sobre los reflejos.<\/p>\n\n\n\n<h2 class=\"wp-block-heading\">Qu\u00e9 son los reflejos<\/h2>\n\n\n\n<p>Los <strong>reflejos en el cabello<\/strong> son una t\u00e9cnica de <a href=\"https:\/\/www.primor.eu\/es_es\/tintes-de-pelo\">coloraci\u00f3n<\/a>, al igual que las mechas, que busca crear un efecto de luz y dimensi\u00f3n en el cabello a trav\u00e9s la aplicaci\u00f3n de un color m\u00e1s claro o m\u00e1s oscuro en mechones espec\u00edficos. El <strong>objetivo<\/strong> es conseguir m\u00e1s profundidad y movimiento al cabello, y puede variar en intensidad y cantidad seg\u00fan el look deseado.<\/p>\n\n\n\n<h2 class=\"wp-block-heading\">Tipos de reflejos<\/h2>\n\n\n\n<p>Como sucede en el caso de las mechas, existen diferentes tipos de reflejos. Algunos de los m\u00e1s famosos son:<\/p>\n\n\n\n<ul class=\"wp-block-list\">\n<li><strong>Reflejos tradicionales<\/strong>. Se aplican en mechones m\u00e1s anchos y distribuidos de manera uniforme a lo largo del cabello.<\/li>\n<\/ul>\n\n\n\n<p><\/p>\n\n\n\n<figure class=\"wp-block-image size-full\"><img decoding=\"async\" width=\"512\" height=\"512\" src=\"https:\/\/www.primor.eu\/blog\/wp-content\/uploads\/2026\/01\/tipos-de-reflejos-para-el-pelo-tradicionales.jpg\" alt=\"\" class=\"wp-image-137788\" srcset=\"https:\/\/www.primor.eu\/blog\/wp-content\/uploads\/2026\/01\/tipos-de-reflejos-para-el-pelo-tradicionales.jpg 512w, https:\/\/www.primor.eu\/blog\/wp-content\/uploads\/2026\/01\/tipos-de-reflejos-para-el-pelo-tradicionales-300x300.jpg 300w, https:\/\/www.primor.eu\/blog\/wp-content\/uploads\/2026\/01\/tipos-de-reflejos-para-el-pelo-tradicionales-150x150.jpg 150w, https:\/\/www.primor.eu\/blog\/wp-content\/uploads\/2026\/01\/tipos-de-reflejos-para-el-pelo-tradicionales-75x75.jpg 75w, https:\/\/www.primor.eu\/blog\/wp-content\/uploads\/2026\/01\/tipos-de-reflejos-para-el-pelo-tradicionales-350x350.jpg 350w\" sizes=\"(max-width: 512px) 100vw, 512px\" \/><figcaption class=\"wp-element-caption\">Imagen creada por IA<\/figcaption><\/figure>\n\n\n\n<p><\/p>\n\n\n\n<ul class=\"wp-block-list\">\n<li><strong>Balayage.<\/strong> La conoces. Es la m\u00edtica t\u00e9cnica francesa donde el color se aplica a mano alzada, creando un efecto m\u00e1s natural y degradado que comienza en las ra\u00edces y se intensifica hacia las puntas.<\/li>\n<\/ul>\n\n\n\n<p><\/p>\n\n\n\n<figure class=\"wp-block-image size-full\"><img decoding=\"async\" width=\"512\" height=\"512\" src=\"https:\/\/www.primor.eu\/blog\/wp-content\/uploads\/2026\/01\/tipos-de-reflejos-para-el-pelo-balayage.jpg\" alt=\"\" class=\"wp-image-137789\" srcset=\"https:\/\/www.primor.eu\/blog\/wp-content\/uploads\/2026\/01\/tipos-de-reflejos-para-el-pelo-balayage.jpg 512w, https:\/\/www.primor.eu\/blog\/wp-content\/uploads\/2026\/01\/tipos-de-reflejos-para-el-pelo-balayage-300x300.jpg 300w, https:\/\/www.primor.eu\/blog\/wp-content\/uploads\/2026\/01\/tipos-de-reflejos-para-el-pelo-balayage-150x150.jpg 150w, https:\/\/www.primor.eu\/blog\/wp-content\/uploads\/2026\/01\/tipos-de-reflejos-para-el-pelo-balayage-75x75.jpg 75w, https:\/\/www.primor.eu\/blog\/wp-content\/uploads\/2026\/01\/tipos-de-reflejos-para-el-pelo-balayage-350x350.jpg 350w\" sizes=\"(max-width: 512px) 100vw, 512px\" \/><figcaption class=\"wp-element-caption\">Imagen creada por IA<\/figcaption><\/figure>\n\n\n\n<p><\/p>\n\n\n\n<ul class=\"wp-block-list\">\n<li><strong>Babylights<\/strong>. Son reflejos muy finos y sutiles que imitan el aspecto natural del cabello de los ni\u00f1os, proporcionando un brillo suave.<\/li>\n<\/ul>\n\n\n\n<p><\/p>\n\n\n\n<figure class=\"wp-block-image size-full\"><img decoding=\"async\" width=\"512\" height=\"512\" src=\"https:\/\/www.primor.eu\/blog\/wp-content\/uploads\/2026\/01\/tipos-de-reflejos-para-el-pelo-babylights.jpg\" alt=\"\" class=\"wp-image-137790\" srcset=\"https:\/\/www.primor.eu\/blog\/wp-content\/uploads\/2026\/01\/tipos-de-reflejos-para-el-pelo-babylights.jpg 512w, https:\/\/www.primor.eu\/blog\/wp-content\/uploads\/2026\/01\/tipos-de-reflejos-para-el-pelo-babylights-300x300.jpg 300w, https:\/\/www.primor.eu\/blog\/wp-content\/uploads\/2026\/01\/tipos-de-reflejos-para-el-pelo-babylights-150x150.jpg 150w, https:\/\/www.primor.eu\/blog\/wp-content\/uploads\/2026\/01\/tipos-de-reflejos-para-el-pelo-babylights-75x75.jpg 75w, https:\/\/www.primor.eu\/blog\/wp-content\/uploads\/2026\/01\/tipos-de-reflejos-para-el-pelo-babylights-350x350.jpg 350w\" sizes=\"(max-width: 512px) 100vw, 512px\" \/><figcaption class=\"wp-element-caption\">Imagen creada por IA<\/figcaption><\/figure>\n\n\n\n<p><\/p>\n\n\n\n<ul class=\"wp-block-list\">\n<li><strong>Mechas californianas<\/strong>. El cabello se decolora desde la mitad hasta las puntas, simulando un efecto de \"cabello besado por el sol\". Ojo, aqu\u00ed es muy importante escoger un experto que te lo haga bien, porque puede ser un desastre.<\/li>\n<\/ul>\n\n\n\n<p><\/p>\n\n\n\n<figure class=\"wp-block-image size-full\"><img decoding=\"async\" width=\"512\" height=\"512\" src=\"https:\/\/www.primor.eu\/blog\/wp-content\/uploads\/2026\/01\/tipos-de-reflejos-para-el-pelo-mechas-californianas.jpg\" alt=\"\" class=\"wp-image-137791\" srcset=\"https:\/\/www.primor.eu\/blog\/wp-content\/uploads\/2026\/01\/tipos-de-reflejos-para-el-pelo-mechas-californianas.jpg 512w, https:\/\/www.primor.eu\/blog\/wp-content\/uploads\/2026\/01\/tipos-de-reflejos-para-el-pelo-mechas-californianas-300x300.jpg 300w, https:\/\/www.primor.eu\/blog\/wp-content\/uploads\/2026\/01\/tipos-de-reflejos-para-el-pelo-mechas-californianas-150x150.jpg 150w, https:\/\/www.primor.eu\/blog\/wp-content\/uploads\/2026\/01\/tipos-de-reflejos-para-el-pelo-mechas-californianas-75x75.jpg 75w, https:\/\/www.primor.eu\/blog\/wp-content\/uploads\/2026\/01\/tipos-de-reflejos-para-el-pelo-mechas-californianas-350x350.jpg 350w\" sizes=\"(max-width: 512px) 100vw, 512px\" \/><figcaption class=\"wp-element-caption\">Imagen creada por IA<\/figcaption><\/figure>\n\n\n\n<p><\/p>\n\n\n\n<ul class=\"wp-block-list\">\n<li><strong>Ombre<\/strong>. Tambi\u00e9n se llama melting, y b\u00e1sicamente es un degradado de color que va de un tono m\u00e1s oscuro en las ra\u00edces a un tono m\u00e1s claro en las puntas.<\/li>\n<\/ul>\n\n\n\n<p><\/p>\n\n\n\n<figure class=\"wp-block-image size-full\"><img decoding=\"async\" width=\"512\" height=\"512\" src=\"https:\/\/www.primor.eu\/blog\/wp-content\/uploads\/2026\/01\/tipos-de-reflejos-para-el-pelo-ombre.jpg\" alt=\"\" class=\"wp-image-137792\" srcset=\"https:\/\/www.primor.eu\/blog\/wp-content\/uploads\/2026\/01\/tipos-de-reflejos-para-el-pelo-ombre.jpg 512w, https:\/\/www.primor.eu\/blog\/wp-content\/uploads\/2026\/01\/tipos-de-reflejos-para-el-pelo-ombre-300x300.jpg 300w, https:\/\/www.primor.eu\/blog\/wp-content\/uploads\/2026\/01\/tipos-de-reflejos-para-el-pelo-ombre-150x150.jpg 150w, https:\/\/www.primor.eu\/blog\/wp-content\/uploads\/2026\/01\/tipos-de-reflejos-para-el-pelo-ombre-75x75.jpg 75w, https:\/\/www.primor.eu\/blog\/wp-content\/uploads\/2026\/01\/tipos-de-reflejos-para-el-pelo-ombre-350x350.jpg 350w\" sizes=\"(max-width: 512px) 100vw, 512px\" \/><figcaption class=\"wp-element-caption\">Imagen creada por IA<\/figcaption><\/figure>\n\n\n\n<p><\/p>\n\n\n\n<ul class=\"wp-block-list\">\n<li><strong>Flamboyage<\/strong>. Es un h\u00edbrido entre balayage y ombre, que usa una cinta adhesiva especial para un efecto suave y natural.<\/li>\n<\/ul>\n\n\n\n<p><\/p>\n\n\n\n<figure class=\"wp-block-image size-full\"><img decoding=\"async\" width=\"512\" height=\"512\" src=\"https:\/\/www.primor.eu\/blog\/wp-content\/uploads\/2026\/01\/tipos-de-reflejos-para-el-pelo-flamboyage.jpg\" alt=\"\" class=\"wp-image-137793\" srcset=\"https:\/\/www.primor.eu\/blog\/wp-content\/uploads\/2026\/01\/tipos-de-reflejos-para-el-pelo-flamboyage.jpg 512w, https:\/\/www.primor.eu\/blog\/wp-content\/uploads\/2026\/01\/tipos-de-reflejos-para-el-pelo-flamboyage-300x300.jpg 300w, https:\/\/www.primor.eu\/blog\/wp-content\/uploads\/2026\/01\/tipos-de-reflejos-para-el-pelo-flamboyage-150x150.jpg 150w, https:\/\/www.primor.eu\/blog\/wp-content\/uploads\/2026\/01\/tipos-de-reflejos-para-el-pelo-flamboyage-75x75.jpg 75w, https:\/\/www.primor.eu\/blog\/wp-content\/uploads\/2026\/01\/tipos-de-reflejos-para-el-pelo-flamboyage-350x350.jpg 350w\" sizes=\"(max-width: 512px) 100vw, 512px\" \/><figcaption class=\"wp-element-caption\">Imagen creada por IA<\/figcaption><\/figure>\n\n\n\n<h2 class=\"wp-block-heading\">Ventajas de los reflejos<\/h2>\n\n\n\n<ul class=\"wp-block-list\">\n<li><strong>Dimensi\u00f3n y movimiento.<\/strong> A\u00f1aden profundidad y textura, haciendo que el cabello luzca m\u00e1s voluminoso y din\u00e1mico.<\/li>\n\n\n\n<li><strong>Son muy vers\u00e1tiles.<\/strong> Pueden adaptarse a cualquier tipo y color de cabello, y se pueden personalizar seg\u00fan las preferencias individuales.<\/li>\n\n\n\n<li><strong>Requieren poco mantenimiento.<\/strong> Perfectos para aquellas que no se quieren pasar todo el d\u00eda en la peluquer\u00eda.&nbsp;<\/li>\n\n\n\n<li><strong>Quitan hasta diez a\u00f1os.<\/strong> Los reflejos iluminan el rostro y dan una apariencia m\u00e1s juvenil.<\/li>\n<\/ul>\n\n\n\n<h2 class=\"wp-block-heading\">\u00bfQu\u00e9 debo tener en cuenta?<\/h2>\n\n\n\n<p>\u00bfLos reflejos son todo un camino de baldosas amarillas? Obviamente, hay aspectos que deber\u00edas tener en cuenta:<\/p>\n\n\n\n<ul class=\"wp-block-list\">\n<li><strong>La salud de tu pelo. <\/strong>No hemos descubierto Am\u00e9rica, pero ten en cuenta que la decoloraci\u00f3n y el uso de productos qu\u00edmicos pueden da\u00f1ar el cabello, por lo que es importante mantener una rutina de cuidado capilar adecuada.<\/li>\n\n\n\n<li><strong>Elige un buen profesional<\/strong>, sobre todo para no acabar en un estado catat\u00f3nico de l\u00e1grimas, pa\u00f1uelos y cortes radicales que palien los efectos colaterales.<\/li>\n\n\n\n<li><strong>Ten en cuenta la naturaleza de tu pelo.<\/strong> Algunos tipos de cabello pueden reaccionar de manera diferente a los reflejos, as\u00ed que es importante discutir con un estilista cu\u00e1l es la mejor t\u00e9cnica para tu cabello.<\/li>\n<\/ul>\n\n\n<div class=\"kk-star-ratings kksr-auto kksr-align-center kksr-valign-bottom\"\n    data-payload='{&quot;align&quot;:&quot;center&quot;,&quot;id&quot;:&quot;107346&quot;,&quot;slug&quot;:&quot;default&quot;,&quot;valign&quot;:&quot;bottom&quot;,&quot;ignore&quot;:&quot;&quot;,&quot;reference&quot;:&quot;auto&quot;,&quot;class&quot;:&quot;&quot;,&quot;count&quot;:&quot;1&quot;,&quot;legendonly&quot;:&quot;&quot;,&quot;readonly&quot;:&quot;&quot;,&quot;score&quot;:&quot;5&quot;,&quot;starsonly&quot;:&quot;&quot;,&quot;best&quot;:&quot;5&quot;,&quot;gap&quot;:&quot;5&quot;,&quot;greet&quot;:&quot;Valora este art\u00edculo&quot;,&quot;legend&quot;:&quot;5\\\/5 - (1 voto)&quot;,&quot;size&quot;:&quot;24&quot;,&quot;title&quot;:&quot;Reflejos para el pelo: qu\u00e9 son, c\u00f3mo se hacen y a qui\u00e9n favorecen seg\u00fan los expertos&quot;,&quot;width&quot;:&quot;142.5&quot;,&quot;_legend&quot;:&quot;{score}\\\/{best} - ({count} {votes})&quot;,&quot;font_factor&quot;:&quot;1.25&quot;}'>\n            \n<div class=\"kksr-stars\">\n    \n<div class=\"kksr-stars-inactive\">\n            <div class=\"kksr-star\" data-star=\"1\" style=\"padding-right: 5px\">\n            \n\n<div class=\"kksr-icon\" style=\"width: 24px; height: 24px;\"><\/div>\n        <\/div>\n            <div class=\"kksr-star\" data-star=\"2\" style=\"padding-right: 5px\">\n            \n\n<div class=\"kksr-icon\" style=\"width: 24px; height: 24px;\"><\/div>\n        <\/div>\n            <div class=\"kksr-star\" data-star=\"3\" style=\"padding-right: 5px\">\n            \n\n<div class=\"kksr-icon\" style=\"width: 24px; height: 24px;\"><\/div>\n        <\/div>\n            <div class=\"kksr-star\" data-star=\"4\" style=\"padding-right: 5px\">\n            \n\n<div class=\"kksr-icon\" style=\"width: 24px; height: 24px;\"><\/div>\n        <\/div>\n            <div class=\"kksr-star\" data-star=\"5\" style=\"padding-right: 5px\">\n            \n\n<div class=\"kksr-icon\" style=\"width: 24px; height: 24px;\"><\/div>\n        <\/div>\n    <\/div>\n    \n<div class=\"kksr-stars-active\" style=\"width: 142.5px;\">\n            <div class=\"kksr-star\" style=\"padding-right: 5px\">\n            \n\n<div class=\"kksr-icon\" style=\"width: 24px; height: 24px;\"><\/div>\n        <\/div>\n            <div class=\"kksr-star\" style=\"padding-right: 5px\">\n            \n\n<div class=\"kksr-icon\" style=\"width: 24px; height: 24px;\"><\/div>\n        <\/div>\n            <div class=\"kksr-star\" style=\"padding-right: 5px\">\n            \n\n<div class=\"kksr-icon\" style=\"width: 24px; height: 24px;\"><\/div>\n        <\/div>\n            <div class=\"kksr-star\" style=\"padding-right: 5px\">\n            \n\n<div class=\"kksr-icon\" style=\"width: 24px; height: 24px;\"><\/div>\n        <\/div>\n            <div class=\"kksr-star\" style=\"padding-right: 5px\">\n            \n\n<div class=\"kksr-icon\" style=\"width: 24px; height: 24px;\"><\/div>\n        <\/div>\n    <\/div>\n<\/div>\n                \n\n<div class=\"kksr-legend\" style=\"font-size: 19.2px;\">\n            5\/5 - (1 voto)    <\/div>\n    <\/div>\n","protected":false},"excerpt":{"rendered":"<p>Todas andamos buscando un cambio de look que nos d\u00e9 un aspecto m\u00e1s juvenil, renovado y de aspecto saludable. Y a pesar de que muchas de ellas apuestan por algunas de las mechas m\u00e1s conocidas y efectivas en tendencia de la temporada, otras sugieren un aspecto mucho m\u00e1s sutil con la ayuda de los reflejos [&hellip;]<\/p>\n","protected":false},"author":14,"featured_media":137887,"comment_status":"closed","ping_status":"closed","sticky":false,"template":"","format":"standard","meta":{"jnews-multi-image_gallery":[],"jnews_single_post":{"subtitle":"","format":"standard","video":"","gallery":"","source_name":"","source_url":"","via_name":"","via_url":"","override_template":"0","override":[{"template":"1","single_blog_custom":"","parallax":"1","fullscreen":"1","layout":"right-sidebar","sidebar":"home-2","second_sidebar":"default-sidebar","sticky_sidebar":"0","share_position":"float","share_float_style":"share-monocrhome","show_share_counter":"0","show_view_counter":"0","show_featured":"1","show_post_meta":"1","show_post_author":"0","show_post_author_image":"1","show_post_date":"1","post_date_format":"default","post_date_format_custom":"Y\/m\/d","show_post_category":"1","show_post_reading_time":"0","post_reading_time_wpm":"300","show_zoom_button":"0","zoom_button_out_step":"2","zoom_button_in_step":"3","show_post_tag":"0","show_prev_next_post":"0","show_popup_post":"0","number_popup_post":"2","show_author_box":"0","show_post_related":"0","show_inline_post_related":"1"}],"override_image_size":"0","image_override":[{"single_post_thumbnail_size":"no-crop","single_post_gallery_size":"crop-500"}],"trending_post":"0","trending_post_position":"meta","trending_post_label":"Trending","sponsored_post":"0","sponsored_post_label":"Sponsored by","sponsored_post_name":"","sponsored_post_url":"","sponsored_post_logo_enable":"0","sponsored_post_logo":"","sponsored_post_desc":"","disable_ad":"0"},"jnews_primary_category":{"id":"","hide":""},"jnews_social_meta":{"fb_title":"","fb_description":"","fb_image":"","twitter_title":"","twitter_description":"","twitter_image":""},"jnews_override_counter":{"override_view_counter":"0","view_counter_number":"0","override_share_counter":"0","share_counter_number":"0","override_like_counter":"0","like_counter_number":"0","override_dislike_counter":"0","dislike_counter_number":"0"},"footnotes":""},"categories":[35],"tags":[],"class_list":["post-107346","post","type-post","status-publish","format-standard","has-post-thumbnail","hentry","category-cabello"],"_links":{"self":[{"href":"https:\/\/www.primor.eu\/blog\/wp-json\/wp\/v2\/posts\/107346","targetHints":{"allow":["GET"]}}],"collection":[{"href":"https:\/\/www.primor.eu\/blog\/wp-json\/wp\/v2\/posts"}],"about":[{"href":"https:\/\/www.primor.eu\/blog\/wp-json\/wp\/v2\/types\/post"}],"author":[{"embeddable":true,"href":"https:\/\/www.primor.eu\/blog\/wp-json\/wp\/v2\/users\/14"}],"replies":[{"embeddable":true,"href":"https:\/\/www.primor.eu\/blog\/wp-json\/wp\/v2\/comments?post=107346"}],"version-history":[{"count":3,"href":"https:\/\/www.primor.eu\/blog\/wp-json\/wp\/v2\/posts\/107346\/revisions"}],"predecessor-version":[{"id":137794,"href":"https:\/\/www.primor.eu\/blog\/wp-json\/wp\/v2\/posts\/107346\/revisions\/137794"}],"wp:featuredmedia":[{"embeddable":true,"href":"https:\/\/www.primor.eu\/blog\/wp-json\/wp\/v2\/media\/137887"}],"wp:attachment":[{"href":"https:\/\/www.primor.eu\/blog\/wp-json\/wp\/v2\/media?parent=107346"}],"wp:term":[{"taxonomy":"category","embeddable":true,"href":"https:\/\/www.primor.eu\/blog\/wp-json\/wp\/v2\/categories?post=107346"},{"taxonomy":"post_tag","embeddable":true,"href":"https:\/\/www.primor.eu\/blog\/wp-json\/wp\/v2\/tags?post=107346"}],"curies":[{"name":"wp","href":"https:\/\/api.w.org\/{rel}","templated":true}]}}