{"id":107241,"date":"2024-06-16T12:00:00","date_gmt":"2024-06-16T12:00:00","guid":{"rendered":"https:\/\/www.primor.eu\/blog\/?p=107241"},"modified":"2025-08-12T09:50:22","modified_gmt":"2025-08-12T09:50:22","slug":"como-peinar-flequillo-abierto","status":"publish","type":"post","link":"https:\/\/www.primor.eu\/blog\/como-peinar-flequillo-abierto\/","title":{"rendered":"Los peluqueros hablan: as\u00ed es c\u00f3mo debes peinar el flequillo abierto"},"content":{"rendered":"\n<p><strong>Peinar el <\/strong><a href=\"https:\/\/www.primor.eu\/blog\/flequillo-abierto\/\" data-type=\"link\" data-id=\"https:\/\/www.primor.eu\/blog\/flequillo-abierto\/\"><strong>flequillo abierto<\/strong> <\/a>para que quede bien, es todo un arte. El flequillo abierto, conocido tambi\u00e9n como flequillo cortina es muy favorecedor sobre todo para algunos cortes de cara. Es m\u00e1s aconsejable, por ejemplo, para las mujeres que tienen la cara redonda optar por un flequillo abierto que por uno recto. Al mismo tiempo este tipo de flequillo <strong>queda bien con muchos largos<\/strong> de melena<strong> y tipos de cabello.<\/strong> Tanto con la melena corta como con el cabello largo y con el pelo rizado o liso. Eso s\u00ed, saber peinar el flequillo abierto es clave para conseguir un buen look. Te contamos c\u00f3mo hacerlo y los <strong>productos <\/strong>que te pueden ayudar a conseguir el acabado perfecto.&nbsp;<\/p>\n\n\n\n<h2 class=\"wp-block-heading\">Paso a paso para peinar el flequillo abierto<\/h2>\n\n\n\n<p>Peinar el flequillo abierto no es dif\u00edcil si integras el paso a paso que te vamos a compartir a continuaci\u00f3n. Solo necesitas tener siempre a mano los productos y herramientas indicados y memorizarlo, cosa que suceder\u00e1 por s\u00ed sola cuando lo hayas hecho m\u00e1s de una vez. Manos a la obra\u2026<\/p>\n\n\n\n<ul class=\"wp-block-list\">\n<li><strong>Aplica un protector t\u00e9rmico<\/strong> en el flequillo nada m\u00e1s salir de la ducha. Si tienes el pelo rizado, te recomendamos que elijas tambi\u00e9n un <strong>producto para controlar el frizz<\/strong> y lo apliques.<\/li>\n\n\n\n<li><strong>Peina el flequillo <\/strong>a la vez que desenredas el pelo con un peine para deshacerte de los nudos que se han podido generar durante el lavado.<\/li>\n\n\n\n<li>Cuando tengas el flequillo a\u00fan h\u00famedo, sigue <strong>pein\u00e1ndolo en varias direcciones<\/strong> para que tome volumen y cuerpo.<\/li>\n\n\n\n<li>Despu\u00e9s <strong>s\u00e9calo con el secador <\/strong>tambi\u00e9n en varias direcciones buscando que coja forma y movimiento.<\/li>\n\n\n\n<li>Una vez que tenga cuerpo, <strong>seca el flequillo hacia adelante<\/strong>. No olvides el peine redondo para darle cuerpo en todo momento.<\/li>\n\n\n\n<li>Una vez que hayas acabado con todos esos pasos, deja que el flequillo se abra de manera natural y se <strong>divida en dos partes.<\/strong><\/li>\n<\/ul>\n\n\n\n<h2 class=\"wp-block-heading\">Los mejores productos para peinar el flequillo abierto<\/h2>\n\n\n        <product-table class=\"pr-slider\">\r\n            <product-headers class=\"grid-table-rows\">\r\n                <div>Foto<\/div>\r\n                <div>Producto<\/div>\r\n                <div>Marca<\/div>\r\n                <div>Valoraciones<\/div>\r\n                <div>Precio<\/div>\r\n            <\/product-headers>\r\n\r\n            <product-list>\r\n                                    <a href=\"https:\/\/www.primor.eu\/es_es\/you-are-the-princess-oh-my-hair-cepillo-roller-360-104321.html?#863=68088\" class=\"product-item grid-table-rows\" target=\"_blank\">\r\n                        <div>\r\n                            <img decoding=\"async\" class=\"product-img\" width=\"80px\" height=\"80px\" src=\"https:\/\/cdn2.primor.eu\/media\/catalog\/product\/cache\/8d3aba296f7a18b5251ee30fa5db42b2\/8\/4\/8436589535619_CEPILLO_ROLLER_360___LARGE_4a99.jpg\" alt=\"Oh My Hair Cepillo Roller 360\u00ba\">\r\n                        <\/div>\r\n\r\n                        <!-- Contenido de producto  -->\r\n                        <div>\r\n                            <div class=\"product-position\">\r\n                                #1 Top Ventas                            <\/div>\r\n\r\n                            <h2>\r\n                                Oh My Hair Cepillo Roller 360\u00ba                            <\/h2>\r\n                        <\/div>\r\n\r\n                        <!-- Imagen y\/o nombre de la marca -->\r\n                        <div>\r\n                                                            <img decoding=\"async\" width=\"70\" src=\"https:\/\/www.primor.eu\/media\/catalog\/category\/you_are_the_princess.jpg\" alt=\"You Are The Princess\">\r\n                                                    <\/div>\r\n\r\n                        <!-- Puntuaci\u00f3n del producto  -->\r\n                        <div class=\"rating\">\r\n                                                            <div class=\"rate\" style=\"--p:90;\"><\/div>\r\n                                <b>4.5\/5<\/b>\r\n                                <div class=\"rate-stars\">\r\n                                                                            <div\r\n                                            class=\"rate-star  \">\r\n                                        <\/div>\r\n                                                                            <div\r\n                                            class=\"rate-star  \">\r\n                                        <\/div>\r\n                                                                            <div\r\n                                            class=\"rate-star  \">\r\n                                        <\/div>\r\n                                                                            <div\r\n                                            class=\"rate-star  \">\r\n                                        <\/div>\r\n                                                                            <div\r\n                                            class=\"rate-star  middle\">\r\n                                        <\/div>\r\n                                                                    <\/div>\r\n                                                    <\/div>\r\n\r\n                        <!-- Bot\u00f3n de producto  -->\r\n                        <div>\r\n                            <span class=\"price-claim\">\r\n                                VER PRECIO                            <\/span>\r\n                        <\/div>\r\n                    <\/a>\r\n                                    <a href=\"https:\/\/www.primor.eu\/es_es\/woo-oow-cepillo-de-viaje-cute-paw-124062.html?#779=41220\" class=\"product-item grid-table-rows\" target=\"_blank\">\r\n                        <div>\r\n                            <img decoding=\"async\" class=\"product-img\" width=\"80px\" height=\"80px\" src=\"https:\/\/cdn2.primor.eu\/media\/catalog\/product\/cache\/8d3aba296f7a18b5251ee30fa5db42b2\/8\/4\/8435722414132__38d0.jpg\" alt=\"Cepillo de Viaje Cute Paw\">\r\n                        <\/div>\r\n\r\n                        <!-- Contenido de producto  -->\r\n                        <div>\r\n                            <div class=\"product-position\">\r\n                                #2                            <\/div>\r\n\r\n                            <h2>\r\n                                Cepillo de Viaje Cute Paw                            <\/h2>\r\n                        <\/div>\r\n\r\n                        <!-- Imagen y\/o nombre de la marca -->\r\n                        <div>\r\n                                                            <img decoding=\"async\" width=\"70\" src=\"https:\/\/www.primor.eu\/media\/catalog\/category\/WOO-OOW.jpg\" alt=\"Woo oow\">\r\n                                                    <\/div>\r\n\r\n                        <!-- Puntuaci\u00f3n del producto  -->\r\n                        <div class=\"rating\">\r\n                                                            <p>No hay valoraciones disponibles<\/p>\r\n                                                    <\/div>\r\n\r\n                        <!-- Bot\u00f3n de producto  -->\r\n                        <div>\r\n                            <span class=\"price-claim\">\r\n                                VER PRECIO                            <\/span>\r\n                        <\/div>\r\n                    <\/a>\r\n                                    <a href=\"https:\/\/www.primor.eu\/es_es\/kativa-xtra-shine-tratamiento-anti-frizz-sin-plancha-10065.html\" class=\"product-item grid-table-rows\" target=\"_blank\">\r\n                        <div>\r\n                            <img decoding=\"async\" class=\"product-img\" width=\"80px\" height=\"80px\" src=\"https:\/\/cdn2.primor.eu\/media\/catalog\/product\/cache\/8d3aba296f7a18b5251ee30fa5db42b2\/7\/7\/7750075052949_b7f3.jpg\" alt=\"Xtra Shine Tratamiento Anti-Frizz Sin Plancha\">\r\n                        <\/div>\r\n\r\n                        <!-- Contenido de producto  -->\r\n                        <div>\r\n                            <div class=\"product-position\">\r\n                                #3                            <\/div>\r\n\r\n                            <h2>\r\n                                Xtra Shine Tratamiento Anti-Frizz Sin Plancha                            <\/h2>\r\n                        <\/div>\r\n\r\n                        <!-- Imagen y\/o nombre de la marca -->\r\n                        <div>\r\n                                                            <img decoding=\"async\" width=\"70\" src=\"https:\/\/www.primor.eu\/media\/catalog\/category\/logo_kativa_1.jpg\" alt=\"\">\r\n                                                    <\/div>\r\n\r\n                        <!-- Puntuaci\u00f3n del producto  -->\r\n                        <div class=\"rating\">\r\n                                                            <div class=\"rate\" style=\"--p:96;\"><\/div>\r\n                                <b>4.8\/5<\/b>\r\n                                <div class=\"rate-stars\">\r\n                                                                            <div\r\n                                            class=\"rate-star  \">\r\n                                        <\/div>\r\n                                                                            <div\r\n                                            class=\"rate-star  \">\r\n                                        <\/div>\r\n                                                                            <div\r\n                                            class=\"rate-star  \">\r\n                                        <\/div>\r\n                                                                            <div\r\n                                            class=\"rate-star  \">\r\n                                        <\/div>\r\n                                                                            <div\r\n                                            class=\"rate-star  \">\r\n                                        <\/div>\r\n                                                                    <\/div>\r\n                                                    <\/div>\r\n\r\n                        <!-- Bot\u00f3n de producto  -->\r\n                        <div>\r\n                            <span class=\"price-claim\">\r\n                                VER PRECIO                            <\/span>\r\n                        <\/div>\r\n                    <\/a>\r\n                                    <a href=\"https:\/\/www.primor.eu\/es_es\/syoss-protector-calor-keratin-82755.html\" class=\"product-item grid-table-rows\" target=\"_blank\">\r\n                        <div>\r\n                            <img decoding=\"async\" class=\"product-img\" width=\"80px\" height=\"80px\" src=\"https:\/\/cdn2.primor.eu\/media\/catalog\/product\/cache\/8d3aba296f7a18b5251ee30fa5db42b2\/5\/2\/5201143756624_SYOSS_PROTECTOR_CALOR_KERATIN_200ML_Front_54c8.jpg\" alt=\"Protector Calor Keratin\">\r\n                        <\/div>\r\n\r\n                        <!-- Contenido de producto  -->\r\n                        <div>\r\n                            <div class=\"product-position\">\r\n                                #4                            <\/div>\r\n\r\n                            <h2>\r\n                                Protector Calor Keratin                            <\/h2>\r\n                        <\/div>\r\n\r\n                        <!-- Imagen y\/o nombre de la marca -->\r\n                        <div>\r\n                                                            <img decoding=\"async\" width=\"70\" src=\"https:\/\/www.primor.eu\/media\/catalog\/category\/SYOSS.jpg\" alt=\"\">\r\n                                                    <\/div>\r\n\r\n                        <!-- Puntuaci\u00f3n del producto  -->\r\n                        <div class=\"rating\">\r\n                                                            <div class=\"rate\" style=\"--p:96;\"><\/div>\r\n                                <b>4.8\/5<\/b>\r\n                                <div class=\"rate-stars\">\r\n                                                                            <div\r\n                                            class=\"rate-star  \">\r\n                                        <\/div>\r\n                                                                            <div\r\n                                            class=\"rate-star  \">\r\n                                        <\/div>\r\n                                                                            <div\r\n                                            class=\"rate-star  \">\r\n                                        <\/div>\r\n                                                                            <div\r\n                                            class=\"rate-star  \">\r\n                                        <\/div>\r\n                                                                            <div\r\n                                            class=\"rate-star  \">\r\n                                        <\/div>\r\n                                                                    <\/div>\r\n                                                    <\/div>\r\n\r\n                        <!-- Bot\u00f3n de producto  -->\r\n                        <div>\r\n                            <span class=\"price-claim\">\r\n                                VER PRECIO                            <\/span>\r\n                        <\/div>\r\n                    <\/a>\r\n                                    <a href=\"https:\/\/www.primor.eu\/es_es\/termix-cepillo-redondo-ceramico-extra-brillo-antifrizz-105882.html?#863=85129\" class=\"product-item grid-table-rows\" target=\"_blank\">\r\n                        <div>\r\n                            <img decoding=\"async\" class=\"product-img\" width=\"80px\" height=\"80px\" src=\"https:\/\/cdn2.primor.eu\/media\/catalog\/product\/cache\/8d3aba296f7a18b5251ee30fa5db42b2\/C\/e\/CepilloRedondoXXS__web__4b3c.jpg\" alt=\"Cepillo Redondo Cer\u00e1mico Extra Brillo - Antifrizz\">\r\n                        <\/div>\r\n\r\n                        <!-- Contenido de producto  -->\r\n                        <div>\r\n                            <div class=\"product-position\">\r\n                                #5                            <\/div>\r\n\r\n                            <h2>\r\n                                Cepillo Redondo Cer\u00e1mico Extra Brillo - Antifrizz                            <\/h2>\r\n                        <\/div>\r\n\r\n                        <!-- Imagen y\/o nombre de la marca -->\r\n                        <div>\r\n                                                            <p class=\"brand-name\"><b>Termix<\/b><\/p>\r\n                                                    <\/div>\r\n\r\n                        <!-- Puntuaci\u00f3n del producto  -->\r\n                        <div class=\"rating\">\r\n                                                            <div class=\"rate\" style=\"--p:98;\"><\/div>\r\n                                <b>4.9\/5<\/b>\r\n                                <div class=\"rate-stars\">\r\n                                                                            <div\r\n                                            class=\"rate-star  \">\r\n                                        <\/div>\r\n                                                                            <div\r\n                                            class=\"rate-star  \">\r\n                                        <\/div>\r\n                                                                            <div\r\n                                            class=\"rate-star  \">\r\n                                        <\/div>\r\n                                                                            <div\r\n                                            class=\"rate-star  \">\r\n                                        <\/div>\r\n                                                                            <div\r\n                                            class=\"rate-star  \">\r\n                                        <\/div>\r\n                                                                    <\/div>\r\n                                                    <\/div>\r\n\r\n                        <!-- Bot\u00f3n de producto  -->\r\n                        <div>\r\n                            <span class=\"price-claim\">\r\n                                VER PRECIO                            <\/span>\r\n                        <\/div>\r\n                    <\/a>\r\n                            <\/product-list>\r\n        <\/product-table>\r\n\r\n        \n\n\n\n<h3 class=\"wp-block-heading\">Oh My Hair Cepillo Roller 360\u00ba de You Are The Princess<\/h3>\n\n\n\n<p>1.BRUSHING &amp; STYLING. Ideal para alisar tu melena, moldear las puntas o dar volumen a tu flequillo.<\/p>\n\n\n\n<p>2.SIN ENREDOS. Sus cerdas pioneras en forma de punta desenredan f\u00e1cilmente el cabello sin romperlo ni da\u00f1arlo. Puedes usarlo con el cabello seco o mojado. Gracias a su forma, podr\u00e1s enrollar tu pelo para crear ondas y dar volumen, sin miedo a que los mechones queden enrollados en el cepillo.<\/p>\n\n\n\n<p>3.MASAJEA Y ESTIMULA EL CUERO CABELLUDO. Masajea el cuero cabelludo mientras cepillas el cabello y estimula la circulaci\u00f3n sangu\u00ednea para darle m\u00e1s vida y brillo a tu melena.<\/p>\n\n\n\n<p>4.TERMORRESISTENTE 120\u00aa. Realizado en poli\u00e9ster termopl\u00e1stico, con un material especialmente flexible y resistente al calor hasta 120\u00aa C. Para proteger tu cabello y cuidar tu cepillo se aconseja manterner el secador a una distancia m\u00ednima de 15 cm.<\/p>\n\n\n\n<p>5.ERGON\u00d3MICO. El mango est\u00e1 dise\u00f1ado con una forma que se adpta a tu mano y un material de acabado \"soft touch\" y antideslizante para un uso m\u00e1s facil del cepillo.<\/p>\n\n\n\n<p>6.SECADO R\u00c1PIDO. El dise\u00f1o con ventilaci\u00f3n abieta permite que la humedad se elimine de tu cabello y reduce el tiempo de secado.<\/p>\n\n\n    <a class='product' target='_blank' href='https:\/\/www.primor.eu\/es_es\/you-are-the-princess-oh-my-hair-cepillo-roller-360-104321.html?#863=68088'>\r\n        <img loading='async' src='https:\/\/cdn2.primor.eu\/media\/catalog\/product\/cache\/8d3aba296f7a18b5251ee30fa5db42b2\/8\/4\/8436589535619_CEPILLO_ROLLER_360___LARGE_4a99.jpg' alt='COMPRAR AHORA'>\r\n            <div class=\"claim\">\r\n                COMPRAR AHORA            <\/div>\r\n        <\/a>\r\n    \n\n\n\n<h3 class=\"wp-block-heading\">Cepillo de Viaje Cute Paw de Woo Oow<\/h3>\n\n\n\n<p>Este cepillo de viaje es ideal para llevarlo en el bolso o en la maleta. Su forma estrecha es perfecta para definir y desenredar flequillos y melenas cortas, as\u00ed como para pulir cabellos m\u00e1s largos.<\/p>\n\n\n\n<p>No da tirones y no ocupa casi nada de espacio. Su dise\u00f1o con patita le da un toque especial y mono. \u00a1Te encantar\u00e1!<\/p>\n\n\n    <a class='product' target='_blank' href='https:\/\/www.primor.eu\/es_es\/woo-oow-cepillo-de-viaje-cute-paw-124062.html?#779=41220'>\r\n        <img loading='async' src='https:\/\/cdn2.primor.eu\/media\/catalog\/product\/cache\/8d3aba296f7a18b5251ee30fa5db42b2\/8\/4\/8435722414132__38d0.jpg' alt='COMPRAR AHORA'>\r\n            <div class=\"claim\">\r\n                COMPRAR AHORA            <\/div>\r\n        <\/a>\r\n    \n\n\n\n<h3 class=\"wp-block-heading\">Xtra Shine Tratamiento Anti-Frizz Sin Plancha de Kativa<\/h3>\n\n\n\n<p>Este kit incluye una M\u00e1scara de Tratamiento de 150 ml, un Shampoo Post Tratamiento de 30 ml y un Acondicionador Post Tratamiento de 30 ml. Consigue un cabello liso sin usar la plancha con el Kit Keratin Anti Frizz Xtra Shine de Kativa, un tratamiento que no solo alisa, sino que tambi\u00e9n realza el brillo natural del cabello, reduciendo ondas y frizz por hasta 30 d\u00edas. Principales beneficios:<\/p>\n\n\n\n<ul class=\"wp-block-list\">\n<li>Reduce de manera efectiva el frizz y el volumen.<\/li>\n\n\n\n<li>Logra un alisado suave sin necesidad de plancha.<\/li>\n\n\n\n<li>Disfruta de resultados que perduran hasta por 30 d\u00edas.<\/li>\n\n\n\n<li>Libre de formol, guanidina y vapores t\u00f3xicos.<\/li>\n\n\n\n<li>Puedes lavar y tinturar tu cabello inmediatamente despu\u00e9s del tratamiento.<\/li>\n\n\n\n<li>Cuida tu cabello, proporcion\u00e1ndole brillo, suavidad e hidrataci\u00f3n.<\/li>\n\n\n\n<li>Con termoprotecci\u00f3n y memoria t\u00e9rmica: se activa con el calor del secador.<\/li>\n<\/ul>\n\n\n    <a class='product' target='_blank' href='https:\/\/www.primor.eu\/es_es\/kativa-xtra-shine-tratamiento-anti-frizz-sin-plancha-10065.html'>\r\n        <img loading='async' src='https:\/\/cdn2.primor.eu\/media\/catalog\/product\/cache\/8d3aba296f7a18b5251ee30fa5db42b2\/7\/7\/7750075052949_b7f3.jpg' alt='COMPRAR AHORA'>\r\n            <div class=\"claim\">\r\n                COMPRAR AHORA            <\/div>\r\n        <\/a>\r\n    \n\n\n\n<h3 class=\"wp-block-heading\">Protector Calor Keratin de Syoss<\/h3>\n\n\n\n<p>El spray protector contra el calor para el cabello Syoss Keratin asegura una protecci\u00f3n eficaz contra cualquier da\u00f1o debido al calor.<\/p>\n\n\n    <a class='product' target='_blank' href='https:\/\/www.primor.eu\/es_es\/syoss-protector-calor-keratin-82755.html'>\r\n        <img loading='async' src='https:\/\/cdn2.primor.eu\/media\/catalog\/product\/cache\/8d3aba296f7a18b5251ee30fa5db42b2\/5\/2\/5201143756624_SYOSS_PROTECTOR_CALOR_KERATIN_200ML_Front_54c8.jpg' alt='COMPRAR AHORA'>\r\n            <div class=\"claim\">\r\n                COMPRAR AHORA            <\/div>\r\n        <\/a>\r\n    \n\n\n\n<h3 class=\"wp-block-heading\">Cepillo Redondo Cer\u00e1mico Extra Brillo &amp; Antifrizz de Termix<\/h3>\n\n\n\n<p>Gracias a la combinaci\u00f3n de tecnolog\u00eda i\u00f3nica y cer\u00e1mica, este cepillo redondo de TERMIX proporciona resultados profesionales sin da\u00f1ar el cabello. La tecnolog\u00eda cer\u00e1mica ayuda a conservar y distribuir uniformemente el calor, reduciendo el tiempo de secado y mejorando la duraci\u00f3n del peinado, mientras que el compuesto i\u00f3nico protege el cabello y aporta brillo y suavidad. Con di\u00e1metros disponibles de 17, 23, 28, 32 y 43, el TERMIX Cepillo Redondo Cer\u00e1mico Extra Brillo &amp; Antifrizz se adapta a tus necesidades de peinado.<\/p>\n\n\n    <a class='product' target='_blank' href='https:\/\/www.primor.eu\/es_es\/termix-cepillo-redondo-ceramico-extra-brillo-antifrizz-105882.html?#863=85129'>\r\n        <img loading='async' src='https:\/\/cdn2.primor.eu\/media\/catalog\/product\/cache\/8d3aba296f7a18b5251ee30fa5db42b2\/C\/e\/CepilloRedondoXXS__web__4b3c.jpg' alt='COMPRAR AHORA'>\r\n            <div class=\"claim\">\r\n                COMPRAR AHORA            <\/div>\r\n        <\/a>\r\n    \n\n\n<div class=\"kk-star-ratings kksr-auto kksr-align-center kksr-valign-bottom\"\n    data-payload='{&quot;align&quot;:&quot;center&quot;,&quot;id&quot;:&quot;107241&quot;,&quot;slug&quot;:&quot;default&quot;,&quot;valign&quot;:&quot;bottom&quot;,&quot;ignore&quot;:&quot;&quot;,&quot;reference&quot;:&quot;auto&quot;,&quot;class&quot;:&quot;&quot;,&quot;count&quot;:&quot;0&quot;,&quot;legendonly&quot;:&quot;&quot;,&quot;readonly&quot;:&quot;&quot;,&quot;score&quot;:&quot;0&quot;,&quot;starsonly&quot;:&quot;&quot;,&quot;best&quot;:&quot;5&quot;,&quot;gap&quot;:&quot;5&quot;,&quot;greet&quot;:&quot;Valora este art\u00edculo&quot;,&quot;legend&quot;:&quot;0\\\/5 - (0 votos)&quot;,&quot;size&quot;:&quot;24&quot;,&quot;title&quot;:&quot;Los peluqueros hablan: as\u00ed es c\u00f3mo debes peinar el flequillo abierto&quot;,&quot;width&quot;:&quot;0&quot;,&quot;_legend&quot;:&quot;{score}\\\/{best} - ({count} {votes})&quot;,&quot;font_factor&quot;:&quot;1.25&quot;}'>\n            \n<div class=\"kksr-stars\">\n    \n<div class=\"kksr-stars-inactive\">\n            <div class=\"kksr-star\" data-star=\"1\" style=\"padding-right: 5px\">\n            \n\n<div class=\"kksr-icon\" style=\"width: 24px; height: 24px;\"><\/div>\n        <\/div>\n            <div class=\"kksr-star\" data-star=\"2\" style=\"padding-right: 5px\">\n            \n\n<div class=\"kksr-icon\" style=\"width: 24px; height: 24px;\"><\/div>\n        <\/div>\n            <div class=\"kksr-star\" data-star=\"3\" style=\"padding-right: 5px\">\n            \n\n<div class=\"kksr-icon\" style=\"width: 24px; height: 24px;\"><\/div>\n        <\/div>\n            <div class=\"kksr-star\" data-star=\"4\" style=\"padding-right: 5px\">\n            \n\n<div class=\"kksr-icon\" style=\"width: 24px; height: 24px;\"><\/div>\n        <\/div>\n            <div class=\"kksr-star\" data-star=\"5\" style=\"padding-right: 5px\">\n            \n\n<div class=\"kksr-icon\" style=\"width: 24px; height: 24px;\"><\/div>\n        <\/div>\n    <\/div>\n    \n<div class=\"kksr-stars-active\" style=\"width: 0px;\">\n            <div class=\"kksr-star\" style=\"padding-right: 5px\">\n            \n\n<div class=\"kksr-icon\" style=\"width: 24px; height: 24px;\"><\/div>\n        <\/div>\n            <div class=\"kksr-star\" style=\"padding-right: 5px\">\n            \n\n<div class=\"kksr-icon\" style=\"width: 24px; height: 24px;\"><\/div>\n        <\/div>\n            <div class=\"kksr-star\" style=\"padding-right: 5px\">\n            \n\n<div class=\"kksr-icon\" style=\"width: 24px; height: 24px;\"><\/div>\n        <\/div>\n            <div class=\"kksr-star\" style=\"padding-right: 5px\">\n            \n\n<div class=\"kksr-icon\" style=\"width: 24px; height: 24px;\"><\/div>\n        <\/div>\n            <div class=\"kksr-star\" style=\"padding-right: 5px\">\n            \n\n<div class=\"kksr-icon\" style=\"width: 24px; height: 24px;\"><\/div>\n        <\/div>\n    <\/div>\n<\/div>\n                \n\n<div class=\"kksr-legend\" style=\"font-size: 19.2px;\">\n            <span class=\"kksr-muted\">Valora este art\u00edculo<\/span>\n    <\/div>\n    <\/div>\n","protected":false},"excerpt":{"rendered":"<p>Peinar el flequillo abierto para que quede bien, es todo un arte. El flequillo abierto, conocido tambi\u00e9n como flequillo cortina es muy favorecedor sobre todo para algunos cortes de cara. Es m\u00e1s aconsejable, por ejemplo, para las mujeres que tienen la cara redonda optar por un flequillo abierto que por uno recto. Al mismo tiempo [&hellip;]<\/p>\n","protected":false},"author":30,"featured_media":107242,"comment_status":"closed","ping_status":"closed","sticky":false,"template":"","format":"standard","meta":{"jnews-multi-image_gallery":[],"jnews_single_post":{"subtitle":"","format":"standard","video":"","gallery":"","source_name":"","source_url":"","via_name":"","via_url":"","override_template":"0","override":[{"template":"1","single_blog_custom":"","parallax":"1","fullscreen":"1","layout":"right-sidebar","sidebar":"home-2","second_sidebar":"default-sidebar","sticky_sidebar":"0","share_position":"float","share_float_style":"share-monocrhome","show_share_counter":"0","show_view_counter":"0","show_featured":"1","show_post_meta":"1","show_post_author":"0","show_post_author_image":"1","show_post_date":"1","post_date_format":"default","post_date_format_custom":"Y\/m\/d","show_post_category":"1","show_post_reading_time":"0","post_reading_time_wpm":"300","show_zoom_button":"0","zoom_button_out_step":"2","zoom_button_in_step":"3","show_post_tag":"0","show_prev_next_post":"0","show_popup_post":"0","number_popup_post":"2","show_author_box":"0","show_post_related":"0","show_inline_post_related":"1"}],"override_image_size":"0","image_override":[{"single_post_thumbnail_size":"no-crop","single_post_gallery_size":"crop-500"}],"trending_post":"0","trending_post_position":"meta","trending_post_label":"Trending","sponsored_post":"0","sponsored_post_label":"Sponsored by","sponsored_post_name":"","sponsored_post_url":"","sponsored_post_logo_enable":"0","sponsored_post_logo":"","sponsored_post_desc":"","disable_ad":"0"},"jnews_primary_category":{"id":"","hide":""},"jnews_social_meta":{"fb_title":"","fb_description":"","fb_image":"","twitter_title":"","twitter_description":"","twitter_image":""},"jnews_override_counter":{"override_view_counter":"0","view_counter_number":"0","override_share_counter":"0","share_counter_number":"0","override_like_counter":"0","like_counter_number":"0","override_dislike_counter":"0","dislike_counter_number":"0"},"footnotes":""},"categories":[35],"tags":[],"class_list":["post-107241","post","type-post","status-publish","format-standard","has-post-thumbnail","hentry","category-cabello"],"_links":{"self":[{"href":"https:\/\/www.primor.eu\/blog\/wp-json\/wp\/v2\/posts\/107241","targetHints":{"allow":["GET"]}}],"collection":[{"href":"https:\/\/www.primor.eu\/blog\/wp-json\/wp\/v2\/posts"}],"about":[{"href":"https:\/\/www.primor.eu\/blog\/wp-json\/wp\/v2\/types\/post"}],"author":[{"embeddable":true,"href":"https:\/\/www.primor.eu\/blog\/wp-json\/wp\/v2\/users\/30"}],"replies":[{"embeddable":true,"href":"https:\/\/www.primor.eu\/blog\/wp-json\/wp\/v2\/comments?post=107241"}],"version-history":[{"count":4,"href":"https:\/\/www.primor.eu\/blog\/wp-json\/wp\/v2\/posts\/107241\/revisions"}],"predecessor-version":[{"id":130496,"href":"https:\/\/www.primor.eu\/blog\/wp-json\/wp\/v2\/posts\/107241\/revisions\/130496"}],"wp:featuredmedia":[{"embeddable":true,"href":"https:\/\/www.primor.eu\/blog\/wp-json\/wp\/v2\/media\/107242"}],"wp:attachment":[{"href":"https:\/\/www.primor.eu\/blog\/wp-json\/wp\/v2\/media?parent=107241"}],"wp:term":[{"taxonomy":"category","embeddable":true,"href":"https:\/\/www.primor.eu\/blog\/wp-json\/wp\/v2\/categories?post=107241"},{"taxonomy":"post_tag","embeddable":true,"href":"https:\/\/www.primor.eu\/blog\/wp-json\/wp\/v2\/tags?post=107241"}],"curies":[{"name":"wp","href":"https:\/\/api.w.org\/{rel}","templated":true}]}}