{"id":107208,"date":"2024-06-16T12:00:00","date_gmt":"2024-06-16T12:00:00","guid":{"rendered":"https:\/\/www.primor.eu\/blog\/?p=107208"},"modified":"2024-06-12T15:00:31","modified_gmt":"2024-06-12T15:00:31","slug":"mejores-trucos-consejos-pelo-rizado","status":"publish","type":"post","link":"https:\/\/www.primor.eu\/blog\/mejores-trucos-consejos-pelo-rizado\/","title":{"rendered":"Los mejores trucos y consejos para secar el pelo rizado"},"content":{"rendered":"\n<p>Si no sabes c\u00f3mo <strong>secar el <\/strong><a href=\"https:\/\/www.primor.eu\/blog\/metodo-curly-cuida-tu-cabello-rizado\/\" data-type=\"link\" data-id=\"https:\/\/www.primor.eu\/blog\/metodo-curly-cuida-tu-cabello-rizado\/\"><strong>pelo rizado<\/strong> <\/a>para que se quede una<strong> melena bonita y marcada<\/strong>, \u00a1te los contamos! Una de las peores pesadillas de las mujeres que tenemos el pelo rizado es el frizz. Ese fen\u00f3meno que hace que nuestro pelo se abulte y nuestros rizos pierdan definici\u00f3n. Sobre todo cuando estamos en lugares en los que hay bastante humedad y calor al mismo tiempo, como ocurre en la playa, el frizz a veces nos persigue. No obstante si no nos secamos el pelo correctamente y seguimos unas rutinas de cuidado para pelo rizado, puede que no sepamos secar el pelo rizado como deber\u00edamos para conseguir la melena que perseguimos.<\/p>\n\n\n\n<h2 class=\"wp-block-heading\">Trucos para secar el pelo rizado (y evitar el frizz)<\/h2>\n\n\n\n<p>Desde los cuidados cotidianos, la<strong> mascarilla de pelo<\/strong> que elegimos y hasta la <strong>herramienta<\/strong> y la <strong>manera <\/strong>con la que nos secamos el pelo, hay toda una ciencia. Lo m\u00e1s importante es ir a la ra\u00edz y comprender qu\u00e9 pasa con el pelo rizado. Para saber c\u00f3mo secar el pelo rizado, debemos entender antes el quid de la cuesti\u00f3n: el pelo rizado tiende a ser seco. Si tenemos esto en cuenta, sabremos que tenemos que proporcionarle a nuestro pelo toda la hidrataci\u00f3n posible y secarlo con la herramienta correcta. Te contamos c\u00f3mo:<\/p>\n\n\n\n<ul class=\"wp-block-list\">\n<li><strong>Sigue el m\u00e9todo curly<\/strong>: es decir, cuida de los productos que aplicas en tu pelo para que sean lo m\u00e1s hidratantes y naturales posible. Uno de los mayores enemigos del pelo rizado es, por ejemplo, el alcohol. Busca champ\u00fas y mascarillas s\u00faper hidratantes y con pocos qu\u00edmicos.<\/li>\n\n\n\n<li><strong>Aplica aceite para el cabello o un s\u00e9rum para cabello rizado<\/strong>. Esto le proporcionar\u00e1 hidrataci\u00f3n y har\u00e1 que tu melena quede definida y sin frizz. Puedes tambi\u00e9n aplicarte un poco de mascarilla con los dedos o dejarte parte en la ducha sin aclarar.<\/li>\n\n\n\n<li><strong>Peina tu melena con un peine afro<\/strong>: sobre todo si tienes el pelo muy rizado, para que no se abulte y pierda definici\u00f3n.<\/li>\n\n\n\n<li><strong>Seca ligeramente el pelo<\/strong>: o d\u00e9jalo escurrir en un turbante o una toalla de microfibra. Si has decidido dejar aceite en tu cabello o mascarilla, esto har\u00e1 adem\u00e1s que penetre m\u00e1s.<\/li>\n\n\n\n<li><strong>Utiliza siempre difusor<\/strong>: si necesitas secarte el pelo con el secador. Lo m\u00e1s indicado es que se seque al aire libre para que no pierda humedad y evitar el frizz. No obstante, si es invierno o necesitas hacerlo, usa el difusor y s\u00e9calo siempre boca abajo y pegando el difusor en la cabeza. Mueve el difusor lo menos posible.<\/li>\n<\/ul>\n\n\n\n<h2 class=\"wp-block-heading\">Los mejores productos para secar el pelo rizado<\/h2>\n\n\n        <product-table class=\"pr-slider\">\r\n            <product-headers class=\"grid-table-rows\">\r\n                <div>Foto<\/div>\r\n                <div>Producto<\/div>\r\n                <div>Marca<\/div>\r\n                <div>Valoraciones<\/div>\r\n                <div>Precio<\/div>\r\n            <\/product-headers>\r\n\r\n            <product-list>\r\n                                    <a href=\"https:\/\/www.primor.eu\/es_es\/rene-furterer-sublime-curl-balsamo-para-rizos-9656.html\" class=\"product-item grid-table-rows\" target=\"_blank\">\r\n                        <div>\r\n                            <img decoding=\"async\" class=\"product-img\" width=\"80px\" height=\"80px\" src=\"https:\/\/www.primor.eu\/blog\/wp-content\/uploads\/2024\/06\/6XS11240_1_474a.jpg\" alt=\"Rene Furterer Sublime Curl B\u00e1lsamo para Rizos\">\r\n                        <\/div>\r\n\r\n                        <!-- Contenido de producto  -->\r\n                        <div>\r\n                            <div class=\"product-position\">\r\n                                #1 Top Ventas                            <\/div>\r\n\r\n                            <h2>\r\n                                Rene Furterer Sublime Curl B\u00e1lsamo para Rizos                            <\/h2>\r\n                        <\/div>\r\n\r\n                        <!-- Imagen y\/o nombre de la marca -->\r\n                        <div>\r\n                                                            <img decoding=\"async\" width=\"70\" src=\"https:\/\/www.primor.eu\/blog\/wp-content\/uploads\/2023\/09\/1326.jpg\" alt=\"85591\">\r\n                                                    <\/div>\r\n\r\n                        <!-- Puntuaci\u00f3n del producto  -->\r\n                        <div class=\"rating\">\r\n                                                            <p>No hay valoraciones disponibles<\/p>\r\n                                                    <\/div>\r\n\r\n                        <!-- Bot\u00f3n de producto  -->\r\n                        <div>\r\n                            <span class=\"price-claim\">\r\n                                VER PRECIO                            <\/span>\r\n                        <\/div>\r\n                    <\/a>\r\n                                    <a href=\"https:\/\/www.primor.eu\/es_es\/beter-coffee-o-clock-turbante-microfibra-75821.html\" class=\"product-item grid-table-rows\" target=\"_blank\">\r\n                        <div>\r\n                            <img decoding=\"async\" class=\"product-img\" width=\"80px\" height=\"80px\" src=\"https:\/\/www.primor.eu\/blog\/wp-content\/uploads\/2024\/06\/coffee_oclock_turbante_microfibra_5673.jpg\" alt=\"Beter Coffee O'clock Turbante Microfibra\">\r\n                        <\/div>\r\n\r\n                        <!-- Contenido de producto  -->\r\n                        <div>\r\n                            <div class=\"product-position\">\r\n                                #2                            <\/div>\r\n\r\n                            <h2>\r\n                                Beter Coffee O'clock Turbante Microfibra                            <\/h2>\r\n                        <\/div>\r\n\r\n                        <!-- Imagen y\/o nombre de la marca -->\r\n                        <div>\r\n                                                            <img decoding=\"async\" width=\"70\" src=\"https:\/\/www.primor.eu\/blog\/wp-content\/uploads\/2023\/10\/BETER.jpg\" alt=\"87671\">\r\n                                                    <\/div>\r\n\r\n                        <!-- Puntuaci\u00f3n del producto  -->\r\n                        <div class=\"rating\">\r\n                                                            <div class=\"rate\" style=\"--p:92;\"><\/div>\r\n                                <b>4.6\/5<\/b>\r\n                                <div class=\"rate-stars\">\r\n                                                                            <div\r\n                                            class=\"rate-star  \">\r\n                                        <\/div>\r\n                                                                            <div\r\n                                            class=\"rate-star  \">\r\n                                        <\/div>\r\n                                                                            <div\r\n                                            class=\"rate-star  \">\r\n                                        <\/div>\r\n                                                                            <div\r\n                                            class=\"rate-star  \">\r\n                                        <\/div>\r\n                                                                            <div\r\n                                            class=\"rate-star  \">\r\n                                        <\/div>\r\n                                                                    <\/div>\r\n                                                    <\/div>\r\n\r\n                        <!-- Bot\u00f3n de producto  -->\r\n                        <div>\r\n                            <span class=\"price-claim\">\r\n                                VER PRECIO                            <\/span>\r\n                        <\/div>\r\n                    <\/a>\r\n                                    <a href=\"https:\/\/www.primor.eu\/es_es\/fussy-peine-afro-57166.html\" class=\"product-item grid-table-rows\" target=\"_blank\">\r\n                        <div>\r\n                            <img decoding=\"async\" class=\"product-img\" width=\"80px\" height=\"80px\" src=\"https:\/\/www.primor.eu\/blog\/wp-content\/uploads\/2024\/05\/6VA30890_1_9b52.jpg\" alt=\"Fussy Peine Afro\">\r\n                        <\/div>\r\n\r\n                        <!-- Contenido de producto  -->\r\n                        <div>\r\n                            <div class=\"product-position\">\r\n                                #3                            <\/div>\r\n\r\n                            <h2>\r\n                                Fussy Peine Afro                            <\/h2>\r\n                        <\/div>\r\n\r\n                        <!-- Imagen y\/o nombre de la marca -->\r\n                        <div>\r\n                                                            <img decoding=\"async\" width=\"70\" src=\"https:\/\/www.primor.eu\/blog\/wp-content\/uploads\/2024\/01\/1761.jpg\" alt=\"94632\">\r\n                                                    <\/div>\r\n\r\n                        <!-- Puntuaci\u00f3n del producto  -->\r\n                        <div class=\"rating\">\r\n                                                            <div class=\"rate\" style=\"--p:100;\"><\/div>\r\n                                <b>5\/5<\/b>\r\n                                <div class=\"rate-stars\">\r\n                                                                            <div\r\n                                            class=\"rate-star  \">\r\n                                        <\/div>\r\n                                                                            <div\r\n                                            class=\"rate-star  \">\r\n                                        <\/div>\r\n                                                                            <div\r\n                                            class=\"rate-star  \">\r\n                                        <\/div>\r\n                                                                            <div\r\n                                            class=\"rate-star  \">\r\n                                        <\/div>\r\n                                                                            <div\r\n                                            class=\"rate-star  \">\r\n                                        <\/div>\r\n                                                                    <\/div>\r\n                                                    <\/div>\r\n\r\n                        <!-- Bot\u00f3n de producto  -->\r\n                        <div>\r\n                            <span class=\"price-claim\">\r\n                                VER PRECIO                            <\/span>\r\n                        <\/div>\r\n                    <\/a>\r\n                            <\/product-list>\r\n        <\/product-table>\r\n\r\n        \n\n\n\n<h3 class=\"wp-block-heading\">Sublime Curl B\u00e1lsamo para Rizos de Rene Furterer<\/h3>\n\n\n\n<p>Es un b\u00e1lsamo para pelos rizados que activan tus ondulaciones naturales y lo desenredan. Es un producto suave que dibuja tus rizos con un resultado excelente. Lucir\u00e1s unos rizos envidiables, fuertes y duraderos. Sus ingredientes de activos naturales nutren e hidratan tu pelo gracias a su elaborada f\u00f3rmula. Contiene extracto de acanthusque que restaura la forma y textura del cabello, que junto a los acondicionadores cati\u00f3nicos y el aceite de onagra desenredan de forma sorprendente y nutren tu cabello para proteger tus rizos durante toda la jornada.<\/p>\n\n\n       \r\n        \n\n\n\n<h3 class=\"wp-block-heading\">Coffee O'clock Turbante Microfibra de Beter<\/h3>\n\n\n\n<p>Fabricado con microfibra extra suave, esta toalla para cabello permite un secado r\u00e1pido y eficiente al eliminar el exceso de humedad. Con el uso de este turbante de secado r\u00e1pido, lograr\u00e1s reducir significativamente el tiempo de secado, lo que se traduce en una mejora palpable en la calidad de tu cabello y en el resultado final de tu peinado. Adem\u00e1s, su dise\u00f1o altamente adaptable asegura que tu cabello permanezca perfectamente sujeto durante el proceso de secado.<\/p>\n\n\n    <a class='product' target='_blank' href='https:\/\/www.primor.eu\/es_es\/beter-coffee-o-clock-turbante-microfibra-75821.html'>\r\n        <img loading='async' src='https:\/\/cdn2.primor.eu\/media\/catalog\/product\/cache\/8d3aba296f7a18b5251ee30fa5db42b2\/c\/o\/coffee_oclock_turbante_microfibra_5673.jpg' alt='COMPRAR AHORA'>\r\n            <div class=\"claim\">\r\n                COMPRAR AHORA            <\/div>\r\n        <\/a>\r\n    \n\n\n\n<h3 class=\"wp-block-heading\">Peine Afro de Fussy<\/h3>\n\n\n\n<p>Ideal para cabello rizado y grueso. La disposici\u00f3n de p\u00faas rectas y separadas permite cardar el cabello, darle volumen y movimiento sin deshacer tus rizos.<\/p>\n\n\n    <a class='product' target='_blank' href='https:\/\/www.primor.eu\/es_es\/fussy-peine-afro-57166.html'>\r\n        <img loading='async' src='https:\/\/cdn2.primor.eu\/media\/catalog\/product\/cache\/8d3aba296f7a18b5251ee30fa5db42b2\/6\/V\/6VA30890_1_9b52.jpg' alt='COMPRAR AHORA'>\r\n            <div class=\"claim\">\r\n                COMPRAR AHORA            <\/div>\r\n        <\/a>\r\n    \n\n\n\n<h3 class=\"wp-block-heading\">Difusor de Aire Caliente Diffon Supreme de Bellisima<\/h3>\n\n\n\n<p>Difusor de Aire Caliente Diffon Supreme integra difusor y secador en una sola herramienta, para un secado personalizado que resalta la belleza de tus rizos. Ideal para reducir el encrespamiento y lograr unos rizos suaves, el\u00e1sticos y definidos.<\/p>\n\n\n    <a class='product' target='_blank' href='https:\/\/www.primor.eu\/es_es\/bellissima-difusor-de-aire-caliente-diffon-supreme-72182.html'>\r\n        <img loading='async' src='https:\/\/cdn2.primor.eu\/media\/catalog\/product\/cache\/8d3aba296f7a18b5251ee30fa5db42b2\/6\/V\/6VA34073_1_6749.jpg' alt='COMPRAR AHORA'>\r\n            <div class=\"claim\">\r\n                COMPRAR AHORA            <\/div>\r\n        <\/a>\r\n    \n\n\n<div class=\"kk-star-ratings kksr-auto kksr-align-center kksr-valign-bottom\"\n    data-payload='{&quot;align&quot;:&quot;center&quot;,&quot;id&quot;:&quot;107208&quot;,&quot;slug&quot;:&quot;default&quot;,&quot;valign&quot;:&quot;bottom&quot;,&quot;ignore&quot;:&quot;&quot;,&quot;reference&quot;:&quot;auto&quot;,&quot;class&quot;:&quot;&quot;,&quot;count&quot;:&quot;0&quot;,&quot;legendonly&quot;:&quot;&quot;,&quot;readonly&quot;:&quot;&quot;,&quot;score&quot;:&quot;0&quot;,&quot;starsonly&quot;:&quot;&quot;,&quot;best&quot;:&quot;5&quot;,&quot;gap&quot;:&quot;5&quot;,&quot;greet&quot;:&quot;Valora este art\u00edculo&quot;,&quot;legend&quot;:&quot;0\\\/5 - (0 votos)&quot;,&quot;size&quot;:&quot;24&quot;,&quot;title&quot;:&quot;Los mejores trucos y consejos para secar el pelo rizado&quot;,&quot;width&quot;:&quot;0&quot;,&quot;_legend&quot;:&quot;{score}\\\/{best} - ({count} {votes})&quot;,&quot;font_factor&quot;:&quot;1.25&quot;}'>\n            \n<div class=\"kksr-stars\">\n    \n<div class=\"kksr-stars-inactive\">\n            <div class=\"kksr-star\" data-star=\"1\" style=\"padding-right: 5px\">\n            \n\n<div class=\"kksr-icon\" style=\"width: 24px; height: 24px;\"><\/div>\n        <\/div>\n            <div class=\"kksr-star\" data-star=\"2\" style=\"padding-right: 5px\">\n            \n\n<div class=\"kksr-icon\" style=\"width: 24px; height: 24px;\"><\/div>\n        <\/div>\n            <div class=\"kksr-star\" data-star=\"3\" style=\"padding-right: 5px\">\n            \n\n<div class=\"kksr-icon\" style=\"width: 24px; height: 24px;\"><\/div>\n        <\/div>\n            <div class=\"kksr-star\" data-star=\"4\" style=\"padding-right: 5px\">\n            \n\n<div class=\"kksr-icon\" style=\"width: 24px; height: 24px;\"><\/div>\n        <\/div>\n            <div class=\"kksr-star\" data-star=\"5\" style=\"padding-right: 5px\">\n            \n\n<div class=\"kksr-icon\" style=\"width: 24px; height: 24px;\"><\/div>\n        <\/div>\n    <\/div>\n    \n<div class=\"kksr-stars-active\" style=\"width: 0px;\">\n            <div class=\"kksr-star\" style=\"padding-right: 5px\">\n            \n\n<div class=\"kksr-icon\" style=\"width: 24px; height: 24px;\"><\/div>\n        <\/div>\n            <div class=\"kksr-star\" style=\"padding-right: 5px\">\n            \n\n<div class=\"kksr-icon\" style=\"width: 24px; height: 24px;\"><\/div>\n        <\/div>\n            <div class=\"kksr-star\" style=\"padding-right: 5px\">\n            \n\n<div class=\"kksr-icon\" style=\"width: 24px; height: 24px;\"><\/div>\n        <\/div>\n            <div class=\"kksr-star\" style=\"padding-right: 5px\">\n            \n\n<div class=\"kksr-icon\" style=\"width: 24px; height: 24px;\"><\/div>\n        <\/div>\n            <div class=\"kksr-star\" style=\"padding-right: 5px\">\n            \n\n<div class=\"kksr-icon\" style=\"width: 24px; height: 24px;\"><\/div>\n        <\/div>\n    <\/div>\n<\/div>\n                \n\n<div class=\"kksr-legend\" style=\"font-size: 19.2px;\">\n            <span class=\"kksr-muted\">Valora este art\u00edculo<\/span>\n    <\/div>\n    <\/div>\n","protected":false},"excerpt":{"rendered":"<p>Si no sabes c\u00f3mo secar el pelo rizado para que se quede una melena bonita y marcada, \u00a1te los contamos! Una de las peores pesadillas de las mujeres que tenemos el pelo rizado es el frizz. Ese fen\u00f3meno que hace que nuestro pelo se abulte y nuestros rizos pierdan definici\u00f3n. Sobre todo cuando estamos en [&hellip;]<\/p>\n","protected":false},"author":30,"featured_media":107209,"comment_status":"closed","ping_status":"closed","sticky":false,"template":"","format":"standard","meta":{"jnews-multi-image_gallery":[],"jnews_single_post":{"subtitle":"","format":"standard","video":"","gallery":"","source_name":"","source_url":"","via_name":"","via_url":"","override_template":"0","override":[{"template":"1","single_blog_custom":"","parallax":"1","fullscreen":"1","layout":"right-sidebar","sidebar":"home-2","second_sidebar":"default-sidebar","sticky_sidebar":"0","share_position":"float","share_float_style":"share-monocrhome","show_share_counter":"0","show_view_counter":"0","show_featured":"1","show_post_meta":"1","show_post_author":"0","show_post_author_image":"1","show_post_date":"1","post_date_format":"default","post_date_format_custom":"Y\/m\/d","show_post_category":"1","show_post_reading_time":"0","post_reading_time_wpm":"300","show_zoom_button":"0","zoom_button_out_step":"2","zoom_button_in_step":"3","show_post_tag":"0","show_prev_next_post":"0","show_popup_post":"0","number_popup_post":"2","show_author_box":"0","show_post_related":"0","show_inline_post_related":"1"}],"override_image_size":"0","image_override":[{"single_post_thumbnail_size":"no-crop","single_post_gallery_size":"crop-500"}],"trending_post":"0","trending_post_position":"meta","trending_post_label":"Trending","sponsored_post":"0","sponsored_post_label":"Sponsored by","sponsored_post_name":"","sponsored_post_url":"","sponsored_post_logo_enable":"0","sponsored_post_logo":"","sponsored_post_desc":"","disable_ad":"0"},"jnews_primary_category":{"id":"","hide":""},"jnews_social_meta":{"fb_title":"","fb_description":"","fb_image":"","twitter_title":"","twitter_description":"","twitter_image":""},"jnews_override_counter":{"override_view_counter":"0","view_counter_number":"0","override_share_counter":"0","share_counter_number":"0","override_like_counter":"0","like_counter_number":"0","override_dislike_counter":"0","dislike_counter_number":"0"},"footnotes":""},"categories":[35],"tags":[],"class_list":["post-107208","post","type-post","status-publish","format-standard","has-post-thumbnail","hentry","category-cabello"],"_links":{"self":[{"href":"https:\/\/www.primor.eu\/blog\/wp-json\/wp\/v2\/posts\/107208","targetHints":{"allow":["GET"]}}],"collection":[{"href":"https:\/\/www.primor.eu\/blog\/wp-json\/wp\/v2\/posts"}],"about":[{"href":"https:\/\/www.primor.eu\/blog\/wp-json\/wp\/v2\/types\/post"}],"author":[{"embeddable":true,"href":"https:\/\/www.primor.eu\/blog\/wp-json\/wp\/v2\/users\/30"}],"replies":[{"embeddable":true,"href":"https:\/\/www.primor.eu\/blog\/wp-json\/wp\/v2\/comments?post=107208"}],"version-history":[{"count":1,"href":"https:\/\/www.primor.eu\/blog\/wp-json\/wp\/v2\/posts\/107208\/revisions"}],"predecessor-version":[{"id":107210,"href":"https:\/\/www.primor.eu\/blog\/wp-json\/wp\/v2\/posts\/107208\/revisions\/107210"}],"wp:featuredmedia":[{"embeddable":true,"href":"https:\/\/www.primor.eu\/blog\/wp-json\/wp\/v2\/media\/107209"}],"wp:attachment":[{"href":"https:\/\/www.primor.eu\/blog\/wp-json\/wp\/v2\/media?parent=107208"}],"wp:term":[{"taxonomy":"category","embeddable":true,"href":"https:\/\/www.primor.eu\/blog\/wp-json\/wp\/v2\/categories?post=107208"},{"taxonomy":"post_tag","embeddable":true,"href":"https:\/\/www.primor.eu\/blog\/wp-json\/wp\/v2\/tags?post=107208"}],"curies":[{"name":"wp","href":"https:\/\/api.w.org\/{rel}","templated":true}]}}