{"id":107050,"date":"2025-09-04T12:23:00","date_gmt":"2025-09-04T12:23:00","guid":{"rendered":"https:\/\/www.primor.eu\/blog\/?p=107050"},"modified":"2025-09-04T12:23:01","modified_gmt":"2025-09-04T12:23:01","slug":"mejores-cortes-pelo-degradado-hombres","status":"publish","type":"post","link":"https:\/\/www.primor.eu\/blog\/mejores-cortes-pelo-degradado-hombres\/","title":{"rendered":"Los cortes de pelo degradados que son tendencia en oto\u00f1o"},"content":{"rendered":"\n<p>Los <strong><a href=\"https:\/\/www.primor.eu\/blog\/mejores-cortes-pelo-hombre\/\" data-type=\"link\" data-id=\"https:\/\/www.primor.eu\/blog\/mejores-cortes-pelo-hombre\/\">cortes de pelo<\/a> degradados <\/strong>son perfectos para el verano. Tambi\u00e9n hay que decirlo. No vamos a obviar el hecho de que son tendencia, pero, si adem\u00e1s ayudan a los hombres que los eligen a pasar el verano<strong> m\u00e1s frescos<\/strong>, los puntos a favor suben. El cat\u00e1logo da mucho juego a la hora de elegir cortes de pelo degradados para hombres. Algunos de ellos pueden incluir <strong>mecha larga<\/strong> en la zona alta de la cabeza. Otros, pueden elegirse para lucir algunos de esos <strong>dibujos<\/strong> que tan de moda est\u00e1n en las partes m\u00e1s cortas del corte. Algunos los eligen para poder lucir complementos con comodidad, como gorras, cadenas o pendientes que le den a este look con degradado un toque de tendencia.<\/p>\n\n\n\n<p>Los cortes de pelo degradados son muy comunes entre las <strong>estrellas del trap<\/strong>. Le dan a los hombres ese toque tan masculino y deportivo que encaja con este estilo de m\u00fasica. La maravilla de estos cortes es que son mucho m\u00e1s vers\u00e1tiles de lo que parecen y que, una vez que crece el pelo se puede cambiar de estilo y \u00a1elegir otro degradado!<\/p>\n\n\n\n<h2 class=\"wp-block-heading\">Los mejores cortes de pelo para oto\u00f1o<\/h2>\n\n\n\n<h3 class=\"wp-block-heading\">Degradado con mecha larga hacia atr\u00e1s<\/h3>\n\n\n\n<figure class=\"wp-block-image size-large\"><img decoding=\"async\" width=\"1024\" height=\"1024\" src=\"https:\/\/www.primor.eu\/blog\/wp-content\/uploads\/2024\/06\/1-con-mecha-larga-1024x1024.jpg\" alt=\"\" class=\"wp-image-107051\" srcset=\"https:\/\/www.primor.eu\/blog\/wp-content\/uploads\/2024\/06\/1-con-mecha-larga-1024x1024.jpg 1024w, https:\/\/www.primor.eu\/blog\/wp-content\/uploads\/2024\/06\/1-con-mecha-larga-300x300.jpg 300w, https:\/\/www.primor.eu\/blog\/wp-content\/uploads\/2024\/06\/1-con-mecha-larga-150x150.jpg 150w, https:\/\/www.primor.eu\/blog\/wp-content\/uploads\/2024\/06\/1-con-mecha-larga-768x768.jpg 768w, https:\/\/www.primor.eu\/blog\/wp-content\/uploads\/2024\/06\/1-con-mecha-larga-75x75.jpg 75w, https:\/\/www.primor.eu\/blog\/wp-content\/uploads\/2024\/06\/1-con-mecha-larga-350x350.jpg 350w, https:\/\/www.primor.eu\/blog\/wp-content\/uploads\/2024\/06\/1-con-mecha-larga-750x750.jpg 750w, https:\/\/www.primor.eu\/blog\/wp-content\/uploads\/2024\/06\/1-con-mecha-larga.jpg 1080w\" sizes=\"(max-width: 1024px) 100vw, 1024px\" \/><\/figure>\n\n\n\n<p>@juniorlook.bcn<\/p>\n\n\n\n<p>Este es uno de los cortes de pelo degradados para hombre que m\u00e1s eligen los que guardan un estilo elegante pero fresco al mismo tiempo. Este corte de pelo queda genial con un look casual, pero tambi\u00e9n luce mucho con un traje o una americana acompa\u00f1ada de una b\u00e1sica blanca impecable. Tiene un aspecto limpio y para hombres que tienen mucho pelo, es genial lucir una mecha larga as\u00ed en la parte alta. Esta opci\u00f3n es genial si te gusta llevar sombreros o boinas porque se consigue un estilo de lo m\u00e1s bohemio y sofisticado al mismo tiempo.<\/p>\n\n\n\n<h3 class=\"wp-block-heading\">Degradado con pelo rapado y flequillo<\/h3>\n\n\n\n<figure class=\"wp-block-image size-large\"><img decoding=\"async\" width=\"1024\" height=\"1024\" src=\"https:\/\/www.primor.eu\/blog\/wp-content\/uploads\/2024\/06\/2-rapado-flequillo-1024x1024.jpg\" alt=\"\" class=\"wp-image-107052\" srcset=\"https:\/\/www.primor.eu\/blog\/wp-content\/uploads\/2024\/06\/2-rapado-flequillo-1024x1024.jpg 1024w, https:\/\/www.primor.eu\/blog\/wp-content\/uploads\/2024\/06\/2-rapado-flequillo-300x300.jpg 300w, https:\/\/www.primor.eu\/blog\/wp-content\/uploads\/2024\/06\/2-rapado-flequillo-150x150.jpg 150w, https:\/\/www.primor.eu\/blog\/wp-content\/uploads\/2024\/06\/2-rapado-flequillo-768x768.jpg 768w, https:\/\/www.primor.eu\/blog\/wp-content\/uploads\/2024\/06\/2-rapado-flequillo-75x75.jpg 75w, https:\/\/www.primor.eu\/blog\/wp-content\/uploads\/2024\/06\/2-rapado-flequillo-350x350.jpg 350w, https:\/\/www.primor.eu\/blog\/wp-content\/uploads\/2024\/06\/2-rapado-flequillo-750x750.jpg 750w, https:\/\/www.primor.eu\/blog\/wp-content\/uploads\/2024\/06\/2-rapado-flequillo.jpg 1080w\" sizes=\"(max-width: 1024px) 100vw, 1024px\" \/><\/figure>\n\n\n\n<p>@janorysjimenezz<\/p>\n\n\n\n<p>Si prefieres un degradado con el pelo bien rapado en la parte baja, esta puede ser tu opini\u00f3n. Este corte incluye flequillo, por lo que es m\u00e1s atrevido que otros y puede hacer que cambies de look por completo si nunca has apostado por algo as\u00ed. Quedar\u00e1 genial con una gorra o una de esas cadenas doradas al cuello que tanto se llevan.<\/p>\n\n\n\n<h3 class=\"wp-block-heading\">Degradado con pelo de punta<\/h3>\n\n\n\n<figure class=\"wp-block-image size-large\"><img decoding=\"async\" width=\"1024\" height=\"1024\" src=\"https:\/\/www.primor.eu\/blog\/wp-content\/uploads\/2024\/06\/3-cresta-color-1024x1024.jpg\" alt=\"\" class=\"wp-image-107053\" srcset=\"https:\/\/www.primor.eu\/blog\/wp-content\/uploads\/2024\/06\/3-cresta-color-1024x1024.jpg 1024w, https:\/\/www.primor.eu\/blog\/wp-content\/uploads\/2024\/06\/3-cresta-color-300x300.jpg 300w, https:\/\/www.primor.eu\/blog\/wp-content\/uploads\/2024\/06\/3-cresta-color-150x150.jpg 150w, https:\/\/www.primor.eu\/blog\/wp-content\/uploads\/2024\/06\/3-cresta-color-768x768.jpg 768w, https:\/\/www.primor.eu\/blog\/wp-content\/uploads\/2024\/06\/3-cresta-color-75x75.jpg 75w, https:\/\/www.primor.eu\/blog\/wp-content\/uploads\/2024\/06\/3-cresta-color-350x350.jpg 350w, https:\/\/www.primor.eu\/blog\/wp-content\/uploads\/2024\/06\/3-cresta-color-750x750.jpg 750w, https:\/\/www.primor.eu\/blog\/wp-content\/uploads\/2024\/06\/3-cresta-color.jpg 1080w\" sizes=\"(max-width: 1024px) 100vw, 1024px\" \/><\/figure>\n\n\n\n<p>@jrpeluqueros<\/p>\n\n\n\n<p>Los cortes de pelo degradados para hombre con el pelo de punta son un cl\u00e1sico que los punkys pusieron de moda hace unos a\u00f1os y con mucha rebeld\u00eda tras bastidores. Por all\u00e1 por los a\u00f1os 70 no hab\u00eda nada m\u00e1s contestatario y disruptivo que los rapados y las crestas en el mundo underground. Sobre todo cuando ven\u00edamos de las infinitas melenas sesenteras que dieron la vuelta al mundo y dejaron en \u00e9l mucha poes\u00eda y cambio de mentalidad. para gustos colores y, \u00a1largos de pelo!<\/p>\n\n\n\n<h3 class=\"wp-block-heading\">Degradado hipster<\/h3>\n\n\n\n<figure class=\"wp-block-image size-large\"><img decoding=\"async\" width=\"1024\" height=\"1024\" src=\"https:\/\/www.primor.eu\/blog\/wp-content\/uploads\/2024\/06\/4-hipster-1024x1024.jpg\" alt=\"\" class=\"wp-image-107054\" srcset=\"https:\/\/www.primor.eu\/blog\/wp-content\/uploads\/2024\/06\/4-hipster-1024x1024.jpg 1024w, https:\/\/www.primor.eu\/blog\/wp-content\/uploads\/2024\/06\/4-hipster-300x300.jpg 300w, https:\/\/www.primor.eu\/blog\/wp-content\/uploads\/2024\/06\/4-hipster-150x150.jpg 150w, https:\/\/www.primor.eu\/blog\/wp-content\/uploads\/2024\/06\/4-hipster-768x768.jpg 768w, https:\/\/www.primor.eu\/blog\/wp-content\/uploads\/2024\/06\/4-hipster-75x75.jpg 75w, https:\/\/www.primor.eu\/blog\/wp-content\/uploads\/2024\/06\/4-hipster-350x350.jpg 350w, https:\/\/www.primor.eu\/blog\/wp-content\/uploads\/2024\/06\/4-hipster-750x750.jpg 750w, https:\/\/www.primor.eu\/blog\/wp-content\/uploads\/2024\/06\/4-hipster.jpg 1080w\" sizes=\"(max-width: 1024px) 100vw, 1024px\" \/><\/figure>\n\n\n\n<p>@maguibeautysalon_<\/p>\n\n\n\n<p>Si est\u00e1s buscando cortes de pelo degradados para hombre con un toque hipster, este es perfecto para el verano. Este tipo de cortes son sexys y masculinos y combinan genial con barbas. Con una barba un poco m\u00e1s ligera como la de la imagen, puede ser un look perfecto para el verano que mantenga la esencia hipster\u2026<\/p>\n\n\n\n<p>Y es que a los hipsters despedirse de sus cortes de pelo degradados y de sus barbas, les duele mucho. Este estilo es uno de los que m\u00e1s personalidad muestran y los degradados en los cortes de pelo en este caso, \u00a1son un <em>must<\/em>!<\/p>\n\n\n\n<h3 class=\"wp-block-heading\">Cresta sutil con los lados rapados<\/h3>\n\n\n\n<figure class=\"wp-block-image size-full\"><img decoding=\"async\" width=\"960\" height=\"960\" src=\"https:\/\/www.primor.eu\/blog\/wp-content\/uploads\/2024\/06\/5-cresta-rapados.jpg\" alt=\"\" class=\"wp-image-107055\" srcset=\"https:\/\/www.primor.eu\/blog\/wp-content\/uploads\/2024\/06\/5-cresta-rapados.jpg 960w, https:\/\/www.primor.eu\/blog\/wp-content\/uploads\/2024\/06\/5-cresta-rapados-300x300.jpg 300w, https:\/\/www.primor.eu\/blog\/wp-content\/uploads\/2024\/06\/5-cresta-rapados-150x150.jpg 150w, https:\/\/www.primor.eu\/blog\/wp-content\/uploads\/2024\/06\/5-cresta-rapados-768x768.jpg 768w, https:\/\/www.primor.eu\/blog\/wp-content\/uploads\/2024\/06\/5-cresta-rapados-75x75.jpg 75w, https:\/\/www.primor.eu\/blog\/wp-content\/uploads\/2024\/06\/5-cresta-rapados-350x350.jpg 350w, https:\/\/www.primor.eu\/blog\/wp-content\/uploads\/2024\/06\/5-cresta-rapados-750x750.jpg 750w\" sizes=\"(max-width: 960px) 100vw, 960px\" \/><\/figure>\n\n\n\n<p>@barbaazulvipbarberia<\/p>\n\n\n\n<p>Y volviendo a los tintes setenteros pero con algo m\u00e1s de discreci\u00f3n est\u00e1 esta opci\u00f3n entre los cortes de pelo degradados para hombres de cresta sutil. Una cresta corta que deja los lados rapados y que supone un extra de comodidad para el que la elige.&nbsp;<\/p>\n\n\n<div class=\"kk-star-ratings kksr-auto kksr-align-center kksr-valign-bottom\"\n    data-payload='{&quot;align&quot;:&quot;center&quot;,&quot;id&quot;:&quot;107050&quot;,&quot;slug&quot;:&quot;default&quot;,&quot;valign&quot;:&quot;bottom&quot;,&quot;ignore&quot;:&quot;&quot;,&quot;reference&quot;:&quot;auto&quot;,&quot;class&quot;:&quot;&quot;,&quot;count&quot;:&quot;1&quot;,&quot;legendonly&quot;:&quot;&quot;,&quot;readonly&quot;:&quot;&quot;,&quot;score&quot;:&quot;5&quot;,&quot;starsonly&quot;:&quot;&quot;,&quot;best&quot;:&quot;5&quot;,&quot;gap&quot;:&quot;5&quot;,&quot;greet&quot;:&quot;Valora este art\u00edculo&quot;,&quot;legend&quot;:&quot;5\\\/5 - (1 voto)&quot;,&quot;size&quot;:&quot;24&quot;,&quot;title&quot;:&quot;Los cortes de pelo degradados que son tendencia en oto\u00f1o&quot;,&quot;width&quot;:&quot;142.5&quot;,&quot;_legend&quot;:&quot;{score}\\\/{best} - ({count} {votes})&quot;,&quot;font_factor&quot;:&quot;1.25&quot;}'>\n            \n<div class=\"kksr-stars\">\n    \n<div class=\"kksr-stars-inactive\">\n            <div class=\"kksr-star\" data-star=\"1\" style=\"padding-right: 5px\">\n            \n\n<div class=\"kksr-icon\" style=\"width: 24px; height: 24px;\"><\/div>\n        <\/div>\n            <div class=\"kksr-star\" data-star=\"2\" style=\"padding-right: 5px\">\n            \n\n<div class=\"kksr-icon\" style=\"width: 24px; height: 24px;\"><\/div>\n        <\/div>\n            <div class=\"kksr-star\" data-star=\"3\" style=\"padding-right: 5px\">\n            \n\n<div class=\"kksr-icon\" style=\"width: 24px; height: 24px;\"><\/div>\n        <\/div>\n            <div class=\"kksr-star\" data-star=\"4\" style=\"padding-right: 5px\">\n            \n\n<div class=\"kksr-icon\" style=\"width: 24px; height: 24px;\"><\/div>\n        <\/div>\n            <div class=\"kksr-star\" data-star=\"5\" style=\"padding-right: 5px\">\n            \n\n<div class=\"kksr-icon\" style=\"width: 24px; height: 24px;\"><\/div>\n        <\/div>\n    <\/div>\n    \n<div class=\"kksr-stars-active\" style=\"width: 142.5px;\">\n            <div class=\"kksr-star\" style=\"padding-right: 5px\">\n            \n\n<div class=\"kksr-icon\" style=\"width: 24px; height: 24px;\"><\/div>\n        <\/div>\n            <div class=\"kksr-star\" style=\"padding-right: 5px\">\n            \n\n<div class=\"kksr-icon\" style=\"width: 24px; height: 24px;\"><\/div>\n        <\/div>\n            <div class=\"kksr-star\" style=\"padding-right: 5px\">\n            \n\n<div class=\"kksr-icon\" style=\"width: 24px; height: 24px;\"><\/div>\n        <\/div>\n            <div class=\"kksr-star\" style=\"padding-right: 5px\">\n            \n\n<div class=\"kksr-icon\" style=\"width: 24px; height: 24px;\"><\/div>\n        <\/div>\n            <div class=\"kksr-star\" style=\"padding-right: 5px\">\n            \n\n<div class=\"kksr-icon\" style=\"width: 24px; height: 24px;\"><\/div>\n        <\/div>\n    <\/div>\n<\/div>\n                \n\n<div class=\"kksr-legend\" style=\"font-size: 19.2px;\">\n            5\/5 - (1 voto)    <\/div>\n    <\/div>\n","protected":false},"excerpt":{"rendered":"<p>Los cortes de pelo degradados son perfectos para el verano. Tambi\u00e9n hay que decirlo. No vamos a obviar el hecho de que son tendencia, pero, si adem\u00e1s ayudan a los hombres que los eligen a pasar el verano m\u00e1s frescos, los puntos a favor suben. El cat\u00e1logo da mucho juego a la hora de elegir [&hellip;]<\/p>\n","protected":false},"author":14,"featured_media":107056,"comment_status":"closed","ping_status":"closed","sticky":false,"template":"","format":"standard","meta":{"jnews-multi-image_gallery":[],"jnews_single_post":{"subtitle":"","format":"standard","video":"","gallery":"","source_name":"","source_url":"","via_name":"","via_url":"","override_template":"0","override":[{"template":"1","single_blog_custom":"","parallax":"1","fullscreen":"1","layout":"right-sidebar","sidebar":"home-2","second_sidebar":"default-sidebar","sticky_sidebar":"0","share_position":"float","share_float_style":"share-monocrhome","show_share_counter":"0","show_view_counter":"0","show_featured":"1","show_post_meta":"1","show_post_author":"0","show_post_author_image":"1","show_post_date":"1","post_date_format":"default","post_date_format_custom":"Y\/m\/d","show_post_category":"1","show_post_reading_time":"0","post_reading_time_wpm":"300","show_zoom_button":"0","zoom_button_out_step":"2","zoom_button_in_step":"3","show_post_tag":"0","show_prev_next_post":"0","show_popup_post":"0","number_popup_post":"2","show_author_box":"0","show_post_related":"0","show_inline_post_related":"1"}],"override_image_size":"0","image_override":[{"single_post_thumbnail_size":"no-crop","single_post_gallery_size":"crop-500"}],"trending_post":"0","trending_post_position":"meta","trending_post_label":"Trending","sponsored_post":"0","sponsored_post_label":"Sponsored by","sponsored_post_name":"","sponsored_post_url":"","sponsored_post_logo_enable":"0","sponsored_post_logo":"","sponsored_post_desc":"","disable_ad":"0"},"jnews_primary_category":{"id":"","hide":""},"jnews_social_meta":{"fb_title":"","fb_description":"","fb_image":"","twitter_title":"","twitter_description":"","twitter_image":""},"jnews_override_counter":{"override_view_counter":"0","view_counter_number":"0","override_share_counter":"0","share_counter_number":"0","override_like_counter":"0","like_counter_number":"0","override_dislike_counter":"0","dislike_counter_number":"0"},"footnotes":""},"categories":[35],"tags":[],"class_list":["post-107050","post","type-post","status-publish","format-standard","has-post-thumbnail","hentry","category-cabello"],"_links":{"self":[{"href":"https:\/\/www.primor.eu\/blog\/wp-json\/wp\/v2\/posts\/107050","targetHints":{"allow":["GET"]}}],"collection":[{"href":"https:\/\/www.primor.eu\/blog\/wp-json\/wp\/v2\/posts"}],"about":[{"href":"https:\/\/www.primor.eu\/blog\/wp-json\/wp\/v2\/types\/post"}],"author":[{"embeddable":true,"href":"https:\/\/www.primor.eu\/blog\/wp-json\/wp\/v2\/users\/14"}],"replies":[{"embeddable":true,"href":"https:\/\/www.primor.eu\/blog\/wp-json\/wp\/v2\/comments?post=107050"}],"version-history":[{"count":2,"href":"https:\/\/www.primor.eu\/blog\/wp-json\/wp\/v2\/posts\/107050\/revisions"}],"predecessor-version":[{"id":131639,"href":"https:\/\/www.primor.eu\/blog\/wp-json\/wp\/v2\/posts\/107050\/revisions\/131639"}],"wp:featuredmedia":[{"embeddable":true,"href":"https:\/\/www.primor.eu\/blog\/wp-json\/wp\/v2\/media\/107056"}],"wp:attachment":[{"href":"https:\/\/www.primor.eu\/blog\/wp-json\/wp\/v2\/media?parent=107050"}],"wp:term":[{"taxonomy":"category","embeddable":true,"href":"https:\/\/www.primor.eu\/blog\/wp-json\/wp\/v2\/categories?post=107050"},{"taxonomy":"post_tag","embeddable":true,"href":"https:\/\/www.primor.eu\/blog\/wp-json\/wp\/v2\/tags?post=107050"}],"curies":[{"name":"wp","href":"https:\/\/api.w.org\/{rel}","templated":true}]}}