{"id":106947,"date":"2024-06-17T12:33:55","date_gmt":"2024-06-17T12:33:55","guid":{"rendered":"https:\/\/www.primor.eu\/blog\/?p=106947"},"modified":"2024-06-06T12:46:07","modified_gmt":"2024-06-06T12:46:07","slug":"mejores-rutinas-hidratar-pelo-playa","status":"publish","type":"post","link":"https:\/\/www.primor.eu\/blog\/mejores-rutinas-hidratar-pelo-playa\/","title":{"rendered":"\u00bfD\u00eda de playa? Esta es la rutina definitiva para hidratar de nuevo tu cabello"},"content":{"rendered":"\n<p>A todas nos gusta el <strong>verano<\/strong>. Es m\u00e1s, es muy probable que, como yo, vivas enamorada de esta profesi\u00f3n. Sin embargo, hay una <strong>principal preocupaci\u00f3n<\/strong> en esta estaci\u00f3n: el <strong>cabello<\/strong>, sobre todo si vas a la playa. El pelo se reseca, se oxida poni\u00e9ndose naranja y tiende a verse quebradizo y sin brillo, pero \u00a1que no cunda el p\u00e1nico! Porque hay soluci\u00f3n: las <strong>mejores rutinas de pelo para la playa<\/strong> que recomiendan los mejores expertos.<\/p>\n\n\n\n<h2 class=\"wp-block-heading\">Consejos y trucos para una buena rutina de pelo en la playa<\/h2>\n\n\n\n<p>Como hemos comentado puede que tengas una rutina definida y habitual para hidratar y cuidar tu cabello. Sin embargo, en la playa se nos estropea el pelo mucho m\u00e1s y por eso, necesitas una<strong> rutina de playa para el pelo<\/strong> espec\u00edfica e <strong>intensiva<\/strong>. Hasta el pelo m\u00e1s hidratado sufre en la playa. Estos son los <strong>pasos para que la lleves a cabo<\/strong>:<\/p>\n\n\n\n<ul class=\"wp-block-list\">\n<li><strong>Usa protector solar espec\u00edfico para el cabello<\/strong>: apl\u00edcalo en tu pelo unos 20 minutos antes de bajar a la playa como haces con el protector solar para el cuerpo. De esta forma tendr\u00e1 efecto cuando te expongas al sol y a la sal. Eso s\u00ed, tienes que volver a usarlo cada vez que salgas del agua.<\/li>\n\n\n\n<li><strong>Ponte un sombrero o un pa\u00f1uelo<\/strong>: para evitar el exceso de sol en tu pelo y hacer que no pierda la humedad durante el tiempo que est\u00e9s en la playa. De hecho, una buena pamela o un pa\u00f1uelo bonito adem\u00e1s de elevar tus looks playeros har\u00e1 que el cabello retenga m\u00e1s los productos que uses en la playa.<\/li>\n\n\n\n<li><strong>Aclara tu pelo con agua dulce cada vez que salgas del agua<\/strong>: si tienes la suerte de estar en una de esas playas que cuentan con ducha y no est\u00e1s en un lugar perdido y paradisiaco, no olvides este paso. Si te aclaras el pelo con abundante agua te deshar\u00e1s de la sal y, con ella, de la deshidrataci\u00f3n extrema de tu pelo.<\/li>\n\n\n\n<li><strong>Hidrata tu pelo <\/strong>con acondicionador especial para la playa o aceites vegetales si lo prefieres. Puedes utilizar aceites de coco, arg\u00e1n o preparados naturales si lo prefieres, pero es importante que hidrates tu pelo cada vez que salgas del agua.<\/li>\n<\/ul>\n\n\n\n<h2 class=\"wp-block-heading\">Buenos productos para usar si vas a la playa y quieres un pelo bonito<\/h2>\n\n\n\n<h3 class=\"wp-block-heading\">Soleil Huile Sirene Cabello de K\u00e9rastase<\/h3>\n\n\n\n<p>Es un aceite en formato spray bif\u00e1sico que te permite crear ondas de estilo playero o surfero y sin acartonar tu pelo. Proporciona protecci\u00f3n e hidrataci\u00f3n a todo tipo de cabellos, obteniendo un pelo hidratado, sedosa, brillante y con un aspecto m\u00e1s saludable y radiante.<\/p>\n\n\n    <a class='product' target='_blank' href='https:\/\/www.primor.eu\/es_es\/kerastase-soleil-huile-sirene-cabello-9492.html'>\r\n        <img loading='async' src='https:\/\/cdn2.primor.eu\/media\/catalog\/product\/cache\/8d3aba296f7a18b5251ee30fa5db42b2\/2\/C\/2CN00463_1_4fe1.jpg' alt='COMPRAR AHORA'>\r\n            <div class=\"claim\">\r\n                COMPRAR AHORA            <\/div>\r\n        <\/a>\r\n    \n\n\n\n<h3 class=\"wp-block-heading\">Protector Solar Capilar de Gisele Denis<\/h3>\n\n\n\n<p>El Protector Solar Capilar de Gis\u00e8le Denis protege el cabello del sol, la sal y el cloro. Tambi\u00e9n sirve como protector t\u00e9rmico frente a secadores, planchas y rizadores. Su f\u00f3rmula est\u00e1 enriquecida con extracto de Jatropha Macrantha, una planta originaria de Per\u00fa rica en fitoesteroles, responsables de proteger al cabello de los da\u00f1os ocasionados por la radiaci\u00f3n UV, evitando la degradaci\u00f3n de la fibra capilar y minimizando la p\u00e9rdida de color y brillo. Adem\u00e1s, este protector capilar en spray mejora la resistencia y elasticidad del cabello.<\/p>\n\n\n    <a class='product' target='_blank' href='https:\/\/www.primor.eu\/es_es\/gisele-denis-protector-solar-capilar-80936.html'>\r\n        <img loading='async' src='https:\/\/cdn2.primor.eu\/media\/catalog\/product\/cache\/8d3aba296f7a18b5251ee30fa5db42b2\/8\/4\/8414135875396_1_0388.jpg' alt='COMPRAR AHORA'>\r\n            <div class=\"claim\">\r\n                COMPRAR AHORA            <\/div>\r\n        <\/a>\r\n    \n\n\n\n<h3 class=\"wp-block-heading\">Mascarilla Manteca de Karit\u00e9 de Maui<\/h3>\n\n\n\n<p>Suaviza y revitaliza tu pelo con esta mascarilla cremosa. Elaborada con manteca de karit\u00e9, aceites de coco y macadamia ayuda a calmar profundamente, a nutrir y suavizar tus mechones para que tu pelo vuelva a verse sano. Si notas tu pelo muy seco, \u00fasala como tratamiento sin aclarado sobre el pelo mojado para acondicionar profundamente.<\/p>\n\n\n    <a class='product' target='_blank' href='https:\/\/www.primor.eu\/es_es\/maui-revive-hydrate-shea-butter-mascarilla-capilar-9868.html'>\r\n        <img loading='async' src='https:\/\/cdn2.primor.eu\/media\/catalog\/product\/cache\/8d3aba296f7a18b5251ee30fa5db42b2\/3\/5\/3574661688879_EMEA_MAUI_SHEA_BTR_HAIR_MASK_340ML_MOB__1__9d37.jpg' alt='COMPRAR AHORA'>\r\n            <div class=\"claim\">\r\n                COMPRAR AHORA            <\/div>\r\n        <\/a>\r\n    \n\n\n<div class=\"kk-star-ratings kksr-auto kksr-align-center kksr-valign-bottom\"\n    data-payload='{&quot;align&quot;:&quot;center&quot;,&quot;id&quot;:&quot;106947&quot;,&quot;slug&quot;:&quot;default&quot;,&quot;valign&quot;:&quot;bottom&quot;,&quot;ignore&quot;:&quot;&quot;,&quot;reference&quot;:&quot;auto&quot;,&quot;class&quot;:&quot;&quot;,&quot;count&quot;:&quot;0&quot;,&quot;legendonly&quot;:&quot;&quot;,&quot;readonly&quot;:&quot;&quot;,&quot;score&quot;:&quot;0&quot;,&quot;starsonly&quot;:&quot;&quot;,&quot;best&quot;:&quot;5&quot;,&quot;gap&quot;:&quot;5&quot;,&quot;greet&quot;:&quot;Valora este art\u00edculo&quot;,&quot;legend&quot;:&quot;0\\\/5 - (0 votos)&quot;,&quot;size&quot;:&quot;24&quot;,&quot;title&quot;:&quot;\u00bfD\u00eda de playa? Esta es la rutina definitiva para hidratar de nuevo tu cabello&quot;,&quot;width&quot;:&quot;0&quot;,&quot;_legend&quot;:&quot;{score}\\\/{best} - ({count} {votes})&quot;,&quot;font_factor&quot;:&quot;1.25&quot;}'>\n            \n<div class=\"kksr-stars\">\n    \n<div class=\"kksr-stars-inactive\">\n            <div class=\"kksr-star\" data-star=\"1\" style=\"padding-right: 5px\">\n            \n\n<div class=\"kksr-icon\" style=\"width: 24px; height: 24px;\"><\/div>\n        <\/div>\n            <div class=\"kksr-star\" data-star=\"2\" style=\"padding-right: 5px\">\n            \n\n<div class=\"kksr-icon\" style=\"width: 24px; height: 24px;\"><\/div>\n        <\/div>\n            <div class=\"kksr-star\" data-star=\"3\" style=\"padding-right: 5px\">\n            \n\n<div class=\"kksr-icon\" style=\"width: 24px; height: 24px;\"><\/div>\n        <\/div>\n            <div class=\"kksr-star\" data-star=\"4\" style=\"padding-right: 5px\">\n            \n\n<div class=\"kksr-icon\" style=\"width: 24px; height: 24px;\"><\/div>\n        <\/div>\n            <div class=\"kksr-star\" data-star=\"5\" style=\"padding-right: 5px\">\n            \n\n<div class=\"kksr-icon\" style=\"width: 24px; height: 24px;\"><\/div>\n        <\/div>\n    <\/div>\n    \n<div class=\"kksr-stars-active\" style=\"width: 0px;\">\n            <div class=\"kksr-star\" style=\"padding-right: 5px\">\n            \n\n<div class=\"kksr-icon\" style=\"width: 24px; height: 24px;\"><\/div>\n        <\/div>\n            <div class=\"kksr-star\" style=\"padding-right: 5px\">\n            \n\n<div class=\"kksr-icon\" style=\"width: 24px; height: 24px;\"><\/div>\n        <\/div>\n            <div class=\"kksr-star\" style=\"padding-right: 5px\">\n            \n\n<div class=\"kksr-icon\" style=\"width: 24px; height: 24px;\"><\/div>\n        <\/div>\n            <div class=\"kksr-star\" style=\"padding-right: 5px\">\n            \n\n<div class=\"kksr-icon\" style=\"width: 24px; height: 24px;\"><\/div>\n        <\/div>\n            <div class=\"kksr-star\" style=\"padding-right: 5px\">\n            \n\n<div class=\"kksr-icon\" style=\"width: 24px; height: 24px;\"><\/div>\n        <\/div>\n    <\/div>\n<\/div>\n                \n\n<div class=\"kksr-legend\" style=\"font-size: 19.2px;\">\n            <span class=\"kksr-muted\">Valora este art\u00edculo<\/span>\n    <\/div>\n    <\/div>\n","protected":false},"excerpt":{"rendered":"<p>A todas nos gusta el verano. Es m\u00e1s, es muy probable que, como yo, vivas enamorada de esta profesi\u00f3n. Sin embargo, hay una principal preocupaci\u00f3n en esta estaci\u00f3n: el cabello, sobre todo si vas a la playa. El pelo se reseca, se oxida poni\u00e9ndose naranja y tiende a verse quebradizo y sin brillo, pero \u00a1que [&hellip;]<\/p>\n","protected":false},"author":14,"featured_media":106979,"comment_status":"closed","ping_status":"closed","sticky":false,"template":"","format":"standard","meta":{"jnews-multi-image_gallery":[],"jnews_single_post":{"subtitle":"","format":"standard","video":"","gallery":"","source_name":"","source_url":"","via_name":"","via_url":"","override_template":"0","override":[{"template":"1","single_blog_custom":"","parallax":"1","fullscreen":"1","layout":"right-sidebar","sidebar":"home-2","second_sidebar":"default-sidebar","sticky_sidebar":"0","share_position":"float","share_float_style":"share-monocrhome","show_share_counter":"0","show_view_counter":"0","show_featured":"1","show_post_meta":"1","show_post_author":"0","show_post_author_image":"1","show_post_date":"1","post_date_format":"default","post_date_format_custom":"Y\/m\/d","show_post_category":"1","show_post_reading_time":"0","post_reading_time_wpm":"300","show_zoom_button":"0","zoom_button_out_step":"2","zoom_button_in_step":"3","show_post_tag":"0","show_prev_next_post":"0","show_popup_post":"0","number_popup_post":"2","show_author_box":"0","show_post_related":"0","show_inline_post_related":"1"}],"override_image_size":"0","image_override":[{"single_post_thumbnail_size":"no-crop","single_post_gallery_size":"crop-500"}],"trending_post":"0","trending_post_position":"meta","trending_post_label":"Trending","sponsored_post":"0","sponsored_post_label":"Sponsored by","sponsored_post_name":"","sponsored_post_url":"","sponsored_post_logo_enable":"0","sponsored_post_logo":"","sponsored_post_desc":"","disable_ad":"0"},"jnews_primary_category":{"id":"","hide":""},"jnews_social_meta":{"fb_title":"","fb_description":"","fb_image":"","twitter_title":"","twitter_description":"","twitter_image":""},"jnews_override_counter":{"override_view_counter":"0","view_counter_number":"0","override_share_counter":"0","share_counter_number":"0","override_like_counter":"0","like_counter_number":"0","override_dislike_counter":"0","dislike_counter_number":"0"},"footnotes":""},"categories":[35,36],"tags":[],"class_list":["post-106947","post","type-post","status-publish","format-standard","has-post-thumbnail","hentry","category-cabello","category-consejos-belleza"],"_links":{"self":[{"href":"https:\/\/www.primor.eu\/blog\/wp-json\/wp\/v2\/posts\/106947","targetHints":{"allow":["GET"]}}],"collection":[{"href":"https:\/\/www.primor.eu\/blog\/wp-json\/wp\/v2\/posts"}],"about":[{"href":"https:\/\/www.primor.eu\/blog\/wp-json\/wp\/v2\/types\/post"}],"author":[{"embeddable":true,"href":"https:\/\/www.primor.eu\/blog\/wp-json\/wp\/v2\/users\/14"}],"replies":[{"embeddable":true,"href":"https:\/\/www.primor.eu\/blog\/wp-json\/wp\/v2\/comments?post=106947"}],"version-history":[{"count":1,"href":"https:\/\/www.primor.eu\/blog\/wp-json\/wp\/v2\/posts\/106947\/revisions"}],"predecessor-version":[{"id":106983,"href":"https:\/\/www.primor.eu\/blog\/wp-json\/wp\/v2\/posts\/106947\/revisions\/106983"}],"wp:featuredmedia":[{"embeddable":true,"href":"https:\/\/www.primor.eu\/blog\/wp-json\/wp\/v2\/media\/106979"}],"wp:attachment":[{"href":"https:\/\/www.primor.eu\/blog\/wp-json\/wp\/v2\/media?parent=106947"}],"wp:term":[{"taxonomy":"category","embeddable":true,"href":"https:\/\/www.primor.eu\/blog\/wp-json\/wp\/v2\/categories?post=106947"},{"taxonomy":"post_tag","embeddable":true,"href":"https:\/\/www.primor.eu\/blog\/wp-json\/wp\/v2\/tags?post=106947"}],"curies":[{"name":"wp","href":"https:\/\/api.w.org\/{rel}","templated":true}]}}