{"id":106536,"date":"2024-06-09T12:00:00","date_gmt":"2024-06-09T12:00:00","guid":{"rendered":"https:\/\/www.primor.eu\/blog\/?p=106536"},"modified":"2024-05-31T12:13:29","modified_gmt":"2024-05-31T12:13:29","slug":"diferencias-mechas-reflejos","status":"publish","type":"post","link":"https:\/\/www.primor.eu\/blog\/diferencias-mechas-reflejos\/","title":{"rendered":"Las principales diferencias entre los reflejos y las mechas"},"content":{"rendered":"\n<p>Vamos a contarte cu\u00e1les son las <strong>diferencias entre las <a href=\"https:\/\/www.primor.eu\/blog\/tipos-de-mechas\/\" data-type=\"link\" data-id=\"https:\/\/www.primor.eu\/blog\/tipos-de-mechas\/\">mechas <\/a>y los reflejos<\/strong> para que puedas elegir si est\u00e1s dudando entre una de las opciones para darle un nuevo aire a tu look. El color de nuestro cabello puede <strong>suavizar nuestros rasgos <\/strong>o potenciar algunos de los rasgos que nos gustan. Es por eso que es importante decidir si queremos te\u00f1irnos el pelo completo, darnos unas mechas u optar por unos reflejos. Te contamos las <strong>diferencias <\/strong>entre ambos tanto a nivel de <strong>acabado y est\u00e9tica<\/strong>, como de necesidades de <strong>mantenimiento.<\/strong><\/p>\n\n\n\n<h2 class=\"wp-block-heading\">Diferencias entre las mechas y los reflejos: est\u00e9tica<\/h2>\n\n\n\n<p>Cuando nos estamos preguntando cu\u00e1les son las diferencias entre las mechas y los reflejos, es bueno que pongamos el foco en para qu\u00e9 queremos saberlo. La decisi\u00f3n suele ser importante sobre todo para saber los resultados est\u00e9ticos que conseguiremos con cada una de las opciones. Estas son las diferencias entre las mechas y los reflejos a nivel est\u00e9tico:<\/p>\n\n\n\n<ul class=\"wp-block-list\">\n<li><strong>Los reflejos tienen un acabado m\u00e1s natural: <\/strong>por norma general, aunque hay profesionales que pueden conseguir unas mechas muy naturales. Esto es porque los reflejos no son un cambio de tono radical en determinados mechones de nuestro cabello, sino que se perciben a la luz del sol. Cuando optamos por reflejos debemos saber que a la vista cuando no haya luz, apenas se notar\u00e1n. Es por eso que son ideales para quienes desean un cambio discreto y mantener una apariencia natural en su cabello. Esta es una de las principales diferencias entre las mechas y los reflejos y una de las que hay que tener m\u00e1s en cuenta.<\/li>\n\n\n\n<li><strong>Las mechas se perciben mucho m\u00e1s: <\/strong>haya o no luz del sol. Las mechas crean un contraste fuerte en el color del cabello. Por ello son la mejor opci\u00f3n si se est\u00e1 buscando un cambio m\u00e1s dr\u00e1stico en el tono del pelo. Por otro lado, es importante elegir los colores de mechas que combinen bien con el tono de nuestro cabello. Sobre todo si queremos mantener la armon\u00eda entre los tonos. Por ejemplo, si tenemos un tono de pelo casta\u00f1o claro, unas mechas rubias pueden darnos luz a la cara y quedar genial. Si tienes dudas sobre este tipo de factores a la hora de elegir as\u00ed como al acabado y las diferencias entre las mechas y los reflejos a nivel de resultado pregunta a tu estilista antes de lanzarte qu\u00e9 opci\u00f3n puede quedarte mejor.\u00a0<\/li>\n<\/ul>\n\n\n\n<h2 class=\"wp-block-heading\">Diferencias entre las mechas y los reflejos: mantenimiento<\/h2>\n\n\n\n<p>La segunda causa de que queramos informarnos de las diferencias entre las mechas y los reflejos es el mantenimiento que lleva cada elecci\u00f3n. Te contamos cu\u00e1l es el mantenimiento en cada caso:<\/p>\n\n\n\n<ul class=\"wp-block-list\">\n<li><strong>Los reflejos requieren de menos mantenimiento<\/strong>: ya que, al ser como su propio nombre indica, solamente reflejados con la luz del sol cuando crece el pelo no se nota tanto como con las mechas. Esto te permitir\u00e1 espaciar m\u00e1s las visitas a tu pelu. Por otro lado, los reflejos pueden desvanecerse de manera m\u00e1s uniforme, manteniendo un aspecto agradable durante m\u00e1s tiempo.<\/li>\n\n\n\n<li><strong>Las mechas necesitan de retoques regulares<\/strong>: sobre todo si no quieres que vayan quedando a la mitad de la cabeza y te las has hecho desde la ra\u00edz. Para gustos, colores. En materia de mechas se podr\u00eda cambiar este dicho por: para gustos, longitudes. Si eres de las que adoran esas mechas que salen desde la ra\u00edz y te gusta llevarlas siempre perfectas, te tocar\u00e1 hacer m\u00e1s visitas al sal\u00f3n. Sobre todo si te crece r\u00e1pido el pelo. Por otro lado, si te gusta el pelo con un toque grunge o ese toque bohemio de las mechas californianas, no te importar\u00e1 que te vayan creciendo y que, incluso, se queden a la mitad de tu melena.\u00a0<\/li>\n<\/ul>\n\n\n<div class=\"kk-star-ratings kksr-auto kksr-align-center kksr-valign-bottom\"\n    data-payload='{&quot;align&quot;:&quot;center&quot;,&quot;id&quot;:&quot;106536&quot;,&quot;slug&quot;:&quot;default&quot;,&quot;valign&quot;:&quot;bottom&quot;,&quot;ignore&quot;:&quot;&quot;,&quot;reference&quot;:&quot;auto&quot;,&quot;class&quot;:&quot;&quot;,&quot;count&quot;:&quot;0&quot;,&quot;legendonly&quot;:&quot;&quot;,&quot;readonly&quot;:&quot;&quot;,&quot;score&quot;:&quot;0&quot;,&quot;starsonly&quot;:&quot;&quot;,&quot;best&quot;:&quot;5&quot;,&quot;gap&quot;:&quot;5&quot;,&quot;greet&quot;:&quot;Valora este art\u00edculo&quot;,&quot;legend&quot;:&quot;0\\\/5 - (0 votos)&quot;,&quot;size&quot;:&quot;24&quot;,&quot;title&quot;:&quot;Las principales diferencias entre los reflejos y las mechas&quot;,&quot;width&quot;:&quot;0&quot;,&quot;_legend&quot;:&quot;{score}\\\/{best} - ({count} {votes})&quot;,&quot;font_factor&quot;:&quot;1.25&quot;}'>\n            \n<div class=\"kksr-stars\">\n    \n<div class=\"kksr-stars-inactive\">\n            <div class=\"kksr-star\" data-star=\"1\" style=\"padding-right: 5px\">\n            \n\n<div class=\"kksr-icon\" style=\"width: 24px; height: 24px;\"><\/div>\n        <\/div>\n            <div class=\"kksr-star\" data-star=\"2\" style=\"padding-right: 5px\">\n            \n\n<div class=\"kksr-icon\" style=\"width: 24px; height: 24px;\"><\/div>\n        <\/div>\n            <div class=\"kksr-star\" data-star=\"3\" style=\"padding-right: 5px\">\n            \n\n<div class=\"kksr-icon\" style=\"width: 24px; height: 24px;\"><\/div>\n        <\/div>\n            <div class=\"kksr-star\" data-star=\"4\" style=\"padding-right: 5px\">\n            \n\n<div class=\"kksr-icon\" style=\"width: 24px; height: 24px;\"><\/div>\n        <\/div>\n            <div class=\"kksr-star\" data-star=\"5\" style=\"padding-right: 5px\">\n            \n\n<div class=\"kksr-icon\" style=\"width: 24px; height: 24px;\"><\/div>\n        <\/div>\n    <\/div>\n    \n<div class=\"kksr-stars-active\" style=\"width: 0px;\">\n            <div class=\"kksr-star\" style=\"padding-right: 5px\">\n            \n\n<div class=\"kksr-icon\" style=\"width: 24px; height: 24px;\"><\/div>\n        <\/div>\n            <div class=\"kksr-star\" style=\"padding-right: 5px\">\n            \n\n<div class=\"kksr-icon\" style=\"width: 24px; height: 24px;\"><\/div>\n        <\/div>\n            <div class=\"kksr-star\" style=\"padding-right: 5px\">\n            \n\n<div class=\"kksr-icon\" style=\"width: 24px; height: 24px;\"><\/div>\n        <\/div>\n            <div class=\"kksr-star\" style=\"padding-right: 5px\">\n            \n\n<div class=\"kksr-icon\" style=\"width: 24px; height: 24px;\"><\/div>\n        <\/div>\n            <div class=\"kksr-star\" style=\"padding-right: 5px\">\n            \n\n<div class=\"kksr-icon\" style=\"width: 24px; height: 24px;\"><\/div>\n        <\/div>\n    <\/div>\n<\/div>\n                \n\n<div class=\"kksr-legend\" style=\"font-size: 19.2px;\">\n            <span class=\"kksr-muted\">Valora este art\u00edculo<\/span>\n    <\/div>\n    <\/div>\n","protected":false},"excerpt":{"rendered":"<p>Vamos a contarte cu\u00e1les son las diferencias entre las mechas y los reflejos para que puedas elegir si est\u00e1s dudando entre una de las opciones para darle un nuevo aire a tu look. El color de nuestro cabello puede suavizar nuestros rasgos o potenciar algunos de los rasgos que nos gustan. Es por eso que [&hellip;]<\/p>\n","protected":false},"author":30,"featured_media":106537,"comment_status":"closed","ping_status":"closed","sticky":false,"template":"","format":"standard","meta":{"jnews-multi-image_gallery":[],"jnews_single_post":{"subtitle":"","format":"standard","video":"","gallery":"","source_name":"","source_url":"","via_name":"","via_url":"","override_template":"0","override":[{"template":"1","single_blog_custom":"","parallax":"1","fullscreen":"1","layout":"right-sidebar","sidebar":"home-2","second_sidebar":"default-sidebar","sticky_sidebar":"0","share_position":"float","share_float_style":"share-monocrhome","show_share_counter":"0","show_view_counter":"0","show_featured":"1","show_post_meta":"1","show_post_author":"0","show_post_author_image":"1","show_post_date":"1","post_date_format":"default","post_date_format_custom":"Y\/m\/d","show_post_category":"1","show_post_reading_time":"0","post_reading_time_wpm":"300","show_zoom_button":"0","zoom_button_out_step":"2","zoom_button_in_step":"3","show_post_tag":"0","show_prev_next_post":"0","show_popup_post":"0","number_popup_post":"2","show_author_box":"0","show_post_related":"0","show_inline_post_related":"1"}],"override_image_size":"0","image_override":[{"single_post_thumbnail_size":"no-crop","single_post_gallery_size":"crop-500"}],"trending_post":"0","trending_post_position":"meta","trending_post_label":"Trending","sponsored_post":"0","sponsored_post_label":"Sponsored by","sponsored_post_name":"","sponsored_post_url":"","sponsored_post_logo_enable":"0","sponsored_post_logo":"","sponsored_post_desc":"","disable_ad":"0"},"jnews_primary_category":{"id":"","hide":""},"jnews_social_meta":{"fb_title":"","fb_description":"","fb_image":"","twitter_title":"","twitter_description":"","twitter_image":""},"jnews_override_counter":{"override_view_counter":"0","view_counter_number":"0","override_share_counter":"0","share_counter_number":"0","override_like_counter":"0","like_counter_number":"0","override_dislike_counter":"0","dislike_counter_number":"0"},"footnotes":""},"categories":[35],"tags":[],"class_list":["post-106536","post","type-post","status-publish","format-standard","has-post-thumbnail","hentry","category-cabello"],"_links":{"self":[{"href":"https:\/\/www.primor.eu\/blog\/wp-json\/wp\/v2\/posts\/106536","targetHints":{"allow":["GET"]}}],"collection":[{"href":"https:\/\/www.primor.eu\/blog\/wp-json\/wp\/v2\/posts"}],"about":[{"href":"https:\/\/www.primor.eu\/blog\/wp-json\/wp\/v2\/types\/post"}],"author":[{"embeddable":true,"href":"https:\/\/www.primor.eu\/blog\/wp-json\/wp\/v2\/users\/30"}],"replies":[{"embeddable":true,"href":"https:\/\/www.primor.eu\/blog\/wp-json\/wp\/v2\/comments?post=106536"}],"version-history":[{"count":1,"href":"https:\/\/www.primor.eu\/blog\/wp-json\/wp\/v2\/posts\/106536\/revisions"}],"predecessor-version":[{"id":106538,"href":"https:\/\/www.primor.eu\/blog\/wp-json\/wp\/v2\/posts\/106536\/revisions\/106538"}],"wp:featuredmedia":[{"embeddable":true,"href":"https:\/\/www.primor.eu\/blog\/wp-json\/wp\/v2\/media\/106537"}],"wp:attachment":[{"href":"https:\/\/www.primor.eu\/blog\/wp-json\/wp\/v2\/media?parent=106536"}],"wp:term":[{"taxonomy":"category","embeddable":true,"href":"https:\/\/www.primor.eu\/blog\/wp-json\/wp\/v2\/categories?post=106536"},{"taxonomy":"post_tag","embeddable":true,"href":"https:\/\/www.primor.eu\/blog\/wp-json\/wp\/v2\/tags?post=106536"}],"curies":[{"name":"wp","href":"https:\/\/api.w.org\/{rel}","templated":true}]}}