{"id":106379,"date":"2024-06-02T21:00:00","date_gmt":"2024-06-02T21:00:00","guid":{"rendered":"https:\/\/www.primor.eu\/blog\/?p=106379"},"modified":"2024-05-28T17:09:26","modified_gmt":"2024-05-28T17:09:26","slug":"mejores-ideas-mono-pelo-corto","status":"publish","type":"post","link":"https:\/\/www.primor.eu\/blog\/mejores-ideas-mono-pelo-corto\/","title":{"rendered":"Las mejores ideas de mo\u00f1o para el pelo corto"},"content":{"rendered":"\n<p>Hacerte un <strong><a href=\"https:\/\/www.primor.eu\/blog\/pasos-mono-perfecto\/\" data-type=\"link\" data-id=\"https:\/\/www.primor.eu\/blog\/pasos-mono-perfecto\/\">mo\u00f1o<\/a> para el pelo corto<\/strong> puede ser m\u00e1s sencillo de lo que parece si sabes c\u00f3mo. Un mo\u00f1o siempre es una opci\u00f3n que a\u00f1ade elegancia y sofisticaci\u00f3n a tus looks. Ya sea un<strong> mo\u00f1o bajo<\/strong>, un <strong>mo\u00f1o alto<\/strong> o un mo\u00f1o de medio recogido podr\u00e1s hacerlo si tienes el pelo corto. De lo \u00fanico que hay que cuidar es de la t\u00e9cnica si lo haces en casa, ya que hacerte un mo\u00f1o para el pelo corto es de que no se te escapen los pelos m\u00e1s cortos. Te contamos el paso a paso para que lo logres sin ir a la pelu y te damos algunas ideas para que te inspires y elijas tu mo\u00f1o para el pelo corto perfecto.<\/p>\n\n\n\n<h2 class=\"wp-block-heading\">Hacerte un mo\u00f1o para el pelo corto: paso a paso<\/h2>\n\n\n\n<p>El paso a paso de un mo\u00f1o para el pelo corto, puede variar seg\u00fan el tipo de mo\u00f1o que elijas, pero lo que es seguro es que tendr\u00e1s que cuidar algunas claves. Te contamos cu\u00e1les son:<\/p>\n\n\n\n<ul class=\"wp-block-list\">\n<li><strong>Lava y seca tu cabello<\/strong> como de costumbre. Puedes aplicar un poco de spray texturizante para darle m\u00e1s cuerpo, sobre todo si tienes el pelo especialmente liso y crees que al acerte el mo\u00f1o se te va a ocurrir.<\/li>\n\n\n\n<li><strong>Separa tu cabello en dos secciones<\/strong> horizontales dejando m\u00e1s pelo en la parte inferior. Con esto conseguir\u00e1s que ambos lados del peinado queden sim\u00e9tricos. Esto puede ser especialmente dif\u00edcil cuando nos enfrentamos a un mo\u00f1o con el pelo corto. Si se te escapan o el mo\u00f1o no te coge bien, usa laca para fijar los mechones laterales de ambas secciones.<\/li>\n\n\n\n<li><strong>Recoge la parte inferior<\/strong> en una coleta baja si buscas un mo\u00f1o bajo y aseg\u00farala con una goma del pelo. No deshagas en ning\u00fan momento esta coleta baja. Si se trata de un mo\u00f1o alto, tendr\u00e1s que coger la coleta alta. Si eliges el \u00faltimo estilo, ten en cuenta que si tienes el pelo muy corto puede que se escapen pelos por debajo y tendr\u00e1s que cogerlos con horquillas.<\/li>\n\n\n\n<li><strong>Enrolla la coleta alrededor de la base<\/strong>, formando un mo\u00f1o y aseg\u00faralo con horquillas. Este paso es el mismo, pero hacia arriba o hacia abajo seg\u00fan elijas la altura de tu mo\u00f1o para el pelo corto.<\/li>\n<\/ul>\n\n\n\n<h2 class=\"wp-block-heading\">Mo\u00f1o para el pelo corto: ideas<\/h2>\n\n\n\n<p>Y una vez que te hemos dado el manual para hacerte un mo\u00f1o para el pelo corto, ya sea que lo prefieres corto o largo, te damos ahora algunas ideas para que te inspires y elijas el mo\u00f1o que vaya m\u00e1s con tu estilo y con tus looks.<\/p>\n\n\n\n<h3 class=\"wp-block-heading\">Mo\u00f1o informal con mech\u00f3n<\/h3>\n\n\n\n<figure class=\"wp-block-image size-full\"><img decoding=\"async\" width=\"668\" height=\"705\" src=\"https:\/\/www.primor.eu\/blog\/wp-content\/uploads\/2024\/05\/1-1.jpg\" alt=\"\" class=\"wp-image-106380\" srcset=\"https:\/\/www.primor.eu\/blog\/wp-content\/uploads\/2024\/05\/1-1.jpg 668w, https:\/\/www.primor.eu\/blog\/wp-content\/uploads\/2024\/05\/1-1-284x300.jpg 284w\" sizes=\"(max-width: 668px) 100vw, 668px\" \/><\/figure>\n\n\n\n<p>@peluqueria_encarna_moreno_<\/p>\n\n\n\n<p>Si tienes algo as\u00ed como una media melena este mo\u00f1o para el pelo corto es genial. Incluso, al ser despeinado, podr\u00e1 valer si tienes un bob que ya te ha crecido un poco y con el que puedes hacerte una cola baja. Es perfecto para ir de fiesta y para eventos ahora que vienen las bodas. No obstante, si lo llevas sin pendientes y con un maquillaje discreto o un toque rojo escarlata en los labios, puede ser perfecto para lucir con looks masculinos y romper esquemas, dando ese irresistible y sexy punto femenino a tu look.<\/p>\n\n\n\n<h3 class=\"wp-block-heading\">Mo\u00f1o alto despeinado<\/h3>\n\n\n\n<figure class=\"wp-block-image size-large\"><img decoding=\"async\" width=\"1024\" height=\"1024\" src=\"https:\/\/www.primor.eu\/blog\/wp-content\/uploads\/2024\/05\/2-corto-1024x1024.jpg\" alt=\"\" class=\"wp-image-106381\" srcset=\"https:\/\/www.primor.eu\/blog\/wp-content\/uploads\/2024\/05\/2-corto-1024x1024.jpg 1024w, https:\/\/www.primor.eu\/blog\/wp-content\/uploads\/2024\/05\/2-corto-300x300.jpg 300w, https:\/\/www.primor.eu\/blog\/wp-content\/uploads\/2024\/05\/2-corto-150x150.jpg 150w, https:\/\/www.primor.eu\/blog\/wp-content\/uploads\/2024\/05\/2-corto-768x767.jpg 768w, https:\/\/www.primor.eu\/blog\/wp-content\/uploads\/2024\/05\/2-corto-75x75.jpg 75w, https:\/\/www.primor.eu\/blog\/wp-content\/uploads\/2024\/05\/2-corto-350x350.jpg 350w, https:\/\/www.primor.eu\/blog\/wp-content\/uploads\/2024\/05\/2-corto-750x749.jpg 750w, https:\/\/www.primor.eu\/blog\/wp-content\/uploads\/2024\/05\/2-corto.jpg 1081w\" sizes=\"(max-width: 1024px) 100vw, 1024px\" \/><\/figure>\n\n\n\n<p>@karinamazzocco<\/p>\n\n\n\n<p>Si escoges un mo\u00f1o para el pelo corto alto, una de las mejores opciones es un mo\u00f1o despeinado. De este modo, los pelos que no lleguen a dar la vuelta a la coleta que comienza como primer paso para el mo\u00f1o, quedar\u00e1n bien. Este peinado es sencillo de hacer en casa y una opci\u00f3n perfecta. Otra ventaja: este tipo de mo\u00f1os pesan mucho cuando se tiene el pelo largo y, en tu caso, ser\u00e1 c\u00f3modo. Quedan genial tanto con unos vaqueros y una camiseta nadadora como con un vestido de noche si quieres romper el aire demasiado formal.<\/p>\n\n\n\n<h3 class=\"wp-block-heading\">Mo\u00f1o bajo con diadema de trenzas<\/h3>\n\n\n\n<figure class=\"wp-block-image size-large\"><img decoding=\"async\" width=\"820\" height=\"1024\" src=\"https:\/\/www.primor.eu\/blog\/wp-content\/uploads\/2024\/05\/3-corto-820x1024.jpg\" alt=\"\" class=\"wp-image-106382\" srcset=\"https:\/\/www.primor.eu\/blog\/wp-content\/uploads\/2024\/05\/3-corto-820x1024.jpg 820w, https:\/\/www.primor.eu\/blog\/wp-content\/uploads\/2024\/05\/3-corto-240x300.jpg 240w, https:\/\/www.primor.eu\/blog\/wp-content\/uploads\/2024\/05\/3-corto-768x959.jpg 768w, https:\/\/www.primor.eu\/blog\/wp-content\/uploads\/2024\/05\/3-corto-750x937.jpg 750w, https:\/\/www.primor.eu\/blog\/wp-content\/uploads\/2024\/05\/3-corto.jpg 1081w\" sizes=\"(max-width: 820px) 100vw, 820px\" \/><\/figure>\n\n\n\n<p>@elsalon_peluqueriaunisex<\/p>\n\n\n\n<p>Si te casas o eres dama de honor y buscas un estilo m\u00e1s de fiesta y digno de estas celebraciones, este mo\u00f1o bajo con trenzas estilo griego a los lados y con alg\u00fan adorno ser\u00e1 irresistible.&nbsp;<\/p>\n\n\n<div class=\"kk-star-ratings kksr-auto kksr-align-center kksr-valign-bottom\"\n    data-payload='{&quot;align&quot;:&quot;center&quot;,&quot;id&quot;:&quot;106379&quot;,&quot;slug&quot;:&quot;default&quot;,&quot;valign&quot;:&quot;bottom&quot;,&quot;ignore&quot;:&quot;&quot;,&quot;reference&quot;:&quot;auto&quot;,&quot;class&quot;:&quot;&quot;,&quot;count&quot;:&quot;0&quot;,&quot;legendonly&quot;:&quot;&quot;,&quot;readonly&quot;:&quot;&quot;,&quot;score&quot;:&quot;0&quot;,&quot;starsonly&quot;:&quot;&quot;,&quot;best&quot;:&quot;5&quot;,&quot;gap&quot;:&quot;5&quot;,&quot;greet&quot;:&quot;Valora este art\u00edculo&quot;,&quot;legend&quot;:&quot;0\\\/5 - (0 votos)&quot;,&quot;size&quot;:&quot;24&quot;,&quot;title&quot;:&quot;Las mejores ideas de mo\u00f1o para el pelo corto&quot;,&quot;width&quot;:&quot;0&quot;,&quot;_legend&quot;:&quot;{score}\\\/{best} - ({count} {votes})&quot;,&quot;font_factor&quot;:&quot;1.25&quot;}'>\n            \n<div class=\"kksr-stars\">\n    \n<div class=\"kksr-stars-inactive\">\n            <div class=\"kksr-star\" data-star=\"1\" style=\"padding-right: 5px\">\n            \n\n<div class=\"kksr-icon\" style=\"width: 24px; height: 24px;\"><\/div>\n        <\/div>\n            <div class=\"kksr-star\" data-star=\"2\" style=\"padding-right: 5px\">\n            \n\n<div class=\"kksr-icon\" style=\"width: 24px; height: 24px;\"><\/div>\n        <\/div>\n            <div class=\"kksr-star\" data-star=\"3\" style=\"padding-right: 5px\">\n            \n\n<div class=\"kksr-icon\" style=\"width: 24px; height: 24px;\"><\/div>\n        <\/div>\n            <div class=\"kksr-star\" data-star=\"4\" style=\"padding-right: 5px\">\n            \n\n<div class=\"kksr-icon\" style=\"width: 24px; height: 24px;\"><\/div>\n        <\/div>\n            <div class=\"kksr-star\" data-star=\"5\" style=\"padding-right: 5px\">\n            \n\n<div class=\"kksr-icon\" style=\"width: 24px; height: 24px;\"><\/div>\n        <\/div>\n    <\/div>\n    \n<div class=\"kksr-stars-active\" style=\"width: 0px;\">\n            <div class=\"kksr-star\" style=\"padding-right: 5px\">\n            \n\n<div class=\"kksr-icon\" style=\"width: 24px; height: 24px;\"><\/div>\n        <\/div>\n            <div class=\"kksr-star\" style=\"padding-right: 5px\">\n            \n\n<div class=\"kksr-icon\" style=\"width: 24px; height: 24px;\"><\/div>\n        <\/div>\n            <div class=\"kksr-star\" style=\"padding-right: 5px\">\n            \n\n<div class=\"kksr-icon\" style=\"width: 24px; height: 24px;\"><\/div>\n        <\/div>\n            <div class=\"kksr-star\" style=\"padding-right: 5px\">\n            \n\n<div class=\"kksr-icon\" style=\"width: 24px; height: 24px;\"><\/div>\n        <\/div>\n            <div class=\"kksr-star\" style=\"padding-right: 5px\">\n            \n\n<div class=\"kksr-icon\" style=\"width: 24px; height: 24px;\"><\/div>\n        <\/div>\n    <\/div>\n<\/div>\n                \n\n<div class=\"kksr-legend\" style=\"font-size: 19.2px;\">\n            <span class=\"kksr-muted\">Valora este art\u00edculo<\/span>\n    <\/div>\n    <\/div>\n","protected":false},"excerpt":{"rendered":"<p>Hacerte un mo\u00f1o para el pelo corto puede ser m\u00e1s sencillo de lo que parece si sabes c\u00f3mo. Un mo\u00f1o siempre es una opci\u00f3n que a\u00f1ade elegancia y sofisticaci\u00f3n a tus looks. Ya sea un mo\u00f1o bajo, un mo\u00f1o alto o un mo\u00f1o de medio recogido podr\u00e1s hacerlo si tienes el pelo corto. De lo [&hellip;]<\/p>\n","protected":false},"author":30,"featured_media":106383,"comment_status":"closed","ping_status":"closed","sticky":false,"template":"","format":"standard","meta":{"jnews-multi-image_gallery":[],"jnews_single_post":{"subtitle":"","format":"standard","video":"","gallery":"","source_name":"","source_url":"","via_name":"","via_url":"","override_template":"0","override":[{"template":"1","single_blog_custom":"","parallax":"1","fullscreen":"1","layout":"right-sidebar","sidebar":"home-2","second_sidebar":"default-sidebar","sticky_sidebar":"0","share_position":"float","share_float_style":"share-monocrhome","show_share_counter":"0","show_view_counter":"0","show_featured":"1","show_post_meta":"1","show_post_author":"0","show_post_author_image":"1","show_post_date":"1","post_date_format":"default","post_date_format_custom":"Y\/m\/d","show_post_category":"1","show_post_reading_time":"0","post_reading_time_wpm":"300","show_zoom_button":"0","zoom_button_out_step":"2","zoom_button_in_step":"3","show_post_tag":"0","show_prev_next_post":"0","show_popup_post":"0","number_popup_post":"2","show_author_box":"0","show_post_related":"0","show_inline_post_related":"1"}],"override_image_size":"0","image_override":[{"single_post_thumbnail_size":"no-crop","single_post_gallery_size":"crop-500"}],"trending_post":"0","trending_post_position":"meta","trending_post_label":"Trending","sponsored_post":"0","sponsored_post_label":"Sponsored by","sponsored_post_name":"","sponsored_post_url":"","sponsored_post_logo_enable":"0","sponsored_post_logo":"","sponsored_post_desc":"","disable_ad":"0"},"jnews_primary_category":{"id":"","hide":""},"jnews_social_meta":{"fb_title":"","fb_description":"","fb_image":"","twitter_title":"","twitter_description":"","twitter_image":""},"jnews_override_counter":{"override_view_counter":"0","view_counter_number":"0","override_share_counter":"0","share_counter_number":"0","override_like_counter":"0","like_counter_number":"0","override_dislike_counter":"0","dislike_counter_number":"0"},"footnotes":""},"categories":[35],"tags":[],"class_list":["post-106379","post","type-post","status-publish","format-standard","has-post-thumbnail","hentry","category-cabello"],"_links":{"self":[{"href":"https:\/\/www.primor.eu\/blog\/wp-json\/wp\/v2\/posts\/106379","targetHints":{"allow":["GET"]}}],"collection":[{"href":"https:\/\/www.primor.eu\/blog\/wp-json\/wp\/v2\/posts"}],"about":[{"href":"https:\/\/www.primor.eu\/blog\/wp-json\/wp\/v2\/types\/post"}],"author":[{"embeddable":true,"href":"https:\/\/www.primor.eu\/blog\/wp-json\/wp\/v2\/users\/30"}],"replies":[{"embeddable":true,"href":"https:\/\/www.primor.eu\/blog\/wp-json\/wp\/v2\/comments?post=106379"}],"version-history":[{"count":2,"href":"https:\/\/www.primor.eu\/blog\/wp-json\/wp\/v2\/posts\/106379\/revisions"}],"predecessor-version":[{"id":106385,"href":"https:\/\/www.primor.eu\/blog\/wp-json\/wp\/v2\/posts\/106379\/revisions\/106385"}],"wp:featuredmedia":[{"embeddable":true,"href":"https:\/\/www.primor.eu\/blog\/wp-json\/wp\/v2\/media\/106383"}],"wp:attachment":[{"href":"https:\/\/www.primor.eu\/blog\/wp-json\/wp\/v2\/media?parent=106379"}],"wp:term":[{"taxonomy":"category","embeddable":true,"href":"https:\/\/www.primor.eu\/blog\/wp-json\/wp\/v2\/categories?post=106379"},{"taxonomy":"post_tag","embeddable":true,"href":"https:\/\/www.primor.eu\/blog\/wp-json\/wp\/v2\/tags?post=106379"}],"curies":[{"name":"wp","href":"https:\/\/api.w.org\/{rel}","templated":true}]}}