{"id":106370,"date":"2024-06-02T15:00:00","date_gmt":"2024-06-02T15:00:00","guid":{"rendered":"https:\/\/www.primor.eu\/blog\/?p=106370"},"modified":"2025-09-11T12:16:54","modified_gmt":"2025-09-11T12:16:54","slug":"mejores-peinados-pelo-ondulado","status":"publish","type":"post","link":"https:\/\/www.primor.eu\/blog\/mejores-peinados-pelo-ondulado\/","title":{"rendered":"Los mejores peinados para el pelo ondulado"},"content":{"rendered":"\n<p>Si buscas <strong>peinados para el <a href=\"https:\/\/www.primor.eu\/blog\/ondas-sin-calor\/\" data-type=\"link\" data-id=\"https:\/\/www.primor.eu\/blog\/ondas-sin-calor\/\">pelo ondulado<\/a><\/strong>, debes saber que este tipo de cabello es de lo m\u00e1s vers\u00e1til. La ventaja del pelo ondulado frente a otros es que no escapa entre las manos como el pelo muy liso, por lo que es genial para hacer peinados. Tampoco es demasiado rebelde como algunos cabellos muy rizados y dif\u00edciles de domar o que tienen tendencia al frizz en cuanto hay un poco de humedad. Los peinados para el pelo ondulado <strong>son m\u00faltiples y vers\u00e1tiles<\/strong>, \u00a1te damos algunas ideas! Entre la lista encontrar\u00e1s opciones para llevar el pelo suelto, para llevar el pelo recogido o con adornos y flequillos tambi\u00e9n ondulados.<\/p>\n\n\n\n<h2 class=\"wp-block-heading\">Ventajas de los peinados con el pelo ondulado<\/h2>\n\n\n\n<p>Lo mejor de los peinados con el pelo ondulado es que da una sensaci\u00f3n de<strong> sofisticaci\u00f3n<\/strong> y <strong>sensualidad<\/strong>, sin perder el aspecto casual y sencillo que sueles llevar. Por eso, aunque tengas un evento, puedes llevar este tipo de peinados para verte con un look que vaya contigo y hable de tu identidad.<\/p>\n\n\n\n<h2 class=\"wp-block-heading\">Peinados para el pelo ondulado: diferentes estilos<\/h2>\n\n\n\n<h3 class=\"wp-block-heading\">Cola hecha con pelo<\/h3>\n\n\n\n<figure class=\"wp-block-image size-large\"><img decoding=\"async\" width=\"819\" height=\"1024\" src=\"https:\/\/www.primor.eu\/blog\/wp-content\/uploads\/2024\/05\/1-819x1024.jpg\" alt=\"\" class=\"wp-image-106371\" srcset=\"https:\/\/www.primor.eu\/blog\/wp-content\/uploads\/2024\/05\/1-819x1024.jpg 819w, https:\/\/www.primor.eu\/blog\/wp-content\/uploads\/2024\/05\/1-240x300.jpg 240w, https:\/\/www.primor.eu\/blog\/wp-content\/uploads\/2024\/05\/1-768x960.jpg 768w, https:\/\/www.primor.eu\/blog\/wp-content\/uploads\/2024\/05\/1-750x938.jpg 750w, https:\/\/www.primor.eu\/blog\/wp-content\/uploads\/2024\/05\/1.jpg 1080w\" sizes=\"(max-width: 819px) 100vw, 819px\" \/><\/figure>\n\n\n\n<p>@marilyngirauestilistas<\/p>\n\n\n\n<p>Este peinado es un cl\u00e1sico por antonomasia. La ventaja de elegirlo si se buscan peinados para el pelo ondulado es que es sencillo y combina con un vestido sencillo o, incluso, con un look casual si lo que buscas es un peinado diferente para ir a la oficina o para tu d\u00eda a d\u00eda.<\/p>\n\n\n\n<h3 class=\"wp-block-heading\">Pelo ondulado suelto<\/h3>\n\n\n\n<figure class=\"wp-block-image size-large\"><img decoding=\"async\" width=\"819\" height=\"1024\" src=\"https:\/\/www.primor.eu\/blog\/wp-content\/uploads\/2024\/05\/2-1-819x1024.jpg\" alt=\"\" class=\"wp-image-106372\" srcset=\"https:\/\/www.primor.eu\/blog\/wp-content\/uploads\/2024\/05\/2-1-819x1024.jpg 819w, https:\/\/www.primor.eu\/blog\/wp-content\/uploads\/2024\/05\/2-1-240x300.jpg 240w, https:\/\/www.primor.eu\/blog\/wp-content\/uploads\/2024\/05\/2-1-768x960.jpg 768w, https:\/\/www.primor.eu\/blog\/wp-content\/uploads\/2024\/05\/2-1-750x938.jpg 750w, https:\/\/www.primor.eu\/blog\/wp-content\/uploads\/2024\/05\/2-1.jpg 1080w\" sizes=\"(max-width: 819px) 100vw, 819px\" \/><\/figure>\n\n\n\n<p>@peludorita_benjibarber<\/p>\n\n\n\n<p>No todos los peinados para pelo ondulado tienen por qu\u00e9 ser recogidos. Muchas veces cuando pensamos en peinados, se nos viene a la mente un recogido pero, \u00bfqu\u00e9 hay m\u00e1s sexy que una buena melena suelta con el pelo ondulado? Esta opci\u00f3n es genial para cualquier momento del d\u00eda y para cualquier evento. Y es que las ondas le dan a la melena suelta un aire elegante y sofisticado, adem\u00e1s de movimiento.<\/p>\n\n\n\n<h3 class=\"wp-block-heading\">Mech\u00f3n recogido con adorno floral<\/h3>\n\n\n\n<figure class=\"wp-block-image size-large\"><img decoding=\"async\" width=\"819\" height=\"1024\" src=\"https:\/\/www.primor.eu\/blog\/wp-content\/uploads\/2024\/05\/3-1-819x1024.jpg\" alt=\"\" class=\"wp-image-106373\" srcset=\"https:\/\/www.primor.eu\/blog\/wp-content\/uploads\/2024\/05\/3-1-819x1024.jpg 819w, https:\/\/www.primor.eu\/blog\/wp-content\/uploads\/2024\/05\/3-1-240x300.jpg 240w, https:\/\/www.primor.eu\/blog\/wp-content\/uploads\/2024\/05\/3-1-768x960.jpg 768w, https:\/\/www.primor.eu\/blog\/wp-content\/uploads\/2024\/05\/3-1-750x938.jpg 750w, https:\/\/www.primor.eu\/blog\/wp-content\/uploads\/2024\/05\/3-1.jpg 1080w\" sizes=\"(max-width: 819px) 100vw, 819px\" \/><\/figure>\n\n\n\n<p>@peluqueriabelair<\/p>\n\n\n\n<p>Esta opci\u00f3n es m\u00e1s que rom\u00e1ntica y perfecta si eres joven, pero tambi\u00e9n si quieres inspirar un aire de dama victoriana. Las ondas cuando se tiene el pelo largo recuerdan a esas damas que tomaban t\u00e9 y le\u00edan las grandes obras de la historia acompa\u00f1adas de sus doncellas. Es una elecci\u00f3n cl\u00e1sica y puede ser una de las mejores si lo que quieres es ir arreglada o tienes un evento. Queda genial con vestidos largos o de corte griego.<\/p>\n\n\n\n<h3 class=\"wp-block-heading\">Pelo suelto con ondas al agua<\/h3>\n\n\n\n<figure class=\"wp-block-image size-large\"><img decoding=\"async\" width=\"819\" height=\"1024\" src=\"https:\/\/www.primor.eu\/blog\/wp-content\/uploads\/2024\/05\/4-1-819x1024.jpg\" alt=\"\" class=\"wp-image-106374\" srcset=\"https:\/\/www.primor.eu\/blog\/wp-content\/uploads\/2024\/05\/4-1-819x1024.jpg 819w, https:\/\/www.primor.eu\/blog\/wp-content\/uploads\/2024\/05\/4-1-240x300.jpg 240w, https:\/\/www.primor.eu\/blog\/wp-content\/uploads\/2024\/05\/4-1-768x960.jpg 768w, https:\/\/www.primor.eu\/blog\/wp-content\/uploads\/2024\/05\/4-1-750x938.jpg 750w, https:\/\/www.primor.eu\/blog\/wp-content\/uploads\/2024\/05\/4-1.jpg 1080w\" sizes=\"(max-width: 819px) 100vw, 819px\" \/><\/figure>\n\n\n\n<p>@peluqueria_scalas<\/p>\n\n\n\n<p>Las ondas al agua est\u00e1n totalmente de moda. Estas ondas son elegantes a m\u00e1s no poder y quedan genial tanto con un modelo de estilo vintage para un evento, como para darle un toque a tu look m\u00e1s casual. Son ondas que es dif\u00edcil conseguir en casa, por lo que si vas a la pelu y te van a peinar, puedes pedirles que te las hagan y aprovechar la ocasi\u00f3n.&nbsp;<\/p>\n\n\n\n<h3 class=\"wp-block-heading\">Recogido con mechones sueltos<\/h3>\n\n\n\n<figure class=\"wp-block-image size-large\"><img decoding=\"async\" width=\"819\" height=\"1024\" src=\"https:\/\/www.primor.eu\/blog\/wp-content\/uploads\/2024\/05\/5-1-819x1024.jpg\" alt=\"\" class=\"wp-image-106375\" srcset=\"https:\/\/www.primor.eu\/blog\/wp-content\/uploads\/2024\/05\/5-1-819x1024.jpg 819w, https:\/\/www.primor.eu\/blog\/wp-content\/uploads\/2024\/05\/5-1-240x300.jpg 240w, https:\/\/www.primor.eu\/blog\/wp-content\/uploads\/2024\/05\/5-1-768x960.jpg 768w, https:\/\/www.primor.eu\/blog\/wp-content\/uploads\/2024\/05\/5-1-750x938.jpg 750w, https:\/\/www.primor.eu\/blog\/wp-content\/uploads\/2024\/05\/5-1.jpg 1080w\" sizes=\"(max-width: 819px) 100vw, 819px\" \/><\/figure>\n\n\n\n<p>@peluqueria_encarna_moreno_<\/p>\n\n\n\n<p>Si buscas peinados para el pelo ondulado y no te gusta llevar el pelo totalmente retirado de la cara, esta es una de las mejores opciones que puedes escoger. Es genial si vas muy vestida e incluso para novias si el vestido es sencillo. No obstante, puede que te levantes un d\u00eda con ganas de llevar un s\u00faper peinado as\u00ed y, \u00bfqui\u00e9n te lo va a impedir? L\u00e1nzate porque puedes ser la reina de la noche en una fiesta. Y si le a\u00f1ades unos labios rojos y unos pendientes bonitos, \u00a1quedar\u00e1 genial!<\/p>\n\n\n\n<h3 class=\"wp-block-heading\">Pelo suelto con raya a un lado y onda en el flequillo<\/h3>\n\n\n\n<figure class=\"wp-block-image size-large\"><img decoding=\"async\" width=\"819\" height=\"1024\" src=\"https:\/\/www.primor.eu\/blog\/wp-content\/uploads\/2024\/05\/6-1-819x1024.jpg\" alt=\"\" class=\"wp-image-106376\" srcset=\"https:\/\/www.primor.eu\/blog\/wp-content\/uploads\/2024\/05\/6-1-819x1024.jpg 819w, https:\/\/www.primor.eu\/blog\/wp-content\/uploads\/2024\/05\/6-1-240x300.jpg 240w, https:\/\/www.primor.eu\/blog\/wp-content\/uploads\/2024\/05\/6-1-768x960.jpg 768w, https:\/\/www.primor.eu\/blog\/wp-content\/uploads\/2024\/05\/6-1-750x938.jpg 750w, https:\/\/www.primor.eu\/blog\/wp-content\/uploads\/2024\/05\/6-1.jpg 1080w\" sizes=\"(max-width: 819px) 100vw, 819px\" \/><\/figure>\n\n\n\n<p>@evacriadobelleza<\/p>\n\n\n\n<p>\u00bfOndas tambi\u00e9n en el flequillo? Por qu\u00e9 no. Si te gusta llevar el pelo ondulado y no te apetece un medio recogido, unos mechones ni acompa\u00f1arlo de un tocado, opta por este estilo. Es genial para un evento y puede romper un look masculino sin arruinarlo, como uno en el que el protagonista sea uno de esos fluidos trajes de chaqueta que tanto se llevan.<\/p>\n\n\n<div class=\"kk-star-ratings kksr-auto kksr-align-center kksr-valign-bottom\"\n    data-payload='{&quot;align&quot;:&quot;center&quot;,&quot;id&quot;:&quot;106370&quot;,&quot;slug&quot;:&quot;default&quot;,&quot;valign&quot;:&quot;bottom&quot;,&quot;ignore&quot;:&quot;&quot;,&quot;reference&quot;:&quot;auto&quot;,&quot;class&quot;:&quot;&quot;,&quot;count&quot;:&quot;0&quot;,&quot;legendonly&quot;:&quot;&quot;,&quot;readonly&quot;:&quot;&quot;,&quot;score&quot;:&quot;0&quot;,&quot;starsonly&quot;:&quot;&quot;,&quot;best&quot;:&quot;5&quot;,&quot;gap&quot;:&quot;5&quot;,&quot;greet&quot;:&quot;Valora este art\u00edculo&quot;,&quot;legend&quot;:&quot;0\\\/5 - (0 votos)&quot;,&quot;size&quot;:&quot;24&quot;,&quot;title&quot;:&quot;Los mejores peinados para el pelo ondulado&quot;,&quot;width&quot;:&quot;0&quot;,&quot;_legend&quot;:&quot;{score}\\\/{best} - ({count} {votes})&quot;,&quot;font_factor&quot;:&quot;1.25&quot;}'>\n            \n<div class=\"kksr-stars\">\n    \n<div class=\"kksr-stars-inactive\">\n            <div class=\"kksr-star\" data-star=\"1\" style=\"padding-right: 5px\">\n            \n\n<div class=\"kksr-icon\" style=\"width: 24px; height: 24px;\"><\/div>\n        <\/div>\n            <div class=\"kksr-star\" data-star=\"2\" style=\"padding-right: 5px\">\n            \n\n<div class=\"kksr-icon\" style=\"width: 24px; height: 24px;\"><\/div>\n        <\/div>\n            <div class=\"kksr-star\" data-star=\"3\" style=\"padding-right: 5px\">\n            \n\n<div class=\"kksr-icon\" style=\"width: 24px; height: 24px;\"><\/div>\n        <\/div>\n            <div class=\"kksr-star\" data-star=\"4\" style=\"padding-right: 5px\">\n            \n\n<div class=\"kksr-icon\" style=\"width: 24px; height: 24px;\"><\/div>\n        <\/div>\n            <div class=\"kksr-star\" data-star=\"5\" style=\"padding-right: 5px\">\n            \n\n<div class=\"kksr-icon\" style=\"width: 24px; height: 24px;\"><\/div>\n        <\/div>\n    <\/div>\n    \n<div class=\"kksr-stars-active\" style=\"width: 0px;\">\n            <div class=\"kksr-star\" style=\"padding-right: 5px\">\n            \n\n<div class=\"kksr-icon\" style=\"width: 24px; height: 24px;\"><\/div>\n        <\/div>\n            <div class=\"kksr-star\" style=\"padding-right: 5px\">\n            \n\n<div class=\"kksr-icon\" style=\"width: 24px; height: 24px;\"><\/div>\n        <\/div>\n            <div class=\"kksr-star\" style=\"padding-right: 5px\">\n            \n\n<div class=\"kksr-icon\" style=\"width: 24px; height: 24px;\"><\/div>\n        <\/div>\n            <div class=\"kksr-star\" style=\"padding-right: 5px\">\n            \n\n<div class=\"kksr-icon\" style=\"width: 24px; height: 24px;\"><\/div>\n        <\/div>\n            <div class=\"kksr-star\" style=\"padding-right: 5px\">\n            \n\n<div class=\"kksr-icon\" style=\"width: 24px; height: 24px;\"><\/div>\n        <\/div>\n    <\/div>\n<\/div>\n                \n\n<div class=\"kksr-legend\" style=\"font-size: 19.2px;\">\n            <span class=\"kksr-muted\">Valora este art\u00edculo<\/span>\n    <\/div>\n    <\/div>\n","protected":false},"excerpt":{"rendered":"<p>Si buscas peinados para el pelo ondulado, debes saber que este tipo de cabello es de lo m\u00e1s vers\u00e1til. La ventaja del pelo ondulado frente a otros es que no escapa entre las manos como el pelo muy liso, por lo que es genial para hacer peinados. Tampoco es demasiado rebelde como algunos cabellos muy [&hellip;]<\/p>\n","protected":false},"author":30,"featured_media":106377,"comment_status":"closed","ping_status":"closed","sticky":false,"template":"","format":"standard","meta":{"jnews-multi-image_gallery":[],"jnews_single_post":{"subtitle":"","format":"standard","video":"","gallery":"","source_name":"","source_url":"","via_name":"","via_url":"","override_template":"0","override":[{"template":"1","single_blog_custom":"","parallax":"1","fullscreen":"1","layout":"right-sidebar","sidebar":"home-2","second_sidebar":"default-sidebar","sticky_sidebar":"0","share_position":"float","share_float_style":"share-monocrhome","show_share_counter":"0","show_view_counter":"0","show_featured":"1","show_post_meta":"1","show_post_author":"0","show_post_author_image":"1","show_post_date":"1","post_date_format":"default","post_date_format_custom":"Y\/m\/d","show_post_category":"1","show_post_reading_time":"0","post_reading_time_wpm":"300","show_zoom_button":"0","zoom_button_out_step":"2","zoom_button_in_step":"3","show_post_tag":"0","show_prev_next_post":"0","show_popup_post":"0","number_popup_post":"2","show_author_box":"0","show_post_related":"0","show_inline_post_related":"1"}],"override_image_size":"0","image_override":[{"single_post_thumbnail_size":"no-crop","single_post_gallery_size":"crop-500"}],"trending_post":"0","trending_post_position":"meta","trending_post_label":"Trending","sponsored_post":"0","sponsored_post_label":"Sponsored by","sponsored_post_name":"","sponsored_post_url":"","sponsored_post_logo_enable":"0","sponsored_post_logo":"","sponsored_post_desc":"","disable_ad":"0"},"jnews_primary_category":{"id":"","hide":""},"jnews_social_meta":{"fb_title":"","fb_description":"","fb_image":"","twitter_title":"","twitter_description":"","twitter_image":""},"jnews_override_counter":{"override_view_counter":"0","view_counter_number":"0","override_share_counter":"0","share_counter_number":"0","override_like_counter":"0","like_counter_number":"0","override_dislike_counter":"0","dislike_counter_number":"0"},"footnotes":""},"categories":[35],"tags":[],"class_list":["post-106370","post","type-post","status-publish","format-standard","has-post-thumbnail","hentry","category-cabello"],"_links":{"self":[{"href":"https:\/\/www.primor.eu\/blog\/wp-json\/wp\/v2\/posts\/106370","targetHints":{"allow":["GET"]}}],"collection":[{"href":"https:\/\/www.primor.eu\/blog\/wp-json\/wp\/v2\/posts"}],"about":[{"href":"https:\/\/www.primor.eu\/blog\/wp-json\/wp\/v2\/types\/post"}],"author":[{"embeddable":true,"href":"https:\/\/www.primor.eu\/blog\/wp-json\/wp\/v2\/users\/30"}],"replies":[{"embeddable":true,"href":"https:\/\/www.primor.eu\/blog\/wp-json\/wp\/v2\/comments?post=106370"}],"version-history":[{"count":2,"href":"https:\/\/www.primor.eu\/blog\/wp-json\/wp\/v2\/posts\/106370\/revisions"}],"predecessor-version":[{"id":131920,"href":"https:\/\/www.primor.eu\/blog\/wp-json\/wp\/v2\/posts\/106370\/revisions\/131920"}],"wp:featuredmedia":[{"embeddable":true,"href":"https:\/\/www.primor.eu\/blog\/wp-json\/wp\/v2\/media\/106377"}],"wp:attachment":[{"href":"https:\/\/www.primor.eu\/blog\/wp-json\/wp\/v2\/media?parent=106370"}],"wp:term":[{"taxonomy":"category","embeddable":true,"href":"https:\/\/www.primor.eu\/blog\/wp-json\/wp\/v2\/categories?post=106370"},{"taxonomy":"post_tag","embeddable":true,"href":"https:\/\/www.primor.eu\/blog\/wp-json\/wp\/v2\/tags?post=106370"}],"curies":[{"name":"wp","href":"https:\/\/api.w.org\/{rel}","templated":true}]}}