{"id":106361,"date":"2024-06-02T15:00:00","date_gmt":"2024-06-02T15:00:00","guid":{"rendered":"https:\/\/www.primor.eu\/blog\/?p=106361"},"modified":"2025-06-22T09:19:40","modified_gmt":"2025-06-22T09:19:40","slug":"mejores-recogidos-boda-pelo-corto","status":"publish","type":"post","link":"https:\/\/www.primor.eu\/blog\/mejores-recogidos-boda-pelo-corto\/","title":{"rendered":"Si tienes el pelo corto, estos son los mejores peinados para una boda"},"content":{"rendered":"\n<p>Existen <strong>recogidos para una <a href=\"https:\/\/www.primor.eu\/blog\/peinados-invitada-boda\/\" data-type=\"link\" data-id=\"https:\/\/www.primor.eu\/blog\/peinados-invitada-boda\/\">boda<\/a> con el pelo corto<\/strong> que te har\u00e1n sentir igual de bella que si tuvieras una melena larga que recoger. Y es que, \u00bfqui\u00e9n dijo que no se puede lograr un buen recogido con el pelo corto? Hay algunas opciones que, incluso, son m\u00e1s c\u00f3modos que algunos recogidos con el pelo largo ya que las melenas pesan y mucho. <\/p>\n\n\n\n<h2 class=\"wp-block-heading\">La ventaja de los recogidos para una boda con el pelo corto<\/h2>\n\n\n\n<p>En una boda se tira arroz efusivamente, se baila, se abraza, se come, se canta y se salta a por el ramo con ilusi\u00f3n. Bueno, lo \u00faltimo dependiendo de si quieres casarte. Te contamos cu\u00e1les son los mejores recogidos para una boda con el pelo corto para que pases un d\u00eda inolvidable y <strong>vayas c\u00f3moda<\/strong>.<\/p>\n\n\n\n<p>Esto no se tiene en cuenta muchas veces, por lo que estamos en algunas ocasiones m\u00e1s preocupadas de llevar el look ideal que nos apetece llevar, que de tener en cuenta la <strong>comodidad<\/strong>. En el caso de que est\u00e9s buscando inspiraci\u00f3n entre los recogidos para una boda con el pelo corto, eres de esas que s\u00ed prioriza la comodidad y a la hora de recibir arroz y bailar, estar\u00e1s m\u00e1s que c\u00f3moda.<\/p>\n\n\n\n<h2 class=\"wp-block-heading\">Inspiraci\u00f3n: recogidos para una boda con el pelo corto<\/h2>\n\n\n\n<p>Quiz\u00e1s hayas pensado en recogidos para una boda con el pelo corto y te hayas quedado con la boca abierta y bastante perdida pero, haberlos los hay. El punto m\u00e1s importante a tener en cuenta si tienes una boda y quieres ir elegante teniendo en cuenta tu peinado, <strong>elige un vestido acorde <\/strong>con recogidos para el pelo corto. Estas son algunas ideas:<\/p>\n\n\n\n<h3 class=\"wp-block-heading\">Recogido original con ondas<\/h3>\n\n\n\n<figure class=\"wp-block-image size-large is-resized\"><img decoding=\"async\" width=\"819\" height=\"1024\" src=\"https:\/\/www.primor.eu\/blog\/wp-content\/uploads\/2024\/05\/1-recogido-819x1024.jpg\" alt=\"\" class=\"wp-image-106362\" style=\"width:1043px;height:auto\" srcset=\"https:\/\/www.primor.eu\/blog\/wp-content\/uploads\/2024\/05\/1-recogido-819x1024.jpg 819w, https:\/\/www.primor.eu\/blog\/wp-content\/uploads\/2024\/05\/1-recogido-240x300.jpg 240w, https:\/\/www.primor.eu\/blog\/wp-content\/uploads\/2024\/05\/1-recogido-768x960.jpg 768w, https:\/\/www.primor.eu\/blog\/wp-content\/uploads\/2024\/05\/1-recogido-750x938.jpg 750w, https:\/\/www.primor.eu\/blog\/wp-content\/uploads\/2024\/05\/1-recogido.jpg 1080w\" sizes=\"(max-width: 819px) 100vw, 819px\" \/><\/figure>\n\n\n\n<p>@inma_parraga_estiloeimagen<\/p>\n\n\n\n<p>Un recogido con ondas como este es una de las mejores ideas si buscas recogidos para una boda con el pelo corto y tu vestido o tu estilo son modernos o minimalistas. Quedar\u00e1 genial con vestidos sencillos de corte moderno o uno de esos fluidos de l\u00edneas geom\u00e9tricas, \u00a1atr\u00e9vete y rompe con lo cl\u00e1sico!<\/p>\n\n\n\n<h3 class=\"wp-block-heading\">Medio recogido con diadema de pelo<\/h3>\n\n\n\n<figure class=\"wp-block-image size-full is-resized\"><img decoding=\"async\" width=\"800\" height=\"1000\" src=\"https:\/\/www.primor.eu\/blog\/wp-content\/uploads\/2024\/05\/2.jpg\" alt=\"\" class=\"wp-image-106363\" style=\"width:1042px;height:auto\" srcset=\"https:\/\/www.primor.eu\/blog\/wp-content\/uploads\/2024\/05\/2.jpg 800w, https:\/\/www.primor.eu\/blog\/wp-content\/uploads\/2024\/05\/2-240x300.jpg 240w, https:\/\/www.primor.eu\/blog\/wp-content\/uploads\/2024\/05\/2-768x960.jpg 768w, https:\/\/www.primor.eu\/blog\/wp-content\/uploads\/2024\/05\/2-750x938.jpg 750w\" sizes=\"(max-width: 800px) 100vw, 800px\" \/><\/figure>\n\n\n\n<p>@juanmy_medialdea<\/p>\n\n\n\n<p>Un medio recogido es una opci\u00f3n rom\u00e1ntica que deja los hombros al aire y es genial si tienes el pelo cortado a media melena o llevas un corte bob. En ambos casos te dar\u00e1 un toque bohemio y personal. L\u00e1nzate con un vestido largo y, por qu\u00e9 no, con un estampado floral o algunos detalles que te den un aire boho chic.<\/p>\n\n\n\n<h3 class=\"wp-block-heading\">Mo\u00f1o bajo con trenzado y detalles<\/h3>\n\n\n\n<figure class=\"wp-block-image size-large is-resized\"><img decoding=\"async\" width=\"819\" height=\"1024\" src=\"https:\/\/www.primor.eu\/blog\/wp-content\/uploads\/2024\/05\/3-819x1024.jpg\" alt=\"\" class=\"wp-image-106364\" style=\"width:1033px;height:auto\" srcset=\"https:\/\/www.primor.eu\/blog\/wp-content\/uploads\/2024\/05\/3-819x1024.jpg 819w, https:\/\/www.primor.eu\/blog\/wp-content\/uploads\/2024\/05\/3-240x300.jpg 240w, https:\/\/www.primor.eu\/blog\/wp-content\/uploads\/2024\/05\/3-768x960.jpg 768w, https:\/\/www.primor.eu\/blog\/wp-content\/uploads\/2024\/05\/3-750x938.jpg 750w, https:\/\/www.primor.eu\/blog\/wp-content\/uploads\/2024\/05\/3.jpg 1080w\" sizes=\"(max-width: 819px) 100vw, 819px\" \/><\/figure>\n\n\n\n<p>@gertrujimenez<\/p>\n\n\n\n<p>El mo\u00f1o bajo es una de las opciones de recogidos para una boda con el pelo corto con el que no puedes equivocarte. Simplemente porque es de lo m\u00e1s elegante y sofisticado. Si te fijas en este es genial incluso si eres la novia y puede quedar bien con cualquier tipo de vestido. Desde uno de esos de encajes irresistibles y sin cola, hasta uno con velo y con una cola de infarto.<\/p>\n\n\n\n<h3 class=\"wp-block-heading\">Falso mo\u00f1o con tocado o decoraci\u00f3n<\/h3>\n\n\n\n<figure class=\"wp-block-image size-large\"><img decoding=\"async\" width=\"1080\" height=\"1080\" src=\"https:\/\/www.primor.eu\/blog\/wp-content\/uploads\/2024\/05\/4-1024x1024.jpg\" alt=\"\" class=\"wp-image-106365\" srcset=\"https:\/\/www.primor.eu\/blog\/wp-content\/uploads\/2024\/05\/4-1024x1024.jpg 1024w, https:\/\/www.primor.eu\/blog\/wp-content\/uploads\/2024\/05\/4-300x300.jpg 300w, https:\/\/www.primor.eu\/blog\/wp-content\/uploads\/2024\/05\/4-150x150.jpg 150w, https:\/\/www.primor.eu\/blog\/wp-content\/uploads\/2024\/05\/4-768x768.jpg 768w, https:\/\/www.primor.eu\/blog\/wp-content\/uploads\/2024\/05\/4-75x75.jpg 75w, https:\/\/www.primor.eu\/blog\/wp-content\/uploads\/2024\/05\/4-350x350.jpg 350w, https:\/\/www.primor.eu\/blog\/wp-content\/uploads\/2024\/05\/4-750x750.jpg 750w, https:\/\/www.primor.eu\/blog\/wp-content\/uploads\/2024\/05\/4.jpg 1080w\" sizes=\"(max-width: 1080px) 100vw, 1080px\" \/><\/figure>\n\n\n\n<p>@peluqueriacorinajaraiz<\/p>\n\n\n\n<p>Si tienes el pelo tan corto que no te coge ni para un mo\u00f1o y quieres recogerlo para una boda, uno de los mejores recogidos para una boda con el pelo corto es este. Se trata de una especie de falso mo\u00f1o que se consigue con rizos en el pelo que queda abajo. En realidad es como un medio recogido funcionalmente.&nbsp;<\/p>\n\n\n\n<h3 class=\"wp-block-heading\">Recogido completo con trenzas estilo griego<\/h3>\n\n\n\n<figure class=\"wp-block-image size-large\"><img decoding=\"async\" width=\"1024\" height=\"1024\" src=\"https:\/\/www.primor.eu\/blog\/wp-content\/uploads\/2024\/05\/5-1024x1024.jpg\" alt=\"\" class=\"wp-image-106366\" srcset=\"https:\/\/www.primor.eu\/blog\/wp-content\/uploads\/2024\/05\/5-1024x1024.jpg 1024w, https:\/\/www.primor.eu\/blog\/wp-content\/uploads\/2024\/05\/5-300x300.jpg 300w, https:\/\/www.primor.eu\/blog\/wp-content\/uploads\/2024\/05\/5-150x150.jpg 150w, https:\/\/www.primor.eu\/blog\/wp-content\/uploads\/2024\/05\/5-768x768.jpg 768w, https:\/\/www.primor.eu\/blog\/wp-content\/uploads\/2024\/05\/5-75x75.jpg 75w, https:\/\/www.primor.eu\/blog\/wp-content\/uploads\/2024\/05\/5-350x350.jpg 350w, https:\/\/www.primor.eu\/blog\/wp-content\/uploads\/2024\/05\/5-750x750.jpg 750w, https:\/\/www.primor.eu\/blog\/wp-content\/uploads\/2024\/05\/5.jpg 1080w\" sizes=\"(max-width: 1024px) 100vw, 1024px\" \/><\/figure>\n\n\n\n<p>@peluqueriagoyaugaomiraballes<\/p>\n\n\n\n<p>\u00bfTe gusta ese estilo griego tan elegante y has escogido un vestido sin mangas o de estilo griego o romano? Entonces el mejor entre todos los recogidos para una boda con el pelo corto es este sin duda. Conseguir\u00e1s un irresistible total look.<\/p>\n\n\n\n<h3 class=\"wp-block-heading\">Mo\u00f1o bajo con tocado<\/h3>\n\n\n\n<figure class=\"wp-block-image size-large\"><img decoding=\"async\" width=\"1024\" height=\"1024\" src=\"https:\/\/www.primor.eu\/blog\/wp-content\/uploads\/2024\/05\/6-1024x1024.jpg\" alt=\"\" class=\"wp-image-106367\" srcset=\"https:\/\/www.primor.eu\/blog\/wp-content\/uploads\/2024\/05\/6-1024x1024.jpg 1024w, https:\/\/www.primor.eu\/blog\/wp-content\/uploads\/2024\/05\/6-300x300.jpg 300w, https:\/\/www.primor.eu\/blog\/wp-content\/uploads\/2024\/05\/6-150x150.jpg 150w, https:\/\/www.primor.eu\/blog\/wp-content\/uploads\/2024\/05\/6-768x768.jpg 768w, https:\/\/www.primor.eu\/blog\/wp-content\/uploads\/2024\/05\/6-75x75.jpg 75w, https:\/\/www.primor.eu\/blog\/wp-content\/uploads\/2024\/05\/6-350x350.jpg 350w, https:\/\/www.primor.eu\/blog\/wp-content\/uploads\/2024\/05\/6-750x750.jpg 750w, https:\/\/www.primor.eu\/blog\/wp-content\/uploads\/2024\/05\/6.jpg 1080w\" sizes=\"(max-width: 1024px) 100vw, 1024px\" \/><\/figure>\n\n\n\n<p>@peluqueriacorinajaraiz<\/p>\n\n\n\n<p>Los tocados parecieron desaparecer por un tiempo, pero solo estaban en el fondo del armario. Y es que con el vintage, vuelven las buenas costumbres y con ellas, los tocados. Un mo\u00f1o bajo siempre es una buena opci\u00f3n si buscas recogidos para una boda con el pelo corto. As\u00ed evitamos el peligro de que se escapen pelos si elegimos un mo\u00f1o alto. Y el tocado, le dar\u00e1 un toque divino, sobre todo si eres la novia\u2026<\/p>\n\n\n<div class=\"kk-star-ratings kksr-auto kksr-align-center kksr-valign-bottom\"\n    data-payload='{&quot;align&quot;:&quot;center&quot;,&quot;id&quot;:&quot;106361&quot;,&quot;slug&quot;:&quot;default&quot;,&quot;valign&quot;:&quot;bottom&quot;,&quot;ignore&quot;:&quot;&quot;,&quot;reference&quot;:&quot;auto&quot;,&quot;class&quot;:&quot;&quot;,&quot;count&quot;:&quot;0&quot;,&quot;legendonly&quot;:&quot;&quot;,&quot;readonly&quot;:&quot;&quot;,&quot;score&quot;:&quot;0&quot;,&quot;starsonly&quot;:&quot;&quot;,&quot;best&quot;:&quot;5&quot;,&quot;gap&quot;:&quot;5&quot;,&quot;greet&quot;:&quot;Valora este art\u00edculo&quot;,&quot;legend&quot;:&quot;0\\\/5 - (0 votos)&quot;,&quot;size&quot;:&quot;24&quot;,&quot;title&quot;:&quot;Si tienes el pelo corto, estos son los mejores peinados para una boda&quot;,&quot;width&quot;:&quot;0&quot;,&quot;_legend&quot;:&quot;{score}\\\/{best} - ({count} {votes})&quot;,&quot;font_factor&quot;:&quot;1.25&quot;}'>\n            \n<div class=\"kksr-stars\">\n    \n<div class=\"kksr-stars-inactive\">\n            <div class=\"kksr-star\" data-star=\"1\" style=\"padding-right: 5px\">\n            \n\n<div class=\"kksr-icon\" style=\"width: 24px; height: 24px;\"><\/div>\n        <\/div>\n            <div class=\"kksr-star\" data-star=\"2\" style=\"padding-right: 5px\">\n            \n\n<div class=\"kksr-icon\" style=\"width: 24px; height: 24px;\"><\/div>\n        <\/div>\n            <div class=\"kksr-star\" data-star=\"3\" style=\"padding-right: 5px\">\n            \n\n<div class=\"kksr-icon\" style=\"width: 24px; height: 24px;\"><\/div>\n        <\/div>\n            <div class=\"kksr-star\" data-star=\"4\" style=\"padding-right: 5px\">\n            \n\n<div class=\"kksr-icon\" style=\"width: 24px; height: 24px;\"><\/div>\n        <\/div>\n            <div class=\"kksr-star\" data-star=\"5\" style=\"padding-right: 5px\">\n            \n\n<div class=\"kksr-icon\" style=\"width: 24px; height: 24px;\"><\/div>\n        <\/div>\n    <\/div>\n    \n<div class=\"kksr-stars-active\" style=\"width: 0px;\">\n            <div class=\"kksr-star\" style=\"padding-right: 5px\">\n            \n\n<div class=\"kksr-icon\" style=\"width: 24px; height: 24px;\"><\/div>\n        <\/div>\n            <div class=\"kksr-star\" style=\"padding-right: 5px\">\n            \n\n<div class=\"kksr-icon\" style=\"width: 24px; height: 24px;\"><\/div>\n        <\/div>\n            <div class=\"kksr-star\" style=\"padding-right: 5px\">\n            \n\n<div class=\"kksr-icon\" style=\"width: 24px; height: 24px;\"><\/div>\n        <\/div>\n            <div class=\"kksr-star\" style=\"padding-right: 5px\">\n            \n\n<div class=\"kksr-icon\" style=\"width: 24px; height: 24px;\"><\/div>\n        <\/div>\n            <div class=\"kksr-star\" style=\"padding-right: 5px\">\n            \n\n<div class=\"kksr-icon\" style=\"width: 24px; height: 24px;\"><\/div>\n        <\/div>\n    <\/div>\n<\/div>\n                \n\n<div class=\"kksr-legend\" style=\"font-size: 19.2px;\">\n            <span class=\"kksr-muted\">Valora este art\u00edculo<\/span>\n    <\/div>\n    <\/div>\n","protected":false},"excerpt":{"rendered":"<p>Existen recogidos para una boda con el pelo corto que te har\u00e1n sentir igual de bella que si tuvieras una melena larga que recoger. Y es que, \u00bfqui\u00e9n dijo que no se puede lograr un buen recogido con el pelo corto? Hay algunas opciones que, incluso, son m\u00e1s c\u00f3modos que algunos recogidos con el pelo [&hellip;]<\/p>\n","protected":false},"author":30,"featured_media":106368,"comment_status":"closed","ping_status":"closed","sticky":false,"template":"","format":"standard","meta":{"jnews-multi-image_gallery":[],"jnews_single_post":{"subtitle":"","format":"standard","video":"","gallery":"","source_name":"","source_url":"","via_name":"","via_url":"","override_template":"0","override":[{"template":"1","single_blog_custom":"","parallax":"1","fullscreen":"1","layout":"right-sidebar","sidebar":"home-2","second_sidebar":"default-sidebar","sticky_sidebar":"0","share_position":"float","share_float_style":"share-monocrhome","show_share_counter":"0","show_view_counter":"0","show_featured":"1","show_post_meta":"1","show_post_author":"0","show_post_author_image":"1","show_post_date":"1","post_date_format":"default","post_date_format_custom":"Y\/m\/d","show_post_category":"1","show_post_reading_time":"0","post_reading_time_wpm":"300","show_zoom_button":"0","zoom_button_out_step":"2","zoom_button_in_step":"3","show_post_tag":"0","show_prev_next_post":"0","show_popup_post":"0","number_popup_post":"2","show_author_box":"0","show_post_related":"0","show_inline_post_related":"1"}],"override_image_size":"0","image_override":[{"single_post_thumbnail_size":"no-crop","single_post_gallery_size":"crop-500"}],"trending_post":"0","trending_post_position":"meta","trending_post_label":"Trending","sponsored_post":"0","sponsored_post_label":"Sponsored by","sponsored_post_name":"","sponsored_post_url":"","sponsored_post_logo_enable":"0","sponsored_post_logo":"","sponsored_post_desc":"","disable_ad":"0"},"jnews_primary_category":{"id":"","hide":""},"jnews_social_meta":{"fb_title":"","fb_description":"","fb_image":"","twitter_title":"","twitter_description":"","twitter_image":""},"jnews_override_counter":{"override_view_counter":"0","view_counter_number":"0","override_share_counter":"0","share_counter_number":"0","override_like_counter":"0","like_counter_number":"0","override_dislike_counter":"0","dislike_counter_number":"0"},"footnotes":""},"categories":[35],"tags":[],"class_list":["post-106361","post","type-post","status-publish","format-standard","has-post-thumbnail","hentry","category-cabello"],"_links":{"self":[{"href":"https:\/\/www.primor.eu\/blog\/wp-json\/wp\/v2\/posts\/106361","targetHints":{"allow":["GET"]}}],"collection":[{"href":"https:\/\/www.primor.eu\/blog\/wp-json\/wp\/v2\/posts"}],"about":[{"href":"https:\/\/www.primor.eu\/blog\/wp-json\/wp\/v2\/types\/post"}],"author":[{"embeddable":true,"href":"https:\/\/www.primor.eu\/blog\/wp-json\/wp\/v2\/users\/30"}],"replies":[{"embeddable":true,"href":"https:\/\/www.primor.eu\/blog\/wp-json\/wp\/v2\/comments?post=106361"}],"version-history":[{"count":3,"href":"https:\/\/www.primor.eu\/blog\/wp-json\/wp\/v2\/posts\/106361\/revisions"}],"predecessor-version":[{"id":127858,"href":"https:\/\/www.primor.eu\/blog\/wp-json\/wp\/v2\/posts\/106361\/revisions\/127858"}],"wp:featuredmedia":[{"embeddable":true,"href":"https:\/\/www.primor.eu\/blog\/wp-json\/wp\/v2\/media\/106368"}],"wp:attachment":[{"href":"https:\/\/www.primor.eu\/blog\/wp-json\/wp\/v2\/media?parent=106361"}],"wp:term":[{"taxonomy":"category","embeddable":true,"href":"https:\/\/www.primor.eu\/blog\/wp-json\/wp\/v2\/categories?post=106361"},{"taxonomy":"post_tag","embeddable":true,"href":"https:\/\/www.primor.eu\/blog\/wp-json\/wp\/v2\/tags?post=106361"}],"curies":[{"name":"wp","href":"https:\/\/api.w.org\/{rel}","templated":true}]}}