{"id":106348,"date":"2024-06-02T14:00:00","date_gmt":"2024-06-02T14:00:00","guid":{"rendered":"https:\/\/www.primor.eu\/blog\/?p=106348"},"modified":"2025-08-13T12:35:43","modified_gmt":"2025-08-13T12:35:43","slug":"permanente-pelo-rizado-hombres","status":"publish","type":"post","link":"https:\/\/www.primor.eu\/blog\/permanente-pelo-rizado-hombres\/","title":{"rendered":"Hombres, vosotros tambi\u00e9n os pod\u00e9is hacer la permanente (y os quedar\u00e1 genial)"},"content":{"rendered":"\n<p>La <strong>permanente de<a href=\"https:\/\/www.primor.eu\/blog\/mejores-cortes-pelo-hombre\/\" data-type=\"link\" data-id=\"https:\/\/www.primor.eu\/blog\/mejores-cortes-pelo-hombre\/\"> pelo para hombres<\/a><\/strong> no llama la atenci\u00f3n hoy en d\u00eda. De eso no hay duda. En una era en la que los estigmas de g\u00e9nero est\u00e1n quedando cada vez m\u00e1s atr\u00e1s, puede que haya hombres que se sienten llamados a llevar el cabello rizado. Debes saber que la permanente de pelo para hombres no tiene por qu\u00e9 sorprender a nadie y que no debes sentirte avergonzado en el sal\u00f3n de belleza si pides que te hagan una. Lo \u00fanico que deber\u00edas saber son los <strong>tipos de permanente<\/strong> que existen y quiz\u00e1s tener una gu\u00eda de los <strong>looks <\/strong>que mejor <strong>van con tu estilo <\/strong>si buscas una permanente de pelo para hombres.<\/p>\n\n\n\n<h2 class=\"wp-block-heading\">Tipos de permanente de pelo para hombres: t\u00e9cnicas<\/h2>\n\n\n\n<p>Ya tengas el pelo con un largo medio o tiendas m\u00e1s a melena, debes saber que necesitas tener un largo m\u00ednimo para poder elegir cualquier permanente de pelo para hombres. Evidentemente, es complicado hacer una permanente en un cabello muy corto tanto para hombres como para mujeres. Dicho esto, vamos a ver los <strong>tipos de permanente que existen<\/strong>:&nbsp;<\/p>\n\n\n\n<h3 class=\"wp-block-heading\">Permanente tradicional<\/h3>\n\n\n\n<p>Con esta t\u00e9cnica se utilizan <strong>rodillos de diferentes tama\u00f1os<\/strong> para crear <strong>rizos desde la ra\u00edz hasta las puntas<\/strong>. Ideal para un look completo y voluminoso. Esta permanente se logra a base de un <strong>producto qu\u00edmico<\/strong> que es el encargado de que se fijen los rizos. Por un lado hace que los rizos queden definidos y el cabello voluminoso, pero por otro suele haber m\u00e1s <strong>peligro de frizz<\/strong> en el cabello con esta t\u00e9cnica. Es <strong>m\u00e1s econ\u00f3mica<\/strong> que la permanente digital.<\/p>\n\n\n\n<h3 class=\"wp-block-heading\">Permanente digital<\/h3>\n\n\n\n<p>Utiliza un sistema <strong>controlado por temperatura<\/strong> que <strong>permite ajustar la intensidad<\/strong> del calor. Es ideal si buscas una definici\u00f3n marcada y quieres que tu pelo quede suave. Tambi\u00e9n est\u00e1 indicada para los que buscan el control y la precisi\u00f3n de los rizos obtenidos. El peligro al <strong>frizz es menor<\/strong>. En este tipo de permanente, aunque se utilizan <strong>productos<\/strong> qu\u00edmicos son menos y <strong>menos da\u00f1inos<\/strong> que en la permanente cl\u00e1sica por lo que si lo que buscas es estropear menos el cabello con tu permanente de pelo para hombres, \u00a1elige esta variante! Lo \u00fanico es que no est\u00e1 disponible en todos los salones de belleza y peluquer\u00edas debido a que necesita de una <strong>tecnolog\u00eda espec\u00edfica<\/strong>. Si est\u00e1s decidido a elegir este tipo de permanente, ahorra un poco m\u00e1s y busca salones de belleza modernos en los que tengan los medios. Puede merecer la pena y, al tratarse de un tratamiento de larga duraci\u00f3n, \u00a1tambi\u00e9n el esfuerzo!<\/p>\n\n\n\n<h2 class=\"wp-block-heading\">Permanente de pelo para hombres: tipos de rizos<\/h2>\n\n\n\n<ul class=\"wp-block-list\">\n<li><strong>Permanente de rizos peque\u00f1os<\/strong>: para conseguir esos rizos peque\u00f1os estilo afro se necesitan unos rulos peque\u00f1os y productos fijadores de alta eficacia que, en ocasiones, son m\u00e1s agresivos para el cabello. En caso de elegir este tipo de permanente ten posteriormente una rutina de hidrataci\u00f3n extra para tu cabello.<\/li>\n\n\n\n<li><strong>Permanente de ondas<\/strong>: en lugar de lograr unos rizos peque\u00f1os como en el caso anterior, este tipo de permanente te permitir\u00e1 tener unas ondas anchas. Si tienes melena, esta opci\u00f3n ser\u00e1 ideal para ti.&nbsp;<\/li>\n\n\n\n<li><strong>Permanente de espiral<\/strong>: se aconseja en el caso de tener el pelo largo o con un largo medio. Para lograrla se utilizan rodillos largos y delgados para crear rizos en espiral.<\/li>\n\n\n\n<li><strong>Permanente parcial<\/strong>: en este caso la permanente se aplica solo en ciertas partes del cabello, como las puntas o la parte superior. Permite combinar diferentes texturas en el mismo peinado y mantiene, en ocasiones, zonas del cabello lisas u onduladas.&nbsp;<\/li>\n\n\n\n<li><strong>Permanente de volumen<\/strong>: m\u00e1s que de rizar el rizo, valga la redundancia, este tipo de permanente lo que busca es dar volumen a las melenas o los cabellos de largo medio o mecha larga.<\/li>\n<\/ul>\n\n\n\n<h2 class=\"wp-block-heading\">El mejor cuidado si te haces la permanente<\/h2>\n\n\n\n<h3 class=\"wp-block-heading\">Beauty Plex Perfect Care Champu n\u00ba4 Champ\u00fa Reparador y Fortificante de Olaplex<\/h3>\n\n\n\n<p>El sol, la playa, la piscina\u2026 Los tintes, la plancha, las tenacillas, la permanente, los alisados\u2026 \u00bfTienes el cabello da\u00f1ado de tantos tratamientos agresivos? Entonces este es tu champ\u00fa: Beauty Drops Beauty Plex Perfect Care Shampoo n\u00ba4 Champ\u00fa reparador y fortificante.<\/p>\n\n\n\n<p>Este champ\u00fa ayuda a regenerar los cabellos muy castigados o que han sufrido un tratamiento agresivo. \u00bfY c\u00f3mo lo hace? Beauty Drops Beauty Plex Perfect Care Shampoo n\u00ba4 Champ\u00fa reparador y fortificante gracias a su f\u00f3rmula con el activo reparador \u201cMolecular-D Bond Restore\u201d, \u00e1cido hialur\u00f3nico y aceites 100% naturales.<\/p>\n\n\n    <a class='product' target='_blank' href='https:\/\/www.primor.eu\/es_es\/beauty-drops-beauty-plex-perfect-care-champu-n-4-champu-reparador-y-fortificante-84397.html'>\r\n        <img loading='async' src='https:\/\/cdn2.primor.eu\/media\/catalog\/product\/cache\/8d3aba296f7a18b5251ee30fa5db42b2\/N\/4\/N4_210c.jpg' alt='COMPRAR AHORA'>\r\n            <div class=\"claim\">\r\n                COMPRAR AHORA            <\/div>\r\n        <\/a>\r\n    \n\n<div class=\"kk-star-ratings kksr-auto kksr-align-center kksr-valign-bottom\"\n    data-payload='{&quot;align&quot;:&quot;center&quot;,&quot;id&quot;:&quot;106348&quot;,&quot;slug&quot;:&quot;default&quot;,&quot;valign&quot;:&quot;bottom&quot;,&quot;ignore&quot;:&quot;&quot;,&quot;reference&quot;:&quot;auto&quot;,&quot;class&quot;:&quot;&quot;,&quot;count&quot;:&quot;0&quot;,&quot;legendonly&quot;:&quot;&quot;,&quot;readonly&quot;:&quot;&quot;,&quot;score&quot;:&quot;0&quot;,&quot;starsonly&quot;:&quot;&quot;,&quot;best&quot;:&quot;5&quot;,&quot;gap&quot;:&quot;5&quot;,&quot;greet&quot;:&quot;Valora este art\u00edculo&quot;,&quot;legend&quot;:&quot;0\\\/5 - (0 votos)&quot;,&quot;size&quot;:&quot;24&quot;,&quot;title&quot;:&quot;Hombres, vosotros tambi\u00e9n os pod\u00e9is hacer la permanente (y os quedar\u00e1 genial)&quot;,&quot;width&quot;:&quot;0&quot;,&quot;_legend&quot;:&quot;{score}\\\/{best} - ({count} {votes})&quot;,&quot;font_factor&quot;:&quot;1.25&quot;}'>\n            \n<div class=\"kksr-stars\">\n    \n<div class=\"kksr-stars-inactive\">\n            <div class=\"kksr-star\" data-star=\"1\" style=\"padding-right: 5px\">\n            \n\n<div class=\"kksr-icon\" style=\"width: 24px; height: 24px;\"><\/div>\n        <\/div>\n            <div class=\"kksr-star\" data-star=\"2\" style=\"padding-right: 5px\">\n            \n\n<div class=\"kksr-icon\" style=\"width: 24px; height: 24px;\"><\/div>\n        <\/div>\n            <div class=\"kksr-star\" data-star=\"3\" style=\"padding-right: 5px\">\n            \n\n<div class=\"kksr-icon\" style=\"width: 24px; height: 24px;\"><\/div>\n        <\/div>\n            <div class=\"kksr-star\" data-star=\"4\" style=\"padding-right: 5px\">\n            \n\n<div class=\"kksr-icon\" style=\"width: 24px; height: 24px;\"><\/div>\n        <\/div>\n            <div class=\"kksr-star\" data-star=\"5\" style=\"padding-right: 5px\">\n            \n\n<div class=\"kksr-icon\" style=\"width: 24px; height: 24px;\"><\/div>\n        <\/div>\n    <\/div>\n    \n<div class=\"kksr-stars-active\" style=\"width: 0px;\">\n            <div class=\"kksr-star\" style=\"padding-right: 5px\">\n            \n\n<div class=\"kksr-icon\" style=\"width: 24px; height: 24px;\"><\/div>\n        <\/div>\n            <div class=\"kksr-star\" style=\"padding-right: 5px\">\n            \n\n<div class=\"kksr-icon\" style=\"width: 24px; height: 24px;\"><\/div>\n        <\/div>\n            <div class=\"kksr-star\" style=\"padding-right: 5px\">\n            \n\n<div class=\"kksr-icon\" style=\"width: 24px; height: 24px;\"><\/div>\n        <\/div>\n            <div class=\"kksr-star\" style=\"padding-right: 5px\">\n            \n\n<div class=\"kksr-icon\" style=\"width: 24px; height: 24px;\"><\/div>\n        <\/div>\n            <div class=\"kksr-star\" style=\"padding-right: 5px\">\n            \n\n<div class=\"kksr-icon\" style=\"width: 24px; height: 24px;\"><\/div>\n        <\/div>\n    <\/div>\n<\/div>\n                \n\n<div class=\"kksr-legend\" style=\"font-size: 19.2px;\">\n            <span class=\"kksr-muted\">Valora este art\u00edculo<\/span>\n    <\/div>\n    <\/div>\n","protected":false},"excerpt":{"rendered":"<p>La permanente de pelo para hombres no llama la atenci\u00f3n hoy en d\u00eda. De eso no hay duda. En una era en la que los estigmas de g\u00e9nero est\u00e1n quedando cada vez m\u00e1s atr\u00e1s, puede que haya hombres que se sienten llamados a llevar el cabello rizado. Debes saber que la permanente de pelo para [&hellip;]<\/p>\n","protected":false},"author":30,"featured_media":106349,"comment_status":"closed","ping_status":"closed","sticky":false,"template":"","format":"standard","meta":{"jnews-multi-image_gallery":[],"jnews_single_post":{"subtitle":"","format":"standard","video":"","gallery":"","source_name":"","source_url":"","via_name":"","via_url":"","override_template":"0","override":[{"template":"1","single_blog_custom":"","parallax":"1","fullscreen":"1","layout":"right-sidebar","sidebar":"home-2","second_sidebar":"default-sidebar","sticky_sidebar":"0","share_position":"float","share_float_style":"share-monocrhome","show_share_counter":"0","show_view_counter":"0","show_featured":"1","show_post_meta":"1","show_post_author":"0","show_post_author_image":"1","show_post_date":"1","post_date_format":"default","post_date_format_custom":"Y\/m\/d","show_post_category":"1","show_post_reading_time":"0","post_reading_time_wpm":"300","show_zoom_button":"0","zoom_button_out_step":"2","zoom_button_in_step":"3","show_post_tag":"0","show_prev_next_post":"0","show_popup_post":"0","number_popup_post":"2","show_author_box":"0","show_post_related":"0","show_inline_post_related":"1"}],"override_image_size":"0","image_override":[{"single_post_thumbnail_size":"no-crop","single_post_gallery_size":"crop-500"}],"trending_post":"0","trending_post_position":"meta","trending_post_label":"Trending","sponsored_post":"0","sponsored_post_label":"Sponsored by","sponsored_post_name":"","sponsored_post_url":"","sponsored_post_logo_enable":"0","sponsored_post_logo":"","sponsored_post_desc":"","disable_ad":"0"},"jnews_primary_category":{"id":"","hide":""},"jnews_social_meta":{"fb_title":"","fb_description":"","fb_image":"","twitter_title":"","twitter_description":"","twitter_image":""},"jnews_override_counter":{"override_view_counter":"0","view_counter_number":"0","override_share_counter":"0","share_counter_number":"0","override_like_counter":"0","like_counter_number":"0","override_dislike_counter":"0","dislike_counter_number":"0"},"footnotes":""},"categories":[35],"tags":[],"class_list":["post-106348","post","type-post","status-publish","format-standard","has-post-thumbnail","hentry","category-cabello"],"_links":{"self":[{"href":"https:\/\/www.primor.eu\/blog\/wp-json\/wp\/v2\/posts\/106348","targetHints":{"allow":["GET"]}}],"collection":[{"href":"https:\/\/www.primor.eu\/blog\/wp-json\/wp\/v2\/posts"}],"about":[{"href":"https:\/\/www.primor.eu\/blog\/wp-json\/wp\/v2\/types\/post"}],"author":[{"embeddable":true,"href":"https:\/\/www.primor.eu\/blog\/wp-json\/wp\/v2\/users\/30"}],"replies":[{"embeddable":true,"href":"https:\/\/www.primor.eu\/blog\/wp-json\/wp\/v2\/comments?post=106348"}],"version-history":[{"count":2,"href":"https:\/\/www.primor.eu\/blog\/wp-json\/wp\/v2\/posts\/106348\/revisions"}],"predecessor-version":[{"id":130531,"href":"https:\/\/www.primor.eu\/blog\/wp-json\/wp\/v2\/posts\/106348\/revisions\/130531"}],"wp:featuredmedia":[{"embeddable":true,"href":"https:\/\/www.primor.eu\/blog\/wp-json\/wp\/v2\/media\/106349"}],"wp:attachment":[{"href":"https:\/\/www.primor.eu\/blog\/wp-json\/wp\/v2\/media?parent=106348"}],"wp:term":[{"taxonomy":"category","embeddable":true,"href":"https:\/\/www.primor.eu\/blog\/wp-json\/wp\/v2\/categories?post=106348"},{"taxonomy":"post_tag","embeddable":true,"href":"https:\/\/www.primor.eu\/blog\/wp-json\/wp\/v2\/tags?post=106348"}],"curies":[{"name":"wp","href":"https:\/\/api.w.org\/{rel}","templated":true}]}}