{"id":106002,"date":"2024-06-21T11:53:19","date_gmt":"2024-06-21T11:53:19","guid":{"rendered":"https:\/\/www.primor.eu\/blog\/?p=106002"},"modified":"2024-06-15T14:13:52","modified_gmt":"2024-06-15T14:13:52","slug":"mejores-productos-tratar-arrugas-codigo-de-barras","status":"publish","type":"post","link":"https:\/\/www.primor.eu\/blog\/mejores-productos-tratar-arrugas-codigo-de-barras\/","title":{"rendered":"Los mejores productos y tratamientos para evitar las arrugas del c\u00f3digo de barras"},"content":{"rendered":"\n<p>Si te molestan las <strong>arrugas llamadas c\u00f3digos de barras<\/strong>, has de saber que te entendemos (y que no est\u00e1s sola). Lo bueno es que hay muy buenos cosm\u00e9ticos con los que podr\u00e1s combatir su aparici\u00f3n. Es m\u00e1s, en este art\u00edculo de Primor te contamos cu\u00e1les son los <strong>mejores productos para combatir las arrugas c\u00f3digo de barras<\/strong>, seg\u00fan los expertos que m\u00e1s saben sobre el tema.<\/p>\n\n\n\n<h2 class=\"wp-block-heading\">C\u00f3mo prevenir estas arrugas<\/h2>\n\n\n\n<ul class=\"wp-block-list\">\n<li><strong>Hidrataci\u00f3n<\/strong>. Mantener la piel bien hidratada es esencial para prevenir la formaci\u00f3n de arrugas es clave.<\/li>\n\n\n\n<li><strong>Dejar de fumar<\/strong>. Evita fumar puede prevenir la formaci\u00f3n de nuevas arrugas y mejorar la apariencia de la piel. Tu salud tambi\u00e9n te lo agradecer\u00e1.\u00a0<\/li>\n\n\n\n<li><strong>Reducir<\/strong> o evitar el uso de <strong>pajitas para beber.<\/strong><\/li>\n\n\n\n<li><strong>Dieta Saludable.<\/strong> Recuerda: somos lo que comemos, por lo que, consumir una dieta rica en antioxidantes, vitaminas y minerales que promuevan la salud de la piel puede ayudarte m\u00e1s de lo que piensas.<\/li>\n<\/ul>\n\n\n\n<h2 class=\"wp-block-heading\">Productos para combatir el c\u00f3digo de barras de tus labios<\/h2>\n\n\n        <product-table class=\"pr-slider\">\r\n            <product-headers class=\"grid-table-rows\">\r\n                <div>Foto<\/div>\r\n                <div>Producto<\/div>\r\n                <div>Marca<\/div>\r\n                <div>Valoraciones<\/div>\r\n                <div>Precio<\/div>\r\n            <\/product-headers>\r\n\r\n            <product-list>\r\n                                    <a href=\"https:\/\/www.primor.eu\/es_es\/remescar-stick-corrector-arrugas-al-instante-16385.html\" class=\"product-item grid-table-rows\" target=\"_blank\">\r\n                        <div>\r\n                            <img decoding=\"async\" class=\"product-img\" width=\"80px\" height=\"80px\" src=\"https:\/\/www.primor.eu\/blog\/wp-content\/uploads\/2024\/05\/6XS13083_1_9a54.jpg\" alt=\"Remescar Stick Corrector Arrugas al Instante\">\r\n                        <\/div>\r\n\r\n                        <!-- Contenido de producto  -->\r\n                        <div>\r\n                            <div class=\"product-position\">\r\n                                #1 Top Ventas                            <\/div>\r\n\r\n                            <h2>\r\n                                Remescar Stick Corrector Arrugas al Instante                            <\/h2>\r\n                        <\/div>\r\n\r\n                        <!-- Imagen y\/o nombre de la marca -->\r\n                        <div>\r\n                                                            <img decoding=\"async\" width=\"70\" src=\"https:\/\/www.primor.eu\/blog\/wp-content\/uploads\/2023\/08\/401.jpg\" alt=\"84451\">\r\n                                                    <\/div>\r\n\r\n                        <!-- Puntuaci\u00f3n del producto  -->\r\n                        <div class=\"rating\">\r\n                                                            <div class=\"rate\" style=\"--p:100;\"><\/div>\r\n                                <b>5\/5<\/b>\r\n                                <div class=\"rate-stars\">\r\n                                                                            <div\r\n                                            class=\"rate-star  \">\r\n                                        <\/div>\r\n                                                                            <div\r\n                                            class=\"rate-star  \">\r\n                                        <\/div>\r\n                                                                            <div\r\n                                            class=\"rate-star  \">\r\n                                        <\/div>\r\n                                                                            <div\r\n                                            class=\"rate-star  \">\r\n                                        <\/div>\r\n                                                                            <div\r\n                                            class=\"rate-star  \">\r\n                                        <\/div>\r\n                                                                    <\/div>\r\n                                                    <\/div>\r\n\r\n                        <!-- Bot\u00f3n de producto  -->\r\n                        <div>\r\n                            <span class=\"price-claim\">\r\n                                VER PRECIO                            <\/span>\r\n                        <\/div>\r\n                    <\/a>\r\n                                    <a href=\"https:\/\/www.primor.eu\/es_es\/catrice-lip-lovin-exfoliante-labial-87356.html\" class=\"product-item grid-table-rows\" target=\"_blank\">\r\n                        <div>\r\n                            <img decoding=\"async\" class=\"product-img\" width=\"80px\" height=\"80px\" src=\"https:\/\/www.primor.eu\/blog\/wp-content\/uploads\/2024\/05\/4059729419668_Image_Front_View_Closed_266f.jpg\" alt=\"Catrice Lip Lovin Exfoliante Labial\">\r\n                        <\/div>\r\n\r\n                        <!-- Contenido de producto  -->\r\n                        <div>\r\n                            <div class=\"product-position\">\r\n                                #2                            <\/div>\r\n\r\n                            <h2>\r\n                                Catrice Lip Lovin Exfoliante Labial                            <\/h2>\r\n                        <\/div>\r\n\r\n                        <!-- Imagen y\/o nombre de la marca -->\r\n                        <div>\r\n                                                            <img decoding=\"async\" width=\"70\" src=\"https:\/\/www.primor.eu\/blog\/wp-content\/uploads\/2023\/08\/catrice.png\" alt=\"85108\">\r\n                                                    <\/div>\r\n\r\n                        <!-- Puntuaci\u00f3n del producto  -->\r\n                        <div class=\"rating\">\r\n                                                            <p>No hay valoraciones disponibles<\/p>\r\n                                                    <\/div>\r\n\r\n                        <!-- Bot\u00f3n de producto  -->\r\n                        <div>\r\n                            <span class=\"price-claim\">\r\n                                VER PRECIO                            <\/span>\r\n                        <\/div>\r\n                    <\/a>\r\n                                    <a href=\"https:\/\/www.primor.eu\/es_es\/the-saem-power-ampolla-anti-arrugas-16820.html\" class=\"product-item grid-table-rows\" target=\"_blank\">\r\n                        <div>\r\n                            <img decoding=\"async\" class=\"product-img\" width=\"80px\" height=\"80px\" src=\"https:\/\/www.primor.eu\/blog\/wp-content\/uploads\/2024\/05\/0TF20871_1_e0d5.jpg\" alt=\"The Saem Power Ampolla Anti Arrugas\">\r\n                        <\/div>\r\n\r\n                        <!-- Contenido de producto  -->\r\n                        <div>\r\n                            <div class=\"product-position\">\r\n                                #3                            <\/div>\r\n\r\n                            <h2>\r\n                                The Saem Power Ampolla Anti Arrugas                            <\/h2>\r\n                        <\/div>\r\n\r\n                        <!-- Imagen y\/o nombre de la marca -->\r\n                        <div>\r\n                                                            <img decoding=\"async\" width=\"70\" src=\"https:\/\/www.primor.eu\/blog\/wp-content\/uploads\/2023\/08\/The_Saem.jpg\" alt=\"84434\">\r\n                                                    <\/div>\r\n\r\n                        <!-- Puntuaci\u00f3n del producto  -->\r\n                        <div class=\"rating\">\r\n                                                            <div class=\"rate\" style=\"--p:100;\"><\/div>\r\n                                <b>5\/5<\/b>\r\n                                <div class=\"rate-stars\">\r\n                                                                            <div\r\n                                            class=\"rate-star  \">\r\n                                        <\/div>\r\n                                                                            <div\r\n                                            class=\"rate-star  \">\r\n                                        <\/div>\r\n                                                                            <div\r\n                                            class=\"rate-star  \">\r\n                                        <\/div>\r\n                                                                            <div\r\n                                            class=\"rate-star  \">\r\n                                        <\/div>\r\n                                                                            <div\r\n                                            class=\"rate-star  \">\r\n                                        <\/div>\r\n                                                                    <\/div>\r\n                                                    <\/div>\r\n\r\n                        <!-- Bot\u00f3n de producto  -->\r\n                        <div>\r\n                            <span class=\"price-claim\">\r\n                                VER PRECIO                            <\/span>\r\n                        <\/div>\r\n                    <\/a>\r\n                                    <a href=\"https:\/\/www.primor.eu\/es_es\/avene-cold-cream-balsamo-labial-18819.html\" class=\"product-item grid-table-rows\" target=\"_blank\">\r\n                        <div>\r\n                            <img decoding=\"async\" class=\"product-img\" width=\"80px\" height=\"80px\" src=\"https:\/\/www.primor.eu\/blog\/wp-content\/uploads\/2024\/05\/M_6XS05537_1_9350.jpg\" alt=\"Avene Cold Cream B\u00e1lsamo Labial\">\r\n                        <\/div>\r\n\r\n                        <!-- Contenido de producto  -->\r\n                        <div>\r\n                            <div class=\"product-position\">\r\n                                #4                            <\/div>\r\n\r\n                            <h2>\r\n                                Avene Cold Cream B\u00e1lsamo Labial                            <\/h2>\r\n                        <\/div>\r\n\r\n                        <!-- Imagen y\/o nombre de la marca -->\r\n                        <div>\r\n                                                            <img decoding=\"async\" width=\"70\" src=\"https:\/\/www.primor.eu\/blog\/wp-content\/uploads\/2023\/08\/Avene.png\" alt=\"84285\">\r\n                                                    <\/div>\r\n\r\n                        <!-- Puntuaci\u00f3n del producto  -->\r\n                        <div class=\"rating\">\r\n                                                            <div class=\"rate\" style=\"--p:92.6;\"><\/div>\r\n                                <b>4.63\/5<\/b>\r\n                                <div class=\"rate-stars\">\r\n                                                                            <div\r\n                                            class=\"rate-star  \">\r\n                                        <\/div>\r\n                                                                            <div\r\n                                            class=\"rate-star  \">\r\n                                        <\/div>\r\n                                                                            <div\r\n                                            class=\"rate-star  \">\r\n                                        <\/div>\r\n                                                                            <div\r\n                                            class=\"rate-star  \">\r\n                                        <\/div>\r\n                                                                            <div\r\n                                            class=\"rate-star  \">\r\n                                        <\/div>\r\n                                                                    <\/div>\r\n                                                    <\/div>\r\n\r\n                        <!-- Bot\u00f3n de producto  -->\r\n                        <div>\r\n                            <span class=\"price-claim\">\r\n                                VER PRECIO                            <\/span>\r\n                        <\/div>\r\n                    <\/a>\r\n                            <\/product-list>\r\n        <\/product-table>\r\n\r\n        \n\n\n\n<h3 class=\"wp-block-heading\">Remescar Stick Corrector Arrugas al Instante&nbsp;<\/h3>\n\n\n\n<p>Es una crema que corrige y rellena las arrugas y l\u00edneas de expresi\u00f3n al instante gracias a su innovadora tecnolog\u00eda Wrink Flex. Corrige de manera inmediata las peque\u00f1as arrugas de alrededor de los ojos, las cejas, la nariz y la boca, hasta un 84%. Act\u00faa instant\u00e1neamente sobre las arrugas alrededor de la delicada zona de los ojos, entre las cejas y alrededor de la boca y la nariz con una sola aplicaci\u00f3n al d\u00eda.<\/p>\n\n\n    <a class='product' target='_blank' href='https:\/\/www.primor.eu\/es_es\/remescar-stick-corrector-arrugas-al-instante-16385.html'>\r\n        <img loading='async' src='https:\/\/cdn2.primor.eu\/media\/catalog\/product\/cache\/8d3aba296f7a18b5251ee30fa5db42b2\/6\/X\/6XS13083_1_9a54.jpg' alt='COMPRAR AHORA'>\r\n            <div class=\"claim\">\r\n                COMPRAR AHORA            <\/div>\r\n        <\/a>\r\n    \n\n\n\n<h3 class=\"wp-block-heading\">Exfoliante de labios Lip Lovin' Smoothin de Catrice&nbsp;<\/h3>\n\n\n\n<p>Deja los labios suaves y cuidados, y los prepara perfectamente para la barra de labios. El aceite de albaricoque, la manteca de karit\u00e9, las ceras nutritivas y las part\u00edculas de az\u00facar son la combinaci\u00f3n definitiva de cuidado labial y vienen en un pr\u00e1ctico formato barra, para el cuidado de los labios sobre la marcha.<\/p>\n\n\n       \r\n        \n\n\n\n<h3 class=\"wp-block-heading\">The Saem Power Ampoule Anti- Wrinkle Serum&nbsp;<\/h3>\n\n\n\n<p>Te la recomendamos porque, adem\u00e1s de ser una de mis favoritas, esta ampolla\/s\u00e9rum con efecto lifting que mejora la elasticidad de la piel del rostro reduciendo todo tipo de arrugas y l\u00edneas de expresi\u00f3n y devolviendo la vitalidad a la piel, incluida la que se forma en los labios.\u00a0<\/p>\n\n\n    <a class='product' target='_blank' href='https:\/\/www.primor.eu\/es_es\/the-saem-power-ampolla-anti-arrugas-16820.html'>\r\n        <img loading='async' src='https:\/\/cdn2.primor.eu\/media\/catalog\/product\/cache\/8d3aba296f7a18b5251ee30fa5db42b2\/0\/T\/0TF20871_1_e0d5.jpg' alt='COMPRAR AHORA'>\r\n            <div class=\"claim\">\r\n                COMPRAR AHORA            <\/div>\r\n        <\/a>\r\n    \n\n\n\n<h3 class=\"wp-block-heading\">Av\u00e8ne Cold Cream B\u00e1lsamo Labial<\/h3>\n\n\n\n<p>El b\u00e1lsamo labial en stick de Av\u00e8ne es una soluci\u00f3n nutritiva, reestructurante y protectora para tus labios. Formulado con Cold Cream, este stick untuoso y cubriente proporciona una nutrici\u00f3n profunda y una protecci\u00f3n efectiva para tus labios. Adem\u00e1s, gracias a su activo principal, el Sucralfato, este b\u00e1lsamo tiene propiedades regenerativas que contribuyen a la salud de las mucosas labiales.<\/p>\n\n\n    <a class='product' target='_blank' href='https:\/\/www.primor.eu\/es_es\/avene-cold-cream-balsamo-labial-106589.html?#863=70847'>\r\n        <img loading='async' src='https:\/\/cdn2.primor.eu\/media\/catalog\/product\/cache\/8d3aba296f7a18b5251ee30fa5db42b2\/6\/X\/6XS05537_1_26b9.jpg' alt='COMPRAR AHORA'>\r\n            <div class=\"claim\">\r\n                COMPRAR AHORA            <\/div>\r\n        <\/a>\r\n    \n\n\n\n<h3 class=\"wp-block-heading\">Isdin Reparador Labial con \u00c1cido Hialur\u00f3nico Isdin<\/h3>\n\n\n\n<p>Este b\u00e1lsamo labial de Isdin es la soluci\u00f3n perfecta para tus labios. El reparador labios de Isdin es un b\u00e1lsamo labial con \u00e1cido hialur\u00f3nico que los repara y protege. Su f\u00f3rmula, enriquecida con \u00e1cido hialur\u00f3nico, proporciona la hidrataci\u00f3n labial que necesitas para mantener tus labios en \u00f3ptimas condiciones.<\/p>\n\n\n    <a class='product' target='_blank' href='https:\/\/www.primor.eu\/es_es\/isdin-reparador-labial-con-acido-hialuronico-28653.html'>\r\n        <img loading='async' src='https:\/\/cdn2.primor.eu\/media\/catalog\/product\/cache\/8d3aba296f7a18b5251ee30fa5db42b2\/6\/X\/6XS11652_1_6d5b.jpg' alt='COMPRAR AHORA'>\r\n            <div class=\"claim\">\r\n                COMPRAR AHORA            <\/div>\r\n        <\/a>\r\n    \n\n\n\n<h3 class=\"wp-block-heading\">Serum Rellenador de Arrugas Rostro y Labios 3% Linefill de Vcee<\/h3>\n\n\n\n<p>Con un alto contenido de ingredientes activos, extractos de frutas y aceites liberar\u00e1s tu piel de las arrugas y te dar\u00e1 firmeza. El rico c\u00f3ctel de activos tambi\u00e9n aumentar\u00e1 eficazmente el volumen de los labios, d\u00e1ndoles una forma atractiva y sensual. F\u00f3rmula avanzada a base de ingredientes activos.<\/p>\n\n\n       \r\n        \n\n\n\n<h3 class=\"wp-block-heading\">Beauty Drops Crema Lifting Anti-arrugas<\/h3>\n\n\n\n<p>Esta crema con P\u00e9ptidos que junto con Fito-tensores ayuda a conseguir un efecto lifting inmediato en el rostro, suavizando todo tipo de arrugas, incluida las que aparecen en los labios.\u00a0<\/p>\n\n\n    <a class='product' target='_blank' href='https:\/\/www.primor.eu\/es_es\/beauty-drops-crema-lifting-anti-arrugas-89512.html'>\r\n        <img loading='async' src='https:\/\/cdn2.primor.eu\/media\/catalog\/product\/cache\/8d3aba296f7a18b5251ee30fa5db42b2\/B\/E\/BEAUTY_DROPS_CREAM_10ML_PEPTIDO_BIOMIMETICO_FITO_TENSORES_2_a4e6.jpg' alt='COMPRAR AHORA'>\r\n            <div class=\"claim\">\r\n                COMPRAR AHORA            <\/div>\r\n        <\/a>\r\n    \n\n\n<div class=\"kk-star-ratings kksr-auto kksr-align-center kksr-valign-bottom\"\n    data-payload='{&quot;align&quot;:&quot;center&quot;,&quot;id&quot;:&quot;106002&quot;,&quot;slug&quot;:&quot;default&quot;,&quot;valign&quot;:&quot;bottom&quot;,&quot;ignore&quot;:&quot;&quot;,&quot;reference&quot;:&quot;auto&quot;,&quot;class&quot;:&quot;&quot;,&quot;count&quot;:&quot;0&quot;,&quot;legendonly&quot;:&quot;&quot;,&quot;readonly&quot;:&quot;&quot;,&quot;score&quot;:&quot;0&quot;,&quot;starsonly&quot;:&quot;&quot;,&quot;best&quot;:&quot;5&quot;,&quot;gap&quot;:&quot;5&quot;,&quot;greet&quot;:&quot;Valora este art\u00edculo&quot;,&quot;legend&quot;:&quot;0\\\/5 - (0 votos)&quot;,&quot;size&quot;:&quot;24&quot;,&quot;title&quot;:&quot;Los mejores productos y tratamientos para evitar las arrugas del c\u00f3digo de barras&quot;,&quot;width&quot;:&quot;0&quot;,&quot;_legend&quot;:&quot;{score}\\\/{best} - ({count} {votes})&quot;,&quot;font_factor&quot;:&quot;1.25&quot;}'>\n            \n<div class=\"kksr-stars\">\n    \n<div class=\"kksr-stars-inactive\">\n            <div class=\"kksr-star\" data-star=\"1\" style=\"padding-right: 5px\">\n            \n\n<div class=\"kksr-icon\" style=\"width: 24px; height: 24px;\"><\/div>\n        <\/div>\n            <div class=\"kksr-star\" data-star=\"2\" style=\"padding-right: 5px\">\n            \n\n<div class=\"kksr-icon\" style=\"width: 24px; height: 24px;\"><\/div>\n        <\/div>\n            <div class=\"kksr-star\" data-star=\"3\" style=\"padding-right: 5px\">\n            \n\n<div class=\"kksr-icon\" style=\"width: 24px; height: 24px;\"><\/div>\n        <\/div>\n            <div class=\"kksr-star\" data-star=\"4\" style=\"padding-right: 5px\">\n            \n\n<div class=\"kksr-icon\" style=\"width: 24px; height: 24px;\"><\/div>\n        <\/div>\n            <div class=\"kksr-star\" data-star=\"5\" style=\"padding-right: 5px\">\n            \n\n<div class=\"kksr-icon\" style=\"width: 24px; height: 24px;\"><\/div>\n        <\/div>\n    <\/div>\n    \n<div class=\"kksr-stars-active\" style=\"width: 0px;\">\n            <div class=\"kksr-star\" style=\"padding-right: 5px\">\n            \n\n<div class=\"kksr-icon\" style=\"width: 24px; height: 24px;\"><\/div>\n        <\/div>\n            <div class=\"kksr-star\" style=\"padding-right: 5px\">\n            \n\n<div class=\"kksr-icon\" style=\"width: 24px; height: 24px;\"><\/div>\n        <\/div>\n            <div class=\"kksr-star\" style=\"padding-right: 5px\">\n            \n\n<div class=\"kksr-icon\" style=\"width: 24px; height: 24px;\"><\/div>\n        <\/div>\n            <div class=\"kksr-star\" style=\"padding-right: 5px\">\n            \n\n<div class=\"kksr-icon\" style=\"width: 24px; height: 24px;\"><\/div>\n        <\/div>\n            <div class=\"kksr-star\" style=\"padding-right: 5px\">\n            \n\n<div class=\"kksr-icon\" style=\"width: 24px; height: 24px;\"><\/div>\n        <\/div>\n    <\/div>\n<\/div>\n                \n\n<div class=\"kksr-legend\" style=\"font-size: 19.2px;\">\n            <span class=\"kksr-muted\">Valora este art\u00edculo<\/span>\n    <\/div>\n    <\/div>\n","protected":false},"excerpt":{"rendered":"<p>Si te molestan las arrugas llamadas c\u00f3digos de barras, has de saber que te entendemos (y que no est\u00e1s sola). Lo bueno es que hay muy buenos cosm\u00e9ticos con los que podr\u00e1s combatir su aparici\u00f3n. Es m\u00e1s, en este art\u00edculo de Primor te contamos cu\u00e1les son los mejores productos para combatir las arrugas c\u00f3digo de [&hellip;]<\/p>\n","protected":false},"author":14,"featured_media":105915,"comment_status":"closed","ping_status":"closed","sticky":false,"template":"","format":"standard","meta":{"jnews-multi-image_gallery":[],"jnews_single_post":{"subtitle":"","format":"standard","video":"","gallery":"","source_name":"","source_url":"","via_name":"","via_url":"","override_template":"0","override":[{"template":"1","single_blog_custom":"","parallax":"1","fullscreen":"1","layout":"right-sidebar","sidebar":"home-2","second_sidebar":"default-sidebar","sticky_sidebar":"0","share_position":"float","share_float_style":"share-monocrhome","show_share_counter":"0","show_view_counter":"0","show_featured":"1","show_post_meta":"1","show_post_author":"0","show_post_author_image":"1","show_post_date":"1","post_date_format":"default","post_date_format_custom":"Y\/m\/d","show_post_category":"1","show_post_reading_time":"0","post_reading_time_wpm":"300","show_zoom_button":"0","zoom_button_out_step":"2","zoom_button_in_step":"3","show_post_tag":"0","show_prev_next_post":"0","show_popup_post":"0","number_popup_post":"2","show_author_box":"0","show_post_related":"0","show_inline_post_related":"1"}],"override_image_size":"0","image_override":[{"single_post_thumbnail_size":"no-crop","single_post_gallery_size":"crop-500"}],"trending_post":"0","trending_post_position":"meta","trending_post_label":"Trending","sponsored_post":"0","sponsored_post_label":"Sponsored by","sponsored_post_name":"","sponsored_post_url":"","sponsored_post_logo_enable":"0","sponsored_post_logo":"","sponsored_post_desc":"","disable_ad":"0"},"jnews_primary_category":{"id":"","hide":""},"jnews_social_meta":{"fb_title":"","fb_description":"","fb_image":"","twitter_title":"","twitter_description":"","twitter_image":""},"jnews_override_counter":{"override_view_counter":"0","view_counter_number":"0","override_share_counter":"0","share_counter_number":"0","override_like_counter":"0","like_counter_number":"0","override_dislike_counter":"0","dislike_counter_number":"0"},"footnotes":""},"categories":[29],"tags":[],"class_list":["post-106002","post","type-post","status-publish","format-standard","has-post-thumbnail","hentry","category-cosmetica"],"_links":{"self":[{"href":"https:\/\/www.primor.eu\/blog\/wp-json\/wp\/v2\/posts\/106002","targetHints":{"allow":["GET"]}}],"collection":[{"href":"https:\/\/www.primor.eu\/blog\/wp-json\/wp\/v2\/posts"}],"about":[{"href":"https:\/\/www.primor.eu\/blog\/wp-json\/wp\/v2\/types\/post"}],"author":[{"embeddable":true,"href":"https:\/\/www.primor.eu\/blog\/wp-json\/wp\/v2\/users\/14"}],"replies":[{"embeddable":true,"href":"https:\/\/www.primor.eu\/blog\/wp-json\/wp\/v2\/comments?post=106002"}],"version-history":[{"count":1,"href":"https:\/\/www.primor.eu\/blog\/wp-json\/wp\/v2\/posts\/106002\/revisions"}],"predecessor-version":[{"id":106040,"href":"https:\/\/www.primor.eu\/blog\/wp-json\/wp\/v2\/posts\/106002\/revisions\/106040"}],"wp:featuredmedia":[{"embeddable":true,"href":"https:\/\/www.primor.eu\/blog\/wp-json\/wp\/v2\/media\/105915"}],"wp:attachment":[{"href":"https:\/\/www.primor.eu\/blog\/wp-json\/wp\/v2\/media?parent=106002"}],"wp:term":[{"taxonomy":"category","embeddable":true,"href":"https:\/\/www.primor.eu\/blog\/wp-json\/wp\/v2\/categories?post=106002"},{"taxonomy":"post_tag","embeddable":true,"href":"https:\/\/www.primor.eu\/blog\/wp-json\/wp\/v2\/tags?post=106002"}],"curies":[{"name":"wp","href":"https:\/\/api.w.org\/{rel}","templated":true}]}}