{"id":106000,"date":"2024-06-17T11:53:12","date_gmt":"2024-06-17T11:53:12","guid":{"rendered":"https:\/\/www.primor.eu\/blog\/?p=106000"},"modified":"2024-06-03T15:11:17","modified_gmt":"2024-06-03T15:11:17","slug":"arrugas-codigo-de-barras","status":"publish","type":"post","link":"https:\/\/www.primor.eu\/blog\/arrugas-codigo-de-barras\/","title":{"rendered":"Arrugas de c\u00f3digo de barras: qu\u00e9 son y por qu\u00e9 aparecen"},"content":{"rendered":"\n<p>Las <strong>arrugas c\u00f3digo de barras<\/strong>, tambi\u00e9n conocidas como l\u00edneas verticales alrededor de los labios son molestas, antiest\u00e9ticas y un claro signo de que la edad no pasa en balde para nadie. No obstante, eso no quiere decir que no podamos combatirlas. En este art\u00edculo de Primor te contamos todo lo que deber\u00edas saber sobre las <strong>arrugas c\u00f3digo de barras<\/strong>: qu\u00e9 son y lo m\u00e1s importante, por qu\u00e9 salen.&nbsp;<\/p>\n\n\n\n<h2 class=\"wp-block-heading\">Qu\u00e9 son las arrugas de c\u00f3digo de barras<\/h2>\n\n\n\n<p>Has escuchado hablar de ellas en multitud de ocasiones. Las \"<strong>arrugas c\u00f3digo de barras<\/strong>\" son un t\u00e9rmino coloquial que se refiere a las<strong> finas l\u00edneas verticales<\/strong> que aparecen alrededor de los labios, principalmente en el labio superior. Este tipo de arrugas se asemeja a las l\u00edneas de un c\u00f3digo de barras, de ah\u00ed su nombre. Son m\u00e1s comunes en personas mayores, pero pueden aparecer a cualquier edad debido a varios factores. Para hacerlas desaparecer, lo m\u00e1s eficaz es la <strong>prevenci\u00f3n<\/strong> y tambi\u00e9n algunos <strong>tratamientos eficaces con acci\u00f3n antiarrugas<\/strong>.&nbsp;<\/p>\n\n\n\n<h2 class=\"wp-block-heading\">Por qu\u00e9 salen las arrugas de c\u00f3digo de barras<\/h2>\n\n\n\n<p>Por muchos motivos, entre ellos debido al:<\/p>\n\n\n\n<ul class=\"wp-block-list\">\n<li><strong>Envejecimiento cut\u00e1neo.<\/strong> No es lo que quieres leer, pero es lo que hay. A medida que envejecemos, la producci\u00f3n de col\u00e1geno y elastina en la piel disminuye. Estas prote\u00ednas son responsables de mantener la piel firme y el\u00e1stica. Por lo que, la piel alrededor de los labios puede volverse m\u00e1s delgada y propensa a las arrugas.<\/li>\n\n\n\n<li><strong>Exposici\u00f3n al sol.<\/strong> Te hemos dicho que el sol es malo. La exposici\u00f3n excesiva a los rayos ultravioleta (UV) del sol puede da\u00f1ar las fibras de col\u00e1geno y elastina en la piel. Con el tiempo, este da\u00f1o puede llevar a una p\u00e9rdida de elasticidad y a la formaci\u00f3n de arrugas, incluidas las arrugas c\u00f3digo de barras.<\/li>\n\n\n\n<li><strong>Movimientos repetitivos. <\/strong>Es una movida, porque no se puede evitar, pero has de saberlo. Algunas acciones cotidianas, como fruncir los labios, beber con pajita o fumar, implican movimientos repetitivos que pueden contribuir a la formaci\u00f3n de arrugas alrededor de los labios.<\/li>\n\n\n\n<li><strong>Tabaquismo<\/strong>. No se iba a quedar atr\u00e1s, porque fumar no solo causa da\u00f1o a la salud en general, sino que tambi\u00e9n puede acelerar el proceso de envejecimiento de la piel. Los productos qu\u00edmicos presentes en el humo del cigarrillo pueden da\u00f1ar la piel y reducir la circulaci\u00f3n sangu\u00ednea, lo que puede contribuir a la formaci\u00f3n de arrugas, incluidas las arrugas c\u00f3digo de barras.<\/li>\n\n\n\n<li><strong>Gen\u00e9tica<\/strong>. Es un papel fundamental en la salud y el envejecimiento de la piel. Algunas personas pueden tener una mayor tendencia a desarrollar arrugas c\u00f3digo de barras debido a factores gen\u00e9ticos.<\/li>\n\n\n\n<li><strong>P\u00e9rdida de volumen facial.<\/strong> Aunque esto es debido al envejecimiento, ya que tambi\u00e9n se produce una p\u00e9rdida de grasa y volumen en el rostro, haciendo que las arrugas alrededor de los labios sean m\u00e1s prominentes.<\/li>\n\n\n\n<li><strong>Deshidrataci\u00f3n<\/strong>. Ojo, porque esto lo puedes paliar. La piel deshidratada tiende a mostrar m\u00e1s f\u00e1cilmente signos de envejecimiento, incluidas las arrugas. Mantener la piel bien hidratada puede ayudar a prevenir la formaci\u00f3n de arrugas y minimizar su apariencia.<\/li>\n<\/ul>\n\n\n<div class=\"kk-star-ratings kksr-auto kksr-align-center kksr-valign-bottom\"\n    data-payload='{&quot;align&quot;:&quot;center&quot;,&quot;id&quot;:&quot;106000&quot;,&quot;slug&quot;:&quot;default&quot;,&quot;valign&quot;:&quot;bottom&quot;,&quot;ignore&quot;:&quot;&quot;,&quot;reference&quot;:&quot;auto&quot;,&quot;class&quot;:&quot;&quot;,&quot;count&quot;:&quot;1&quot;,&quot;legendonly&quot;:&quot;&quot;,&quot;readonly&quot;:&quot;&quot;,&quot;score&quot;:&quot;5&quot;,&quot;starsonly&quot;:&quot;&quot;,&quot;best&quot;:&quot;5&quot;,&quot;gap&quot;:&quot;5&quot;,&quot;greet&quot;:&quot;Valora este art\u00edculo&quot;,&quot;legend&quot;:&quot;5\\\/5 - (1 voto)&quot;,&quot;size&quot;:&quot;24&quot;,&quot;title&quot;:&quot;Arrugas de c\u00f3digo de barras: qu\u00e9 son y por qu\u00e9 aparecen&quot;,&quot;width&quot;:&quot;142.5&quot;,&quot;_legend&quot;:&quot;{score}\\\/{best} - ({count} {votes})&quot;,&quot;font_factor&quot;:&quot;1.25&quot;}'>\n            \n<div class=\"kksr-stars\">\n    \n<div class=\"kksr-stars-inactive\">\n            <div class=\"kksr-star\" data-star=\"1\" style=\"padding-right: 5px\">\n            \n\n<div class=\"kksr-icon\" style=\"width: 24px; height: 24px;\"><\/div>\n        <\/div>\n            <div class=\"kksr-star\" data-star=\"2\" style=\"padding-right: 5px\">\n            \n\n<div class=\"kksr-icon\" style=\"width: 24px; height: 24px;\"><\/div>\n        <\/div>\n            <div class=\"kksr-star\" data-star=\"3\" style=\"padding-right: 5px\">\n            \n\n<div class=\"kksr-icon\" style=\"width: 24px; height: 24px;\"><\/div>\n        <\/div>\n            <div class=\"kksr-star\" data-star=\"4\" style=\"padding-right: 5px\">\n            \n\n<div class=\"kksr-icon\" style=\"width: 24px; height: 24px;\"><\/div>\n        <\/div>\n            <div class=\"kksr-star\" data-star=\"5\" style=\"padding-right: 5px\">\n            \n\n<div class=\"kksr-icon\" style=\"width: 24px; height: 24px;\"><\/div>\n        <\/div>\n    <\/div>\n    \n<div class=\"kksr-stars-active\" style=\"width: 142.5px;\">\n            <div class=\"kksr-star\" style=\"padding-right: 5px\">\n            \n\n<div class=\"kksr-icon\" style=\"width: 24px; height: 24px;\"><\/div>\n        <\/div>\n            <div class=\"kksr-star\" style=\"padding-right: 5px\">\n            \n\n<div class=\"kksr-icon\" style=\"width: 24px; height: 24px;\"><\/div>\n        <\/div>\n            <div class=\"kksr-star\" style=\"padding-right: 5px\">\n            \n\n<div class=\"kksr-icon\" style=\"width: 24px; height: 24px;\"><\/div>\n        <\/div>\n            <div class=\"kksr-star\" style=\"padding-right: 5px\">\n            \n\n<div class=\"kksr-icon\" style=\"width: 24px; height: 24px;\"><\/div>\n        <\/div>\n            <div class=\"kksr-star\" style=\"padding-right: 5px\">\n            \n\n<div class=\"kksr-icon\" style=\"width: 24px; height: 24px;\"><\/div>\n        <\/div>\n    <\/div>\n<\/div>\n                \n\n<div class=\"kksr-legend\" style=\"font-size: 19.2px;\">\n            5\/5 - (1 voto)    <\/div>\n    <\/div>\n","protected":false},"excerpt":{"rendered":"<p>Las arrugas c\u00f3digo de barras, tambi\u00e9n conocidas como l\u00edneas verticales alrededor de los labios son molestas, antiest\u00e9ticas y un claro signo de que la edad no pasa en balde para nadie. No obstante, eso no quiere decir que no podamos combatirlas. En este art\u00edculo de Primor te contamos todo lo que deber\u00edas saber sobre las [&hellip;]<\/p>\n","protected":false},"author":14,"featured_media":105914,"comment_status":"closed","ping_status":"closed","sticky":false,"template":"","format":"standard","meta":{"jnews-multi-image_gallery":[],"jnews_single_post":{"subtitle":"","format":"standard","video":"","gallery":"","source_name":"","source_url":"","via_name":"","via_url":"","override_template":"0","override":[{"template":"1","single_blog_custom":"","parallax":"1","fullscreen":"1","layout":"right-sidebar","sidebar":"home-2","second_sidebar":"default-sidebar","sticky_sidebar":"0","share_position":"float","share_float_style":"share-monocrhome","show_share_counter":"0","show_view_counter":"0","show_featured":"1","show_post_meta":"1","show_post_author":"0","show_post_author_image":"1","show_post_date":"1","post_date_format":"default","post_date_format_custom":"Y\/m\/d","show_post_category":"1","show_post_reading_time":"0","post_reading_time_wpm":"300","show_zoom_button":"0","zoom_button_out_step":"2","zoom_button_in_step":"3","show_post_tag":"0","show_prev_next_post":"0","show_popup_post":"0","number_popup_post":"2","show_author_box":"0","show_post_related":"0","show_inline_post_related":"1"}],"override_image_size":"0","image_override":[{"single_post_thumbnail_size":"no-crop","single_post_gallery_size":"crop-500"}],"trending_post":"0","trending_post_position":"meta","trending_post_label":"Trending","sponsored_post":"0","sponsored_post_label":"Sponsored by","sponsored_post_name":"","sponsored_post_url":"","sponsored_post_logo_enable":"0","sponsored_post_logo":"","sponsored_post_desc":"","disable_ad":"0"},"jnews_primary_category":{"id":"","hide":""},"jnews_social_meta":{"fb_title":"","fb_description":"","fb_image":"","twitter_title":"","twitter_description":"","twitter_image":""},"jnews_override_counter":{"override_view_counter":"0","view_counter_number":"0","override_share_counter":"0","share_counter_number":"0","override_like_counter":"0","like_counter_number":"0","override_dislike_counter":"0","dislike_counter_number":"0"},"footnotes":""},"categories":[6303],"tags":[],"class_list":["post-106000","post","type-post","status-publish","format-standard","has-post-thumbnail","hentry","category-trucos-de-belleza"],"_links":{"self":[{"href":"https:\/\/www.primor.eu\/blog\/wp-json\/wp\/v2\/posts\/106000","targetHints":{"allow":["GET"]}}],"collection":[{"href":"https:\/\/www.primor.eu\/blog\/wp-json\/wp\/v2\/posts"}],"about":[{"href":"https:\/\/www.primor.eu\/blog\/wp-json\/wp\/v2\/types\/post"}],"author":[{"embeddable":true,"href":"https:\/\/www.primor.eu\/blog\/wp-json\/wp\/v2\/users\/14"}],"replies":[{"embeddable":true,"href":"https:\/\/www.primor.eu\/blog\/wp-json\/wp\/v2\/comments?post=106000"}],"version-history":[{"count":1,"href":"https:\/\/www.primor.eu\/blog\/wp-json\/wp\/v2\/posts\/106000\/revisions"}],"predecessor-version":[{"id":106006,"href":"https:\/\/www.primor.eu\/blog\/wp-json\/wp\/v2\/posts\/106000\/revisions\/106006"}],"wp:featuredmedia":[{"embeddable":true,"href":"https:\/\/www.primor.eu\/blog\/wp-json\/wp\/v2\/media\/105914"}],"wp:attachment":[{"href":"https:\/\/www.primor.eu\/blog\/wp-json\/wp\/v2\/media?parent=106000"}],"wp:term":[{"taxonomy":"category","embeddable":true,"href":"https:\/\/www.primor.eu\/blog\/wp-json\/wp\/v2\/categories?post=106000"},{"taxonomy":"post_tag","embeddable":true,"href":"https:\/\/www.primor.eu\/blog\/wp-json\/wp\/v2\/tags?post=106000"}],"curies":[{"name":"wp","href":"https:\/\/api.w.org\/{rel}","templated":true}]}}