{"id":105523,"date":"2024-06-01T14:00:00","date_gmt":"2024-06-01T14:00:00","guid":{"rendered":"https:\/\/www.primor.eu\/blog\/?p=105523"},"modified":"2025-09-12T10:46:10","modified_gmt":"2025-09-12T10:46:10","slug":"limpiar-maquinilla-electrica","status":"publish","type":"post","link":"https:\/\/www.primor.eu\/blog\/limpiar-maquinilla-electrica\/","title":{"rendered":"C\u00f3mo debes limpiar tu maquinilla el\u00e9ctrica"},"content":{"rendered":"\n<p><strong>Limpiar tu <\/strong><a href=\"https:\/\/www.primor.eu\/blog\/mejores-maquinillas-afeitar\/\" data-type=\"link\" data-id=\"https:\/\/www.primor.eu\/blog\/mejores-maquinillas-afeitar\/\"><strong>maquinilla el\u00e9ctrica<\/strong> <\/a>en ocasiones no es tarea sencilla. Por eso te contamos c\u00f3mo limpiar tu maquinilla el\u00e9ctrica <strong>despu\u00e9s del afeitado<\/strong>, adem\u00e1s de c\u00f3mo <strong>eliminar los pelos<\/strong> que quedan atascados en ella. Y es que no tienes que renunciar a afeitarse con maquinilla el\u00e9ctrica por todas las ventajas que conlleva, como los cortes que evitas y que suelen darse con cuchillas. Te contamos c\u00f3mo limpiar tu maquinilla el\u00e9ctrica a fondo y c\u00f3mo mantenerla.<\/p>\n\n\n\n<h2 class=\"wp-block-heading\">Limpiar tu maquinilla el\u00e9ctrica en profundidad: consejos<\/h2>\n\n\n\n<p><strong>Limpiar tu maquinilla el\u00e9ctrica<\/strong> a fondo de vez en cuando no solo garantiza un afeitado m\u00e1s c\u00f3modo y eficiente, sino que tambi\u00e9n <strong>prolonga la vida \u00fatil <\/strong>del dispositivo. Por eso te vamos a dar unos pasos para cuando necesites una apuesta a punto para este gadget cl\u00e1sico y que siempre est\u00e9 listo para servirte:<\/p>\n\n\n\n<ul class=\"wp-block-list\">\n<li><strong>Desmonta la maquinilla<\/strong>: hazlo siguiendo las instrucciones del fabricante si las hubiera. Aseg\u00farate de que la maquinilla de afeitar est\u00e9 apagada y desconectada de cualquier fuente de alimentaci\u00f3n. La mayor\u00eda de las maquinillas de afeitar el\u00e9ctricas tienen una tapa que cubre el cabezal de corte. Ret\u00edrala con cuidado.<\/li>\n\n\n\n<li><strong>Luego separa el resto de los componentes<\/strong>: como el cabezal de corte y las cuchillas. Consulta el manual de usuario para saber c\u00f3mo hacerlo correctamente sin da\u00f1ar ninguna pieza en caso de que lo tengas a mano.<\/li>\n\n\n\n<li><strong>Limpia los pelos del cabezal<\/strong>: una vez desmontada es sencillo acceder a los pelos que se van quedando atascados en el cabezal. Tambi\u00e9n hazlo con las cuchillas y aseg\u00farate de que no quedan pelos antes de continuar.&nbsp;<\/li>\n\n\n\n<li><strong>Usa un cepillo de limpieza<\/strong>: el peque\u00f1o cepillo de limpieza que suele venir con la maquinilla es, precisamente, para eliminar los pelos. Cepilla suavemente entre las cuchillas y en todas las \u00e1reas donde se acumulan los restos de pelo. Esta operaci\u00f3n la puedes hacer a diario cuando veas que se van acumulando pelos y, si puedes, sin necesidad de desmontar la maquinilla.&nbsp;<\/li>\n\n\n\n<li><strong>Usa un aspirador de aire<\/strong>: para soplar los pelos y otros residuos atrapados en el interior del cabezal. Esto es muy recomendable de vez en cuando para que no se estropee tu maquinilla.&nbsp;<\/li>\n\n\n\n<li><strong>Lava tu maquinilla con agua<\/strong>: en caso de que sea resistente al agua. Puedes enjuagar el cabezal y las cuchillas bajo el grifo para una limpieza m\u00e1s efectiva. Eso s\u00ed, utiliza agua tibia para enjuagar las piezas desmontadas para no estropear la maquinilla. Esto eliminar\u00e1 otros residuos adem\u00e1s de los pelos como el jab\u00f3n.&nbsp;<\/li>\n\n\n\n<li><strong>Seca la maquinilla si la has mojado<\/strong> y sacude para ello suavemente las piezas para eliminar el exceso de agua. Luego d\u00e9jalas secar al aire completamente antes de volver a montarlas.<\/li>\n\n\n\n<li><strong>Recurre a limpiadores especializados<\/strong>: en caso de que todos estos consejos no sean suficientes para limpiar tu maquinilla el\u00e9ctrica. Algunas maquinillas de afeitar el\u00e9ctricas vienen con estaciones de limpieza y soluciones especializadas que facilitan la tarea de mantenerlas limpias.<\/li>\n<\/ul>\n\n\n\n<h2 class=\"wp-block-heading\">Limpiar tu maquinilla el\u00e9ctrica: quitar los pelos<\/h2>\n\n\n\n<p>Limpiar tu maquinilla de afeitar el\u00e9ctrica a menudo significa tenerla en perfectas condiciones, es importante realizar una limpieza regular. Te contamos c\u00f3mo hacerlo sencillamente:<\/p>\n\n\n\n<ul class=\"wp-block-list\">\n<li><strong>Limpieza profunda semanal<\/strong>: es muy recomendable realizar una limpieza m\u00e1s exhaustiva una vez a la semana, siguiendo los pasos detallados anteriormente para que no queden los pelos atascados.&nbsp;<\/li>\n\n\n\n<li><strong>Utiliza el cepillo<\/strong>: para eliminar los pelos cada vez que te afeites sobre todo si tienes la barba larga. De este modo no tendr\u00e1s que limpiar la maquinilla de afeitar a fondo cuando ya no haya marcha atr\u00e1s.<\/li>\n\n\n\n<li><strong>Usa un peque\u00f1o aspirador de aire<\/strong>: cuando veas que los pelos est\u00e1n muy estancados en el cabezal y quieras evitar que el estancamiento de tu maquinilla vaya a m\u00e1s. Puede ser uno de esos aspiradores de mano que utilizamos para aspirar los rincones del coche.<\/li>\n<\/ul>\n\n\n\n<h2 class=\"wp-block-heading\">Una buena opci\u00f3n de maquinilla el\u00e9ctrica de nuestra tienda<\/h2>\n\n\n\n<h3 class=\"wp-block-heading\">Afeitadora de cabeza y rostro recargable para hombres de Flawless<\/h3>\n\n\n\n<p>Cuenta con cinco cabezales flotantes de acero inoxidable con recubrimiento de titanio que se adaptan de manera independiente a las curvas de tu cabeza, ofreciendo una experiencia de afeitado m\u00e1s c\u00f3moda y segura. Es resistente al agua, lo que permite usarla en seco o mojado. Adem\u00e1s, incorpora un dep\u00f3sito que captura el cabello cortado, facilitando la limpieza tras cada uso.<\/p>\n\n\n\n<p>La bater\u00eda de litio ofrece 80 minutos de funcionamiento continuo con una sola carga, ideal para un uso prolongado y pr\u00e1ctico.<\/p>\n\n\n    <a class='product' target='_blank' href='https:\/\/www.primor.eu\/es_es\/flawless-afeitadora-de-cabeza-y-rostro-recargable-para-hombres-115300.html'>\r\n        <img loading='async' src='https:\/\/cdn2.primor.eu\/media\/catalog\/product\/cache\/8d3aba296f7a18b5251ee30fa5db42b2\/M\/T\/MT_Titanium_Head_Shaver_device__pack_ES_7216.jpg' alt='COMPRAR AHORA'>\r\n            <div class=\"claim\">\r\n                COMPRAR AHORA            <\/div>\r\n        <\/a>\r\n    \n\n<div class=\"kk-star-ratings kksr-auto kksr-align-center kksr-valign-bottom\"\n    data-payload='{&quot;align&quot;:&quot;center&quot;,&quot;id&quot;:&quot;105523&quot;,&quot;slug&quot;:&quot;default&quot;,&quot;valign&quot;:&quot;bottom&quot;,&quot;ignore&quot;:&quot;&quot;,&quot;reference&quot;:&quot;auto&quot;,&quot;class&quot;:&quot;&quot;,&quot;count&quot;:&quot;1&quot;,&quot;legendonly&quot;:&quot;&quot;,&quot;readonly&quot;:&quot;&quot;,&quot;score&quot;:&quot;5&quot;,&quot;starsonly&quot;:&quot;&quot;,&quot;best&quot;:&quot;5&quot;,&quot;gap&quot;:&quot;5&quot;,&quot;greet&quot;:&quot;Valora este art\u00edculo&quot;,&quot;legend&quot;:&quot;5\\\/5 - (1 voto)&quot;,&quot;size&quot;:&quot;24&quot;,&quot;title&quot;:&quot;C\u00f3mo debes limpiar tu maquinilla el\u00e9ctrica&quot;,&quot;width&quot;:&quot;142.5&quot;,&quot;_legend&quot;:&quot;{score}\\\/{best} - ({count} {votes})&quot;,&quot;font_factor&quot;:&quot;1.25&quot;}'>\n            \n<div class=\"kksr-stars\">\n    \n<div class=\"kksr-stars-inactive\">\n            <div class=\"kksr-star\" data-star=\"1\" style=\"padding-right: 5px\">\n            \n\n<div class=\"kksr-icon\" style=\"width: 24px; height: 24px;\"><\/div>\n        <\/div>\n            <div class=\"kksr-star\" data-star=\"2\" style=\"padding-right: 5px\">\n            \n\n<div class=\"kksr-icon\" style=\"width: 24px; height: 24px;\"><\/div>\n        <\/div>\n            <div class=\"kksr-star\" data-star=\"3\" style=\"padding-right: 5px\">\n            \n\n<div class=\"kksr-icon\" style=\"width: 24px; height: 24px;\"><\/div>\n        <\/div>\n            <div class=\"kksr-star\" data-star=\"4\" style=\"padding-right: 5px\">\n            \n\n<div class=\"kksr-icon\" style=\"width: 24px; height: 24px;\"><\/div>\n        <\/div>\n            <div class=\"kksr-star\" data-star=\"5\" style=\"padding-right: 5px\">\n            \n\n<div class=\"kksr-icon\" style=\"width: 24px; height: 24px;\"><\/div>\n        <\/div>\n    <\/div>\n    \n<div class=\"kksr-stars-active\" style=\"width: 142.5px;\">\n            <div class=\"kksr-star\" style=\"padding-right: 5px\">\n            \n\n<div class=\"kksr-icon\" style=\"width: 24px; height: 24px;\"><\/div>\n        <\/div>\n            <div class=\"kksr-star\" style=\"padding-right: 5px\">\n            \n\n<div class=\"kksr-icon\" style=\"width: 24px; height: 24px;\"><\/div>\n        <\/div>\n            <div class=\"kksr-star\" style=\"padding-right: 5px\">\n            \n\n<div class=\"kksr-icon\" style=\"width: 24px; height: 24px;\"><\/div>\n        <\/div>\n            <div class=\"kksr-star\" style=\"padding-right: 5px\">\n            \n\n<div class=\"kksr-icon\" style=\"width: 24px; height: 24px;\"><\/div>\n        <\/div>\n            <div class=\"kksr-star\" style=\"padding-right: 5px\">\n            \n\n<div class=\"kksr-icon\" style=\"width: 24px; height: 24px;\"><\/div>\n        <\/div>\n    <\/div>\n<\/div>\n                \n\n<div class=\"kksr-legend\" style=\"font-size: 19.2px;\">\n            5\/5 - (1 voto)    <\/div>\n    <\/div>\n","protected":false},"excerpt":{"rendered":"<p>Limpiar tu maquinilla el\u00e9ctrica en ocasiones no es tarea sencilla. Por eso te contamos c\u00f3mo limpiar tu maquinilla el\u00e9ctrica despu\u00e9s del afeitado, adem\u00e1s de c\u00f3mo eliminar los pelos que quedan atascados en ella. Y es que no tienes que renunciar a afeitarse con maquinilla el\u00e9ctrica por todas las ventajas que conlleva, como los cortes que [&hellip;]<\/p>\n","protected":false},"author":30,"featured_media":105528,"comment_status":"closed","ping_status":"closed","sticky":false,"template":"","format":"standard","meta":{"jnews-multi-image_gallery":[],"jnews_single_post":{"subtitle":"","format":"standard","video":"","gallery":"","source_name":"","source_url":"","via_name":"","via_url":"","override_template":"0","override":[{"template":"1","single_blog_custom":"","parallax":"1","fullscreen":"1","layout":"right-sidebar","sidebar":"home-2","second_sidebar":"default-sidebar","sticky_sidebar":"0","share_position":"float","share_float_style":"share-monocrhome","show_share_counter":"0","show_view_counter":"0","show_featured":"1","show_post_meta":"1","show_post_author":"0","show_post_author_image":"1","show_post_date":"1","post_date_format":"default","post_date_format_custom":"Y\/m\/d","show_post_category":"1","show_post_reading_time":"0","post_reading_time_wpm":"300","show_zoom_button":"0","zoom_button_out_step":"2","zoom_button_in_step":"3","show_post_tag":"0","show_prev_next_post":"0","show_popup_post":"0","number_popup_post":"2","show_author_box":"0","show_post_related":"0","show_inline_post_related":"1"}],"override_image_size":"0","image_override":[{"single_post_thumbnail_size":"no-crop","single_post_gallery_size":"crop-500"}],"trending_post":"0","trending_post_position":"meta","trending_post_label":"Trending","sponsored_post":"0","sponsored_post_label":"Sponsored by","sponsored_post_name":"","sponsored_post_url":"","sponsored_post_logo_enable":"0","sponsored_post_logo":"","sponsored_post_desc":"","disable_ad":"0"},"jnews_primary_category":{"id":"","hide":""},"jnews_social_meta":{"fb_title":"","fb_description":"","fb_image":"","twitter_title":"","twitter_description":"","twitter_image":""},"jnews_override_counter":{"override_view_counter":"0","view_counter_number":"0","override_share_counter":"0","share_counter_number":"0","override_like_counter":"0","like_counter_number":"0","override_dislike_counter":"0","dislike_counter_number":"0"},"footnotes":""},"categories":[6311],"tags":[],"class_list":["post-105523","post","type-post","status-publish","format-standard","has-post-thumbnail","hentry","category-hombres"],"_links":{"self":[{"href":"https:\/\/www.primor.eu\/blog\/wp-json\/wp\/v2\/posts\/105523","targetHints":{"allow":["GET"]}}],"collection":[{"href":"https:\/\/www.primor.eu\/blog\/wp-json\/wp\/v2\/posts"}],"about":[{"href":"https:\/\/www.primor.eu\/blog\/wp-json\/wp\/v2\/types\/post"}],"author":[{"embeddable":true,"href":"https:\/\/www.primor.eu\/blog\/wp-json\/wp\/v2\/users\/30"}],"replies":[{"embeddable":true,"href":"https:\/\/www.primor.eu\/blog\/wp-json\/wp\/v2\/comments?post=105523"}],"version-history":[{"count":3,"href":"https:\/\/www.primor.eu\/blog\/wp-json\/wp\/v2\/posts\/105523\/revisions"}],"predecessor-version":[{"id":132064,"href":"https:\/\/www.primor.eu\/blog\/wp-json\/wp\/v2\/posts\/105523\/revisions\/132064"}],"wp:featuredmedia":[{"embeddable":true,"href":"https:\/\/www.primor.eu\/blog\/wp-json\/wp\/v2\/media\/105528"}],"wp:attachment":[{"href":"https:\/\/www.primor.eu\/blog\/wp-json\/wp\/v2\/media?parent=105523"}],"wp:term":[{"taxonomy":"category","embeddable":true,"href":"https:\/\/www.primor.eu\/blog\/wp-json\/wp\/v2\/categories?post=105523"},{"taxonomy":"post_tag","embeddable":true,"href":"https:\/\/www.primor.eu\/blog\/wp-json\/wp\/v2\/tags?post=105523"}],"curies":[{"name":"wp","href":"https:\/\/api.w.org\/{rel}","templated":true}]}}