{"id":105070,"date":"2024-05-26T14:00:00","date_gmt":"2024-05-26T14:00:00","guid":{"rendered":"https:\/\/www.primor.eu\/blog\/?p=105070"},"modified":"2024-05-19T09:13:32","modified_gmt":"2024-05-19T09:13:32","slug":"mejores-productos-consejos-limpiar-poros-nariz","status":"publish","type":"post","link":"https:\/\/www.primor.eu\/blog\/mejores-productos-consejos-limpiar-poros-nariz\/","title":{"rendered":"Limpiar los poros de la nariz: los mejores productos y los consejos que debes seguir"},"content":{"rendered":"\n<p><strong>Limpiar los <\/strong><a href=\"https:\/\/www.primor.eu\/blog\/mejores-trucos-productos-quitar-grasa-nariz\/\" data-type=\"link\" data-id=\"https:\/\/www.primor.eu\/blog\/mejores-trucos-productos-quitar-grasa-nariz\/\"><strong>poros de la nariz<\/strong> <\/a>es algo que puedes hacer <strong>en casa <\/strong>siguiendo los consejos que te vamos a dar. Ir al sal\u00f3n de belleza no siempre es una opci\u00f3n viable para ti. Ya sea porque <strong>no tienes tiempo <\/strong>suficiente o porque<strong> prefieres ahorrar<\/strong>, la opci\u00f3n de limpiar los poros de la nariz en casa es viable sin tener que recurrir a una limpieza de cutis profesional. Eso s\u00ed, es esencial que para prevenir esos poros o puntos negros que aparecen en la nariz, te conciencies y comprometas con seguir una<strong> rutina de cuidado y limpieza<\/strong> diaria. Te damos <strong>claves<\/strong> para hacerlo y te recomendamos los<strong> mejores productos <\/strong>para ello.<\/p>\n\n\n\n<h2 class=\"wp-block-heading\">Consejos para limpiar los poros de la nariz<\/h2>\n\n\n\n<p>Para limpiar los poros de la nariz es suficiente con tener algunos productos espec\u00edficos. Cuando el problema es recurrente o los poros se resisten, hay algunos consejos adicionales que deber\u00edas seguir. Son los siguientes:&nbsp;<\/p>\n\n\n\n<ul class=\"wp-block-list\">\n<li><strong>Limpia tu piel a diario<\/strong>: la limpieza diaria dos veces al d\u00eda es esencial para que no se acumule sebo y suciedad en tus poros. Sobre todo si vives en la ciudad, debes comprender que la contaminaci\u00f3n ensucia tu cutis y se va incrustando en los poros. Elige un jab\u00f3n natural neutro o un limpiador facial espec\u00edfico seg\u00fan tus preferencias y limpia tu cutis por la ma\u00f1ana para eliminar la grasa que se genera por la noche y, por la noche, para deshacerte del maquillaje o la suciedad.&nbsp;<\/li>\n\n\n\n<li><strong>Exfolia tu piel<\/strong>: puedes hacerlo con exfoliantes comerciales adecuados para tu tipo de piel o con un exfoliante natural que t\u00fa misma hagas. Si prefieres la segunda opci\u00f3n, puedes limpiar los poros de la nariz elaborando un exfoliante casero con az\u00facar y aceite de coco. Si tu piel es muy sensible prueba con otros productos m\u00e1s suaves para mezclar con el aceite de coco (que har\u00e1 de base) como el salvado de avena. Aplica agua con la mezcla como si se tratarse de un exfoliante comercial.<\/li>\n\n\n\n<li><strong>Recurre a los ba\u00f1os de vapor facial<\/strong>: son geniales para limpiar los poros de la nariz cuando se trata de un punto negro de esos que se resisten. Hierve el agua y ponla en un bowl o d\u00e9jala en la misma olla. Cubre tu cabeza con una toalla y aguanta con la cara sobre el agua. Puedes aguantar unos cinco minutos descansando cuando lo necesites para no quemarte.<\/li>\n\n\n\n<li><strong>Usa limpiadores de poros<\/strong>: en el mercado encontrar\u00e1s desde limpiadores en formato exfoliante o mascarilla, hasta tiras para la nariz o gadgets que funcionan como extractores de puntos negros. A continuaci\u00f3n te recomendamos los mejores de nuestra tienda.&nbsp;<\/li>\n<\/ul>\n\n\n\n<h2 class=\"wp-block-heading\">Los mejores productos para limpiar los poros de la nariz<\/h2>\n\n\n        <product-table class=\"pr-slider\">\r\n            <product-headers class=\"grid-table-rows\">\r\n                <div>Foto<\/div>\r\n                <div>Producto<\/div>\r\n                <div>Marca<\/div>\r\n                <div>Valoraciones<\/div>\r\n                <div>Precio<\/div>\r\n            <\/product-headers>\r\n\r\n            <product-list>\r\n                                    <a href=\"https:\/\/www.primor.eu\/es_es\/garnier-pure-active-carbon-tiras-anti-puntos-negros-27907.html\" class=\"product-item grid-table-rows\" target=\"_blank\">\r\n                        <div>\r\n                            <img decoding=\"async\" class=\"product-img\" width=\"80px\" height=\"80px\" src=\"https:\/\/www.primor.eu\/blog\/wp-content\/uploads\/2024\/05\/0TF15639_1_d946.jpg\" alt=\"Garnier Pure Active Carb\u00f3n Tiras Anti Puntos Negros\">\r\n                        <\/div>\r\n\r\n                        <!-- Contenido de producto  -->\r\n                        <div>\r\n                            <div class=\"product-position\">\r\n                                #1 Top Ventas                            <\/div>\r\n\r\n                            <h2>\r\n                                Garnier Pure Active Carb\u00f3n Tiras Anti Puntos Negros                            <\/h2>\r\n                        <\/div>\r\n\r\n                        <!-- Imagen y\/o nombre de la marca -->\r\n                        <div>\r\n                                                            <img decoding=\"async\" width=\"70\" src=\"https:\/\/www.primor.eu\/blog\/wp-content\/uploads\/2023\/08\/Garnier.jpg\" alt=\"84305\">\r\n                                                    <\/div>\r\n\r\n                        <!-- Puntuaci\u00f3n del producto  -->\r\n                        <div class=\"rating\">\r\n                                                            <div class=\"rate\" style=\"--p:85.2;\"><\/div>\r\n                                <b>4.26\/5<\/b>\r\n                                <div class=\"rate-stars\">\r\n                                                                            <div\r\n                                            class=\"rate-star  \">\r\n                                        <\/div>\r\n                                                                            <div\r\n                                            class=\"rate-star  \">\r\n                                        <\/div>\r\n                                                                            <div\r\n                                            class=\"rate-star  \">\r\n                                        <\/div>\r\n                                                                            <div\r\n                                            class=\"rate-star  \">\r\n                                        <\/div>\r\n                                                                            <div\r\n                                            class=\"rate-star  \">\r\n                                        <\/div>\r\n                                                                    <\/div>\r\n                                                    <\/div>\r\n\r\n                        <!-- Bot\u00f3n de producto  -->\r\n                        <div>\r\n                            <span class=\"price-claim\">\r\n                                VER PRECIO                            <\/span>\r\n                        <\/div>\r\n                    <\/a>\r\n                                    <a href=\"https:\/\/www.primor.eu\/es_es\/montagne-jeunesse-pore-strips-tiras-para-puntos-negros-27678.html\" class=\"product-item grid-table-rows\" target=\"_blank\">\r\n                        <div>\r\n                            <img decoding=\"async\" class=\"product-img\" width=\"80px\" height=\"80px\" src=\"https:\/\/www.primor.eu\/blog\/wp-content\/uploads\/2024\/05\/0TF06697_1_6372.jpg\" alt=\"Montagne Jeunesse Pore Strips Tiras Para Puntos Negros\">\r\n                        <\/div>\r\n\r\n                        <!-- Contenido de producto  -->\r\n                        <div>\r\n                            <div class=\"product-position\">\r\n                                #2                            <\/div>\r\n\r\n                            <h2>\r\n                                Montagne Jeunesse Pore Strips Tiras Para Puntos Negros                            <\/h2>\r\n                        <\/div>\r\n\r\n                        <!-- Imagen y\/o nombre de la marca -->\r\n                        <div>\r\n                                                            <img decoding=\"async\" width=\"70\" src=\"https:\/\/www.primor.eu\/blog\/wp-content\/uploads\/2024\/03\/montagne_jeunesse_Personalizado_1_.png\" alt=\"99442\">\r\n                                                    <\/div>\r\n\r\n                        <!-- Puntuaci\u00f3n del producto  -->\r\n                        <div class=\"rating\">\r\n                                                            <div class=\"rate\" style=\"--p:76.4;\"><\/div>\r\n                                <b>3.82\/5<\/b>\r\n                                <div class=\"rate-stars\">\r\n                                                                            <div\r\n                                            class=\"rate-star  \">\r\n                                        <\/div>\r\n                                                                            <div\r\n                                            class=\"rate-star  \">\r\n                                        <\/div>\r\n                                                                            <div\r\n                                            class=\"rate-star  \">\r\n                                        <\/div>\r\n                                                                            <div\r\n                                            class=\"rate-star  \">\r\n                                        <\/div>\r\n                                                                            <div\r\n                                            class=\"rate-star disable \">\r\n                                        <\/div>\r\n                                                                    <\/div>\r\n                                                    <\/div>\r\n\r\n                        <!-- Bot\u00f3n de producto  -->\r\n                        <div>\r\n                            <span class=\"price-claim\">\r\n                                VER PRECIO                            <\/span>\r\n                        <\/div>\r\n                    <\/a>\r\n                                    <a href=\"https:\/\/www.primor.eu\/es_es\/under-the-rainbow-limpiador-de-puntos-negros-electrico-96645.html\" class=\"product-item grid-table-rows\" target=\"_blank\">\r\n                        <div>\r\n                            <img decoding=\"async\" class=\"product-img\" width=\"80px\" height=\"80px\" src=\"https:\/\/www.primor.eu\/blog\/wp-content\/uploads\/2024\/04\/8435722404546_a191.jpg\" alt=\"Under The Rainbow Limpiador de Puntos Negros El\u00e9ctrico\">\r\n                        <\/div>\r\n\r\n                        <!-- Contenido de producto  -->\r\n                        <div>\r\n                            <div class=\"product-position\">\r\n                                #3                            <\/div>\r\n\r\n                            <h2>\r\n                                Under The Rainbow Limpiador de Puntos Negros El\u00e9ctrico                            <\/h2>\r\n                        <\/div>\r\n\r\n                        <!-- Imagen y\/o nombre de la marca -->\r\n                        <div>\r\n                                                            <img decoding=\"async\" width=\"70\" src=\"https:\/\/www.primor.eu\/blog\/wp-content\/uploads\/2024\/04\/UNDER_THE_RAINBOW.jpg\" alt=\"100622\">\r\n                                                    <\/div>\r\n\r\n                        <!-- Puntuaci\u00f3n del producto  -->\r\n                        <div class=\"rating\">\r\n                                                            <div class=\"rate\" style=\"--p:78;\"><\/div>\r\n                                <b>3.9\/5<\/b>\r\n                                <div class=\"rate-stars\">\r\n                                                                            <div\r\n                                            class=\"rate-star  \">\r\n                                        <\/div>\r\n                                                                            <div\r\n                                            class=\"rate-star  \">\r\n                                        <\/div>\r\n                                                                            <div\r\n                                            class=\"rate-star  \">\r\n                                        <\/div>\r\n                                                                            <div\r\n                                            class=\"rate-star  \">\r\n                                        <\/div>\r\n                                                                            <div\r\n                                            class=\"rate-star disable \">\r\n                                        <\/div>\r\n                                                                    <\/div>\r\n                                                    <\/div>\r\n\r\n                        <!-- Bot\u00f3n de producto  -->\r\n                        <div>\r\n                            <span class=\"price-claim\">\r\n                                VER PRECIO                            <\/span>\r\n                        <\/div>\r\n                    <\/a>\r\n                            <\/product-list>\r\n        <\/product-table>\r\n\r\n        \n\n\n\n<h3 class=\"wp-block-heading\">Pure Active Carb\u00f3n Tiras Anti Puntos Negros de Garnier<\/h3>\n\n\n\n<p>Son unas tiras limpia-poros formuladas con carb\u00f3n, que eliminan puntos negros desde la ra\u00edz e impurezas de una zona m\u00e1s localizada, la zona T (Frente, nariz y barbilla).<\/p>\n\n\n    <a class='product' target='_blank' href='https:\/\/www.primor.eu\/es_es\/garnier-pure-active-carbon-tiras-anti-puntos-negros-27907.html'>\r\n        <img loading='async' src='https:\/\/cdn2.primor.eu\/media\/catalog\/product\/cache\/8d3aba296f7a18b5251ee30fa5db42b2\/0\/T\/0TF15639_1_d946.jpg' alt='COMPRAR AHORA'>\r\n            <div class=\"claim\">\r\n                COMPRAR AHORA            <\/div>\r\n        <\/a>\r\n    \n\n\n\n<h3 class=\"wp-block-heading\">Pore Strips Tiras Para Puntos Negros de Montagne Jeunesse<\/h3>\n\n\n\n<p>Tiritas limpia poros para nariz con extracto de carb\u00f3n. El extracto natural de carb\u00f3n tiene la cualidad de absorber el sebo y los puntos negros para una piel m\u00e1s limpia, mientras que la ceniza volc\u00e1nica ayuda a eliminar las c\u00e9lulas muertas.<\/p>\n\n\n    <a class='product' target='_blank' href='https:\/\/www.primor.eu\/es_es\/montagne-jeunesse-pore-strips-tiras-para-puntos-negros-27678.html'>\r\n        <img loading='async' src='https:\/\/cdn2.primor.eu\/media\/catalog\/product\/cache\/8d3aba296f7a18b5251ee30fa5db42b2\/M\/O\/MOFG7H0048_93be.JPG' alt='COMPRAR AHORA'>\r\n            <div class=\"claim\">\r\n                COMPRAR AHORA            <\/div>\r\n        <\/a>\r\n    \n\n\n\n<h3 class=\"wp-block-heading\">Limpiador de Puntos Negros El\u00e9ctrico de Under The Rainbow<\/h3>\n\n\n\n<p>Descubre este nuevo dispositivo ideado para mejorar la limpieza diaria ayudando a mejorar la textura y luminosidad de todo tipo de pieles y, en especial, a las pieles grasas y\/o con tendencia acneica a liberarse de los puntos negros. Limpia en profundidad todo tipo de pieles. Al eliminar las c\u00e9lulas muertas, la piel recupera su vitalidad, favorece su rejuvenecimiento y potencia su suavidad.<\/p>\n\n\n    <a class='product' target='_blank' href='https:\/\/www.primor.eu\/es_es\/under-the-rainbow-limpiador-de-puntos-negros-electrico-96645.html'>\r\n        <img loading='async' src='https:\/\/cdn2.primor.eu\/media\/catalog\/product\/cache\/8d3aba296f7a18b5251ee30fa5db42b2\/8\/4\/8435722404546_a191.jpg' alt='COMPRAR AHORA'>\r\n            <div class=\"claim\">\r\n                COMPRAR AHORA            <\/div>\r\n        <\/a>\r\n    \n\n\n\n<h3 class=\"wp-block-heading\">Mascarilla de \u00c1cido Salic\u00edlico 2% de Ordinary<\/h3>\n\n\n\n<p>Una mascarilla con \u00e1cido salic\u00edlico formulada para combatir la piel opaca y con irregularidades, pieles apagadas o con espinillas. Esta mascarilla contiene arcilla y carb\u00f3n, que suavizan y aclaran la piel, eliminan c\u00e9lulas muertas y reducen el exceso de grasa. Ayuda a mantener los poros limpios y minimiza su apariencia.<\/p>\n\n\n    <a class='product' target='_blank' href='https:\/\/www.primor.eu\/es_es\/the-ordinary-mascarilla-de-acido-salicilico-2-15979.html'>\r\n        <img loading='async' src='https:\/\/cdn2.primor.eu\/media\/catalog\/product\/cache\/8d3aba296f7a18b5251ee30fa5db42b2\/6\/X\/6XS12022_1_871a.jpg' alt='COMPRAR AHORA'>\r\n            <div class=\"claim\">\r\n                COMPRAR AHORA            <\/div>\r\n        <\/a>\r\n    \n\n\n<div class=\"kk-star-ratings kksr-auto kksr-align-center kksr-valign-bottom\"\n    data-payload='{&quot;align&quot;:&quot;center&quot;,&quot;id&quot;:&quot;105070&quot;,&quot;slug&quot;:&quot;default&quot;,&quot;valign&quot;:&quot;bottom&quot;,&quot;ignore&quot;:&quot;&quot;,&quot;reference&quot;:&quot;auto&quot;,&quot;class&quot;:&quot;&quot;,&quot;count&quot;:&quot;0&quot;,&quot;legendonly&quot;:&quot;&quot;,&quot;readonly&quot;:&quot;&quot;,&quot;score&quot;:&quot;0&quot;,&quot;starsonly&quot;:&quot;&quot;,&quot;best&quot;:&quot;5&quot;,&quot;gap&quot;:&quot;5&quot;,&quot;greet&quot;:&quot;Valora este art\u00edculo&quot;,&quot;legend&quot;:&quot;0\\\/5 - (0 votos)&quot;,&quot;size&quot;:&quot;24&quot;,&quot;title&quot;:&quot;Limpiar los poros de la nariz: los mejores productos y los consejos que debes seguir&quot;,&quot;width&quot;:&quot;0&quot;,&quot;_legend&quot;:&quot;{score}\\\/{best} - ({count} {votes})&quot;,&quot;font_factor&quot;:&quot;1.25&quot;}'>\n            \n<div class=\"kksr-stars\">\n    \n<div class=\"kksr-stars-inactive\">\n            <div class=\"kksr-star\" data-star=\"1\" style=\"padding-right: 5px\">\n            \n\n<div class=\"kksr-icon\" style=\"width: 24px; height: 24px;\"><\/div>\n        <\/div>\n            <div class=\"kksr-star\" data-star=\"2\" style=\"padding-right: 5px\">\n            \n\n<div class=\"kksr-icon\" style=\"width: 24px; height: 24px;\"><\/div>\n        <\/div>\n            <div class=\"kksr-star\" data-star=\"3\" style=\"padding-right: 5px\">\n            \n\n<div class=\"kksr-icon\" style=\"width: 24px; height: 24px;\"><\/div>\n        <\/div>\n            <div class=\"kksr-star\" data-star=\"4\" style=\"padding-right: 5px\">\n            \n\n<div class=\"kksr-icon\" style=\"width: 24px; height: 24px;\"><\/div>\n        <\/div>\n            <div class=\"kksr-star\" data-star=\"5\" style=\"padding-right: 5px\">\n            \n\n<div class=\"kksr-icon\" style=\"width: 24px; height: 24px;\"><\/div>\n        <\/div>\n    <\/div>\n    \n<div class=\"kksr-stars-active\" style=\"width: 0px;\">\n            <div class=\"kksr-star\" style=\"padding-right: 5px\">\n            \n\n<div class=\"kksr-icon\" style=\"width: 24px; height: 24px;\"><\/div>\n        <\/div>\n            <div class=\"kksr-star\" style=\"padding-right: 5px\">\n            \n\n<div class=\"kksr-icon\" style=\"width: 24px; height: 24px;\"><\/div>\n        <\/div>\n            <div class=\"kksr-star\" style=\"padding-right: 5px\">\n            \n\n<div class=\"kksr-icon\" style=\"width: 24px; height: 24px;\"><\/div>\n        <\/div>\n            <div class=\"kksr-star\" style=\"padding-right: 5px\">\n            \n\n<div class=\"kksr-icon\" style=\"width: 24px; height: 24px;\"><\/div>\n        <\/div>\n            <div class=\"kksr-star\" style=\"padding-right: 5px\">\n            \n\n<div class=\"kksr-icon\" style=\"width: 24px; height: 24px;\"><\/div>\n        <\/div>\n    <\/div>\n<\/div>\n                \n\n<div class=\"kksr-legend\" style=\"font-size: 19.2px;\">\n            <span class=\"kksr-muted\">Valora este art\u00edculo<\/span>\n    <\/div>\n    <\/div>\n","protected":false},"excerpt":{"rendered":"<p>Limpiar los poros de la nariz es algo que puedes hacer en casa siguiendo los consejos que te vamos a dar. Ir al sal\u00f3n de belleza no siempre es una opci\u00f3n viable para ti. Ya sea porque no tienes tiempo suficiente o porque prefieres ahorrar, la opci\u00f3n de limpiar los poros de la nariz en [&hellip;]<\/p>\n","protected":false},"author":30,"featured_media":105071,"comment_status":"closed","ping_status":"closed","sticky":false,"template":"","format":"standard","meta":{"jnews-multi-image_gallery":[],"jnews_single_post":{"subtitle":"","format":"standard","video":"","gallery":"","source_name":"","source_url":"","via_name":"","via_url":"","override_template":"0","override":[{"template":"1","single_blog_custom":"","parallax":"1","fullscreen":"1","layout":"right-sidebar","sidebar":"home-2","second_sidebar":"default-sidebar","sticky_sidebar":"0","share_position":"float","share_float_style":"share-monocrhome","show_share_counter":"0","show_view_counter":"0","show_featured":"1","show_post_meta":"1","show_post_author":"0","show_post_author_image":"1","show_post_date":"1","post_date_format":"default","post_date_format_custom":"Y\/m\/d","show_post_category":"1","show_post_reading_time":"0","post_reading_time_wpm":"300","show_zoom_button":"0","zoom_button_out_step":"2","zoom_button_in_step":"3","show_post_tag":"0","show_prev_next_post":"0","show_popup_post":"0","number_popup_post":"2","show_author_box":"0","show_post_related":"0","show_inline_post_related":"1"}],"override_image_size":"0","image_override":[{"single_post_thumbnail_size":"no-crop","single_post_gallery_size":"crop-500"}],"trending_post":"0","trending_post_position":"meta","trending_post_label":"Trending","sponsored_post":"0","sponsored_post_label":"Sponsored by","sponsored_post_name":"","sponsored_post_url":"","sponsored_post_logo_enable":"0","sponsored_post_logo":"","sponsored_post_desc":"","disable_ad":"0"},"jnews_primary_category":{"id":"","hide":""},"jnews_social_meta":{"fb_title":"","fb_description":"","fb_image":"","twitter_title":"","twitter_description":"","twitter_image":""},"jnews_override_counter":{"override_view_counter":"0","view_counter_number":"0","override_share_counter":"0","share_counter_number":"0","override_like_counter":"0","like_counter_number":"0","override_dislike_counter":"0","dislike_counter_number":"0"},"footnotes":""},"categories":[29],"tags":[],"class_list":["post-105070","post","type-post","status-publish","format-standard","has-post-thumbnail","hentry","category-cosmetica"],"_links":{"self":[{"href":"https:\/\/www.primor.eu\/blog\/wp-json\/wp\/v2\/posts\/105070","targetHints":{"allow":["GET"]}}],"collection":[{"href":"https:\/\/www.primor.eu\/blog\/wp-json\/wp\/v2\/posts"}],"about":[{"href":"https:\/\/www.primor.eu\/blog\/wp-json\/wp\/v2\/types\/post"}],"author":[{"embeddable":true,"href":"https:\/\/www.primor.eu\/blog\/wp-json\/wp\/v2\/users\/30"}],"replies":[{"embeddable":true,"href":"https:\/\/www.primor.eu\/blog\/wp-json\/wp\/v2\/comments?post=105070"}],"version-history":[{"count":2,"href":"https:\/\/www.primor.eu\/blog\/wp-json\/wp\/v2\/posts\/105070\/revisions"}],"predecessor-version":[{"id":105075,"href":"https:\/\/www.primor.eu\/blog\/wp-json\/wp\/v2\/posts\/105070\/revisions\/105075"}],"wp:featuredmedia":[{"embeddable":true,"href":"https:\/\/www.primor.eu\/blog\/wp-json\/wp\/v2\/media\/105071"}],"wp:attachment":[{"href":"https:\/\/www.primor.eu\/blog\/wp-json\/wp\/v2\/media?parent=105070"}],"wp:term":[{"taxonomy":"category","embeddable":true,"href":"https:\/\/www.primor.eu\/blog\/wp-json\/wp\/v2\/categories?post=105070"},{"taxonomy":"post_tag","embeddable":true,"href":"https:\/\/www.primor.eu\/blog\/wp-json\/wp\/v2\/tags?post=105070"}],"curies":[{"name":"wp","href":"https:\/\/api.w.org\/{rel}","templated":true}]}}