{"id":105064,"date":"2026-04-15T08:09:22","date_gmt":"2026-04-15T08:09:22","guid":{"rendered":"https:\/\/www.primor.eu\/blog\/?p=105064"},"modified":"2026-04-15T08:09:23","modified_gmt":"2026-04-15T08:09:23","slug":"sintomas-alergia-maquillaje","status":"publish","type":"post","link":"https:\/\/www.primor.eu\/blog\/sintomas-alergia-maquillaje\/","title":{"rendered":"S\u00edntomas y se\u00f1ales de que eres al\u00e9rgica al maquillaje (y deber\u00edas tener en cuenta)"},"content":{"rendered":"\n<p><a href=\"https:\/\/www.primor.eu\/blog\/mejores-bases-de-maquillaje-hipoalergenica\/\" data-type=\"link\" data-id=\"https:\/\/www.primor.eu\/blog\/mejores-bases-de-maquillaje-hipoalergenica\/\"><strong>Comprar maquillaje apto para<\/strong> <strong>alergia<\/strong><\/a> en la piel no es tarea f\u00e1cil en ocasiones. Lo primero que te vamos a enumerar son los indicios de que sufres alergias con determinados productos para que puedas cuidarte. Est\u00e1 bien que no quieras dejar de maquillarte, pero es importante que sepas que hay determinados <strong>productos<\/strong> que <strong>debes eliminar<\/strong> de tu neceser de belleza. Se trata de todos aquellos productos que contengan ingredientes irritantes para tu piel sensible y tendente a alergias. Tambi\u00e9n tendr\u00e1s que vigilar que los productos de maquillaje que compras no llevan un ingrediente que te d\u00e9 alergia, aunque sea natural. Y es que hay ingredientes naturales que te pueden dar alergia.&nbsp;<\/p>\n\n\n\n<h2 class=\"wp-block-heading\">S\u00edntomas de que eres al\u00e9rgica al maquillaje<\/h2>\n\n\n\n<p>Los s\u00edntomas que puedes detectar si no compras <strong>maquillaje apto para alergia<\/strong>, es decir, que sea hipoalerg\u00e9nico o apto para pieles con este problema son los siguientes:&nbsp;<\/p>\n\n\n\n<ul class=\"wp-block-list\">\n<li><strong>Inflamaci\u00f3n<\/strong>: especialmente alrededor de los ojos y los labios, es una se\u00f1al com\u00fan de una reacci\u00f3n al\u00e9rgica. Puede aparecer r\u00e1pidamente o desarrollarse gradualmente. Esto \u00faltimo depende del nivel de alergia que sufras. Si los productos que usas no son de maquillaje apto para alergia puede que esto te ocurra.&nbsp;<\/li>\n\n\n\n<li><strong>Erupciones cut\u00e1neas<\/strong>: otro signo de que no est\u00e1s usando maquillaje apto para alergia es que sufras de erupciones, granos o peque\u00f1os bultos rojos en la piel. Esto suele darse cuando la base de maquillaje o los polvos que utilizas est\u00e1n da\u00f1ando tu piel propensa a sufrir alergias. Hay que tener cuidado con este tipo de problema porque puede extenderse e invadir todo tu cutis, incluso \u00e1reas cercanas a \u00e9l de tu cuerpo. Tambi\u00e9n, si esto ocurre, ten cuidado con las manos y l\u00e1valas antes de tocar otras zonas de tu cuerpo par evitarlo.&nbsp;<\/li>\n\n\n\n<li><strong>Descamaci\u00f3n de la piel: <\/strong>si ves que la piel comienza a descamarse y est\u00e1 especialmente seca, es se\u00f1al de que necesitas un maquillaje apto para alergia. El eczema es un ejemplo de este tipo de afecciones cut\u00e1neas.&nbsp;<\/li>\n\n\n\n<li><strong>Irritaci\u00f3n y enrojecimiento despu\u00e9s de aplicar el maquillaje: <\/strong>especialmente en las \u00e1reas donde se aplic\u00f3 el producto pero tambi\u00e9n puede ocurrir en \u00e1reas cercanas. Dependiendo del grado de alergia que presente tu piel a un producto concreto, esta reacci\u00f3n puede aparecer poco despu\u00e9s de aplicar el maquillaje o varias horas m\u00e1s tarde.<\/li>\n\n\n\n<li><strong>Sentir picaz\u00f3n o ardor en tu cutis<\/strong>: este tipo de reacciones las sentimos tambi\u00e9n cuando un maquillaje lleva mucho tiempo abierto y ha pasado de fecha, por ejemplo. Cuando sientas reacciones al\u00e9rgicas as\u00ed, aseg\u00farate antes de que el maquillaje no ha pasado de fecha. En los productos de maquillaje suele haber una marca con una especie de dibujo de una tapa con un n\u00famero. Esto indica los meses en los que caducar\u00e1 el producto de maquillaje una vez abierto. Suelen ser 12 meses. No obstante, la raz\u00f3n en este caso puede ser que alguno de los ingredientes o principios del maquillaje te d\u00e9 alergia. En este caso suspende el tratamiento. Si los s\u00edntomas no se reducen, pide cita con el dermat\u00f3logo. \u00c9l podr\u00e1 aconsejarte qu\u00e9 tener en cuenta para comprar maquillaje apto para alergia cut\u00e1nea.&nbsp;<\/li>\n\n\n\n<li><strong>Que te salgan llagas o ampollas<\/strong>: este s\u00edntoma es a\u00fan m\u00e1s grave que el anterior. En estos casos procura descansar de maquillarte unos d\u00edas y acude a tu dermat\u00f3logo de confianza.&nbsp;<\/li>\n\n\n\n<li><strong>Conjuntivitis al\u00e9rgica<\/strong>: caracterizada por enrojecimiento, picaz\u00f3n, lagrimeo y sensibilidad a la luz puede estar causada por productos de maquillaje no aptos para alergias.&nbsp;<\/li>\n\n\n\n<li><strong>Picor y enrojecimiento en los labios<\/strong>: puede ser se\u00f1al de que tu labial te da alergias.<\/li>\n<\/ul>\n\n\n\n<h2 class=\"wp-block-heading\">Tips para comprar maquillaje apto para alergia<\/h2>\n\n\n\n<p>Ya ahora que hemos visto en detalle cu\u00e1les son los s\u00edntomas de que tus productos de maquillaje te est\u00e1n causando alergia, vamos a ver qu\u00e9 hacer para elegir maquillaje apto para alergia:&nbsp;<\/p>\n\n\n\n<ul class=\"wp-block-list\">\n<li><strong>Elige siempre productos hipoalerg\u00e9nicos<\/strong>: y si no los encuentras consulta a un dermat\u00f3logo o dermat\u00f3loga para que te gu\u00ede.<\/li>\n\n\n\n<li><strong>Opta por marcas o productos aprobadas por dermat\u00f3logos<\/strong>: en caso de que no encuentres los primeros.&nbsp;<\/li>\n\n\n\n<li><strong>Evita estos ingredientes en tu maquillaje<\/strong>: parabenos, perfumes, alcohol e ingredientes que sepas que te causen alergia aunque sean de origen natural.<\/li>\n\n\n\n<li><strong>Repite comprando los mismos productos<\/strong>: siempre que est\u00e9n disponibles para no arriesgarte a volver a sufrir alergias.&nbsp;<\/li>\n<\/ul>\n\n\n\n<h2 class=\"wp-block-heading\">Maquillaje apto para alergias<\/h2>\n\n\n        <product-table class=\"pr-slider\">\r\n            <product-headers class=\"grid-table-rows\">\r\n                <div>Foto<\/div>\r\n                <div>Producto<\/div>\r\n                <div>Marca<\/div>\r\n                <div>Valoraciones<\/div>\r\n                <div>Precio<\/div>\r\n            <\/product-headers>\r\n\r\n            <product-list>\r\n                                    <a href=\"https:\/\/www.primor.eu\/es_es\/vichy-dermablend-base-de-maquillaje-correctora-109111.html?#803=49576\" class=\"product-item grid-table-rows\" target=\"_blank\">\r\n                        <div>\r\n                            <img decoding=\"async\" class=\"product-img\" width=\"80px\" height=\"80px\" src=\"https:\/\/cdn2.primor.eu\/media\/catalog\/product\/cache\/8d3aba296f7a18b5251ee30fa5db42b2\/3\/3\/3337871316600_6e56.jpg\" alt=\"Dermablend Base de Maquillaje Correctora\">\r\n                        <\/div>\r\n\r\n                        <!-- Contenido de producto  -->\r\n                        <div>\r\n                            <div class=\"product-position\">\r\n                                #1 Top Ventas                            <\/div>\r\n\r\n                            <h2>\r\n                                Dermablend Base de Maquillaje Correctora                            <\/h2>\r\n                        <\/div>\r\n\r\n                        <!-- Imagen y\/o nombre de la marca -->\r\n                        <div>\r\n                                                            <img decoding=\"async\" width=\"70\" src=\"https:\/\/www.primor.eu\/media\/catalog\/category\/vichy.png\" alt=\"Vichy\">\r\n                                                    <\/div>\r\n\r\n                        <!-- Puntuaci\u00f3n del producto  -->\r\n                        <div class=\"rating\">\r\n                                                            <div class=\"rate\" style=\"--p:92;\"><\/div>\r\n                                <b>4.6\/5<\/b>\r\n                                <div class=\"rate-stars\">\r\n                                                                            <div\r\n                                            class=\"rate-star  \">\r\n                                        <\/div>\r\n                                                                            <div\r\n                                            class=\"rate-star  \">\r\n                                        <\/div>\r\n                                                                            <div\r\n                                            class=\"rate-star  \">\r\n                                        <\/div>\r\n                                                                            <div\r\n                                            class=\"rate-star  \">\r\n                                        <\/div>\r\n                                                                            <div\r\n                                            class=\"rate-star  \">\r\n                                        <\/div>\r\n                                                                    <\/div>\r\n                                                    <\/div>\r\n\r\n                        <!-- Bot\u00f3n de producto  -->\r\n                        <div>\r\n                            <span class=\"price-claim\">\r\n                                VER PRECIO                            <\/span>\r\n                        <\/div>\r\n                    <\/a>\r\n                                    <a href=\"https:\/\/www.primor.eu\/es_es\/gosh-mascara-de-pestanas-catchy-eyes-drama-volume-curve-37263.html\" class=\"product-item grid-table-rows\" target=\"_blank\">\r\n                        <div>\r\n                            <img decoding=\"async\" class=\"product-img\" width=\"80px\" height=\"80px\" src=\"https:\/\/cdn2.primor.eu\/media\/catalog\/product\/cache\/8d3aba296f7a18b5251ee30fa5db42b2\/0\/M\/0MO20065_1_59c9.jpg\" alt=\"M\u00e1scara de Pesta\u00f1as Catchy Eyes Drama Volume - Curve\">\r\n                        <\/div>\r\n\r\n                        <!-- Contenido de producto  -->\r\n                        <div>\r\n                            <div class=\"product-position\">\r\n                                #2                            <\/div>\r\n\r\n                            <h2>\r\n                                M\u00e1scara de Pesta\u00f1as Catchy Eyes Drama Volume - Curve                            <\/h2>\r\n                        <\/div>\r\n\r\n                        <!-- Imagen y\/o nombre de la marca -->\r\n                        <div>\r\n                                                            <img decoding=\"async\" width=\"70\" src=\"https:\/\/www.primor.eu\/media\/catalog\/category\/gosh.jpg\" alt=\"\">\r\n                                                    <\/div>\r\n\r\n                        <!-- Puntuaci\u00f3n del producto  -->\r\n                        <div class=\"rating\">\r\n                                                            <div class=\"rate\" style=\"--p:96;\"><\/div>\r\n                                <b>4.8\/5<\/b>\r\n                                <div class=\"rate-stars\">\r\n                                                                            <div\r\n                                            class=\"rate-star  \">\r\n                                        <\/div>\r\n                                                                            <div\r\n                                            class=\"rate-star  \">\r\n                                        <\/div>\r\n                                                                            <div\r\n                                            class=\"rate-star  \">\r\n                                        <\/div>\r\n                                                                            <div\r\n                                            class=\"rate-star  \">\r\n                                        <\/div>\r\n                                                                            <div\r\n                                            class=\"rate-star  \">\r\n                                        <\/div>\r\n                                                                    <\/div>\r\n                                                    <\/div>\r\n\r\n                        <!-- Bot\u00f3n de producto  -->\r\n                        <div>\r\n                            <span class=\"price-claim\">\r\n                                VER PRECIO                            <\/span>\r\n                        <\/div>\r\n                    <\/a>\r\n                                    <a href=\"https:\/\/www.primor.eu\/es_es\/bareminerals-mineralist-paleta-de-sombras-108777.html?#863=67979\" class=\"product-item grid-table-rows\" target=\"_blank\">\r\n                        <div>\r\n                            <img decoding=\"async\" class=\"product-img\" width=\"80px\" height=\"80px\" src=\"https:\/\/cdn2.primor.eu\/media\/catalog\/product\/cache\/8d3aba296f7a18b5251ee30fa5db42b2\/0\/M\/0MO22491_1_f3a0.jpg\" alt=\"Mineralist Eyeshadow Palette\">\r\n                        <\/div>\r\n\r\n                        <!-- Contenido de producto  -->\r\n                        <div>\r\n                            <div class=\"product-position\">\r\n                                #3                            <\/div>\r\n\r\n                            <h2>\r\n                                Mineralist Eyeshadow Palette                            <\/h2>\r\n                        <\/div>\r\n\r\n                        <!-- Imagen y\/o nombre de la marca -->\r\n                        <div>\r\n                                                            <img decoding=\"async\" width=\"70\" src=\"https:\/\/www.primor.eu\/media\/catalog\/category\/Logo_Bareminerals.png\" alt=\"BareMinerals\">\r\n                                                    <\/div>\r\n\r\n                        <!-- Puntuaci\u00f3n del producto  -->\r\n                        <div class=\"rating\">\r\n                                                            <div class=\"rate\" style=\"--p:80;\"><\/div>\r\n                                <b>4\/5<\/b>\r\n                                <div class=\"rate-stars\">\r\n                                                                            <div\r\n                                            class=\"rate-star  \">\r\n                                        <\/div>\r\n                                                                            <div\r\n                                            class=\"rate-star  \">\r\n                                        <\/div>\r\n                                                                            <div\r\n                                            class=\"rate-star  \">\r\n                                        <\/div>\r\n                                                                            <div\r\n                                            class=\"rate-star  \">\r\n                                        <\/div>\r\n                                                                            <div\r\n                                            class=\"rate-star disable \">\r\n                                        <\/div>\r\n                                                                    <\/div>\r\n                                                    <\/div>\r\n\r\n                        <!-- Bot\u00f3n de producto  -->\r\n                        <div>\r\n                            <span class=\"price-claim\">\r\n                                VER PRECIO                            <\/span>\r\n                        <\/div>\r\n                    <\/a>\r\n                            <\/product-list>\r\n        <\/product-table>\r\n\r\n        \n\n\n\n<h3 class=\"wp-block-heading\">Dermablend Base de Maquillaje Correctora de Vichy<\/h3>\n\n\n\n<p>Es un fondo de maquillaje fluido capaz de cubrir las imperfecciones severas, reducir la apariencia de la piel irregular, minimizar ojeras y rojeces de forma r\u00e1pida y eficaz. Su cobertura modulable se adapta a todo tipo de dermis logrando que la tez se vea homog\u00e9nea hasta 16 horas despu\u00e9s de aplicar el producto. Adem\u00e1s, su textura ligera se difumina con facilidad dejando la piel suave e hidratada.<\/p>\n\n\n    <a class='product' target='_blank' href='https:\/\/www.primor.eu\/es_es\/vichy-dermablend-base-de-maquillaje-correctora-109111.html?#803=49576'>\r\n        <img loading='async' src='https:\/\/cdn2.primor.eu\/media\/catalog\/product\/cache\/8d3aba296f7a18b5251ee30fa5db42b2\/3\/3\/3337871316600_6e56.jpg' alt='COMPRAR AHORA'>\r\n            <div class=\"claim\">\r\n                COMPRAR AHORA            <\/div>\r\n        <\/a>\r\n    \n\n\n<h3 class=\"wp-block-heading\">M\u00e1scara de Pesta\u00f1as Catchy Eyes Drama Volume &amp; Curve de Gosh<\/h3>\n\n\n\n<p>Dura hasta 24 horas, pero se puede quitar f\u00e1cilmente con agua tibia. El nuevo e innovador empaque de M\u00e1scara de Pesta\u00f1as Catchy Eyes Drama Volume &amp; Curve est\u00e1 hecho con un 50% de pl\u00e1stico de desecho marino - OWP.<\/p>\n\n\n\n<p>Cepillo curvo que llega hasta las pesta\u00f1as m\u00e1s peque\u00f1as y captura, cubre y separa las pesta\u00f1as<\/p>\n\n\n\n<p>Hipoalerg\u00e9nico.<\/p>\n\n\n\n<p>Sin perfume.<\/p>\n\n\n\n<p>Vegano.<\/p>\n\n\n    <a class='product' target='_blank' href='https:\/\/www.primor.eu\/es_es\/gosh-mascara-de-pestanas-catchy-eyes-drama-volume-curve-37263.html'>\r\n        <img loading='async' src='https:\/\/cdn2.primor.eu\/media\/catalog\/product\/cache\/8d3aba296f7a18b5251ee30fa5db42b2\/0\/M\/0MO20065_1_59c9.jpg' alt='COMPRAR AHORA'>\r\n            <div class=\"claim\">\r\n                COMPRAR AHORA            <\/div>\r\n        <\/a>\r\n    \n\n\n<h3 class=\"wp-block-heading\">Mineralist Paleta de Sombras de BareMinerals<\/h3>\n\n\n\n<p>Paleta de Sombras de ojos vegana sin talco que incluye 6 tonos ultra-mezclables y ricamente pigmentados en una variedad de acabados.<\/p>\n\n\n\n<p>Las paletas incluyen sombras sin talco, sin parabenos, formaldeh\u00eddo, fragancias sint\u00e9ticas, ni gluten. Con m\u00e1s 95% de ingredientes de origen natural.<\/p>\n\n\n\n<p>Embalaje ecol\u00f3gico y sostenible: totalmente reciclable, sin pl\u00e1stico, sin espejos ni imanes.<\/p>\n\n\n\n<p>Testadas por dermat\u00f3logos y oftalm\u00f3logos. Hipoalerg\u00e9nicas. Adecuadas para ojos sensibles y usuarios de lentillas.<\/p>\n\n\n    <a class='product' target='_blank' href='https:\/\/www.primor.eu\/es_es\/bareminerals-mineralist-paleta-de-sombras-108777.html?#863=67979'>\r\n        <img loading='async' src='https:\/\/cdn2.primor.eu\/media\/catalog\/product\/cache\/8d3aba296f7a18b5251ee30fa5db42b2\/0\/M\/0MO22491_1_f3a0.jpg' alt='COMPRAR AHORA'>\r\n            <div class=\"claim\">\r\n                COMPRAR AHORA            <\/div>\r\n        <\/a>\r\n    \n\n<div class=\"kk-star-ratings kksr-auto kksr-align-center kksr-valign-bottom\"\n    data-payload='{&quot;align&quot;:&quot;center&quot;,&quot;id&quot;:&quot;105064&quot;,&quot;slug&quot;:&quot;default&quot;,&quot;valign&quot;:&quot;bottom&quot;,&quot;ignore&quot;:&quot;&quot;,&quot;reference&quot;:&quot;auto&quot;,&quot;class&quot;:&quot;&quot;,&quot;count&quot;:&quot;1&quot;,&quot;legendonly&quot;:&quot;&quot;,&quot;readonly&quot;:&quot;&quot;,&quot;score&quot;:&quot;5&quot;,&quot;starsonly&quot;:&quot;&quot;,&quot;best&quot;:&quot;5&quot;,&quot;gap&quot;:&quot;5&quot;,&quot;greet&quot;:&quot;Valora este art\u00edculo&quot;,&quot;legend&quot;:&quot;5\\\/5 - (1 voto)&quot;,&quot;size&quot;:&quot;24&quot;,&quot;title&quot;:&quot;S\u00edntomas y se\u00f1ales de que eres al\u00e9rgica al maquillaje (y deber\u00edas tener en cuenta)&quot;,&quot;width&quot;:&quot;142.5&quot;,&quot;_legend&quot;:&quot;{score}\\\/{best} - ({count} {votes})&quot;,&quot;font_factor&quot;:&quot;1.25&quot;}'>\n            \n<div class=\"kksr-stars\">\n    \n<div class=\"kksr-stars-inactive\">\n            <div class=\"kksr-star\" data-star=\"1\" style=\"padding-right: 5px\">\n            \n\n<div class=\"kksr-icon\" style=\"width: 24px; height: 24px;\"><\/div>\n        <\/div>\n            <div class=\"kksr-star\" data-star=\"2\" style=\"padding-right: 5px\">\n            \n\n<div class=\"kksr-icon\" style=\"width: 24px; height: 24px;\"><\/div>\n        <\/div>\n            <div class=\"kksr-star\" data-star=\"3\" style=\"padding-right: 5px\">\n            \n\n<div class=\"kksr-icon\" style=\"width: 24px; height: 24px;\"><\/div>\n        <\/div>\n            <div class=\"kksr-star\" data-star=\"4\" style=\"padding-right: 5px\">\n            \n\n<div class=\"kksr-icon\" style=\"width: 24px; height: 24px;\"><\/div>\n        <\/div>\n            <div class=\"kksr-star\" data-star=\"5\" style=\"padding-right: 5px\">\n            \n\n<div class=\"kksr-icon\" style=\"width: 24px; height: 24px;\"><\/div>\n        <\/div>\n    <\/div>\n    \n<div class=\"kksr-stars-active\" style=\"width: 142.5px;\">\n            <div class=\"kksr-star\" style=\"padding-right: 5px\">\n            \n\n<div class=\"kksr-icon\" style=\"width: 24px; height: 24px;\"><\/div>\n        <\/div>\n            <div class=\"kksr-star\" style=\"padding-right: 5px\">\n            \n\n<div class=\"kksr-icon\" style=\"width: 24px; height: 24px;\"><\/div>\n        <\/div>\n            <div class=\"kksr-star\" style=\"padding-right: 5px\">\n            \n\n<div class=\"kksr-icon\" style=\"width: 24px; height: 24px;\"><\/div>\n        <\/div>\n            <div class=\"kksr-star\" style=\"padding-right: 5px\">\n            \n\n<div class=\"kksr-icon\" style=\"width: 24px; height: 24px;\"><\/div>\n        <\/div>\n            <div class=\"kksr-star\" style=\"padding-right: 5px\">\n            \n\n<div class=\"kksr-icon\" style=\"width: 24px; height: 24px;\"><\/div>\n        <\/div>\n    <\/div>\n<\/div>\n                \n\n<div class=\"kksr-legend\" style=\"font-size: 19.2px;\">\n            5\/5 - (1 voto)    <\/div>\n    <\/div>\n","protected":false},"excerpt":{"rendered":"<p>Comprar maquillaje apto para alergia en la piel no es tarea f\u00e1cil en ocasiones. Lo primero que te vamos a enumerar son los indicios de que sufres alergias con determinados productos para que puedas cuidarte. Est\u00e1 bien que no quieras dejar de maquillarte, pero es importante que sepas que hay determinados productos que debes eliminar [&hellip;]<\/p>\n","protected":false},"author":30,"featured_media":105065,"comment_status":"closed","ping_status":"closed","sticky":false,"template":"","format":"standard","meta":{"jnews-multi-image_gallery":[],"jnews_single_post":{"subtitle":"","format":"standard","video":"","gallery":"","source_name":"","source_url":"","via_name":"","via_url":"","override_template":"0","override":[{"template":"1","single_blog_custom":"","parallax":"1","fullscreen":"1","layout":"right-sidebar","sidebar":"home-2","second_sidebar":"default-sidebar","sticky_sidebar":"0","share_position":"float","share_float_style":"share-monocrhome","show_share_counter":"0","show_view_counter":"0","show_featured":"1","show_post_meta":"1","show_post_author":"0","show_post_author_image":"1","show_post_date":"1","post_date_format":"default","post_date_format_custom":"Y\/m\/d","show_post_category":"1","show_post_reading_time":"0","post_reading_time_wpm":"300","show_zoom_button":"0","zoom_button_out_step":"2","zoom_button_in_step":"3","show_post_tag":"0","show_prev_next_post":"0","show_popup_post":"0","number_popup_post":"2","show_author_box":"0","show_post_related":"0","show_inline_post_related":"1"}],"override_image_size":"0","image_override":[{"single_post_thumbnail_size":"no-crop","single_post_gallery_size":"crop-500"}],"trending_post":"0","trending_post_position":"meta","trending_post_label":"Trending","sponsored_post":"0","sponsored_post_label":"Sponsored by","sponsored_post_name":"","sponsored_post_url":"","sponsored_post_logo_enable":"0","sponsored_post_logo":"","sponsored_post_desc":"","disable_ad":"0"},"jnews_primary_category":{"id":"","hide":""},"jnews_social_meta":{"fb_title":"","fb_description":"","fb_image":"","twitter_title":"","twitter_description":"","twitter_image":""},"jnews_override_counter":{"override_view_counter":"0","view_counter_number":"0","override_share_counter":"0","share_counter_number":"0","override_like_counter":"0","like_counter_number":"0","override_dislike_counter":"0","dislike_counter_number":"0"},"footnotes":""},"categories":[41],"tags":[],"class_list":["post-105064","post","type-post","status-publish","format-standard","has-post-thumbnail","hentry","category-maquillaje"],"_links":{"self":[{"href":"https:\/\/www.primor.eu\/blog\/wp-json\/wp\/v2\/posts\/105064","targetHints":{"allow":["GET"]}}],"collection":[{"href":"https:\/\/www.primor.eu\/blog\/wp-json\/wp\/v2\/posts"}],"about":[{"href":"https:\/\/www.primor.eu\/blog\/wp-json\/wp\/v2\/types\/post"}],"author":[{"embeddable":true,"href":"https:\/\/www.primor.eu\/blog\/wp-json\/wp\/v2\/users\/30"}],"replies":[{"embeddable":true,"href":"https:\/\/www.primor.eu\/blog\/wp-json\/wp\/v2\/comments?post=105064"}],"version-history":[{"count":5,"href":"https:\/\/www.primor.eu\/blog\/wp-json\/wp\/v2\/posts\/105064\/revisions"}],"predecessor-version":[{"id":141312,"href":"https:\/\/www.primor.eu\/blog\/wp-json\/wp\/v2\/posts\/105064\/revisions\/141312"}],"wp:featuredmedia":[{"embeddable":true,"href":"https:\/\/www.primor.eu\/blog\/wp-json\/wp\/v2\/media\/105065"}],"wp:attachment":[{"href":"https:\/\/www.primor.eu\/blog\/wp-json\/wp\/v2\/media?parent=105064"}],"wp:term":[{"taxonomy":"category","embeddable":true,"href":"https:\/\/www.primor.eu\/blog\/wp-json\/wp\/v2\/categories?post=105064"},{"taxonomy":"post_tag","embeddable":true,"href":"https:\/\/www.primor.eu\/blog\/wp-json\/wp\/v2\/tags?post=105064"}],"curies":[{"name":"wp","href":"https:\/\/api.w.org\/{rel}","templated":true}]}}