{"id":104863,"date":"2026-03-22T16:29:25","date_gmt":"2026-03-22T16:29:25","guid":{"rendered":"https:\/\/www.primor.eu\/blog\/?p=104863"},"modified":"2026-03-22T16:29:26","modified_gmt":"2026-03-22T16:29:26","slug":"reducir-volumen-cabello","status":"publish","type":"post","link":"https:\/\/www.primor.eu\/blog\/reducir-volumen-cabello\/","title":{"rendered":"C\u00f3mo reducir el volumen de tu pelo (y por qu\u00e9 hacerlo)"},"content":{"rendered":"\n<p>\u00bfTienes <strong>mucho pelo <\/strong>o te molesta tener <strong>mucho volumen<\/strong>? Es algo mucho m\u00e1s <strong>com\u00fan<\/strong> de lo que piensas, y a pesar de que la gran mayor\u00eda habla de lo dif\u00edcil que puede ser manejar un <a href=\"https:\/\/www.primor.eu\/blog\/dar-volumen-en-el-pelo-fino\/\">pelo fino<\/a> o pobre, las <strong>melenas gruesas<\/strong> o con mucho volumen tampoco se quedan atr\u00e1s. En este art\u00edculo de Primor te ense\u00f1amos c\u00f3mo <strong>reducir el volumen de tu pelo<\/strong> con los mejores trucos y productos.&nbsp;<\/p>\n\n\n\n<h2 class=\"wp-block-heading\">C\u00f3mo reducir el volumen de tu pelo si tienes mucho o mucha cantidad<\/h2>\n\n\n\n<ul class=\"wp-block-list\">\n<li>Un <strong>corte de cabello adecuado<\/strong> puede hacer maravillas para reducir el volumen. Un estilista experimentado puede recomendar un corte que elimine peso y volumen innecesario, como capas estrat\u00e9gicas o un corte desfilado.<\/li>\n<\/ul>\n\n\n\n<ul class=\"wp-block-list\">\n<li><strong>Despunte regular<\/strong>. El despunte regular elimina las puntas abiertas y el cabello da\u00f1ado, lo que puede ayudar a reducir el volumen no deseado y mantener el cabello saludable.<\/li>\n\n\n\n<li><strong>Productos para el cabello que controlen el volumen<\/strong>, como champ\u00fas y acondicionadores que no agreguen peso al cabello. Tambi\u00e9n puedes probar mousses, cremas o sueros dise\u00f1ados espec\u00edficamente para domar el cabello voluminoso.<\/li>\n\n\n\n<li><strong>Evita secar el cabello con demasiado calor<\/strong>, ya que esto puede hacer que el cabello se hinche. Nuestro consejo es que comiences a usar un secador de pelo con un difusor- Otro truco es secar el cabello hacia abajo para minimizar el volumen.<\/li>\n\n\n\n<li><strong>T\u00e9cnicas de peinado<\/strong>, como el alisado con cepillo redondo, el uso de pinzas para crear ondas suaves o el peinado con el cabello hacia atr\u00e1s para crear un aspecto m\u00e1s liso.<\/li>\n\n\n\n<li><strong>Tratamientos de alisado<\/strong> que ayuden a suavizar la textura y reducir el volumen. Esto es especialmente \u00fatil si tienes el pelo encrespado.<\/li>\n\n\n\n<li><strong>Tratamientos caseros y naturales<\/strong>, como el aceite de coco, el aloe vera o la mascarilla de aguacate. Estos hidratan el cabello y controlan el volumen de forma natural.<\/li>\n<\/ul>\n\n\n\n<h2 class=\"wp-block-heading\">Por qu\u00e9 reducir el volumen de tu pelo<\/h2>\n\n\n\n<ul class=\"wp-block-list\">\n<li>Porque es <strong>m\u00e1s f\u00e1cil de manejar,<\/strong> y por ende, <strong>menos dif\u00edcil de peinar<\/strong> y estilizar, especialmente si es grueso o rizado. Al reducir el volumen, el cabello se vuelve m\u00e1s manejable y m\u00e1s f\u00e1cil de peinar.<\/li>\n\n\n\n<li>Por el <strong>resultado<\/strong> que te da. Algunas personas prefieren un estilo de cabello m\u00e1s liso y elegante en lugar de un aspecto voluminoso. Reducir el volumen del cabello puede ayudar a lograr este tipo de apariencia.<\/li>\n\n\n\n<li><strong>Controla el frizz.<\/strong> El cabello con mucho volumen tiende a ser m\u00e1s propenso al frizz y al encrespamiento. Al reducir el volumen, se puede controlar mejor el encrespamiento y se puede lograr un aspecto m\u00e1s suave y pulido.<\/li>\n\n\n\n<li>Algunas personas simplemente prefieren un <strong>aspecto m\u00e1s suave y menos voluminoso<\/strong> para su cabello. Se adapta mejor a cualquier tipo de tendencia o moda.\u00a0<\/li>\n\n\n\n<li><strong>Es menos pesado e inc\u00f3modo<\/strong>, especialmente en climas c\u00e1lidos o h\u00famedos.<\/li>\n\n\n\n<li>Te ayuda a<strong> cambiar de estilo<\/strong> si lo que vas buscando es un cambio de look.<\/li>\n<\/ul>\n\n\n\n<h2 class=\"wp-block-heading\">Mejores productos que te ayudar\u00e1n a controlar el volumen de tu pelo<\/h2>\n\n\n\n<h3 class=\"wp-block-heading\">Revlon Uniq One Hair Treatment<\/h3>\n\n\n\n<p>Lo amar\u00e1s, porque es un tratamiento sin aclarado de hidrataci\u00f3n profunda que dejar\u00e1 tu cabello brillante, fuerte y con un aspecto s\u00faper saludable. Apto para todo tipo de cabellos y recomendado por expertos, es un producto de sal\u00f3n indicado para reparar el cabello da\u00f1ado por el sol, la playa, el calor producido por planchas, secadores, tenacillas\u2026\u00a0 Adem\u00e1s, tambi\u00e9n ayuda a recuperar su aspecto natural tras la coloraci\u00f3n y decoloraci\u00f3n. Es toda una inversi\u00f3n, \u00a1y sus ventajas no tienen l\u00edmite!<\/p>\n\n\n    <a class='product' target='_blank' href='https:\/\/www.primor.eu\/es_es\/revlon-uniq-one-hair-treatment-coco-nueva-formula-vegana-10438.html'>\r\n        <img loading='async' src='https:\/\/cdn2.primor.eu\/media\/catalog\/product\/cache\/8d3aba296f7a18b5251ee30fa5db42b2\/2\/C\/2CA04493_1_e5b5.jpg' alt='COMPRAR AHORA'>\r\n            <div class=\"claim\">\r\n                COMPRAR AHORA            <\/div>\r\n        <\/a>\r\n    \n\n\n\n<h3 class=\"wp-block-heading\">Tratamiento Light Oil Treatment de MoroccanOil&nbsp;<\/h3>\n\n\n\n<p>Enriquecido con aceite de arg\u00e1n, rico en antioxidantes y vitaminas que aumentan el brillo, este tratamiento transformador desenreda el cabello y aumenta el brillo, dejando el cabello sedoso y manejable. El cabello quebradizo y da\u00f1ado se vuelve fuerte, brillante, flexible y sin encrespamiento.<\/p>\n\n\n    <a class='product' target='_blank' href='https:\/\/www.primor.eu\/es_es\/moroccanoil-tratamiento-light-oil-treatment-105336.html?#854=66333'>\r\n        <img loading='async' src='https:\/\/cdn2.primor.eu\/media\/catalog\/product\/cache\/8d3aba296f7a18b5251ee30fa5db42b2\/2\/C\/2CA01820_1_3760.jpg' alt='COMPRAR AHORA'>\r\n            <div class=\"claim\">\r\n                COMPRAR AHORA            <\/div>\r\n        <\/a>\r\n    \n\n\n<div class=\"kk-star-ratings kksr-auto kksr-align-center kksr-valign-bottom\"\n    data-payload='{&quot;align&quot;:&quot;center&quot;,&quot;id&quot;:&quot;104863&quot;,&quot;slug&quot;:&quot;default&quot;,&quot;valign&quot;:&quot;bottom&quot;,&quot;ignore&quot;:&quot;&quot;,&quot;reference&quot;:&quot;auto&quot;,&quot;class&quot;:&quot;&quot;,&quot;count&quot;:&quot;0&quot;,&quot;legendonly&quot;:&quot;&quot;,&quot;readonly&quot;:&quot;&quot;,&quot;score&quot;:&quot;0&quot;,&quot;starsonly&quot;:&quot;&quot;,&quot;best&quot;:&quot;5&quot;,&quot;gap&quot;:&quot;5&quot;,&quot;greet&quot;:&quot;Valora este art\u00edculo&quot;,&quot;legend&quot;:&quot;0\\\/5 - (0 votos)&quot;,&quot;size&quot;:&quot;24&quot;,&quot;title&quot;:&quot;C\u00f3mo reducir el volumen de tu pelo (y por qu\u00e9 hacerlo)&quot;,&quot;width&quot;:&quot;0&quot;,&quot;_legend&quot;:&quot;{score}\\\/{best} - ({count} {votes})&quot;,&quot;font_factor&quot;:&quot;1.25&quot;}'>\n            \n<div class=\"kksr-stars\">\n    \n<div class=\"kksr-stars-inactive\">\n            <div class=\"kksr-star\" data-star=\"1\" style=\"padding-right: 5px\">\n            \n\n<div class=\"kksr-icon\" style=\"width: 24px; height: 24px;\"><\/div>\n        <\/div>\n            <div class=\"kksr-star\" data-star=\"2\" style=\"padding-right: 5px\">\n            \n\n<div class=\"kksr-icon\" style=\"width: 24px; height: 24px;\"><\/div>\n        <\/div>\n            <div class=\"kksr-star\" data-star=\"3\" style=\"padding-right: 5px\">\n            \n\n<div class=\"kksr-icon\" style=\"width: 24px; height: 24px;\"><\/div>\n        <\/div>\n            <div class=\"kksr-star\" data-star=\"4\" style=\"padding-right: 5px\">\n            \n\n<div class=\"kksr-icon\" style=\"width: 24px; height: 24px;\"><\/div>\n        <\/div>\n            <div class=\"kksr-star\" data-star=\"5\" style=\"padding-right: 5px\">\n            \n\n<div class=\"kksr-icon\" style=\"width: 24px; height: 24px;\"><\/div>\n        <\/div>\n    <\/div>\n    \n<div class=\"kksr-stars-active\" style=\"width: 0px;\">\n            <div class=\"kksr-star\" style=\"padding-right: 5px\">\n            \n\n<div class=\"kksr-icon\" style=\"width: 24px; height: 24px;\"><\/div>\n        <\/div>\n            <div class=\"kksr-star\" style=\"padding-right: 5px\">\n            \n\n<div class=\"kksr-icon\" style=\"width: 24px; height: 24px;\"><\/div>\n        <\/div>\n            <div class=\"kksr-star\" style=\"padding-right: 5px\">\n            \n\n<div class=\"kksr-icon\" style=\"width: 24px; height: 24px;\"><\/div>\n        <\/div>\n            <div class=\"kksr-star\" style=\"padding-right: 5px\">\n            \n\n<div class=\"kksr-icon\" style=\"width: 24px; height: 24px;\"><\/div>\n        <\/div>\n            <div class=\"kksr-star\" style=\"padding-right: 5px\">\n            \n\n<div class=\"kksr-icon\" style=\"width: 24px; height: 24px;\"><\/div>\n        <\/div>\n    <\/div>\n<\/div>\n                \n\n<div class=\"kksr-legend\" style=\"font-size: 19.2px;\">\n            <span class=\"kksr-muted\">Valora este art\u00edculo<\/span>\n    <\/div>\n    <\/div>\n","protected":false},"excerpt":{"rendered":"<p>\u00bfTienes mucho pelo o te molesta tener mucho volumen? Es algo mucho m\u00e1s com\u00fan de lo que piensas, y a pesar de que la gran mayor\u00eda habla de lo dif\u00edcil que puede ser manejar un pelo fino o pobre, las melenas gruesas o con mucho volumen tampoco se quedan atr\u00e1s. En este art\u00edculo de Primor [&hellip;]<\/p>\n","protected":false},"author":14,"featured_media":104883,"comment_status":"closed","ping_status":"closed","sticky":false,"template":"","format":"standard","meta":{"jnews-multi-image_gallery":[],"jnews_single_post":{"subtitle":"","format":"standard","video":"","gallery":"","source_name":"","source_url":"","via_name":"","via_url":"","override_template":"0","override":[{"template":"1","single_blog_custom":"","parallax":"1","fullscreen":"1","layout":"right-sidebar","sidebar":"home-2","second_sidebar":"default-sidebar","sticky_sidebar":"0","share_position":"float","share_float_style":"share-monocrhome","show_share_counter":"0","show_view_counter":"0","show_featured":"1","show_post_meta":"1","show_post_author":"0","show_post_author_image":"1","show_post_date":"1","post_date_format":"default","post_date_format_custom":"Y\/m\/d","show_post_category":"1","show_post_reading_time":"0","post_reading_time_wpm":"300","show_zoom_button":"0","zoom_button_out_step":"2","zoom_button_in_step":"3","show_post_tag":"0","show_prev_next_post":"0","show_popup_post":"0","number_popup_post":"2","show_author_box":"0","show_post_related":"0","show_inline_post_related":"1"}],"override_image_size":"0","image_override":[{"single_post_thumbnail_size":"no-crop","single_post_gallery_size":"crop-500"}],"trending_post":"0","trending_post_position":"meta","trending_post_label":"Trending","sponsored_post":"0","sponsored_post_label":"Sponsored by","sponsored_post_name":"","sponsored_post_url":"","sponsored_post_logo_enable":"0","sponsored_post_logo":"","sponsored_post_desc":"","disable_ad":"0"},"jnews_primary_category":{"id":"","hide":""},"jnews_social_meta":{"fb_title":"","fb_description":"","fb_image":"","twitter_title":"","twitter_description":"","twitter_image":""},"jnews_override_counter":{"override_view_counter":"0","view_counter_number":"0","override_share_counter":"0","share_counter_number":"0","override_like_counter":"0","like_counter_number":"0","override_dislike_counter":"0","dislike_counter_number":"0"},"footnotes":""},"categories":[35],"tags":[],"class_list":["post-104863","post","type-post","status-publish","format-standard","has-post-thumbnail","hentry","category-cabello"],"_links":{"self":[{"href":"https:\/\/www.primor.eu\/blog\/wp-json\/wp\/v2\/posts\/104863","targetHints":{"allow":["GET"]}}],"collection":[{"href":"https:\/\/www.primor.eu\/blog\/wp-json\/wp\/v2\/posts"}],"about":[{"href":"https:\/\/www.primor.eu\/blog\/wp-json\/wp\/v2\/types\/post"}],"author":[{"embeddable":true,"href":"https:\/\/www.primor.eu\/blog\/wp-json\/wp\/v2\/users\/14"}],"replies":[{"embeddable":true,"href":"https:\/\/www.primor.eu\/blog\/wp-json\/wp\/v2\/comments?post=104863"}],"version-history":[{"count":1,"href":"https:\/\/www.primor.eu\/blog\/wp-json\/wp\/v2\/posts\/104863\/revisions"}],"predecessor-version":[{"id":104903,"href":"https:\/\/www.primor.eu\/blog\/wp-json\/wp\/v2\/posts\/104863\/revisions\/104903"}],"wp:featuredmedia":[{"embeddable":true,"href":"https:\/\/www.primor.eu\/blog\/wp-json\/wp\/v2\/media\/104883"}],"wp:attachment":[{"href":"https:\/\/www.primor.eu\/blog\/wp-json\/wp\/v2\/media?parent=104863"}],"wp:term":[{"taxonomy":"category","embeddable":true,"href":"https:\/\/www.primor.eu\/blog\/wp-json\/wp\/v2\/categories?post=104863"},{"taxonomy":"post_tag","embeddable":true,"href":"https:\/\/www.primor.eu\/blog\/wp-json\/wp\/v2\/tags?post=104863"}],"curies":[{"name":"wp","href":"https:\/\/api.w.org\/{rel}","templated":true}]}}