{"id":104731,"date":"2025-07-16T13:22:48","date_gmt":"2025-07-16T13:22:48","guid":{"rendered":"https:\/\/www.primor.eu\/blog\/?p=104731"},"modified":"2025-07-16T13:22:49","modified_gmt":"2025-07-16T13:22:49","slug":"mejores-peinados-para-concierto","status":"publish","type":"post","link":"https:\/\/www.primor.eu\/blog\/mejores-peinados-para-concierto\/","title":{"rendered":"Los 4 peinados m\u00e1s c\u00f3modos y bonitos para un concierto"},"content":{"rendered":"\n<p>Elegir entre <a href=\"https:\/\/www.primor.eu\/blog\/peinados-con-panuelo-cabello\/\" data-type=\"link\" data-id=\"https:\/\/www.primor.eu\/blog\/peinados-con-panuelo-cabello\/\"><strong>peinados para concierto<\/strong> <\/a>puede no ser tarea f\u00e1cil si no tenemos el d\u00eda creativo. Sin embargo, dependiendo del tipo de concierto al que asistamos, hay peinados para concierto que son perfectos y nos ayudar\u00e1n a llevar el <strong>look perfecto<\/strong>. No es lo mismo un concierto de <strong>m\u00fasica cl\u00e1sica<\/strong> que uno de<strong> rock <\/strong>o uno de <strong>rap<\/strong>, \u00bfno? Igual que nos arreglamos acorde con los eventos que vamos normalmente, podemos hacer lo mismo para ir de concierto. Por eso hoy en el blog de Primor ponemos nuestra creatividad a tu disposici\u00f3n para contarte cu\u00e1les son los mejores peinados para concierto.&nbsp;<\/p>\n\n\n\n<h2 class=\"wp-block-heading\">Mejores peinados para concierto: seg\u00fan el g\u00e9nero musical<\/h2>\n\n\n\n<p>Aunque para recomendarte los mejores peinados para concierto nos basaremos en los que sean f\u00e1ciles y c\u00f3modos para que la est\u00e9tica no se imponga a la comodidad y el disfrute, hemos decidido enfocarnos en el g\u00e9nero musical. Y es que si alguna funci\u00f3n tiene la moda y la belleza es la de expresar nuestros gustos y nuestra personalidad.<\/p>\n\n\n\n<h3 class=\"wp-block-heading\">Peinados para concierto de rock<\/h3>\n\n\n\n<figure class=\"wp-block-image size-large\"><img decoding=\"async\" width=\"819\" height=\"1024\" src=\"https:\/\/www.primor.eu\/blog\/wp-content\/uploads\/2024\/05\/nohelybravo-819x1024.jpg\" alt=\"\" class=\"wp-image-106337\" srcset=\"https:\/\/www.primor.eu\/blog\/wp-content\/uploads\/2024\/05\/nohelybravo-819x1024.jpg 819w, https:\/\/www.primor.eu\/blog\/wp-content\/uploads\/2024\/05\/nohelybravo-240x300.jpg 240w, https:\/\/www.primor.eu\/blog\/wp-content\/uploads\/2024\/05\/nohelybravo-768x960.jpg 768w, https:\/\/www.primor.eu\/blog\/wp-content\/uploads\/2024\/05\/nohelybravo-750x938.jpg 750w, https:\/\/www.primor.eu\/blog\/wp-content\/uploads\/2024\/05\/nohelybravo.jpg 1080w\" sizes=\"(max-width: 819px) 100vw, 819px\" \/><\/figure>\n\n\n\n<p>@nohelybravo<\/p>\n\n\n\n<p>Un concierto de rock acepta peinados grunge y desenfadados. Una melena suelta y sin peinar con secador o plancha puede ser una genial opci\u00f3n para ir a un concierto de rock. Ir a un concierto de rock puede ser la mejor excusa para<strong> lucir tu melenaza<\/strong> sin tapujos y ondearla al viento al son de cada baile. El rock and roll naci\u00f3 como una m\u00fasica para divertirse y desmelenarse.\u00a0\u00a0<\/p>\n\n\n\n<p>Si lo combinas con un look casual como unos vaqueros y unas bambas, acompa\u00f1adas de una de esas camisetas de grupos con los tirantes cortados o un top sencillo, \u00a1tendr\u00e1s un total look! Tambi\u00e9n puedes optar por una minifalda.<\/p>\n\n\n\n<h3 class=\"wp-block-heading\">Peinados para concierto de trap o rap<\/h3>\n\n\n\n<figure class=\"wp-block-image size-full\"><img decoding=\"async\" width=\"564\" height=\"564\" src=\"https:\/\/www.primor.eu\/blog\/wp-content\/uploads\/2024\/05\/@trenzas_africanas_guayaquil.jpg\" alt=\"\" class=\"wp-image-106338\" srcset=\"https:\/\/www.primor.eu\/blog\/wp-content\/uploads\/2024\/05\/@trenzas_africanas_guayaquil.jpg 564w, https:\/\/www.primor.eu\/blog\/wp-content\/uploads\/2024\/05\/@trenzas_africanas_guayaquil-300x300.jpg 300w, https:\/\/www.primor.eu\/blog\/wp-content\/uploads\/2024\/05\/@trenzas_africanas_guayaquil-150x150.jpg 150w, https:\/\/www.primor.eu\/blog\/wp-content\/uploads\/2024\/05\/@trenzas_africanas_guayaquil-75x75.jpg 75w, https:\/\/www.primor.eu\/blog\/wp-content\/uploads\/2024\/05\/@trenzas_africanas_guayaquil-350x350.jpg 350w\" sizes=\"(max-width: 564px) 100vw, 564px\" \/><\/figure>\n\n\n\n<p>@trenzas_africanas_guayaquil<\/p>\n\n\n\n<p>El trap es uno de los g\u00e9neros musicales que est\u00e1 m\u00e1s de moda entre el p\u00fablico joven. Y es que fusiona las letras reivindicativas del rap con los ritmos urbanos que nos incitan a bailar como el reggaeton o, incluso, el flamenco.\u00a0<\/p>\n\n\n\n<p>Si buscas peinados para concierto y eres de las que adora el trap, \u00a1l\u00e1nzate con unas <strong>trenzas<\/strong>! Combinadas con unos pendientes de aro dorados e incluso con una visera o una de esas sudaderas con capucha al m\u00e1s puro estilo Rosal\u00eda o Queralt Lahoz ser\u00e1 un s\u00edmbolo de empoderamiento y comodidad. Tambi\u00e9n puedes hacerte un recogido y usar uno de esos<strong> pa\u00f1uelos<\/strong> que le dan a cualquier look un toque tan urbano.<\/p>\n\n\n\n<h3 class=\"wp-block-heading\">Peinados para concierto de pop o de indie<\/h3>\n\n\n\n<figure class=\"wp-block-image size-large\"><img decoding=\"async\" width=\"819\" height=\"1024\" src=\"https:\/\/www.primor.eu\/blog\/wp-content\/uploads\/2024\/05\/@palmalu-819x1024.jpg\" alt=\"\" class=\"wp-image-106340\" srcset=\"https:\/\/www.primor.eu\/blog\/wp-content\/uploads\/2024\/05\/@palmalu-819x1024.jpg 819w, https:\/\/www.primor.eu\/blog\/wp-content\/uploads\/2024\/05\/@palmalu-240x300.jpg 240w, https:\/\/www.primor.eu\/blog\/wp-content\/uploads\/2024\/05\/@palmalu-768x960.jpg 768w, https:\/\/www.primor.eu\/blog\/wp-content\/uploads\/2024\/05\/@palmalu-750x938.jpg 750w, https:\/\/www.primor.eu\/blog\/wp-content\/uploads\/2024\/05\/@palmalu.jpg 1080w\" sizes=\"(max-width: 819px) 100vw, 819px\" \/><\/figure>\n\n\n\n<p>@palmalu<\/p>\n\n\n\n<p>Una coleta alta adornada con un lazo o una goma del pelo bonita puede ser la mejor opci\u00f3n si buscas peinados para concierto c\u00f3modos y vas a un concierto de pop o de indie. Tambi\u00e9n, si lo prefieres, puedes escoger un medio recogido si te gusta llevar una parte del pelo suelto.<\/p>\n\n\n\n<p>Este tipo de peinados para concierto ser\u00e1n geniales si los combinas tanto con una minifalda o un vestido ce\u00f1ido de esos que te hacen estar sexy y unas bambas. Si hace fr\u00edo, no olvides tu chaqueta vaquera o si quieres darle un toque de rock pop al look, una chaqueta de cuero.<\/p>\n\n\n\n<h3 class=\"wp-block-heading\">Peinados para concierto de jazz o cl\u00e1sica<\/h3>\n\n\n\n<figure class=\"wp-block-image size-large\"><img decoding=\"async\" width=\"819\" height=\"1024\" src=\"https:\/\/www.primor.eu\/blog\/wp-content\/uploads\/2024\/05\/@dieuvintage_salonspa-819x1024.jpg\" alt=\"\" class=\"wp-image-106341\" srcset=\"https:\/\/www.primor.eu\/blog\/wp-content\/uploads\/2024\/05\/@dieuvintage_salonspa-819x1024.jpg 819w, https:\/\/www.primor.eu\/blog\/wp-content\/uploads\/2024\/05\/@dieuvintage_salonspa-240x300.jpg 240w, https:\/\/www.primor.eu\/blog\/wp-content\/uploads\/2024\/05\/@dieuvintage_salonspa-768x960.jpg 768w, https:\/\/www.primor.eu\/blog\/wp-content\/uploads\/2024\/05\/@dieuvintage_salonspa-750x938.jpg 750w, https:\/\/www.primor.eu\/blog\/wp-content\/uploads\/2024\/05\/@dieuvintage_salonspa.jpg 1080w\" sizes=\"(max-width: 819px) 100vw, 819px\" \/><\/figure>\n\n\n\n<p>@dieuvintage_salonspa<\/p>\n\n\n\n<p>Si lo que te gustan son estos g\u00e9neros musicales, ser\u00e1 genial que optes por un mo\u00f1o elegante. Y es que estos estilos de m\u00fasica al ser cl\u00e1sicos, son perfectos para lucir un look vintage o con un toque retro.\u00a0Si vistes tanto traje de chaqueta o americana como si te decantas por un look mucho m\u00e1s femenino como un vestido de fiesta, \u00a1estar\u00e1s perfecta! Elige la opci\u00f3n de las dos que m\u00e1s te guste.\u00a0<\/p>\n\n\n<div class=\"kk-star-ratings kksr-auto kksr-align-center kksr-valign-bottom\"\n    data-payload='{&quot;align&quot;:&quot;center&quot;,&quot;id&quot;:&quot;104731&quot;,&quot;slug&quot;:&quot;default&quot;,&quot;valign&quot;:&quot;bottom&quot;,&quot;ignore&quot;:&quot;&quot;,&quot;reference&quot;:&quot;auto&quot;,&quot;class&quot;:&quot;&quot;,&quot;count&quot;:&quot;0&quot;,&quot;legendonly&quot;:&quot;&quot;,&quot;readonly&quot;:&quot;&quot;,&quot;score&quot;:&quot;0&quot;,&quot;starsonly&quot;:&quot;&quot;,&quot;best&quot;:&quot;5&quot;,&quot;gap&quot;:&quot;5&quot;,&quot;greet&quot;:&quot;Valora este art\u00edculo&quot;,&quot;legend&quot;:&quot;0\\\/5 - (0 votos)&quot;,&quot;size&quot;:&quot;24&quot;,&quot;title&quot;:&quot;Los 4 peinados m\u00e1s c\u00f3modos y bonitos para un concierto&quot;,&quot;width&quot;:&quot;0&quot;,&quot;_legend&quot;:&quot;{score}\\\/{best} - ({count} {votes})&quot;,&quot;font_factor&quot;:&quot;1.25&quot;}'>\n            \n<div class=\"kksr-stars\">\n    \n<div class=\"kksr-stars-inactive\">\n            <div class=\"kksr-star\" data-star=\"1\" style=\"padding-right: 5px\">\n            \n\n<div class=\"kksr-icon\" style=\"width: 24px; height: 24px;\"><\/div>\n        <\/div>\n            <div class=\"kksr-star\" data-star=\"2\" style=\"padding-right: 5px\">\n            \n\n<div class=\"kksr-icon\" style=\"width: 24px; height: 24px;\"><\/div>\n        <\/div>\n            <div class=\"kksr-star\" data-star=\"3\" style=\"padding-right: 5px\">\n            \n\n<div class=\"kksr-icon\" style=\"width: 24px; height: 24px;\"><\/div>\n        <\/div>\n            <div class=\"kksr-star\" data-star=\"4\" style=\"padding-right: 5px\">\n            \n\n<div class=\"kksr-icon\" style=\"width: 24px; height: 24px;\"><\/div>\n        <\/div>\n            <div class=\"kksr-star\" data-star=\"5\" style=\"padding-right: 5px\">\n            \n\n<div class=\"kksr-icon\" style=\"width: 24px; height: 24px;\"><\/div>\n        <\/div>\n    <\/div>\n    \n<div class=\"kksr-stars-active\" style=\"width: 0px;\">\n            <div class=\"kksr-star\" style=\"padding-right: 5px\">\n            \n\n<div class=\"kksr-icon\" style=\"width: 24px; height: 24px;\"><\/div>\n        <\/div>\n            <div class=\"kksr-star\" style=\"padding-right: 5px\">\n            \n\n<div class=\"kksr-icon\" style=\"width: 24px; height: 24px;\"><\/div>\n        <\/div>\n            <div class=\"kksr-star\" style=\"padding-right: 5px\">\n            \n\n<div class=\"kksr-icon\" style=\"width: 24px; height: 24px;\"><\/div>\n        <\/div>\n            <div class=\"kksr-star\" style=\"padding-right: 5px\">\n            \n\n<div class=\"kksr-icon\" style=\"width: 24px; height: 24px;\"><\/div>\n        <\/div>\n            <div class=\"kksr-star\" style=\"padding-right: 5px\">\n            \n\n<div class=\"kksr-icon\" style=\"width: 24px; height: 24px;\"><\/div>\n        <\/div>\n    <\/div>\n<\/div>\n                \n\n<div class=\"kksr-legend\" style=\"font-size: 19.2px;\">\n            <span class=\"kksr-muted\">Valora este art\u00edculo<\/span>\n    <\/div>\n    <\/div>\n","protected":false},"excerpt":{"rendered":"<p>Elegir entre peinados para concierto puede no ser tarea f\u00e1cil si no tenemos el d\u00eda creativo. Sin embargo, dependiendo del tipo de concierto al que asistamos, hay peinados para concierto que son perfectos y nos ayudar\u00e1n a llevar el look perfecto. No es lo mismo un concierto de m\u00fasica cl\u00e1sica que uno de rock o [&hellip;]<\/p>\n","protected":false},"author":14,"featured_media":104733,"comment_status":"closed","ping_status":"closed","sticky":false,"template":"","format":"standard","meta":{"jnews-multi-image_gallery":[],"jnews_single_post":{"subtitle":"","format":"standard","video":"","gallery":"","source_name":"","source_url":"","via_name":"","via_url":"","override_template":"0","override":[{"template":"1","single_blog_custom":"","parallax":"1","fullscreen":"1","layout":"right-sidebar","sidebar":"home-2","second_sidebar":"default-sidebar","sticky_sidebar":"0","share_position":"float","share_float_style":"share-monocrhome","show_share_counter":"0","show_view_counter":"0","show_featured":"1","show_post_meta":"1","show_post_author":"0","show_post_author_image":"1","show_post_date":"1","post_date_format":"default","post_date_format_custom":"Y\/m\/d","show_post_category":"1","show_post_reading_time":"0","post_reading_time_wpm":"300","show_zoom_button":"0","zoom_button_out_step":"2","zoom_button_in_step":"3","show_post_tag":"0","show_prev_next_post":"0","show_popup_post":"0","number_popup_post":"2","show_author_box":"0","show_post_related":"0","show_inline_post_related":"1"}],"override_image_size":"0","image_override":[{"single_post_thumbnail_size":"no-crop","single_post_gallery_size":"crop-500"}],"trending_post":"0","trending_post_position":"meta","trending_post_label":"Trending","sponsored_post":"0","sponsored_post_label":"Sponsored by","sponsored_post_name":"","sponsored_post_url":"","sponsored_post_logo_enable":"0","sponsored_post_logo":"","sponsored_post_desc":"","disable_ad":"0"},"jnews_primary_category":{"id":"","hide":""},"jnews_social_meta":{"fb_title":"","fb_description":"","fb_image":"","twitter_title":"","twitter_description":"","twitter_image":""},"jnews_override_counter":{"override_view_counter":"0","view_counter_number":"0","override_share_counter":"0","share_counter_number":"0","override_like_counter":"0","like_counter_number":"0","override_dislike_counter":"0","dislike_counter_number":"0"},"footnotes":""},"categories":[35],"tags":[],"class_list":["post-104731","post","type-post","status-publish","format-standard","has-post-thumbnail","hentry","category-cabello"],"_links":{"self":[{"href":"https:\/\/www.primor.eu\/blog\/wp-json\/wp\/v2\/posts\/104731","targetHints":{"allow":["GET"]}}],"collection":[{"href":"https:\/\/www.primor.eu\/blog\/wp-json\/wp\/v2\/posts"}],"about":[{"href":"https:\/\/www.primor.eu\/blog\/wp-json\/wp\/v2\/types\/post"}],"author":[{"embeddable":true,"href":"https:\/\/www.primor.eu\/blog\/wp-json\/wp\/v2\/users\/14"}],"replies":[{"embeddable":true,"href":"https:\/\/www.primor.eu\/blog\/wp-json\/wp\/v2\/comments?post=104731"}],"version-history":[{"count":5,"href":"https:\/\/www.primor.eu\/blog\/wp-json\/wp\/v2\/posts\/104731\/revisions"}],"predecessor-version":[{"id":129552,"href":"https:\/\/www.primor.eu\/blog\/wp-json\/wp\/v2\/posts\/104731\/revisions\/129552"}],"wp:featuredmedia":[{"embeddable":true,"href":"https:\/\/www.primor.eu\/blog\/wp-json\/wp\/v2\/media\/104733"}],"wp:attachment":[{"href":"https:\/\/www.primor.eu\/blog\/wp-json\/wp\/v2\/media?parent=104731"}],"wp:term":[{"taxonomy":"category","embeddable":true,"href":"https:\/\/www.primor.eu\/blog\/wp-json\/wp\/v2\/categories?post=104731"},{"taxonomy":"post_tag","embeddable":true,"href":"https:\/\/www.primor.eu\/blog\/wp-json\/wp\/v2\/tags?post=104731"}],"curies":[{"name":"wp","href":"https:\/\/api.w.org\/{rel}","templated":true}]}}