{"id":104547,"date":"2024-05-18T15:00:00","date_gmt":"2024-05-18T15:00:00","guid":{"rendered":"https:\/\/www.primor.eu\/blog\/?p=104547"},"modified":"2025-10-17T10:04:00","modified_gmt":"2025-10-17T10:04:00","slug":"mejores-metodos-depilar-axilas","status":"publish","type":"post","link":"https:\/\/www.primor.eu\/blog\/mejores-metodos-depilar-axilas\/","title":{"rendered":"Los mejores m\u00e9todos para depilarte las axilas sin irritaci\u00f3n"},"content":{"rendered":"\n<p>Sabe<strong>r c\u00f3mo <a href=\"https:\/\/www.primor.eu\/blog\/depilacion-con-crema\/\" data-type=\"link\" data-id=\"https:\/\/www.primor.eu\/blog\/depilacion-con-crema\/\">depilar las axilas<\/a><\/strong> para que no aparezca esa molesta irritaci\u00f3n, no es algo que est\u00e9 muy extendido. Existen varias formas de depilar las axilas y algunas de ellas producen mayor irritaci\u00f3n que otras, aunque siempre hay maneras de reducir la irritaci\u00f3n al depilarse. En este art\u00edculo te contamos cu\u00e1les son las <strong>diferentes t\u00e9cnicas<\/strong> para hacerlo y c\u00f3mo depilar las axilas, as\u00ed como los mejores <strong>productos <\/strong>para hacerlo <strong>sin irritaci\u00f3n<\/strong>.&nbsp;<\/p>\n\n\n\n<h2 class=\"wp-block-heading\">C\u00f3mo depilar las axilas<\/h2>\n\n\n\n<p>Antes de nada vamos a ver c\u00f3mo depilar las axilas mediante diferentes m\u00e9todos y con distintos productos, para que puedas elegir la que mejor vaya contigo.<\/p>\n\n\n\n<ul class=\"wp-block-list\">\n<li><strong>Con cuchilla<\/strong>: este es el m\u00e9todo que m\u00e1s puede hacer que se irriten tus axilas. Lo mejor es elegir una cuchilla de calidad para evitar tener que repasar m\u00e1s de una vez y que la depilaci\u00f3n no irrite tus axilas.&nbsp;<\/li>\n\n\n\n<li><strong>Mediante depilaci\u00f3n l\u00e1ser<\/strong>: si te gustar\u00eda que el hecho de buscar c\u00f3mo depilar las axilas para olvidarte de dolores e irritaci\u00f3n deje de ser algo que ocupa tu cabeza, la depilaci\u00f3n l\u00e1ser es para ti. Con este m\u00e9todo definitivo te olvidar\u00e1s de la depilaci\u00f3n y sus consecuencias. Eso s\u00ed, es la opci\u00f3n m\u00e1s cara y se requieren varias sesiones.<\/li>\n\n\n\n<li><strong>Con cera caliente o fr\u00eda:<\/strong> depilar las axilas con cera es una buena opci\u00f3n si tu mayor preocupaci\u00f3n es evitar la irritaci\u00f3n.&nbsp;<\/li>\n\n\n\n<li><strong>Con crema depilatoria<\/strong>: hay algunas dise\u00f1adas espec\u00edficamente para pieles sensibles. Antes de aplicarla en toda el \u00e1rea, realiza una prueba de sensibilidad en una peque\u00f1a \u00e1rea de la piel para asegurarte de que no cause irritaci\u00f3n. Una vez que hayas comprobado que no eres sensible a estas cremas, podr\u00e1s depilarte sin dolor y con menos irritaci\u00f3n que con cuchilla.<\/li>\n<\/ul>\n\n\n\n<h2 class=\"wp-block-heading\">C\u00f3mo depilar las axilas sin irritaci\u00f3n: cuidados extra<\/h2>\n\n\n\n<ul class=\"wp-block-list\">\n<li><strong>Exfolia la zona regularmente<\/strong>: para eliminar las c\u00e9lulas muertas y los vellos encarnados, lo que puede reducir la irritaci\u00f3n despu\u00e9s de la depilaci\u00f3n. Muchas veces la irritaci\u00f3n no es causa de la depilaci\u00f3n misma, sino de los poros que tenemos irritados o esos vellos internos.<\/li>\n\n\n\n<li><strong>No uses desodorante despu\u00e9s<\/strong>: que contenga alcohol, al menos hasta el d\u00eda siguiente de haberte depilado. Esto es clave ya que la mayor\u00eda de ellos llevan en su composici\u00f3n alcohol o ingredientes que pueden da\u00f1ar tu piel.<\/li>\n\n\n\n<li><strong>Hidrata la zona de las axilas<\/strong>: tanto despu\u00e9s de cada depilaci\u00f3n como antes. As\u00ed har\u00e1s que la zona no est\u00e9 demasiado reseca cuando te depiles y evitar\u00e1s da\u00f1os mayores. Puedes ponerte crema hidratante en la zona de las axilas o aceites vegetales tambi\u00e9n a diario para tenerlas siempre suaves y evitar la irritaci\u00f3n.<\/li>\n<\/ul>\n\n\n\n<h2 class=\"wp-block-heading\">Los mejores productos para depilar las axilas<\/h2>\n\n\n\n<p>Para que elijas entre los m\u00e9todos antes mencionados para depilar las axilas te recomendamos los mejores productos de nuestra tienda:<\/p>\n\n\n        <product-table class=\"pr-slider\">\r\n            <product-headers class=\"grid-table-rows\">\r\n                <div>Foto<\/div>\r\n                <div>Producto<\/div>\r\n                <div>Marca<\/div>\r\n                <div>Valoraciones<\/div>\r\n                <div>Precio<\/div>\r\n            <\/product-headers>\r\n\r\n            <product-list>\r\n                                    <a href=\"https:\/\/www.primor.eu\/es_es\/lea-maquinilla-bikini-zonas-delicadas-25349.html\" class=\"product-item grid-table-rows\" target=\"_blank\">\r\n                        <div>\r\n                            <img decoding=\"async\" class=\"product-img\" width=\"80px\" height=\"80px\" src=\"https:\/\/cdn2.primor.eu\/media\/catalog\/product\/cache\/8d3aba296f7a18b5251ee30fa5db42b2\/1\/S\/1SH00227_1_72f4.jpg\" alt=\"Maquinilla Bikini Zonas Delicadas\">\r\n                        <\/div>\r\n\r\n                        <!-- Contenido de producto  -->\r\n                        <div>\r\n                            <div class=\"product-position\">\r\n                                #1 Top Ventas                            <\/div>\r\n\r\n                            <h2>\r\n                                Maquinilla Bikini Zonas Delicadas                            <\/h2>\r\n                        <\/div>\r\n\r\n                        <!-- Imagen y\/o nombre de la marca -->\r\n                        <div>\r\n                                                            <img decoding=\"async\" width=\"70\" src=\"https:\/\/www.primor.eu\/media\/catalog\/category\/LEA.jpg\" alt=\"\">\r\n                                                    <\/div>\r\n\r\n                        <!-- Puntuaci\u00f3n del producto  -->\r\n                        <div class=\"rating\">\r\n                                                            <div class=\"rate\" style=\"--p:82;\"><\/div>\r\n                                <b>4.1\/5<\/b>\r\n                                <div class=\"rate-stars\">\r\n                                                                            <div\r\n                                            class=\"rate-star  \">\r\n                                        <\/div>\r\n                                                                            <div\r\n                                            class=\"rate-star  \">\r\n                                        <\/div>\r\n                                                                            <div\r\n                                            class=\"rate-star  \">\r\n                                        <\/div>\r\n                                                                            <div\r\n                                            class=\"rate-star  \">\r\n                                        <\/div>\r\n                                                                            <div\r\n                                            class=\"rate-star  \">\r\n                                        <\/div>\r\n                                                                    <\/div>\r\n                                                    <\/div>\r\n\r\n                        <!-- Bot\u00f3n de producto  -->\r\n                        <div>\r\n                            <span class=\"price-claim\">\r\n                                VER PRECIO                            <\/span>\r\n                        <\/div>\r\n                    <\/a>\r\n                                    <a href=\"https:\/\/www.primor.eu\/es_es\/veet-crema-depilatoria-para-axilas-roll-on-25638.html\" class=\"product-item grid-table-rows\" target=\"_blank\">\r\n                        <div>\r\n                            <img decoding=\"async\" class=\"product-img\" width=\"80px\" height=\"80px\" src=\"https:\/\/cdn2.primor.eu\/media\/catalog\/product\/cache\/8d3aba296f7a18b5251ee30fa5db42b2\/0\/5\/05255756200550____3__1200x1200_c9e2.jpg\" alt=\"Crema Depilatoria para Axilas Roll-On\">\r\n                        <\/div>\r\n\r\n                        <!-- Contenido de producto  -->\r\n                        <div>\r\n                            <div class=\"product-position\">\r\n                                #2                            <\/div>\r\n\r\n                            <h2>\r\n                                Crema Depilatoria para Axilas Roll-On                            <\/h2>\r\n                        <\/div>\r\n\r\n                        <!-- Imagen y\/o nombre de la marca -->\r\n                        <div>\r\n                                                            <img decoding=\"async\" width=\"70\" src=\"https:\/\/www.primor.eu\/media\/catalog\/category\/430.jpg\" alt=\"\">\r\n                                                    <\/div>\r\n\r\n                        <!-- Puntuaci\u00f3n del producto  -->\r\n                        <div class=\"rating\">\r\n                                                            <div class=\"rate\" style=\"--p:96;\"><\/div>\r\n                                <b>4.8\/5<\/b>\r\n                                <div class=\"rate-stars\">\r\n                                                                            <div\r\n                                            class=\"rate-star  \">\r\n                                        <\/div>\r\n                                                                            <div\r\n                                            class=\"rate-star  \">\r\n                                        <\/div>\r\n                                                                            <div\r\n                                            class=\"rate-star  \">\r\n                                        <\/div>\r\n                                                                            <div\r\n                                            class=\"rate-star  \">\r\n                                        <\/div>\r\n                                                                            <div\r\n                                            class=\"rate-star  \">\r\n                                        <\/div>\r\n                                                                    <\/div>\r\n                                                    <\/div>\r\n\r\n                        <!-- Bot\u00f3n de producto  -->\r\n                        <div>\r\n                            <span class=\"price-claim\">\r\n                                VER PRECIO                            <\/span>\r\n                        <\/div>\r\n                    <\/a>\r\n                                    <a href=\"https:\/\/www.primor.eu\/es_es\/daen-bandas-depilatorias-corporales-cera-fria-con-rosa-mosqueta-24711.html\" class=\"product-item grid-table-rows\" target=\"_blank\">\r\n                        <div>\r\n                            <img decoding=\"async\" class=\"product-img\" width=\"80px\" height=\"80px\" src=\"https:\/\/cdn2.primor.eu\/media\/catalog\/product\/cache\/8d3aba296f7a18b5251ee30fa5db42b2\/1\/D\/1DP00256_1_d969.jpg\" alt=\"Bandas Depilatorias Corporales Cera Fr\u00eda con Rosa Mosqueta\">\r\n                        <\/div>\r\n\r\n                        <!-- Contenido de producto  -->\r\n                        <div>\r\n                            <div class=\"product-position\">\r\n                                #3                            <\/div>\r\n\r\n                            <h2>\r\n                                Bandas Depilatorias Corporales Cera Fr\u00eda con Rosa Mosqueta                            <\/h2>\r\n                        <\/div>\r\n\r\n                        <!-- Imagen y\/o nombre de la marca -->\r\n                        <div>\r\n                                                            <img decoding=\"async\" width=\"70\" src=\"https:\/\/www.primor.eu\/media\/catalog\/category\/Daen.jpg\" alt=\"\">\r\n                                                    <\/div>\r\n\r\n                        <!-- Puntuaci\u00f3n del producto  -->\r\n                        <div class=\"rating\">\r\n                                                            <div class=\"rate\" style=\"--p:100;\"><\/div>\r\n                                <b>5\/5<\/b>\r\n                                <div class=\"rate-stars\">\r\n                                                                            <div\r\n                                            class=\"rate-star  \">\r\n                                        <\/div>\r\n                                                                            <div\r\n                                            class=\"rate-star  \">\r\n                                        <\/div>\r\n                                                                            <div\r\n                                            class=\"rate-star  \">\r\n                                        <\/div>\r\n                                                                            <div\r\n                                            class=\"rate-star  \">\r\n                                        <\/div>\r\n                                                                            <div\r\n                                            class=\"rate-star  \">\r\n                                        <\/div>\r\n                                                                    <\/div>\r\n                                                    <\/div>\r\n\r\n                        <!-- Bot\u00f3n de producto  -->\r\n                        <div>\r\n                            <span class=\"price-claim\">\r\n                                VER PRECIO                            <\/span>\r\n                        <\/div>\r\n                    <\/a>\r\n                            <\/product-list>\r\n        <\/product-table>\r\n\r\n        \n\n\n\n<h3 class=\"wp-block-heading\">Maquinilla Bikini Zonas Delicadas de Lea<\/h3>\n\n\n\n<p>Es una maquinilla especial, con una hoja y dimensiones reducidas, para rasurado de precisi\u00f3n en zonas delicadas y de m\u00e1s dif\u00edcil acceso como son las ingles y axilas. Tiene una banda lubrificada con Aloe Vera, Vitamina E y Lavanda.<\/p>\n\n\n    <a class='product' target='_blank' href='https:\/\/www.primor.eu\/es_es\/lea-maquinilla-bikini-zonas-delicadas-25349.html'>\r\n        <img loading='async' src='https:\/\/cdn2.primor.eu\/media\/catalog\/product\/cache\/8d3aba296f7a18b5251ee30fa5db42b2\/1\/S\/1SH00227_1_72f4.jpg' alt='COMPRAR AHORA'>\r\n            <div class=\"claim\">\r\n                COMPRAR AHORA            <\/div>\r\n        <\/a>\r\n    \n\n\n<h3 class=\"wp-block-heading\">Crema Depilatoria para Axilas Roll-On de Veet<\/h3>\n\n\n\n<p>Crema depilatoria en un c\u00f3modo y pr\u00e1ctico formato roll-on, para una aplicaci\u00f3n m\u00e1s r\u00e1pida y precisa.<\/p>\n\n\n\n<p>Ideal para las axilas. Formulado con 35% menos qu\u00edmicos respecto a la f\u00f3rmula anterior.<\/p>\n\n\n\n<p>Apta para pieles sensibles.<\/p>\n\n\n    <a class='product' target='_blank' href='https:\/\/www.primor.eu\/es_es\/veet-crema-depilatoria-para-axilas-roll-on-25638.html'>\r\n        <img loading='async' src='https:\/\/cdn2.primor.eu\/media\/catalog\/product\/cache\/8d3aba296f7a18b5251ee30fa5db42b2\/0\/5\/05255756200550____3__1200x1200_c9e2.jpg' alt='COMPRAR AHORA'>\r\n            <div class=\"claim\">\r\n                COMPRAR AHORA            <\/div>\r\n        <\/a>\r\n    \n\n\n<h3 class=\"wp-block-heading\">Bandas Depilatorias Corporales Cera Fr\u00eda con Rosa Mosqueta de Daen<\/h3>\n\n\n\n<p>Las bandas depilatorias a la cera fr\u00eda Daen contienen elementos naturales. La elasticidad de la cera Daen hace que las bandas se adhieran perfectamente a la piel, facilitando la depilaci\u00f3n y mejorando su eficacia.<\/p>\n\n\n\n<p>Las bandas depilatorias a la cera fr\u00eda Daen&nbsp;brindan una depilaci\u00f3n eficaz y duradera. Adem\u00e1s, respetan y cuidan tu piel.<\/p>\n\n\n    <a class='product' target='_blank' href='https:\/\/www.primor.eu\/es_es\/daen-bandas-depilatorias-corporales-cera-fria-con-rosa-mosqueta-24711.html'>\r\n        <img loading='async' src='https:\/\/cdn2.primor.eu\/media\/catalog\/product\/cache\/8d3aba296f7a18b5251ee30fa5db42b2\/1\/D\/1DP00256_1_d969.jpg' alt='COMPRAR AHORA'>\r\n            <div class=\"claim\">\r\n                COMPRAR AHORA            <\/div>\r\n        <\/a>\r\n    \n\n\n<h3 class=\"wp-block-heading\">Sensaciones Cera Divina Corporal de Taky<\/h3>\n\n\n\n<p>Es una f\u00f3rmula especial para microondas que te aporta resultados de sal\u00f3n de belleza en casa.<\/p>\n\n\n\n<p>Creada a partir de una nueva generaci\u00f3n de ceras a base de resinas naturales, su f\u00f3rmula \u00fanica para microondas es pr\u00e1ctica y especialmente eficaz con el vello corto (hasta 2 mm).<\/p>\n\n\n\n<p>Con su fusi\u00f3n armoniosa de textura y fragancia,&nbsp;<strong>Sensaciones Cera Divina Corporal de Taky<\/strong>&nbsp;te permite una experiencia de sal\u00f3n de belleza en casa.&nbsp;Te asegura una depilaci\u00f3n perfecta y resultados que duran hasta 4 semanas.<\/p>\n\n\n    <a class='product' target='_blank' href='https:\/\/www.primor.eu\/es_es\/taky-sensaciones-cera-divina-corporal-25084.html'>\r\n        <img loading='async' src='https:\/\/cdn2.primor.eu\/media\/catalog\/product\/cache\/8d3aba296f7a18b5251ee30fa5db42b2\/1\/D\/1DP00044_1_1fb9.jpg' alt='COMPRAR AHORA'>\r\n            <div class=\"claim\">\r\n                COMPRAR AHORA            <\/div>\r\n        <\/a>\r\n    \n\n<div class=\"kk-star-ratings kksr-auto kksr-align-center kksr-valign-bottom\"\n    data-payload='{&quot;align&quot;:&quot;center&quot;,&quot;id&quot;:&quot;104547&quot;,&quot;slug&quot;:&quot;default&quot;,&quot;valign&quot;:&quot;bottom&quot;,&quot;ignore&quot;:&quot;&quot;,&quot;reference&quot;:&quot;auto&quot;,&quot;class&quot;:&quot;&quot;,&quot;count&quot;:&quot;0&quot;,&quot;legendonly&quot;:&quot;&quot;,&quot;readonly&quot;:&quot;&quot;,&quot;score&quot;:&quot;0&quot;,&quot;starsonly&quot;:&quot;&quot;,&quot;best&quot;:&quot;5&quot;,&quot;gap&quot;:&quot;5&quot;,&quot;greet&quot;:&quot;Valora este art\u00edculo&quot;,&quot;legend&quot;:&quot;0\\\/5 - (0 votos)&quot;,&quot;size&quot;:&quot;24&quot;,&quot;title&quot;:&quot;Los mejores m\u00e9todos para depilarte las axilas sin irritaci\u00f3n&quot;,&quot;width&quot;:&quot;0&quot;,&quot;_legend&quot;:&quot;{score}\\\/{best} - ({count} {votes})&quot;,&quot;font_factor&quot;:&quot;1.25&quot;}'>\n            \n<div class=\"kksr-stars\">\n    \n<div class=\"kksr-stars-inactive\">\n            <div class=\"kksr-star\" data-star=\"1\" style=\"padding-right: 5px\">\n            \n\n<div class=\"kksr-icon\" style=\"width: 24px; height: 24px;\"><\/div>\n        <\/div>\n            <div class=\"kksr-star\" data-star=\"2\" style=\"padding-right: 5px\">\n            \n\n<div class=\"kksr-icon\" style=\"width: 24px; height: 24px;\"><\/div>\n        <\/div>\n            <div class=\"kksr-star\" data-star=\"3\" style=\"padding-right: 5px\">\n            \n\n<div class=\"kksr-icon\" style=\"width: 24px; height: 24px;\"><\/div>\n        <\/div>\n            <div class=\"kksr-star\" data-star=\"4\" style=\"padding-right: 5px\">\n            \n\n<div class=\"kksr-icon\" style=\"width: 24px; height: 24px;\"><\/div>\n        <\/div>\n            <div class=\"kksr-star\" data-star=\"5\" style=\"padding-right: 5px\">\n            \n\n<div class=\"kksr-icon\" style=\"width: 24px; height: 24px;\"><\/div>\n        <\/div>\n    <\/div>\n    \n<div class=\"kksr-stars-active\" style=\"width: 0px;\">\n            <div class=\"kksr-star\" style=\"padding-right: 5px\">\n            \n\n<div class=\"kksr-icon\" style=\"width: 24px; height: 24px;\"><\/div>\n        <\/div>\n            <div class=\"kksr-star\" style=\"padding-right: 5px\">\n            \n\n<div class=\"kksr-icon\" style=\"width: 24px; height: 24px;\"><\/div>\n        <\/div>\n            <div class=\"kksr-star\" style=\"padding-right: 5px\">\n            \n\n<div class=\"kksr-icon\" style=\"width: 24px; height: 24px;\"><\/div>\n        <\/div>\n            <div class=\"kksr-star\" style=\"padding-right: 5px\">\n            \n\n<div class=\"kksr-icon\" style=\"width: 24px; height: 24px;\"><\/div>\n        <\/div>\n            <div class=\"kksr-star\" style=\"padding-right: 5px\">\n            \n\n<div class=\"kksr-icon\" style=\"width: 24px; height: 24px;\"><\/div>\n        <\/div>\n    <\/div>\n<\/div>\n                \n\n<div class=\"kksr-legend\" style=\"font-size: 19.2px;\">\n            <span class=\"kksr-muted\">Valora este art\u00edculo<\/span>\n    <\/div>\n    <\/div>\n","protected":false},"excerpt":{"rendered":"<p>Saber c\u00f3mo depilar las axilas para que no aparezca esa molesta irritaci\u00f3n, no es algo que est\u00e9 muy extendido. Existen varias formas de depilar las axilas y algunas de ellas producen mayor irritaci\u00f3n que otras, aunque siempre hay maneras de reducir la irritaci\u00f3n al depilarse. En este art\u00edculo te contamos cu\u00e1les son las diferentes t\u00e9cnicas [&hellip;]<\/p>\n","protected":false},"author":30,"featured_media":104548,"comment_status":"closed","ping_status":"closed","sticky":false,"template":"","format":"standard","meta":{"jnews-multi-image_gallery":[],"jnews_single_post":{"subtitle":"","format":"standard","video":"","gallery":"","source_name":"","source_url":"","via_name":"","via_url":"","override_template":"0","override":[{"template":"1","single_blog_custom":"","parallax":"1","fullscreen":"1","layout":"right-sidebar","sidebar":"home-2","second_sidebar":"default-sidebar","sticky_sidebar":"0","share_position":"float","share_float_style":"share-monocrhome","show_share_counter":"0","show_view_counter":"0","show_featured":"1","show_post_meta":"1","show_post_author":"0","show_post_author_image":"1","show_post_date":"1","post_date_format":"default","post_date_format_custom":"Y\/m\/d","show_post_category":"1","show_post_reading_time":"0","post_reading_time_wpm":"300","show_zoom_button":"0","zoom_button_out_step":"2","zoom_button_in_step":"3","show_post_tag":"0","show_prev_next_post":"0","show_popup_post":"0","number_popup_post":"2","show_author_box":"0","show_post_related":"0","show_inline_post_related":"1"}],"override_image_size":"0","image_override":[{"single_post_thumbnail_size":"no-crop","single_post_gallery_size":"crop-500"}],"trending_post":"0","trending_post_position":"meta","trending_post_label":"Trending","sponsored_post":"0","sponsored_post_label":"Sponsored by","sponsored_post_name":"","sponsored_post_url":"","sponsored_post_logo_enable":"0","sponsored_post_logo":"","sponsored_post_desc":"","disable_ad":"0"},"jnews_primary_category":{"id":"","hide":""},"jnews_social_meta":{"fb_title":"","fb_description":"","fb_image":"","twitter_title":"","twitter_description":"","twitter_image":""},"jnews_override_counter":{"override_view_counter":"0","view_counter_number":"0","override_share_counter":"0","share_counter_number":"0","override_like_counter":"0","like_counter_number":"0","override_dislike_counter":"0","dislike_counter_number":"0"},"footnotes":""},"categories":[6299],"tags":[],"class_list":["post-104547","post","type-post","status-publish","format-standard","has-post-thumbnail","hentry","category-bienestar"],"_links":{"self":[{"href":"https:\/\/www.primor.eu\/blog\/wp-json\/wp\/v2\/posts\/104547","targetHints":{"allow":["GET"]}}],"collection":[{"href":"https:\/\/www.primor.eu\/blog\/wp-json\/wp\/v2\/posts"}],"about":[{"href":"https:\/\/www.primor.eu\/blog\/wp-json\/wp\/v2\/types\/post"}],"author":[{"embeddable":true,"href":"https:\/\/www.primor.eu\/blog\/wp-json\/wp\/v2\/users\/30"}],"replies":[{"embeddable":true,"href":"https:\/\/www.primor.eu\/blog\/wp-json\/wp\/v2\/comments?post=104547"}],"version-history":[{"count":4,"href":"https:\/\/www.primor.eu\/blog\/wp-json\/wp\/v2\/posts\/104547\/revisions"}],"predecessor-version":[{"id":133439,"href":"https:\/\/www.primor.eu\/blog\/wp-json\/wp\/v2\/posts\/104547\/revisions\/133439"}],"wp:featuredmedia":[{"embeddable":true,"href":"https:\/\/www.primor.eu\/blog\/wp-json\/wp\/v2\/media\/104548"}],"wp:attachment":[{"href":"https:\/\/www.primor.eu\/blog\/wp-json\/wp\/v2\/media?parent=104547"}],"wp:term":[{"taxonomy":"category","embeddable":true,"href":"https:\/\/www.primor.eu\/blog\/wp-json\/wp\/v2\/categories?post=104547"},{"taxonomy":"post_tag","embeddable":true,"href":"https:\/\/www.primor.eu\/blog\/wp-json\/wp\/v2\/tags?post=104547"}],"curies":[{"name":"wp","href":"https:\/\/api.w.org\/{rel}","templated":true}]}}