{"id":103672,"date":"2024-05-22T07:05:00","date_gmt":"2024-05-22T07:05:00","guid":{"rendered":"https:\/\/www.primor.eu\/blog\/?p=103672"},"modified":"2024-05-12T11:18:27","modified_gmt":"2024-05-12T11:18:27","slug":"mejores-productos-eliminar-ojos-panda","status":"publish","type":"post","link":"https:\/\/www.primor.eu\/blog\/mejores-productos-eliminar-ojos-panda\/","title":{"rendered":"Qu\u00e9 son los ojos de panda y los mejores productos para eliminarlos"},"content":{"rendered":"\n<p>Quiz\u00e1s has o\u00eddo hablar de ellas porque est\u00e1n muy a la orden del d\u00eda, los <strong>ojos de panda<\/strong>. Tambi\u00e9n conocidas como <a href=\"https:\/\/www.primor.eu\/blog\/como-quitar-las-ojeras-oscuras\/\">ojeras oscuras<\/a>, esta afecci\u00f3n es causada por <strong>muchos factores<\/strong>, tantos, que su aparici\u00f3n puede ser debida a una combinaci\u00f3n de los mismos. No obstante, hay soluci\u00f3n: <strong>trucos<\/strong> y los <strong>mejores productos <\/strong>que hoy te contamos en este art\u00edculo de Primor para eliminar&nbsp; los ojos panda con eficacia.<\/p>\n\n\n\n<h2 class=\"wp-block-heading\">Por qu\u00e9 me salen ojos pana y c\u00f3mo eliminarlos<\/h2>\n\n\n\n<p>Como ya hemos dicho, los ojos de panda son ojeras oscuras causadas por diferentes motivos, como pueden ser la <strong>gen\u00e9tica<\/strong>, la<strong> falta de sue\u00f1o<\/strong>, el <strong>envejecimiento<\/strong> o l<strong>a exposici\u00f3n al sol<\/strong>. A la hora de eliminarlas, no existe una <strong>soluci\u00f3n eficaz <\/strong>que funcione a todo tipo de personas, mucho menos de la noche a la ma\u00f1ana. Sin embargo los expertos coinciden en que estos productos y trucos pueden ayudarte a mejorar su apariencia:<\/p>\n\n\n\n<ul class=\"wp-block-list\">\n<li><strong>Cremas para el contorno de ojos<\/strong> con ingredientes como la vitamina C, la vitamina K, \u00e1cido hialur\u00f3nico, p\u00e9ptidos o retinol. Todos estos activos ayudan a mejorar la firmeza de la piel, reduciendo la pigmentaci\u00f3n m\u00e1s oscura y aumentando la producci\u00f3n de col\u00e1geno para una mirada m\u00e1s joven.<\/li>\n\n\n\n<li><strong>S\u00e9rums o contornos de ojos aclarantes <\/strong>con \u00e1cido k\u00f3jico, \u00e1cido azelaico, niacinamida, arbutina o extracto de regaliz. parece que no coma pero su uso continuado hace que sean muy eficaces.<\/li>\n\n\n\n<li><strong>Protectores solares<\/strong> que protejan la piel del da\u00f1o solar y prevengan la aparici\u00f3n de manchas. Ten en cuenta que la exposici\u00f3n solar puede empeorar la apariencia de las ojeras. lo que queremos es justo lo contrario.<\/li>\n\n\n\n<li><strong>Correctores de maquillaje.<\/strong> No son la soluci\u00f3n m\u00e1s eficaz, pero a simple vista es la m\u00e1s r\u00e1pida. Escoge correctores que est\u00e9n infusionados con ingredientes descongestionantes que te ayuden a mejorar la piel.<\/li>\n\n\n\n<li><strong>Compresas fr\u00edas.<\/strong> Es un remedio de abuela pero puede ayudar a reducir la hinchaz\u00f3n y la apariencia de las ojeras al contraer los vasos sangu\u00edneos. por probar no pierdes nada.<\/li>\n\n\n\n<li>Finalmente, te recordamos que un <strong>descanso<\/strong> de calidad es primordial para no empeorar la aparici\u00f3n de ojeras.<\/li>\n<\/ul>\n\n\n\n<h2 class=\"wp-block-heading\">Mejores productos para eliminar ojos de panda<\/h2>\n\n\n        <product-table class=\"pr-slider\">\r\n            <product-headers class=\"grid-table-rows\">\r\n                <div>Foto<\/div>\r\n                <div>Producto<\/div>\r\n                <div>Marca<\/div>\r\n                <div>Valoraciones<\/div>\r\n                <div>Precio<\/div>\r\n            <\/product-headers>\r\n\r\n            <product-list>\r\n                                    <a href=\"https:\/\/www.primor.eu\/es_es\/l-oreal-paris-serum-ojos-revitalift-filler-2-5-acido-hialuronico-cafeina-17619.html\" class=\"product-item grid-table-rows\" target=\"_blank\">\r\n                        <div>\r\n                            <img decoding=\"async\" class=\"product-img\" width=\"80px\" height=\"80px\" src=\"https:\/\/www.primor.eu\/blog\/wp-content\/uploads\/2024\/04\/0TF21800_1_7cc2.jpg\" alt=\"L'Or\u00e9al Par\u00eds Contorno de ojos Serum Revitalift Filler 2,5 \u00c1cido Hialur\u00f3nico + Cafe\u00edna\">\r\n                        <\/div>\r\n\r\n                        <!-- Contenido de producto  -->\r\n                        <div>\r\n                            <div class=\"product-position\">\r\n                                #1 Top Ventas                            <\/div>\r\n\r\n                            <h2>\r\n                                L'Or\u00e9al Par\u00eds Contorno de ojos Serum Revitalift Filler 2,5 \u00c1cido Hialur\u00f3nico + Cafe\u00edna                            <\/h2>\r\n                        <\/div>\r\n\r\n                        <!-- Imagen y\/o nombre de la marca -->\r\n                        <div>\r\n                                                            <img decoding=\"async\" width=\"70\" src=\"https:\/\/www.primor.eu\/blog\/wp-content\/uploads\/2023\/08\/loreal-paris.png\" alt=\"84251\">\r\n                                                    <\/div>\r\n\r\n                        <!-- Puntuaci\u00f3n del producto  -->\r\n                        <div class=\"rating\">\r\n                                                            <div class=\"rate\" style=\"--p:94;\"><\/div>\r\n                                <b>4.7\/5<\/b>\r\n                                <div class=\"rate-stars\">\r\n                                                                            <div\r\n                                            class=\"rate-star  \">\r\n                                        <\/div>\r\n                                                                            <div\r\n                                            class=\"rate-star  \">\r\n                                        <\/div>\r\n                                                                            <div\r\n                                            class=\"rate-star  \">\r\n                                        <\/div>\r\n                                                                            <div\r\n                                            class=\"rate-star  \">\r\n                                        <\/div>\r\n                                                                            <div\r\n                                            class=\"rate-star  \">\r\n                                        <\/div>\r\n                                                                    <\/div>\r\n                                                    <\/div>\r\n\r\n                        <!-- Bot\u00f3n de producto  -->\r\n                        <div>\r\n                            <span class=\"price-claim\">\r\n                                VER PRECIO                            <\/span>\r\n                        <\/div>\r\n                    <\/a>\r\n                                    <a href=\"https:\/\/www.primor.eu\/es_es\/nyx-professional-make-up-serum-corrector-bare-with-me-48831.html \" class=\"product-item grid-table-rows\" target=\"_blank\">\r\n                        <div>\r\n                            <img decoding=\"async\" class=\"product-img\" width=\"80px\" height=\"80px\" src=\"https:\/\/www.primor.eu\/blog\/wp-content\/uploads\/2024\/05\/M_0MO22898_1_6b3d.jpg\" alt=\"NYX Professional Make Up S\u00e9rum Corrector Bare With Me\">\r\n                        <\/div>\r\n\r\n                        <!-- Contenido de producto  -->\r\n                        <div>\r\n                            <div class=\"product-position\">\r\n                                #2                            <\/div>\r\n\r\n                            <h2>\r\n                                NYX Professional Make Up S\u00e9rum Corrector Bare With Me                            <\/h2>\r\n                        <\/div>\r\n\r\n                        <!-- Imagen y\/o nombre de la marca -->\r\n                        <div>\r\n                                                            <img decoding=\"async\" width=\"70\" src=\"https:\/\/www.primor.eu\/blog\/wp-content\/uploads\/2023\/08\/nyx.png\" alt=\"85112\">\r\n                                                    <\/div>\r\n\r\n                        <!-- Puntuaci\u00f3n del producto  -->\r\n                        <div class=\"rating\">\r\n                                                            <div class=\"rate\" style=\"--p:93.8;\"><\/div>\r\n                                <b>4.69\/5<\/b>\r\n                                <div class=\"rate-stars\">\r\n                                                                            <div\r\n                                            class=\"rate-star  \">\r\n                                        <\/div>\r\n                                                                            <div\r\n                                            class=\"rate-star  \">\r\n                                        <\/div>\r\n                                                                            <div\r\n                                            class=\"rate-star  \">\r\n                                        <\/div>\r\n                                                                            <div\r\n                                            class=\"rate-star  \">\r\n                                        <\/div>\r\n                                                                            <div\r\n                                            class=\"rate-star  \">\r\n                                        <\/div>\r\n                                                                    <\/div>\r\n                                                    <\/div>\r\n\r\n                        <!-- Bot\u00f3n de producto  -->\r\n                        <div>\r\n                            <span class=\"price-claim\">\r\n                                VER PRECIO                            <\/span>\r\n                        <\/div>\r\n                    <\/a>\r\n                                    <a href=\"https:\/\/www.primor.eu\/es_es\/la-cabine-monoactive-5-cafeina-serum-crema-82870.html\" class=\"product-item grid-table-rows\" target=\"_blank\">\r\n                        <div>\r\n                            <img decoding=\"async\" class=\"product-img\" width=\"80px\" height=\"80px\" src=\"https:\/\/www.primor.eu\/blog\/wp-content\/uploads\/2024\/05\/8435534411169_efbb.jpg\" alt=\"La Cabine Monoactive 5% Cafeina Serum Crema\">\r\n                        <\/div>\r\n\r\n                        <!-- Contenido de producto  -->\r\n                        <div>\r\n                            <div class=\"product-position\">\r\n                                #3                            <\/div>\r\n\r\n                            <h2>\r\n                                La Cabine Monoactive 5% Cafeina Serum Crema                            <\/h2>\r\n                        <\/div>\r\n\r\n                        <!-- Imagen y\/o nombre de la marca -->\r\n                        <div>\r\n                                                            <img decoding=\"async\" width=\"70\" src=\"https:\/\/www.primor.eu\/blog\/wp-content\/uploads\/2023\/09\/La_Cabine.jpg\" alt=\"85978\">\r\n                                                    <\/div>\r\n\r\n                        <!-- Puntuaci\u00f3n del producto  -->\r\n                        <div class=\"rating\">\r\n                                                            <div class=\"rate\" style=\"--p:96;\"><\/div>\r\n                                <b>4.8\/5<\/b>\r\n                                <div class=\"rate-stars\">\r\n                                                                            <div\r\n                                            class=\"rate-star  \">\r\n                                        <\/div>\r\n                                                                            <div\r\n                                            class=\"rate-star  \">\r\n                                        <\/div>\r\n                                                                            <div\r\n                                            class=\"rate-star  \">\r\n                                        <\/div>\r\n                                                                            <div\r\n                                            class=\"rate-star  \">\r\n                                        <\/div>\r\n                                                                            <div\r\n                                            class=\"rate-star  \">\r\n                                        <\/div>\r\n                                                                    <\/div>\r\n                                                    <\/div>\r\n\r\n                        <!-- Bot\u00f3n de producto  -->\r\n                        <div>\r\n                            <span class=\"price-claim\">\r\n                                VER PRECIO                            <\/span>\r\n                        <\/div>\r\n                    <\/a>\r\n                            <\/product-list>\r\n        <\/product-table>\r\n\r\n        \n\n\n\n<h3 class=\"wp-block-heading\">Contorno de ojos Serum Revitalift Filler 2,5 \u00c1cido Hialur\u00f3nico + Cafe\u00edna de L'Or\u00e9al Paris<\/h3>\n\n\n\n<p>Los ojos son una de las primeras zonas que muestran signos de fatiga y envejecimiento. Al combinar los beneficios del \u00e1cido hialur\u00f3nico y la cafe\u00edna, as\u00ed como los estimulantes dermoactivos como la niacinamida, el s\u00e9rum para el contorno de ojos Revitalift Filler ilumina las ojeras, rellena las l\u00edneas finas y las arrugas e hidrata en profundidad, para lograr unos ojos revitalizados y m\u00e1s j\u00f3venes.<\/p>\n\n\n    <a class='product' target='_blank' href='https:\/\/www.primor.eu\/es_es\/l-oreal-paris-contorno-de-ojos-serum-revitalift-filler-2-5-acido-hialuronico-cafeina-17619.html'>\r\n        <img loading='async' src='https:\/\/cdn2.primor.eu\/media\/catalog\/product\/cache\/8d3aba296f7a18b5251ee30fa5db42b2\/0\/T\/0TF21800_6_ff8d.jpg' alt='COMPRAR AHORA'>\r\n            <div class=\"claim\">\r\n                COMPRAR AHORA            <\/div>\r\n        <\/a>\r\n    \n\n\n\n<h3 class=\"wp-block-heading\">NYX Cosmetics Bare With Me Concealer Serum&nbsp;<\/h3>\n\n\n\n<p>Es un poderoso serum corrector que cuida tu piel de manera excepcional. Su f\u00f3rmula 100% vegana proporciona hasta 24 horas de hidrataci\u00f3n, y est\u00e1 disponible en 13 tonos para adaptarse a tu tono de piel.<\/p>\n\n\n    <a class='product' target='_blank' href='https:\/\/www.primor.eu\/es_es\/nyx-professional-make-up-serum-corrector-bare-with-me-109730.html?#803=43836'>\r\n        <img loading='async' src='https:\/\/cdn2.primor.eu\/media\/catalog\/product\/cache\/8d3aba296f7a18b5251ee30fa5db42b2\/B\/0\/B09F749ZPR_MAIN_d304.jpg' alt='COMPRAR AHORA'>\r\n            <div class=\"claim\">\r\n                COMPRAR AHORA            <\/div>\r\n        <\/a>\r\n    \n\n\n\n<h3 class=\"wp-block-heading\">Monoactive 5% Cafeina Serum Crema La Cabine<\/h3>\n\n\n\n<p>Ayuda a reducir bolsas y ojeras a la vez que hidrata. En tan solo un paso, tu mirada se siente intensamente revitalizada.<\/p>\n\n\n    <a class='product' target='_blank' href='https:\/\/www.primor.eu\/es_es\/la-cabine-monoactive-5-cafeina-serum-crema-82870.html'>\r\n        <img loading='async' src='https:\/\/cdn2.primor.eu\/media\/catalog\/product\/cache\/8d3aba296f7a18b5251ee30fa5db42b2\/t\/h\/thumbnail__1__62f4.jpg' alt='COMPRAR AHORA'>\r\n            <div class=\"claim\">\r\n                COMPRAR AHORA            <\/div>\r\n        <\/a>\r\n    \n\n\n\n<h3 class=\"wp-block-heading\">Elizabeth Arden Prevage 2.0 Serum Contorno de Ojos&nbsp;<\/h3>\n\n\n\n<p>Gracias a su textura ultraligera aporta frescor y se absorbe de forma inmediata sin dejar residuo graso. Protege, corrige y perfecciona la piel del contorno de los ojos, adem\u00e1s, corrige el aspecto de todo tipo de ojeras. Proporciona una mirada m\u00e1s luminosa, descansada y de aspecto radiante.<\/p>\n\n\n    <a class='product' target='_blank' href='https:\/\/www.primor.eu\/es_es\/elizabeth-arden-prevage-2-0-serum-contorno-de-ojos-17880.html'>\r\n        <img loading='async' src='https:\/\/cdn2.primor.eu\/media\/catalog\/product\/cache\/8d3aba296f7a18b5251ee30fa5db42b2\/0\/T\/0TF21996_1_2954.jpg' alt='COMPRAR AHORA'>\r\n            <div class=\"claim\">\r\n                COMPRAR AHORA            <\/div>\r\n        <\/a>\r\n    \n\n\n\n<h3 class=\"wp-block-heading\">Strivectin Super C S\u00e9rum de Ojos Iluminador Antiojeras<\/h3>\n\n\n\n<p>Ilumina, corrige y reafirma visiblemente el contorno de los ojos con el poder antioxidante de la vitamina C. Este contorno de ojos en textura gel-s\u00e9rum, ligero y refrescante combate la hiperpigmentaci\u00f3n en el contorno con una f\u00f3rmula potente y estabilizada de Vitamina C (Fosfato de Aminopropil Ascorbilo) adecuada para el uso en el contorno de ojos, adem\u00e1s de extracto de hoja de guayaba y activos bot\u00e1nicos iluminadores que corrigen el aspecto de las ojeras azules y marrones, al tiempo que reafirman visiblemente esta delicada zona.<\/p>\n\n\n    <a class='product' target='_blank' href='https:\/\/www.primor.eu\/es_es\/strivectin-super-c-serum-de-ojos-iluminador-antiojeras-18087.html'>\r\n        <img loading='async' src='https:\/\/cdn2.primor.eu\/media\/catalog\/product\/cache\/8d3aba296f7a18b5251ee30fa5db42b2\/6\/X\/6XS14823_1_73e3.jpg' alt='COMPRAR AHORA'>\r\n            <div class=\"claim\">\r\n                COMPRAR AHORA            <\/div>\r\n        <\/a>\r\n    \n\n\n<div class=\"kk-star-ratings kksr-auto kksr-align-center kksr-valign-bottom\"\n    data-payload='{&quot;align&quot;:&quot;center&quot;,&quot;id&quot;:&quot;103672&quot;,&quot;slug&quot;:&quot;default&quot;,&quot;valign&quot;:&quot;bottom&quot;,&quot;ignore&quot;:&quot;&quot;,&quot;reference&quot;:&quot;auto&quot;,&quot;class&quot;:&quot;&quot;,&quot;count&quot;:&quot;0&quot;,&quot;legendonly&quot;:&quot;&quot;,&quot;readonly&quot;:&quot;&quot;,&quot;score&quot;:&quot;0&quot;,&quot;starsonly&quot;:&quot;&quot;,&quot;best&quot;:&quot;5&quot;,&quot;gap&quot;:&quot;5&quot;,&quot;greet&quot;:&quot;Valora este art\u00edculo&quot;,&quot;legend&quot;:&quot;0\\\/5 - (0 votos)&quot;,&quot;size&quot;:&quot;24&quot;,&quot;title&quot;:&quot;Qu\u00e9 son los ojos de panda y los mejores productos para eliminarlos&quot;,&quot;width&quot;:&quot;0&quot;,&quot;_legend&quot;:&quot;{score}\\\/{best} - ({count} {votes})&quot;,&quot;font_factor&quot;:&quot;1.25&quot;}'>\n            \n<div class=\"kksr-stars\">\n    \n<div class=\"kksr-stars-inactive\">\n            <div class=\"kksr-star\" data-star=\"1\" style=\"padding-right: 5px\">\n            \n\n<div class=\"kksr-icon\" style=\"width: 24px; height: 24px;\"><\/div>\n        <\/div>\n            <div class=\"kksr-star\" data-star=\"2\" style=\"padding-right: 5px\">\n            \n\n<div class=\"kksr-icon\" style=\"width: 24px; height: 24px;\"><\/div>\n        <\/div>\n            <div class=\"kksr-star\" data-star=\"3\" style=\"padding-right: 5px\">\n            \n\n<div class=\"kksr-icon\" style=\"width: 24px; height: 24px;\"><\/div>\n        <\/div>\n            <div class=\"kksr-star\" data-star=\"4\" style=\"padding-right: 5px\">\n            \n\n<div class=\"kksr-icon\" style=\"width: 24px; height: 24px;\"><\/div>\n        <\/div>\n            <div class=\"kksr-star\" data-star=\"5\" style=\"padding-right: 5px\">\n            \n\n<div class=\"kksr-icon\" style=\"width: 24px; height: 24px;\"><\/div>\n        <\/div>\n    <\/div>\n    \n<div class=\"kksr-stars-active\" style=\"width: 0px;\">\n            <div class=\"kksr-star\" style=\"padding-right: 5px\">\n            \n\n<div class=\"kksr-icon\" style=\"width: 24px; height: 24px;\"><\/div>\n        <\/div>\n            <div class=\"kksr-star\" style=\"padding-right: 5px\">\n            \n\n<div class=\"kksr-icon\" style=\"width: 24px; height: 24px;\"><\/div>\n        <\/div>\n            <div class=\"kksr-star\" style=\"padding-right: 5px\">\n            \n\n<div class=\"kksr-icon\" style=\"width: 24px; height: 24px;\"><\/div>\n        <\/div>\n            <div class=\"kksr-star\" style=\"padding-right: 5px\">\n            \n\n<div class=\"kksr-icon\" style=\"width: 24px; height: 24px;\"><\/div>\n        <\/div>\n            <div class=\"kksr-star\" style=\"padding-right: 5px\">\n            \n\n<div class=\"kksr-icon\" style=\"width: 24px; height: 24px;\"><\/div>\n        <\/div>\n    <\/div>\n<\/div>\n                \n\n<div class=\"kksr-legend\" style=\"font-size: 19.2px;\">\n            <span class=\"kksr-muted\">Valora este art\u00edculo<\/span>\n    <\/div>\n    <\/div>\n","protected":false},"excerpt":{"rendered":"<p>Quiz\u00e1s has o\u00eddo hablar de ellas porque est\u00e1n muy a la orden del d\u00eda, los ojos de panda. Tambi\u00e9n conocidas como ojeras oscuras, esta afecci\u00f3n es causada por muchos factores, tantos, que su aparici\u00f3n puede ser debida a una combinaci\u00f3n de los mismos. No obstante, hay soluci\u00f3n: trucos y los mejores productos que hoy te [&hellip;]<\/p>\n","protected":false},"author":14,"featured_media":103593,"comment_status":"closed","ping_status":"closed","sticky":false,"template":"","format":"standard","meta":{"jnews-multi-image_gallery":[],"jnews_single_post":{"subtitle":"","format":"standard","video":"","gallery":"","source_name":"","source_url":"","via_name":"","via_url":"","override_template":"0","override":[{"template":"1","single_blog_custom":"","parallax":"1","fullscreen":"1","layout":"right-sidebar","sidebar":"home-2","second_sidebar":"default-sidebar","sticky_sidebar":"0","share_position":"float","share_float_style":"share-monocrhome","show_share_counter":"0","show_view_counter":"0","show_featured":"1","show_post_meta":"1","show_post_author":"0","show_post_author_image":"1","show_post_date":"1","post_date_format":"default","post_date_format_custom":"Y\/m\/d","show_post_category":"1","show_post_reading_time":"0","post_reading_time_wpm":"300","show_zoom_button":"0","zoom_button_out_step":"2","zoom_button_in_step":"3","show_post_tag":"0","show_prev_next_post":"0","show_popup_post":"0","number_popup_post":"2","show_author_box":"0","show_post_related":"0","show_inline_post_related":"1"}],"override_image_size":"0","image_override":[{"single_post_thumbnail_size":"no-crop","single_post_gallery_size":"crop-500"}],"trending_post":"0","trending_post_position":"meta","trending_post_label":"Trending","sponsored_post":"0","sponsored_post_label":"Sponsored by","sponsored_post_name":"","sponsored_post_url":"","sponsored_post_logo_enable":"0","sponsored_post_logo":"","sponsored_post_desc":"","disable_ad":"0"},"jnews_primary_category":{"id":"","hide":""},"jnews_social_meta":{"fb_title":"","fb_description":"","fb_image":"","twitter_title":"","twitter_description":"","twitter_image":""},"jnews_override_counter":{"override_view_counter":"0","view_counter_number":"0","override_share_counter":"0","share_counter_number":"0","override_like_counter":"0","like_counter_number":"0","override_dislike_counter":"0","dislike_counter_number":"0"},"footnotes":""},"categories":[29],"tags":[],"class_list":["post-103672","post","type-post","status-publish","format-standard","has-post-thumbnail","hentry","category-cosmetica"],"_links":{"self":[{"href":"https:\/\/www.primor.eu\/blog\/wp-json\/wp\/v2\/posts\/103672","targetHints":{"allow":["GET"]}}],"collection":[{"href":"https:\/\/www.primor.eu\/blog\/wp-json\/wp\/v2\/posts"}],"about":[{"href":"https:\/\/www.primor.eu\/blog\/wp-json\/wp\/v2\/types\/post"}],"author":[{"embeddable":true,"href":"https:\/\/www.primor.eu\/blog\/wp-json\/wp\/v2\/users\/14"}],"replies":[{"embeddable":true,"href":"https:\/\/www.primor.eu\/blog\/wp-json\/wp\/v2\/comments?post=103672"}],"version-history":[{"count":1,"href":"https:\/\/www.primor.eu\/blog\/wp-json\/wp\/v2\/posts\/103672\/revisions"}],"predecessor-version":[{"id":103700,"href":"https:\/\/www.primor.eu\/blog\/wp-json\/wp\/v2\/posts\/103672\/revisions\/103700"}],"wp:featuredmedia":[{"embeddable":true,"href":"https:\/\/www.primor.eu\/blog\/wp-json\/wp\/v2\/media\/103593"}],"wp:attachment":[{"href":"https:\/\/www.primor.eu\/blog\/wp-json\/wp\/v2\/media?parent=103672"}],"wp:term":[{"taxonomy":"category","embeddable":true,"href":"https:\/\/www.primor.eu\/blog\/wp-json\/wp\/v2\/categories?post=103672"},{"taxonomy":"post_tag","embeddable":true,"href":"https:\/\/www.primor.eu\/blog\/wp-json\/wp\/v2\/tags?post=103672"}],"curies":[{"name":"wp","href":"https:\/\/api.w.org\/{rel}","templated":true}]}}