{"id":103622,"date":"2025-09-19T12:41:38","date_gmt":"2025-09-19T12:41:38","guid":{"rendered":"https:\/\/www.primor.eu\/blog\/?p=103622"},"modified":"2025-09-19T12:41:39","modified_gmt":"2025-09-19T12:41:39","slug":"mejores-consejos-granos-en-los-brazos","status":"publish","type":"post","link":"https:\/\/www.primor.eu\/blog\/mejores-consejos-granos-en-los-brazos\/","title":{"rendered":"Los mejores consejos y productos para eliminar los granos en los brazos"},"content":{"rendered":"\n<p>Si hay algo que molesta m\u00e1s que las arrugas y que la flacidez, son las imperfecciones, y m\u00e1s concretamente el acn\u00e9. No obstante, el tiempo nos ha desmitificado una de las mayores mentiras de la historia: cuando eres adulto, los granos se acaban. Porque no es verdad, Adem\u00e1s de que el <a href=\"https:\/\/www.primor.eu\/blog\/bacne\/\">bacn\u00e9<\/a> es algo muy com\u00fan, los granitos salen en el lugar m\u00e1s insospechado y cuando menos te lo esperas. Es m\u00e1s, los <strong>granos en los brazos<\/strong> son muy populares.<\/p>\n\n\n\n<p>No quer\u00edas escuchar esto, y lo entendemos. La buena noticia es que hay <strong>soluci\u00f3n<\/strong>, y por eso en este art\u00edculo de Primor te contamos las causas que explican por qu\u00e9 salen los granos en los brazos isla mejores soluciones para acabar con ellos cuanto antes.<\/p>\n\n\n\n<h2 class=\"wp-block-heading\">Por qu\u00e9 me salen granos en los brazos<\/h2>\n\n\n\n<p>Sentimos decirte que razones hay muchas. los expertos siempre se\u00f1alan que las m\u00e1s comunes son:&nbsp;<\/p>\n\n\n\n<ul class=\"wp-block-list\">\n<li><strong>Queratosis pilaris.<\/strong> Esta es una afecci\u00f3n com\u00fan de la piel que causa peque\u00f1os bultos \u00e1speros y secos, generalmente en la parte posterior de los brazos. La causa es una acumulaci\u00f3n de queratina en los fol\u00edculos pilosos.<\/li>\n\n\n\n<li><strong>Foliculitis<\/strong>, una inflamaci\u00f3n de los fol\u00edculos pilosos, generalmente causada por una infecci\u00f3n bacteriana o f\u00fangica que provoca la aparici\u00f3n de peque\u00f1os granos rojos, a menudo con pus en su interior.<\/li>\n\n\n\n<li><strong>Alergias cut\u00e1neas,<\/strong> debido a detergentes, lociones, jabones, etc, que hayan podido provocar alergia. Ojo, tambi\u00e9n es posible que te haya dado alergia alg\u00fan alimento.<\/li>\n\n\n\n<li><strong>Dermatitis<\/strong>, como la dermatitis at\u00f3pica o la dermatitis de contacto, suele provocar granos y erupciones en los brazos.<\/li>\n\n\n\n<li><strong>Acn\u00e9<\/strong>. Aunque el acn\u00e9 es m\u00e1s com\u00fan en el rostro, tambi\u00e9n es com\u00fan en brazos debido a la obstrucci\u00f3n de los poros y la inflamaci\u00f3n.<\/li>\n\n\n\n<li><strong>Ros\u00e1cea<\/strong>, la cual causa enrojecimiento, granos y sensibilidad en la piel.<\/li>\n<\/ul>\n\n\n\n<h2 class=\"wp-block-heading\">\u00bfEl acn\u00e9 corporal es normal?<\/h2>\n\n\n\n<p>S\u00ed, y m\u00e1s de lo que te imaginas. Una de las principales causas del <a href=\"https:\/\/www.primor.eu\/blog\/acne-corporal\/\">acn\u00e9 corporal<\/a> son los <strong>cambios hormonales <\/strong>que se marcan por la fase menstrual en la que nos encontremos, tambi\u00e9n el consumo en exceso de carbohidratos, algunos medicamentos y, por supuesto, uno de los factores que m\u00e1s cambios nos genera en el cuerpo a diario: <strong>el estr\u00e9s<\/strong>.&nbsp;<\/p>\n\n\n\n<p>Para frenarlo es importante aplicar un<strong> tratamiento adecuado <\/strong>que nos ayude a regular la producci\u00f3n de sebo en exceso, por lo que la exfoliaci\u00f3n es vital ya que de esta forma eliminaremos el exceso de grasa, as\u00ed como otras impurezas del cuerpo. Los exfoliantes tambi\u00e9n act\u00faan sobre las marcas que el acn\u00e9 nos deja en la piel.<\/p>\n\n\n\n<h2 class=\"wp-block-heading\">Productos para quitar granos de los brazos<\/h2>\n\n\n\n<h3 class=\"wp-block-heading\">Effaclar Gel Purificante Microexfoliante de La Roche-Posay<\/h3>\n\n\n\n<p>Un gel que es ya todo un icono de la marca gracias a sus componentes exfoliantes que dejan un acabado liso y suave en cuesti\u00f3n de semanas. Limpia y purifica intensamente los poros, elimina el exceso de grasa regulando y matizando los brillos. Est\u00e1 recomendado para todo tipo de pieles, pero especialmente para aquellas con acn\u00e9 severo tanto en el rostro como en el cuerpo. Este producto es ideal para quienes luchan contra las imperfecciones persistentes, incluyendo las marcas que pueden dejar detr\u00e1s.<\/p>\n\n\n    <a class='product' target='_blank' href='https:\/\/www.primor.eu\/es_es\/la-roche-posay-effaclar-gel-purificante-microexfoliante-106633.html?#854=66459'>\r\n        <img loading='async' src='https:\/\/cdn2.primor.eu\/media\/catalog\/product\/cache\/8d3aba296f7a18b5251ee30fa5db42b2\/3\/3\/3337875708289_aa9f.jpg' alt='COMPRAR AHORA'>\r\n            <div class=\"claim\">\r\n                COMPRAR AHORA            <\/div>\r\n        <\/a>\r\n    \n\n\n\n<h3 class=\"wp-block-heading\">Gel Corporal Purificante de Acnemy<\/h3>\n\n\n\n<p>Una combinaci\u00f3n que equilibra el microbioma y previene la aparici\u00f3n de nuevas espinillas manteniendo la piel hidratada y protegida. Limpia y controla el exceso de grasa y reduce y previene las marcas dejando la piel libre de impurezas por su f\u00f3rmula rica en prebi\u00f3ticos y probi\u00f3ticos.<\/p>\n\n\n    <a class='product' target='_blank' href='https:\/\/www.primor.eu\/es_es\/acnemy-gel-corporal-purificante-60762.html'>\r\n        <img loading='async' src='https:\/\/cdn2.primor.eu\/media\/catalog\/product\/cache\/8d3aba296f7a18b5251ee30fa5db42b2\/0\/T\/0TN03175_1_c22f.jpg' alt='COMPRAR AHORA'>\r\n            <div class=\"claim\">\r\n                COMPRAR AHORA            <\/div>\r\n        <\/a>\r\n    \n\n\n<div class=\"kk-star-ratings kksr-auto kksr-align-center kksr-valign-bottom\"\n    data-payload='{&quot;align&quot;:&quot;center&quot;,&quot;id&quot;:&quot;103622&quot;,&quot;slug&quot;:&quot;default&quot;,&quot;valign&quot;:&quot;bottom&quot;,&quot;ignore&quot;:&quot;&quot;,&quot;reference&quot;:&quot;auto&quot;,&quot;class&quot;:&quot;&quot;,&quot;count&quot;:&quot;4&quot;,&quot;legendonly&quot;:&quot;&quot;,&quot;readonly&quot;:&quot;&quot;,&quot;score&quot;:&quot;2.7&quot;,&quot;starsonly&quot;:&quot;&quot;,&quot;best&quot;:&quot;5&quot;,&quot;gap&quot;:&quot;5&quot;,&quot;greet&quot;:&quot;Valora este art\u00edculo&quot;,&quot;legend&quot;:&quot;2.7\\\/5 - (4 votos)&quot;,&quot;size&quot;:&quot;24&quot;,&quot;title&quot;:&quot;Los mejores consejos y productos para eliminar los granos en los brazos&quot;,&quot;width&quot;:&quot;75.8&quot;,&quot;_legend&quot;:&quot;{score}\\\/{best} - ({count} {votes})&quot;,&quot;font_factor&quot;:&quot;1.25&quot;}'>\n            \n<div class=\"kksr-stars\">\n    \n<div class=\"kksr-stars-inactive\">\n            <div class=\"kksr-star\" data-star=\"1\" style=\"padding-right: 5px\">\n            \n\n<div class=\"kksr-icon\" style=\"width: 24px; height: 24px;\"><\/div>\n        <\/div>\n            <div class=\"kksr-star\" data-star=\"2\" style=\"padding-right: 5px\">\n            \n\n<div class=\"kksr-icon\" style=\"width: 24px; height: 24px;\"><\/div>\n        <\/div>\n            <div class=\"kksr-star\" data-star=\"3\" style=\"padding-right: 5px\">\n            \n\n<div class=\"kksr-icon\" style=\"width: 24px; height: 24px;\"><\/div>\n        <\/div>\n            <div class=\"kksr-star\" data-star=\"4\" style=\"padding-right: 5px\">\n            \n\n<div class=\"kksr-icon\" style=\"width: 24px; height: 24px;\"><\/div>\n        <\/div>\n            <div class=\"kksr-star\" data-star=\"5\" style=\"padding-right: 5px\">\n            \n\n<div class=\"kksr-icon\" style=\"width: 24px; height: 24px;\"><\/div>\n        <\/div>\n    <\/div>\n    \n<div class=\"kksr-stars-active\" style=\"width: 75.8px;\">\n            <div class=\"kksr-star\" style=\"padding-right: 5px\">\n            \n\n<div class=\"kksr-icon\" style=\"width: 24px; height: 24px;\"><\/div>\n        <\/div>\n            <div class=\"kksr-star\" style=\"padding-right: 5px\">\n            \n\n<div class=\"kksr-icon\" style=\"width: 24px; height: 24px;\"><\/div>\n        <\/div>\n            <div class=\"kksr-star\" style=\"padding-right: 5px\">\n            \n\n<div class=\"kksr-icon\" style=\"width: 24px; height: 24px;\"><\/div>\n        <\/div>\n            <div class=\"kksr-star\" style=\"padding-right: 5px\">\n            \n\n<div class=\"kksr-icon\" style=\"width: 24px; height: 24px;\"><\/div>\n        <\/div>\n            <div class=\"kksr-star\" style=\"padding-right: 5px\">\n            \n\n<div class=\"kksr-icon\" style=\"width: 24px; height: 24px;\"><\/div>\n        <\/div>\n    <\/div>\n<\/div>\n                \n\n<div class=\"kksr-legend\" style=\"font-size: 19.2px;\">\n            2.7\/5 - (4 votos)    <\/div>\n    <\/div>\n","protected":false},"excerpt":{"rendered":"<p>Si hay algo que molesta m\u00e1s que las arrugas y que la flacidez, son las imperfecciones, y m\u00e1s concretamente el acn\u00e9. No obstante, el tiempo nos ha desmitificado una de las mayores mentiras de la historia: cuando eres adulto, los granos se acaban. Porque no es verdad, Adem\u00e1s de que el bacn\u00e9 es algo muy [&hellip;]<\/p>\n","protected":false},"author":14,"featured_media":103596,"comment_status":"closed","ping_status":"closed","sticky":false,"template":"","format":"standard","meta":{"jnews-multi-image_gallery":[],"jnews_single_post":{"subtitle":"","format":"standard","video":"","gallery":"","source_name":"","source_url":"","via_name":"","via_url":"","override_template":"0","override":[{"template":"1","single_blog_custom":"","parallax":"1","fullscreen":"1","layout":"right-sidebar","sidebar":"home-2","second_sidebar":"default-sidebar","sticky_sidebar":"0","share_position":"float","share_float_style":"share-monocrhome","show_share_counter":"0","show_view_counter":"0","show_featured":"1","show_post_meta":"1","show_post_author":"0","show_post_author_image":"1","show_post_date":"1","post_date_format":"default","post_date_format_custom":"Y\/m\/d","show_post_category":"1","show_post_reading_time":"0","post_reading_time_wpm":"300","show_zoom_button":"0","zoom_button_out_step":"2","zoom_button_in_step":"3","show_post_tag":"0","show_prev_next_post":"0","show_popup_post":"0","number_popup_post":"2","show_author_box":"0","show_post_related":"0","show_inline_post_related":"1"}],"override_image_size":"0","image_override":[{"single_post_thumbnail_size":"no-crop","single_post_gallery_size":"crop-500"}],"trending_post":"0","trending_post_position":"meta","trending_post_label":"Trending","sponsored_post":"0","sponsored_post_label":"Sponsored by","sponsored_post_name":"","sponsored_post_url":"","sponsored_post_logo_enable":"0","sponsored_post_logo":"","sponsored_post_desc":"","disable_ad":"0"},"jnews_primary_category":{"id":"","hide":""},"jnews_social_meta":{"fb_title":"","fb_description":"","fb_image":"","twitter_title":"","twitter_description":"","twitter_image":""},"jnews_override_counter":{"override_view_counter":"0","view_counter_number":"0","override_share_counter":"0","share_counter_number":"0","override_like_counter":"0","like_counter_number":"0","override_dislike_counter":"0","dislike_counter_number":"0"},"footnotes":""},"categories":[6312],"tags":[],"class_list":["post-103622","post","type-post","status-publish","format-standard","has-post-thumbnail","hentry","category-acne"],"_links":{"self":[{"href":"https:\/\/www.primor.eu\/blog\/wp-json\/wp\/v2\/posts\/103622","targetHints":{"allow":["GET"]}}],"collection":[{"href":"https:\/\/www.primor.eu\/blog\/wp-json\/wp\/v2\/posts"}],"about":[{"href":"https:\/\/www.primor.eu\/blog\/wp-json\/wp\/v2\/types\/post"}],"author":[{"embeddable":true,"href":"https:\/\/www.primor.eu\/blog\/wp-json\/wp\/v2\/users\/14"}],"replies":[{"embeddable":true,"href":"https:\/\/www.primor.eu\/blog\/wp-json\/wp\/v2\/comments?post=103622"}],"version-history":[{"count":2,"href":"https:\/\/www.primor.eu\/blog\/wp-json\/wp\/v2\/posts\/103622\/revisions"}],"predecessor-version":[{"id":132261,"href":"https:\/\/www.primor.eu\/blog\/wp-json\/wp\/v2\/posts\/103622\/revisions\/132261"}],"wp:featuredmedia":[{"embeddable":true,"href":"https:\/\/www.primor.eu\/blog\/wp-json\/wp\/v2\/media\/103596"}],"wp:attachment":[{"href":"https:\/\/www.primor.eu\/blog\/wp-json\/wp\/v2\/media?parent=103622"}],"wp:term":[{"taxonomy":"category","embeddable":true,"href":"https:\/\/www.primor.eu\/blog\/wp-json\/wp\/v2\/categories?post=103622"},{"taxonomy":"post_tag","embeddable":true,"href":"https:\/\/www.primor.eu\/blog\/wp-json\/wp\/v2\/tags?post=103622"}],"curies":[{"name":"wp","href":"https:\/\/api.w.org\/{rel}","templated":true}]}}