{"id":103083,"date":"2024-05-15T07:14:00","date_gmt":"2024-05-15T07:14:00","guid":{"rendered":"https:\/\/www.primor.eu\/blog\/?p=103083"},"modified":"2024-05-06T10:15:47","modified_gmt":"2024-05-06T10:15:47","slug":"mejores-productos-bronceado-rapido","status":"publish","type":"post","link":"https:\/\/www.primor.eu\/blog\/mejores-productos-bronceado-rapido\/","title":{"rendered":"Todo lo que necesitas para un bronceado r\u00e1pido"},"content":{"rendered":"\n<p>Antes que nada, queremos dejar clara una cosa: la <strong>gente morena<\/strong> no es m\u00e1s guapa ni se ve m\u00e1s favorecida, ni tiene un aspecto m\u00e1s saludable. Todo eso son <strong>mitos<\/strong> y m\u00e1s <strong>mitos<\/strong>. Sin embargo, la historia y las modas, han hecho que esto se perciba as\u00ed y que todas queremos llegar al verano ya morenas\u2026 Por eso, en este art\u00edculo de Primor te contamos c\u00f3mo puedes <strong>broncearte r\u00e1pido <\/strong>de forma saludable y qu\u00e9 cosm\u00e9ticos pueden ayudarte.&nbsp;<\/p>\n\n\n\n<h2 class=\"wp-block-heading\">Quiero broncearme r\u00e1pido: c\u00f3mo lo hago<\/h2>\n\n\n\n<ul class=\"wp-block-list\">\n<li><strong>Protector solar.<\/strong> Esto es lo primero y principal que debes tener en cuenta. Siempre hay que usar un protector solar con un factor de protecci\u00f3n adecuado para tu tipo de piel. Puedes broncearte, pero has de proteger tu piel de los efectos de los UV.<\/li>\n\n\n\n<li><strong>Las horas, amiga<\/strong>. El momento m\u00e1s adecuado para tomar el sol es antes de las 10 de la ma\u00f1ana y despu\u00e9s de las 4 de la tarde, cuando los rayos UV son menos intensos. Esto reduce el riesgo de quemaduras solares mientras a\u00fan obtienes un buen bronceado.<\/li>\n\n\n\n<li><strong>Exfolia tu piel<\/strong>. Antes de broncearte, exfolia tu piel para eliminar las c\u00e9lulas muertas. Har\u00e1 que tu bronceado sea m\u00e1s duradero y uniforme en el tiempo.&nbsp;<\/li>\n\n\n\n<li><strong>Piel hidratada.<\/strong> Mant\u00e9n tu piel bien hidratada bebiendo mucha agua y usando lociones hidratantes despu\u00e9s de exponerte al sol. Una piel bien hidratada es una piel fuerte y tiende a broncearse mejor.<\/li>\n\n\n\n<li><strong>Somos lo que comemos. <\/strong>\u00bfLa comida influye? Ya lo creo. Una dieta rica en frutas y verduras mejora la salud de tu piel y ayuda a que se broncee m\u00e1s f\u00e1cilmente.<\/li>\n\n\n\n<li><strong>Bronceadores<\/strong>. Si buscas resultados ipso facto, tambi\u00e9n puedes usar productos bronceadores como lociones, aceites o aerosoles para acelerar el proceso de bronceado. Eso s\u00ed, que sean buenos.&nbsp;<\/li>\n\n\n\n<li><strong>Tiempo de exposici\u00f3n gradual<\/strong>. Si es la primera vez que tomas el sol en todo el verano, recuerda comenzar con sesiones cortas e ir aumentando. Nadie quiere ser el cangrejo de La Sirenita el primer d\u00eda del verano.&nbsp;<\/li>\n<\/ul>\n\n\n\n<h2 class=\"wp-block-heading\">Qu\u00e9 son los bronceadores<\/h2>\n\n\n\n<p>Los <a href=\"https:\/\/www.primor.eu\/blog\/mejores-bronceadores\/\"><strong>bronceadores<\/strong><\/a> o <strong>aceleradores de bronceado<\/strong> son cosm\u00e9ticos que s\u00ed necesitan de la exposici\u00f3n solar. Se aplican d\u00edas previos a dicha exposici\u00f3n, aumentando la s\u00edntesis de melanina para un resultado m\u00e1s homog\u00e9neo y r\u00e1pido.&nbsp;<\/p>\n\n\n\n<p>En cuanto a si son peligrosos o no, seg\u00fan la doctora <strong>Cristina Eguren Michelena<\/strong>, miembro de la <strong>Academia Espa\u00f1ola de Dermatolog\u00eda y Venereolog\u00eda (AEDV)<\/strong>, \u201cen s\u00ed mismos, los aceleradores de bronceado (bronceadores) no son malos. El problema es que, para que act\u00faen, es necesario broncearse, es decir, exponerse al sol y ah\u00ed est\u00e1 el problema\u201d. \u00a1Por eso no puedes olvidar tu<a href=\"https:\/\/www.primor.eu\/es_es\/proteccion-solar\"> protector solar<\/a>!<\/p>\n\n\n\n<h2 class=\"wp-block-heading\">Mejores bronceadores para un bronceado r\u00e1pido<\/h2>\n\n\n\n<h3 class=\"wp-block-heading\">Collistar Superabbronzante Intensivo Ultra Rapido de Collistar<\/h3>\n\n\n\n<p>Este activador del bronceado de Collistar es ideal para dar un color maravilloso a la cara y el cuerpo en un corto tiempo y en cualquier \u00e9poca del a\u00f1o, incluso cuando el sol es menos intenso. Basta un fin de semana para obtener un bonito bronceado luminoso y uniforme.<\/p>\n\n\n    <a class='product' target='_blank' href='https:\/\/www.primor.eu\/es_es\/collistar-bronceador-intensivo-ultra-rapido-54929.html'>\r\n        <img loading='async' src='https:\/\/cdn2.primor.eu\/media\/catalog\/product\/cache\/8d3aba296f7a18b5251ee30fa5db42b2\/0\/T\/0TS01524_1_80c5.jpg' alt='COMPRAR AHORA'>\r\n            <div class=\"claim\">\r\n                COMPRAR AHORA            <\/div>\r\n        <\/a>\r\n    \n\n\n\n<h3 class=\"wp-block-heading\">Emulsi\u00f3n Bronceador Inmediato de Gisele Denis<\/h3>\n\n\n\n<p>Lo amar\u00e1s, porque esta emulsi\u00f3n bronceadora de Gisele Denis fue especialmente creada para obtener un bronceado uniforme y dorado de forma intensa. Con una f\u00f3rmula con extracto de zanahoria, aceite de almendras, vitamina E y otras sustancias que ayudan a proporcionar un nivel de hidrataci\u00f3n perfecta para cuidar de tu delicada piel.<\/p>\n\n\n    <a class='product' target='_blank' href='https:\/\/www.primor.eu\/es_es\/gisele-denis-bronceador-inmediato-invisible-55123.html'>\r\n        <img loading='async' src='https:\/\/cdn2.primor.eu\/media\/catalog\/product\/cache\/8d3aba296f7a18b5251ee30fa5db42b2\/B\/R\/BRONCEADOR_INMEDIATO_INVISIBLE_8414135869845_01_bffe.jpg' alt='COMPRAR AHORA'>\r\n            <div class=\"claim\">\r\n                COMPRAR AHORA            <\/div>\r\n        <\/a>\r\n    \n\n\n\n<h3 class=\"wp-block-heading\">Aceite Bronceador Tropical Coco de Hawaiian Tropic<\/h3>\n\n\n\n<p>Lo amar\u00e1s porque es un aceite bronceador con coco que proporciona un bronceado profundo y dorado. Rico en vitaminas y en extractos ex\u00f3ticos, Aceite Bronceador Tropical Coco de Hawaiian Tropic deja la piel suave e hidratada todo el d\u00eda, haciendo que se sienta cuidada y envuelta en un aroma delicioso.<\/p>\n\n\n    <a class='product' target='_blank' href='https:\/\/www.primor.eu\/es_es\/hawaiian-tropic-aceite-bronceador-tropical-coco-54986.html'>\r\n        <img loading='async' src='https:\/\/cdn2.primor.eu\/media\/catalog\/product\/cache\/8d3aba296f7a18b5251ee30fa5db42b2\/h\/a\/hawaiian_646c.JPG' alt='COMPRAR AHORA'>\r\n            <div class=\"claim\">\r\n                COMPRAR AHORA            <\/div>\r\n        <\/a>\r\n    \n\n\n<div class=\"kk-star-ratings kksr-auto kksr-align-center kksr-valign-bottom\"\n    data-payload='{&quot;align&quot;:&quot;center&quot;,&quot;id&quot;:&quot;103083&quot;,&quot;slug&quot;:&quot;default&quot;,&quot;valign&quot;:&quot;bottom&quot;,&quot;ignore&quot;:&quot;&quot;,&quot;reference&quot;:&quot;auto&quot;,&quot;class&quot;:&quot;&quot;,&quot;count&quot;:&quot;0&quot;,&quot;legendonly&quot;:&quot;&quot;,&quot;readonly&quot;:&quot;&quot;,&quot;score&quot;:&quot;0&quot;,&quot;starsonly&quot;:&quot;&quot;,&quot;best&quot;:&quot;5&quot;,&quot;gap&quot;:&quot;5&quot;,&quot;greet&quot;:&quot;Valora este art\u00edculo&quot;,&quot;legend&quot;:&quot;0\\\/5 - (0 votos)&quot;,&quot;size&quot;:&quot;24&quot;,&quot;title&quot;:&quot;Todo lo que necesitas para un bronceado r\u00e1pido&quot;,&quot;width&quot;:&quot;0&quot;,&quot;_legend&quot;:&quot;{score}\\\/{best} - ({count} {votes})&quot;,&quot;font_factor&quot;:&quot;1.25&quot;}'>\n            \n<div class=\"kksr-stars\">\n    \n<div class=\"kksr-stars-inactive\">\n            <div class=\"kksr-star\" data-star=\"1\" style=\"padding-right: 5px\">\n            \n\n<div class=\"kksr-icon\" style=\"width: 24px; height: 24px;\"><\/div>\n        <\/div>\n            <div class=\"kksr-star\" data-star=\"2\" style=\"padding-right: 5px\">\n            \n\n<div class=\"kksr-icon\" style=\"width: 24px; height: 24px;\"><\/div>\n        <\/div>\n            <div class=\"kksr-star\" data-star=\"3\" style=\"padding-right: 5px\">\n            \n\n<div class=\"kksr-icon\" style=\"width: 24px; height: 24px;\"><\/div>\n        <\/div>\n            <div class=\"kksr-star\" data-star=\"4\" style=\"padding-right: 5px\">\n            \n\n<div class=\"kksr-icon\" style=\"width: 24px; height: 24px;\"><\/div>\n        <\/div>\n            <div class=\"kksr-star\" data-star=\"5\" style=\"padding-right: 5px\">\n            \n\n<div class=\"kksr-icon\" style=\"width: 24px; height: 24px;\"><\/div>\n        <\/div>\n    <\/div>\n    \n<div class=\"kksr-stars-active\" style=\"width: 0px;\">\n            <div class=\"kksr-star\" style=\"padding-right: 5px\">\n            \n\n<div class=\"kksr-icon\" style=\"width: 24px; height: 24px;\"><\/div>\n        <\/div>\n            <div class=\"kksr-star\" style=\"padding-right: 5px\">\n            \n\n<div class=\"kksr-icon\" style=\"width: 24px; height: 24px;\"><\/div>\n        <\/div>\n            <div class=\"kksr-star\" style=\"padding-right: 5px\">\n            \n\n<div class=\"kksr-icon\" style=\"width: 24px; height: 24px;\"><\/div>\n        <\/div>\n            <div class=\"kksr-star\" style=\"padding-right: 5px\">\n            \n\n<div class=\"kksr-icon\" style=\"width: 24px; height: 24px;\"><\/div>\n        <\/div>\n            <div class=\"kksr-star\" style=\"padding-right: 5px\">\n            \n\n<div class=\"kksr-icon\" style=\"width: 24px; height: 24px;\"><\/div>\n        <\/div>\n    <\/div>\n<\/div>\n                \n\n<div class=\"kksr-legend\" style=\"font-size: 19.2px;\">\n            <span class=\"kksr-muted\">Valora este art\u00edculo<\/span>\n    <\/div>\n    <\/div>\n","protected":false},"excerpt":{"rendered":"<p>Antes que nada, queremos dejar clara una cosa: la gente morena no es m\u00e1s guapa ni se ve m\u00e1s favorecida, ni tiene un aspecto m\u00e1s saludable. Todo eso son mitos y m\u00e1s mitos. Sin embargo, la historia y las modas, han hecho que esto se perciba as\u00ed y que todas queremos llegar al verano ya [&hellip;]<\/p>\n","protected":false},"author":14,"featured_media":103047,"comment_status":"closed","ping_status":"closed","sticky":false,"template":"","format":"standard","meta":{"jnews-multi-image_gallery":[],"jnews_single_post":{"subtitle":"","format":"standard","video":"","gallery":"","source_name":"","source_url":"","via_name":"","via_url":"","override_template":"0","override":[{"template":"1","single_blog_custom":"","parallax":"1","fullscreen":"1","layout":"right-sidebar","sidebar":"home-2","second_sidebar":"default-sidebar","sticky_sidebar":"0","share_position":"float","share_float_style":"share-monocrhome","show_share_counter":"0","show_view_counter":"0","show_featured":"1","show_post_meta":"1","show_post_author":"0","show_post_author_image":"1","show_post_date":"1","post_date_format":"default","post_date_format_custom":"Y\/m\/d","show_post_category":"1","show_post_reading_time":"0","post_reading_time_wpm":"300","show_zoom_button":"0","zoom_button_out_step":"2","zoom_button_in_step":"3","show_post_tag":"0","show_prev_next_post":"0","show_popup_post":"0","number_popup_post":"2","show_author_box":"0","show_post_related":"0","show_inline_post_related":"1"}],"override_image_size":"0","image_override":[{"single_post_thumbnail_size":"no-crop","single_post_gallery_size":"crop-500"}],"trending_post":"0","trending_post_position":"meta","trending_post_label":"Trending","sponsored_post":"0","sponsored_post_label":"Sponsored by","sponsored_post_name":"","sponsored_post_url":"","sponsored_post_logo_enable":"0","sponsored_post_logo":"","sponsored_post_desc":"","disable_ad":"0"},"jnews_primary_category":{"id":"","hide":""},"jnews_social_meta":{"fb_title":"","fb_description":"","fb_image":"","twitter_title":"","twitter_description":"","twitter_image":""},"jnews_override_counter":{"override_view_counter":"0","view_counter_number":"0","override_share_counter":"0","share_counter_number":"0","override_like_counter":"0","like_counter_number":"0","override_dislike_counter":"0","dislike_counter_number":"0"},"footnotes":""},"categories":[6302],"tags":[],"class_list":["post-103083","post","type-post","status-publish","format-standard","has-post-thumbnail","hentry","category-solares"],"_links":{"self":[{"href":"https:\/\/www.primor.eu\/blog\/wp-json\/wp\/v2\/posts\/103083","targetHints":{"allow":["GET"]}}],"collection":[{"href":"https:\/\/www.primor.eu\/blog\/wp-json\/wp\/v2\/posts"}],"about":[{"href":"https:\/\/www.primor.eu\/blog\/wp-json\/wp\/v2\/types\/post"}],"author":[{"embeddable":true,"href":"https:\/\/www.primor.eu\/blog\/wp-json\/wp\/v2\/users\/14"}],"replies":[{"embeddable":true,"href":"https:\/\/www.primor.eu\/blog\/wp-json\/wp\/v2\/comments?post=103083"}],"version-history":[{"count":1,"href":"https:\/\/www.primor.eu\/blog\/wp-json\/wp\/v2\/posts\/103083\/revisions"}],"predecessor-version":[{"id":103087,"href":"https:\/\/www.primor.eu\/blog\/wp-json\/wp\/v2\/posts\/103083\/revisions\/103087"}],"wp:featuredmedia":[{"embeddable":true,"href":"https:\/\/www.primor.eu\/blog\/wp-json\/wp\/v2\/media\/103047"}],"wp:attachment":[{"href":"https:\/\/www.primor.eu\/blog\/wp-json\/wp\/v2\/media?parent=103083"}],"wp:term":[{"taxonomy":"category","embeddable":true,"href":"https:\/\/www.primor.eu\/blog\/wp-json\/wp\/v2\/categories?post=103083"},{"taxonomy":"post_tag","embeddable":true,"href":"https:\/\/www.primor.eu\/blog\/wp-json\/wp\/v2\/tags?post=103083"}],"curies":[{"name":"wp","href":"https:\/\/api.w.org\/{rel}","templated":true}]}}