{"id":102927,"date":"2024-05-05T21:00:00","date_gmt":"2024-05-05T21:00:00","guid":{"rendered":"https:\/\/www.primor.eu\/blog\/?p=102927"},"modified":"2024-05-03T09:01:40","modified_gmt":"2024-05-03T09:01:40","slug":"mejores-productos-trucos-cuidar-barba-playa","status":"publish","type":"post","link":"https:\/\/www.primor.eu\/blog\/mejores-productos-trucos-cuidar-barba-playa\/","title":{"rendered":"Los mejores productos y trucos para cuidar tu barba del sol y el mar"},"content":{"rendered":"\n<p><strong><a href=\"https:\/\/www.primor.eu\/blog\/cuidar-la-barba-hombres-verano\/\" data-type=\"link\" data-id=\"https:\/\/www.primor.eu\/blog\/cuidar-la-barba-hombres-verano\/\">Cuidar la barba en la playa<\/a><\/strong> y la piscina es importante, al igual que las mujeres cuidan y protegen su pelo de los da\u00f1os que pueden provocar en \u00e9l, la <strong>sal<\/strong>, el <strong>cloro<\/strong> o el <strong>sol excesivo<\/strong>. Y es que la barba no deja de ser vello que necesita ser cuidado porque<strong> se reseca<\/strong> a causa de estos factores. La buena noticia es que existen<strong> productos para cuidar la barba<\/strong> en la playa y la piscina. Estos est\u00e1n dise\u00f1ados espec\u00edficamente para hombres y elaborados, en algunos casos, seg\u00fan las necesidades de cada barba.<\/p>\n\n\n\n<h2 class=\"wp-block-heading\">Trucos para cuidar la barba en la playa y la piscina<\/h2>\n\n\n\n<p>Antes de nada vamos a ver algunos <strong>trucos <\/strong>para que puedas <strong>cuidar de la barba<\/strong> en la playa y la piscina:<\/p>\n\n\n\n<ul class=\"wp-block-list\">\n<li><strong>Cepilla tu barba despu\u00e9s de un d\u00eda de playa o piscina<\/strong>: muchas veces lo que puede ocurrir es que tu barba se enrede, sobre todo en esos casos en los que las barbas son largas y debido al exceso de cloro que reseca el vello. En estos casos la mejor forma de cuidar la barba en la playa y la piscina es peinarla de vez en cuando. Pon un peine para ello en tu bolsa de playa y si lo olvidas, \u00a1hazlo nada m\u00e1s llegar a casa!<\/li>\n\n\n\n<li><strong>Corta las puntas da\u00f1adas<\/strong>: es bueno que, aunque est\u00e9s de vacaciones y lejos de tu barbero de confianza, puedas atreverte a cortarte las puntas de la barba. Sobre todo si vas a pasar tiempo sin arreglarla y m\u00e1s de dos semanas en la playa o ba\u00f1\u00e1ndote en alguna piscina con frecuencia.\u00a0<\/li>\n\n\n\n<li><strong>Hidrata tu barba con frecuencia<\/strong>: este paso es clave para cuidar la barba en la playa y en la piscina, porque compensa la sequedad producida por la sal o el cloro. Puedes llevar en la bolsa de la playa algunos de los productos que te recomendamos despu\u00e9s para hidratar tu barba.<\/li>\n\n\n\n<li><strong>Enjuaga tu barba:<\/strong> cada vez que te ba\u00f1es en la piscina o la playa con agua dulce en una de esas duchas que hay disponibles si puedes. Hazlo tambi\u00e9n con champ\u00fa especial para barba cuando llegues a casa.<\/li>\n<\/ul>\n\n\n\n<h2 class=\"wp-block-heading\">Los mejores productos para cuidar la barba en la playa y la piscina<\/h2>\n\n\n        <product-table class=\"pr-slider\">\r\n            <product-headers class=\"grid-table-rows\">\r\n                <div>Foto<\/div>\r\n                <div>Producto<\/div>\r\n                <div>Marca<\/div>\r\n                <div>Valoraciones<\/div>\r\n                <div>Precio<\/div>\r\n            <\/product-headers>\r\n\r\n            <product-list>\r\n                                    <a href=\"https:\/\/www.primor.eu\/es_es\/mister-groomer-aceite-barba-y-bigote-84109.html\" class=\"product-item grid-table-rows\" target=\"_blank\">\r\n                        <div>\r\n                            <img decoding=\"async\" class=\"product-img\" width=\"80px\" height=\"80px\" src=\"https:\/\/www.primor.eu\/blog\/wp-content\/uploads\/2024\/05\/oil_00fa.jpg\" alt=\"Mister Groomer    \n        Aceite Barba y Bigote\">\r\n                        <\/div>\r\n\r\n                        <!-- Contenido de producto  -->\r\n                        <div>\r\n                            <div class=\"product-position\">\r\n                                #1 Top Ventas                            <\/div>\r\n\r\n                            <h2>\r\n                                Mister Groomer    \n        Aceite Barba y Bigote                            <\/h2>\r\n                        <\/div>\r\n\r\n                        <!-- Imagen y\/o nombre de la marca -->\r\n                        <div>\r\n                                                            <p class=\"brand-name\"><b>Mister Groomer<\/b><\/p>\r\n                                                    <\/div>\r\n\r\n                        <!-- Puntuaci\u00f3n del producto  -->\r\n                        <div class=\"rating\">\r\n                                                            <div class=\"rate\" style=\"--p:100;\"><\/div>\r\n                                <b>5\/5<\/b>\r\n                                <div class=\"rate-stars\">\r\n                                                                            <div\r\n                                            class=\"rate-star  \">\r\n                                        <\/div>\r\n                                                                            <div\r\n                                            class=\"rate-star  \">\r\n                                        <\/div>\r\n                                                                            <div\r\n                                            class=\"rate-star  \">\r\n                                        <\/div>\r\n                                                                            <div\r\n                                            class=\"rate-star  \">\r\n                                        <\/div>\r\n                                                                            <div\r\n                                            class=\"rate-star  \">\r\n                                        <\/div>\r\n                                                                    <\/div>\r\n                                                    <\/div>\r\n\r\n                        <!-- Bot\u00f3n de producto  -->\r\n                        <div>\r\n                            <span class=\"price-claim\">\r\n                                VER PRECIO                            <\/span>\r\n                        <\/div>\r\n                    <\/a>\r\n                                    <a href=\"https:\/\/www.primor.eu\/es_es\/bulldog-original-aceite-para-barba-24694.html\" class=\"product-item grid-table-rows\" target=\"_blank\">\r\n                        <div>\r\n                            <img decoding=\"async\" class=\"product-img\" width=\"80px\" height=\"80px\" src=\"https:\/\/www.primor.eu\/blog\/wp-content\/uploads\/2024\/05\/0TM01046_1_b943.jpg\" alt=\"Bulldog    \n        Original Aceite para Barba\">\r\n                        <\/div>\r\n\r\n                        <!-- Contenido de producto  -->\r\n                        <div>\r\n                            <div class=\"product-position\">\r\n                                #2                            <\/div>\r\n\r\n                            <h2>\r\n                                Bulldog    \n        Original Aceite para Barba                            <\/h2>\r\n                        <\/div>\r\n\r\n                        <!-- Imagen y\/o nombre de la marca -->\r\n                        <div>\r\n                                                            <img decoding=\"async\" width=\"70\" src=\"https:\/\/www.primor.eu\/blog\/wp-content\/uploads\/2024\/04\/Bull_Dog_Personalizado_.jpg\" alt=\"102319\">\r\n                                                    <\/div>\r\n\r\n                        <!-- Puntuaci\u00f3n del producto  -->\r\n                        <div class=\"rating\">\r\n                                                            <div class=\"rate\" style=\"--p:80;\"><\/div>\r\n                                <b>4\/5<\/b>\r\n                                <div class=\"rate-stars\">\r\n                                                                            <div\r\n                                            class=\"rate-star  \">\r\n                                        <\/div>\r\n                                                                            <div\r\n                                            class=\"rate-star  \">\r\n                                        <\/div>\r\n                                                                            <div\r\n                                            class=\"rate-star  \">\r\n                                        <\/div>\r\n                                                                            <div\r\n                                            class=\"rate-star  \">\r\n                                        <\/div>\r\n                                                                            <div\r\n                                            class=\"rate-star disable \">\r\n                                        <\/div>\r\n                                                                    <\/div>\r\n                                                    <\/div>\r\n\r\n                        <!-- Bot\u00f3n de producto  -->\r\n                        <div>\r\n                            <span class=\"price-claim\">\r\n                                VER PRECIO                            <\/span>\r\n                        <\/div>\r\n                    <\/a>\r\n                                    <a href=\"https:\/\/www.primor.eu\/es_es\/proraso-champu-para-barba-wood-y-spice-70680.html\" class=\"product-item grid-table-rows\" target=\"_blank\">\r\n                        <div>\r\n                            <img decoding=\"async\" class=\"product-img\" width=\"80px\" height=\"80px\" src=\"https:\/\/www.primor.eu\/blog\/wp-content\/uploads\/2024\/05\/1SP00736_1_d860.jpg\" alt=\"Proraso    \n        Champ\u00fa para Barba Wood y Spice\">\r\n                        <\/div>\r\n\r\n                        <!-- Contenido de producto  -->\r\n                        <div>\r\n                            <div class=\"product-position\">\r\n                                #3                            <\/div>\r\n\r\n                            <h2>\r\n                                Proraso    \n        Champ\u00fa para Barba Wood y Spice                            <\/h2>\r\n                        <\/div>\r\n\r\n                        <!-- Imagen y\/o nombre de la marca -->\r\n                        <div>\r\n                                                            <img decoding=\"async\" width=\"70\" src=\"https:\/\/www.primor.eu\/blog\/wp-content\/uploads\/2024\/03\/1831.jpg\" alt=\"99472\">\r\n                                                    <\/div>\r\n\r\n                        <!-- Puntuaci\u00f3n del producto  -->\r\n                        <div class=\"rating\">\r\n                                                            <div class=\"rate\" style=\"--p:100;\"><\/div>\r\n                                <b>5\/5<\/b>\r\n                                <div class=\"rate-stars\">\r\n                                                                            <div\r\n                                            class=\"rate-star  \">\r\n                                        <\/div>\r\n                                                                            <div\r\n                                            class=\"rate-star  \">\r\n                                        <\/div>\r\n                                                                            <div\r\n                                            class=\"rate-star  \">\r\n                                        <\/div>\r\n                                                                            <div\r\n                                            class=\"rate-star  \">\r\n                                        <\/div>\r\n                                                                            <div\r\n                                            class=\"rate-star  \">\r\n                                        <\/div>\r\n                                                                    <\/div>\r\n                                                    <\/div>\r\n\r\n                        <!-- Bot\u00f3n de producto  -->\r\n                        <div>\r\n                            <span class=\"price-claim\">\r\n                                VER PRECIO                            <\/span>\r\n                        <\/div>\r\n                    <\/a>\r\n                            <\/product-list>\r\n        <\/product-table>\r\n\r\n        \n\n\n\n<h3 class=\"wp-block-heading\">Aceite Barba y Bigote de Mister Groomer<\/h3>\n\n\n\n<p>Aceite Barba y Bigote&nbsp; combinaci\u00f3n de aceites naturales est\u00e1 especialmente formulada para suavizar y acondicionar su barba y bigote. Apto para uso diario, este aceite transformar\u00e1 el vello facial. El aceite de albaricoque es conocido por sus excepcionales propiedades nutritivas y revitalizantes. Penetra profundamente en la barba y el bigote, dej\u00e1ndolos sedosos y sanos. El aceite de menta tiene un efecto refrescante sobre la piel y proporciona una sensaci\u00f3n refrescante. Proporciona a la barba y el bigote un bonito brillo y una maravillosa suavidad.<\/p>\n\n\n    <a class='product' target='_blank' href='https:\/\/www.primor.eu\/es_es\/mister-groomer-aceite-barba-y-bigote-84109.html'>\r\n        <img loading='async' src='https:\/\/cdn2.primor.eu\/media\/catalog\/product\/cache\/8d3aba296f7a18b5251ee30fa5db42b2\/o\/i\/oil_00fa.jpg' alt='COMPRAR AHORA'>\r\n            <div class=\"claim\">\r\n                COMPRAR AHORA            <\/div>\r\n        <\/a>\r\n    \n\n\n\n<h3 class=\"wp-block-heading\">Original Aceite para Barba de Bulldog<\/h3>\n\n\n\n<p>Este aceite para el cuidado de la barba contiene aloe vera, aceite de camelia y t\u00e9 verde. Especialmente formulado para suavizar, moldear y acondicionar tu barba. F\u00f3rmula grasa y de r\u00e1pida absorci\u00f3n para suavizar e hidratar el vello desde el primer momento. Cuida la piel de debajo de la barba para combatir la sequedad y el picor. Todos nuestros productos est\u00e1n certificados por Cruelty Free International y son ideales para vegetarianos y veganos. No contienen parabenos, SLS, colores artificiales o fragancias sint\u00e9ticas.<\/p>\n\n\n    <a class='product' target='_blank' href='https:\/\/www.primor.eu\/es_es\/bulldog-original-aceite-para-barba-24694.html'>\r\n        <img loading='async' src='https:\/\/cdn2.primor.eu\/media\/catalog\/product\/cache\/8d3aba296f7a18b5251ee30fa5db42b2\/0\/T\/0TM01046_1_b943.jpg' alt='COMPRAR AHORA'>\r\n            <div class=\"claim\">\r\n                COMPRAR AHORA            <\/div>\r\n        <\/a>\r\n    \n\n\n\n<h3 class=\"wp-block-heading\">Champ\u00fa para Barba Wood y Spice de Proraso<\/h3>\n\n\n\n<p>Se caracteriza por su textura rica y cremosa, con acci\u00f3n limpiadora y acondicionadora. Los tensioactivos de origen vegetal desarrollan una acci\u00f3n purificante, eliminando suciedad y olores desagradables. La espuma que se genera es suave y persistente, para ablandar incluso las barbas m\u00e1s duras.<\/p>\n\n\n    <a class='product' target='_blank' href='https:\/\/www.primor.eu\/es_es\/proraso-champu-para-barba-wood-y-spice-70680.html'>\r\n        <img loading='async' src='https:\/\/cdn2.primor.eu\/media\/catalog\/product\/cache\/8d3aba296f7a18b5251ee30fa5db42b2\/1\/S\/1SP00736_1_d860.jpg' alt='COMPRAR AHORA'>\r\n            <div class=\"claim\">\r\n                COMPRAR AHORA            <\/div>\r\n        <\/a>\r\n    \n\n\n\n<h3 class=\"wp-block-heading\">For Men Aceite para Barba de Benecos<\/h3>\n\n\n\n<p>Contiene aceite de arg\u00e1n, de almendra y de girasol para que la barba y la piel del rostro est\u00e9 siempre suave y flexible. Certificados: Vegan Society , BDIH - Cosmos Organic. Vegano.<\/p>\n\n\n    <a class='product' target='_blank' href='https:\/\/www.primor.eu\/es_es\/benecos-for-men-aceite-para-barba-18250.html'>\r\n        <img loading='async' src='https:\/\/cdn2.primor.eu\/media\/catalog\/product\/cache\/8d3aba296f7a18b5251ee30fa5db42b2\/0\/T\/0TM01129_1_bee4.jpg' alt='COMPRAR AHORA'>\r\n            <div class=\"claim\">\r\n                COMPRAR AHORA            <\/div>\r\n        <\/a>\r\n    \n\n\n<div class=\"kk-star-ratings kksr-auto kksr-align-center kksr-valign-bottom\"\n    data-payload='{&quot;align&quot;:&quot;center&quot;,&quot;id&quot;:&quot;102927&quot;,&quot;slug&quot;:&quot;default&quot;,&quot;valign&quot;:&quot;bottom&quot;,&quot;ignore&quot;:&quot;&quot;,&quot;reference&quot;:&quot;auto&quot;,&quot;class&quot;:&quot;&quot;,&quot;count&quot;:&quot;0&quot;,&quot;legendonly&quot;:&quot;&quot;,&quot;readonly&quot;:&quot;&quot;,&quot;score&quot;:&quot;0&quot;,&quot;starsonly&quot;:&quot;&quot;,&quot;best&quot;:&quot;5&quot;,&quot;gap&quot;:&quot;5&quot;,&quot;greet&quot;:&quot;Valora este art\u00edculo&quot;,&quot;legend&quot;:&quot;0\\\/5 - (0 votos)&quot;,&quot;size&quot;:&quot;24&quot;,&quot;title&quot;:&quot;Los mejores productos y trucos para cuidar tu barba del sol y el mar&quot;,&quot;width&quot;:&quot;0&quot;,&quot;_legend&quot;:&quot;{score}\\\/{best} - ({count} {votes})&quot;,&quot;font_factor&quot;:&quot;1.25&quot;}'>\n            \n<div class=\"kksr-stars\">\n    \n<div class=\"kksr-stars-inactive\">\n            <div class=\"kksr-star\" data-star=\"1\" style=\"padding-right: 5px\">\n            \n\n<div class=\"kksr-icon\" style=\"width: 24px; height: 24px;\"><\/div>\n        <\/div>\n            <div class=\"kksr-star\" data-star=\"2\" style=\"padding-right: 5px\">\n            \n\n<div class=\"kksr-icon\" style=\"width: 24px; height: 24px;\"><\/div>\n        <\/div>\n            <div class=\"kksr-star\" data-star=\"3\" style=\"padding-right: 5px\">\n            \n\n<div class=\"kksr-icon\" style=\"width: 24px; height: 24px;\"><\/div>\n        <\/div>\n            <div class=\"kksr-star\" data-star=\"4\" style=\"padding-right: 5px\">\n            \n\n<div class=\"kksr-icon\" style=\"width: 24px; height: 24px;\"><\/div>\n        <\/div>\n            <div class=\"kksr-star\" data-star=\"5\" style=\"padding-right: 5px\">\n            \n\n<div class=\"kksr-icon\" style=\"width: 24px; height: 24px;\"><\/div>\n        <\/div>\n    <\/div>\n    \n<div class=\"kksr-stars-active\" style=\"width: 0px;\">\n            <div class=\"kksr-star\" style=\"padding-right: 5px\">\n            \n\n<div class=\"kksr-icon\" style=\"width: 24px; height: 24px;\"><\/div>\n        <\/div>\n            <div class=\"kksr-star\" style=\"padding-right: 5px\">\n            \n\n<div class=\"kksr-icon\" style=\"width: 24px; height: 24px;\"><\/div>\n        <\/div>\n            <div class=\"kksr-star\" style=\"padding-right: 5px\">\n            \n\n<div class=\"kksr-icon\" style=\"width: 24px; height: 24px;\"><\/div>\n        <\/div>\n            <div class=\"kksr-star\" style=\"padding-right: 5px\">\n            \n\n<div class=\"kksr-icon\" style=\"width: 24px; height: 24px;\"><\/div>\n        <\/div>\n            <div class=\"kksr-star\" style=\"padding-right: 5px\">\n            \n\n<div class=\"kksr-icon\" style=\"width: 24px; height: 24px;\"><\/div>\n        <\/div>\n    <\/div>\n<\/div>\n                \n\n<div class=\"kksr-legend\" style=\"font-size: 19.2px;\">\n            <span class=\"kksr-muted\">Valora este art\u00edculo<\/span>\n    <\/div>\n    <\/div>\n","protected":false},"excerpt":{"rendered":"<p>Cuidar la barba en la playa y la piscina es importante, al igual que las mujeres cuidan y protegen su pelo de los da\u00f1os que pueden provocar en \u00e9l, la sal, el cloro o el sol excesivo. Y es que la barba no deja de ser vello que necesita ser cuidado porque se reseca a [&hellip;]<\/p>\n","protected":false},"author":30,"featured_media":102928,"comment_status":"closed","ping_status":"closed","sticky":false,"template":"","format":"standard","meta":{"jnews-multi-image_gallery":[],"jnews_single_post":{"subtitle":"","format":"standard","video":"","gallery":"","source_name":"","source_url":"","via_name":"","via_url":"","override_template":"0","override":[{"template":"1","single_blog_custom":"","parallax":"1","fullscreen":"1","layout":"right-sidebar","sidebar":"home-2","second_sidebar":"default-sidebar","sticky_sidebar":"0","share_position":"float","share_float_style":"share-monocrhome","show_share_counter":"0","show_view_counter":"0","show_featured":"1","show_post_meta":"1","show_post_author":"0","show_post_author_image":"1","show_post_date":"1","post_date_format":"default","post_date_format_custom":"Y\/m\/d","show_post_category":"1","show_post_reading_time":"0","post_reading_time_wpm":"300","show_zoom_button":"0","zoom_button_out_step":"2","zoom_button_in_step":"3","show_post_tag":"0","show_prev_next_post":"0","show_popup_post":"0","number_popup_post":"2","show_author_box":"0","show_post_related":"0","show_inline_post_related":"1"}],"override_image_size":"0","image_override":[{"single_post_thumbnail_size":"no-crop","single_post_gallery_size":"crop-500"}],"trending_post":"0","trending_post_position":"meta","trending_post_label":"Trending","sponsored_post":"0","sponsored_post_label":"Sponsored by","sponsored_post_name":"","sponsored_post_url":"","sponsored_post_logo_enable":"0","sponsored_post_logo":"","sponsored_post_desc":"","disable_ad":"0"},"jnews_primary_category":{"id":"","hide":""},"jnews_social_meta":{"fb_title":"","fb_description":"","fb_image":"","twitter_title":"","twitter_description":"","twitter_image":""},"jnews_override_counter":{"override_view_counter":"0","view_counter_number":"0","override_share_counter":"0","share_counter_number":"0","override_like_counter":"0","like_counter_number":"0","override_dislike_counter":"0","dislike_counter_number":"0"},"footnotes":""},"categories":[6311],"tags":[],"class_list":["post-102927","post","type-post","status-publish","format-standard","has-post-thumbnail","hentry","category-hombres"],"_links":{"self":[{"href":"https:\/\/www.primor.eu\/blog\/wp-json\/wp\/v2\/posts\/102927","targetHints":{"allow":["GET"]}}],"collection":[{"href":"https:\/\/www.primor.eu\/blog\/wp-json\/wp\/v2\/posts"}],"about":[{"href":"https:\/\/www.primor.eu\/blog\/wp-json\/wp\/v2\/types\/post"}],"author":[{"embeddable":true,"href":"https:\/\/www.primor.eu\/blog\/wp-json\/wp\/v2\/users\/30"}],"replies":[{"embeddable":true,"href":"https:\/\/www.primor.eu\/blog\/wp-json\/wp\/v2\/comments?post=102927"}],"version-history":[{"count":3,"href":"https:\/\/www.primor.eu\/blog\/wp-json\/wp\/v2\/posts\/102927\/revisions"}],"predecessor-version":[{"id":102937,"href":"https:\/\/www.primor.eu\/blog\/wp-json\/wp\/v2\/posts\/102927\/revisions\/102937"}],"wp:featuredmedia":[{"embeddable":true,"href":"https:\/\/www.primor.eu\/blog\/wp-json\/wp\/v2\/media\/102928"}],"wp:attachment":[{"href":"https:\/\/www.primor.eu\/blog\/wp-json\/wp\/v2\/media?parent=102927"}],"wp:term":[{"taxonomy":"category","embeddable":true,"href":"https:\/\/www.primor.eu\/blog\/wp-json\/wp\/v2\/categories?post=102927"},{"taxonomy":"post_tag","embeddable":true,"href":"https:\/\/www.primor.eu\/blog\/wp-json\/wp\/v2\/tags?post=102927"}],"curies":[{"name":"wp","href":"https:\/\/api.w.org\/{rel}","templated":true}]}}