{"id":102672,"date":"2025-11-20T11:54:45","date_gmt":"2025-11-20T11:54:45","guid":{"rendered":"https:\/\/www.primor.eu\/blog\/?p=102672"},"modified":"2025-11-20T11:54:46","modified_gmt":"2025-11-20T11:54:46","slug":"mascarilla-facial-miel-canela","status":"publish","type":"post","link":"https:\/\/www.primor.eu\/blog\/mascarilla-facial-miel-canela\/","title":{"rendered":"C\u00f3mo hacer la mejor mascarilla con miel y canela para tu cara"},"content":{"rendered":"\n<p>Si eres de las que ama (por encima de cualquier cosa) las mascarillas caseras, hay una en concreto que deber\u00edas tener muy presente: <strong>la mascarilla de miel y canela<\/strong>. La combinaci\u00f3n de miel y canela en una mascarilla casera ofrece una variedad de <strong>beneficios<\/strong> para la piel debido a las propiedades naturales de estos ingredientes. Te contamos todo lo que deber\u00edas saber.&nbsp;<\/p>\n\n\n\n<h2 class=\"wp-block-heading\">Beneficios de la mascarilla de miel y canela<\/h2>\n\n\n\n<ul class=\"wp-block-list\">\n<li><strong>Propiedades antibacterianas y antiinflamatorias<\/strong>. Es algo que nos parece fascinante porque tanto la miel como la canela tienen propiedades antibacterianas y antiinflamatorias que ayudan a combatir el acn\u00e9 y otras imperfecciones de la piel. La miel contiene per\u00f3xido de hidr\u00f3geno y compuestos fen\u00f3licos que tienen efectos antimicrobianos, mientras que la canela contiene cinamaldeh\u00eddo, que tambi\u00e9n tiene propiedades antibacterianas.<\/li>\n\n\n\n<li><strong>Exfoliaci\u00f3n suave.<\/strong> La textura granulada de la canela proporciona un suave efecto exfoliante que elimina las c\u00e9lulas muertas de la piel, dejando la piel m\u00e1s suave y radiante.<\/li>\n\n\n\n<li><strong>Hidrataci\u00f3n<\/strong>. La miel es un humectante natural que ayuda a retener la humedad en la piel, lo que la hace ideal para mantener la piel hidratada y suave.<\/li>\n\n\n\n<li><strong>Reduce la inflamaci\u00f3n<\/strong>. Tanto la miel como la canela tienen propiedades antiinflamatorias que reducen la inflamaci\u00f3n y enrojecimiento en la piel, especialmente \u00fatiles para personas con piel sensible o propensa a la irritaci\u00f3n.<\/li>\n\n\n\n<li><strong>Mejora la circulaci\u00f3n.<\/strong> La canela estimula la circulaci\u00f3n sangu\u00ednea cuando se aplica sobre la piel, lo que mejora la apariencia general de la piel y le da un aspecto m\u00e1s radiante y saludable.<\/li>\n\n\n\n<li><strong>Propiedades antioxidantes<\/strong>. Tanto la miel como la canela contiene antioxidantes que protegen la piel del da\u00f1o causado por los radicales libres, lo que previene el envejecimiento prematuro y mantiene la piel con un aspecto joven y fresco.<\/li>\n<\/ul>\n\n\n\n<h2 class=\"wp-block-heading\">Qu\u00e9 tipos de pieles pueden usar esta mascarilla y con qu\u00e9 frecuencia<\/h2>\n\n\n\n<p>Como no todas las pieles son iguales, <strong>no todas tienen las mismas necesidades<\/strong>. Si vas a usar esta mascarilla, esto es lo que te recomendados en relaci\u00f3n a la frecuencia:<\/p>\n\n\n\n<ul class=\"wp-block-list\">\n<li><strong>Piel normal a mixta.<\/strong> La mascarilla de miel y canela equilibra la producci\u00f3n de aceite, proporcionar hidrataci\u00f3n y combatir las imperfecciones ocasionales. Se puede usar una o dos veces por semana.<\/li>\n\n\n\n<li><strong>Piel seca. <\/strong>Atenta a esto. La miel es un humectante natural que ayuda a hidratar la piel seca, mientras que la canela puede ayudar a exfoliar suavemente las c\u00e9lulas muertas de la piel. Sin embargo, debido a que la canela puede ser un poco irritante para algunas personas con piel seca, es importante usar esta mascarilla con moderaci\u00f3n, quiz\u00e1s una vez cada 1-2 semanas, y enjuagarla con agua tibia despu\u00e9s de unos 10-15 minutos.<\/li>\n\n\n\n<li><strong>Piel grasa y propensa al acn\u00e9.<\/strong> La mascarilla de miel y canela es una de las m\u00e1s recomendadas, debido a las propiedades antibacterianas y antiinflamatorias de ambos ingredientes. Contribuye a controlar el exceso de sebo y reduce la inflamaci\u00f3n asociada con el acn\u00e9. Se puede usar hasta dos veces por semana, pero si experimentas sequedad o irritaci\u00f3n, reduce la frecuencia de uso.<\/li>\n\n\n\n<li><strong>Piel sensible. <\/strong>La canela puede ser un poco irritante para la piel sensible, por lo que es importante hacer una prueba de parche antes de aplicar la mascarilla en toda la cara. Si no experimentas ninguna reacci\u00f3n adversa, puedes probar usar la mascarilla una vez cada 1-2 semanas y dejarla actuar durante menos tiempo, alrededor de 5-10 minutos, antes de enjuagarla con agua tibia.<\/li>\n<\/ul>\n\n\n<div class=\"kk-star-ratings kksr-auto kksr-align-center kksr-valign-bottom\"\n    data-payload='{&quot;align&quot;:&quot;center&quot;,&quot;id&quot;:&quot;102672&quot;,&quot;slug&quot;:&quot;default&quot;,&quot;valign&quot;:&quot;bottom&quot;,&quot;ignore&quot;:&quot;&quot;,&quot;reference&quot;:&quot;auto&quot;,&quot;class&quot;:&quot;&quot;,&quot;count&quot;:&quot;13&quot;,&quot;legendonly&quot;:&quot;&quot;,&quot;readonly&quot;:&quot;&quot;,&quot;score&quot;:&quot;3.6&quot;,&quot;starsonly&quot;:&quot;&quot;,&quot;best&quot;:&quot;5&quot;,&quot;gap&quot;:&quot;5&quot;,&quot;greet&quot;:&quot;Valora este art\u00edculo&quot;,&quot;legend&quot;:&quot;3.6\\\/5 - (13 votos)&quot;,&quot;size&quot;:&quot;24&quot;,&quot;title&quot;:&quot;C\u00f3mo hacer la mejor mascarilla con miel y canela para tu cara&quot;,&quot;width&quot;:&quot;101.9&quot;,&quot;_legend&quot;:&quot;{score}\\\/{best} - ({count} {votes})&quot;,&quot;font_factor&quot;:&quot;1.25&quot;}'>\n            \n<div class=\"kksr-stars\">\n    \n<div class=\"kksr-stars-inactive\">\n            <div class=\"kksr-star\" data-star=\"1\" style=\"padding-right: 5px\">\n            \n\n<div class=\"kksr-icon\" style=\"width: 24px; height: 24px;\"><\/div>\n        <\/div>\n            <div class=\"kksr-star\" data-star=\"2\" style=\"padding-right: 5px\">\n            \n\n<div class=\"kksr-icon\" style=\"width: 24px; height: 24px;\"><\/div>\n        <\/div>\n            <div class=\"kksr-star\" data-star=\"3\" style=\"padding-right: 5px\">\n            \n\n<div class=\"kksr-icon\" style=\"width: 24px; height: 24px;\"><\/div>\n        <\/div>\n            <div class=\"kksr-star\" data-star=\"4\" style=\"padding-right: 5px\">\n            \n\n<div class=\"kksr-icon\" style=\"width: 24px; height: 24px;\"><\/div>\n        <\/div>\n            <div class=\"kksr-star\" data-star=\"5\" style=\"padding-right: 5px\">\n            \n\n<div class=\"kksr-icon\" style=\"width: 24px; height: 24px;\"><\/div>\n        <\/div>\n    <\/div>\n    \n<div class=\"kksr-stars-active\" style=\"width: 101.9px;\">\n            <div class=\"kksr-star\" style=\"padding-right: 5px\">\n            \n\n<div class=\"kksr-icon\" style=\"width: 24px; height: 24px;\"><\/div>\n        <\/div>\n            <div class=\"kksr-star\" style=\"padding-right: 5px\">\n            \n\n<div class=\"kksr-icon\" style=\"width: 24px; height: 24px;\"><\/div>\n        <\/div>\n            <div class=\"kksr-star\" style=\"padding-right: 5px\">\n            \n\n<div class=\"kksr-icon\" style=\"width: 24px; height: 24px;\"><\/div>\n        <\/div>\n            <div class=\"kksr-star\" style=\"padding-right: 5px\">\n            \n\n<div class=\"kksr-icon\" style=\"width: 24px; height: 24px;\"><\/div>\n        <\/div>\n            <div class=\"kksr-star\" style=\"padding-right: 5px\">\n            \n\n<div class=\"kksr-icon\" style=\"width: 24px; height: 24px;\"><\/div>\n        <\/div>\n    <\/div>\n<\/div>\n                \n\n<div class=\"kksr-legend\" style=\"font-size: 19.2px;\">\n            3.6\/5 - (13 votos)    <\/div>\n    <\/div>\n","protected":false},"excerpt":{"rendered":"<p>Si eres de las que ama (por encima de cualquier cosa) las mascarillas caseras, hay una en concreto que deber\u00edas tener muy presente: la mascarilla de miel y canela. La combinaci\u00f3n de miel y canela en una mascarilla casera ofrece una variedad de beneficios para la piel debido a las propiedades naturales de estos ingredientes. [&hellip;]<\/p>\n","protected":false},"author":14,"featured_media":102653,"comment_status":"closed","ping_status":"closed","sticky":false,"template":"","format":"standard","meta":{"jnews-multi-image_gallery":[],"jnews_single_post":{"subtitle":"","format":"standard","video":"","gallery":"","source_name":"","source_url":"","via_name":"","via_url":"","override_template":"0","override":[{"template":"1","single_blog_custom":"","parallax":"1","fullscreen":"1","layout":"right-sidebar","sidebar":"home-2","second_sidebar":"default-sidebar","sticky_sidebar":"0","share_position":"float","share_float_style":"share-monocrhome","show_share_counter":"0","show_view_counter":"0","show_featured":"1","show_post_meta":"1","show_post_author":"0","show_post_author_image":"1","show_post_date":"1","post_date_format":"default","post_date_format_custom":"Y\/m\/d","show_post_category":"1","show_post_reading_time":"0","post_reading_time_wpm":"300","show_zoom_button":"0","zoom_button_out_step":"2","zoom_button_in_step":"3","show_post_tag":"0","show_prev_next_post":"0","show_popup_post":"0","number_popup_post":"2","show_author_box":"0","show_post_related":"0","show_inline_post_related":"1"}],"override_image_size":"0","image_override":[{"single_post_thumbnail_size":"no-crop","single_post_gallery_size":"crop-500"}],"trending_post":"0","trending_post_position":"meta","trending_post_label":"Trending","sponsored_post":"0","sponsored_post_label":"Sponsored by","sponsored_post_name":"","sponsored_post_url":"","sponsored_post_logo_enable":"0","sponsored_post_logo":"","sponsored_post_desc":"","disable_ad":"0"},"jnews_primary_category":{"id":"","hide":""},"jnews_social_meta":{"fb_title":"","fb_description":"","fb_image":"","twitter_title":"","twitter_description":"","twitter_image":""},"jnews_override_counter":{"override_view_counter":"0","view_counter_number":"0","override_share_counter":"0","share_counter_number":"0","override_like_counter":"0","like_counter_number":"0","override_dislike_counter":"0","dislike_counter_number":"0"},"footnotes":""},"categories":[6303],"tags":[],"class_list":["post-102672","post","type-post","status-publish","format-standard","has-post-thumbnail","hentry","category-trucos-de-belleza"],"_links":{"self":[{"href":"https:\/\/www.primor.eu\/blog\/wp-json\/wp\/v2\/posts\/102672","targetHints":{"allow":["GET"]}}],"collection":[{"href":"https:\/\/www.primor.eu\/blog\/wp-json\/wp\/v2\/posts"}],"about":[{"href":"https:\/\/www.primor.eu\/blog\/wp-json\/wp\/v2\/types\/post"}],"author":[{"embeddable":true,"href":"https:\/\/www.primor.eu\/blog\/wp-json\/wp\/v2\/users\/14"}],"replies":[{"embeddable":true,"href":"https:\/\/www.primor.eu\/blog\/wp-json\/wp\/v2\/comments?post=102672"}],"version-history":[{"count":3,"href":"https:\/\/www.primor.eu\/blog\/wp-json\/wp\/v2\/posts\/102672\/revisions"}],"predecessor-version":[{"id":135040,"href":"https:\/\/www.primor.eu\/blog\/wp-json\/wp\/v2\/posts\/102672\/revisions\/135040"}],"wp:featuredmedia":[{"embeddable":true,"href":"https:\/\/www.primor.eu\/blog\/wp-json\/wp\/v2\/media\/102653"}],"wp:attachment":[{"href":"https:\/\/www.primor.eu\/blog\/wp-json\/wp\/v2\/media?parent=102672"}],"wp:term":[{"taxonomy":"category","embeddable":true,"href":"https:\/\/www.primor.eu\/blog\/wp-json\/wp\/v2\/categories?post=102672"},{"taxonomy":"post_tag","embeddable":true,"href":"https:\/\/www.primor.eu\/blog\/wp-json\/wp\/v2\/tags?post=102672"}],"curies":[{"name":"wp","href":"https:\/\/api.w.org\/{rel}","templated":true}]}}