{"id":102462,"date":"2024-05-02T09:56:28","date_gmt":"2024-05-02T09:56:28","guid":{"rendered":"https:\/\/www.primor.eu\/blog\/?p=102462"},"modified":"2025-08-20T10:21:10","modified_gmt":"2025-08-20T10:21:10","slug":"mejores-perfumes-playa","status":"publish","type":"post","link":"https:\/\/www.primor.eu\/blog\/mejores-perfumes-playa\/","title":{"rendered":"Un verano eterno: los mejores perfumes que huelen a playa"},"content":{"rendered":"\n<p>Si eres de <strong>mar<\/strong>, a lo mejor entiendes la sensaci\u00f3n: cuando llega el <strong>verano<\/strong>, quieres que tu <strong>perfume huela a playa<\/strong>. S\u00ed, amor, a playa. Y s\u00e9 que a algunos les puede parecer extra\u00f1o, pero esta clase de <a href=\"https:\/\/www.primor.eu\/blog\/perfumes\/\">fragancias<\/a> son muy populares cuando las temperaturas empiezan a ser m\u00e1s agradables, ya que suelen tener ciertas caracter\u00edsticas arom\u00e1ticas que recuerdan al <strong>ambiente marino <\/strong>y <strong>costero<\/strong>. Te contamos en este art\u00edculo en qu\u00e9 debes fijarte para conseguir los mejores perfumes que huelen a playa y cu\u00e1les son nuestros favoritos.&nbsp;<\/p>\n\n\n\n<h2 class=\"wp-block-heading\">A qu\u00e9 huelen los perfumes que nos recuerda a la playa<\/h2>\n\n\n\n<ul class=\"wp-block-list\">\n<li><strong>Notas acu\u00e1ticas<\/strong>. Los perfumes de playa a menudo incluyen notas que recuerdan al agua de mar o a la brisa marina. Estas notas pueden ser frescas, transparentes y ligeramente saladas, dando la sensaci\u00f3n de estar cerca del oc\u00e9ano.<\/li>\n\n\n\n<li><a href=\"https:\/\/www.primor.eu\/blog\/mejores-perfumes-citricos-mujer\/\"><strong>Notas c\u00edtricas<\/strong><\/a><strong>.<\/strong> Los aromas c\u00edtricos como la bergamota, el lim\u00f3n o la mandarina aportan un toque fresco y energizante, similar al olor de los c\u00edtricos llevados por la brisa marina.<\/li>\n\n\n\n<li><strong>Notas florales frescas<\/strong>. Algunos perfumes playeros contienen flores blancas como el jazm\u00edn, la flor de naranjo (azahar) o el lirio, que a\u00f1aden un toque suave y delicado que recuerda a las flores costeras.<\/li>\n\n\n\n<li><strong>Notas de coco o frutas tropicales<\/strong>. El coco es una nota com\u00fan en los perfumes de playa, ya que evoca los aromas tropicales y veraniegos. Otros frutos como la pi\u00f1a, la papaya o la fruta de la pasi\u00f3n tambi\u00e9n pueden estar presentes.<\/li>\n\n\n\n<li><a href=\"https:\/\/www.primor.eu\/blog\/perfumes-amaderados-de-mujer\/\"><strong>Notas amaderadas<\/strong><\/a><strong> o de almizcle<\/strong>. Para dar profundidad y calidez a la fragancia, algunos perfumes playeros incorporan notas amaderadas suaves o almizcladas. Estas notas pueden recordar a la arena c\u00e1lida o a la piel bronceada bajo el sol.<\/li>\n\n\n\n<li><strong>Aroma de protector solar. <\/strong>Te acaba de explotar la cabeza, \u00bfverdad? Pero s\u00ed, algunos perfumes de playa capturan el olor caracter\u00edstico del protector solar, que evoca instant\u00e1neamente la sensaci\u00f3n de estar en la playa durante un d\u00eda soleado.<\/li>\n<\/ul>\n\n\n\n<h2 class=\"wp-block-heading\">Los mejores perfumes con olor a playa<\/h2>\n\n\n        <product-table >\r\n            <product-headers class=\"grid-table-rows\">\r\n                <div>Foto<\/div>\r\n                <div>Producto<\/div>\r\n                <div>Marca<\/div>\r\n                <div>Valoraciones<\/div>\r\n                <div>Precio<\/div>\r\n            <\/product-headers>\r\n\r\n            <product-list>\r\n                                    <a href=\"https:\/\/www.primor.eu\/es_es\/giorgio-armani-giorgio-armani-perfume-mujer-acqua-di-gioia-eau-de-parfum-53581.html\" class=\"product-item grid-table-rows\" target=\"_blank\">\r\n                        <div>\r\n                            <img decoding=\"async\" class=\"product-img\" width=\"80px\" height=\"80px\" src=\"https:\/\/www.primor.eu\/blog\/wp-content\/uploads\/2024\/04\/M_4AF02786_1_5364.jpg\" alt=\"Armani    \n        Giorgio Armani Perfume Mujer Acqua Di Gioia Eau de Parfum\">\r\n                        <\/div>\r\n\r\n                        <!-- Contenido de producto  -->\r\n                        <div>\r\n                            <div class=\"product-position\">\r\n                                #1 Top Ventas                            <\/div>\r\n\r\n                            <h2>\r\n                                Armani    \n        Giorgio Armani Perfume Mujer Acqua Di Gioia Eau de Parfum                            <\/h2>\r\n                        <\/div>\r\n\r\n                        <!-- Imagen y\/o nombre de la marca -->\r\n                        <div>\r\n                                                            <img decoding=\"async\" width=\"70\" src=\"https:\/\/www.primor.eu\/blog\/wp-content\/uploads\/2023\/08\/giorgio-armani.png\" alt=\"84980\">\r\n                                                    <\/div>\r\n\r\n                        <!-- Puntuaci\u00f3n del producto  -->\r\n                        <div class=\"rating\">\r\n                                                            <div class=\"rate\" style=\"--p:100;\"><\/div>\r\n                                <b>5\/5<\/b>\r\n                                <div class=\"rate-stars\">\r\n                                                                            <div\r\n                                            class=\"rate-star  \">\r\n                                        <\/div>\r\n                                                                            <div\r\n                                            class=\"rate-star  \">\r\n                                        <\/div>\r\n                                                                            <div\r\n                                            class=\"rate-star  \">\r\n                                        <\/div>\r\n                                                                            <div\r\n                                            class=\"rate-star  \">\r\n                                        <\/div>\r\n                                                                            <div\r\n                                            class=\"rate-star  \">\r\n                                        <\/div>\r\n                                                                    <\/div>\r\n                                                    <\/div>\r\n\r\n                        <!-- Bot\u00f3n de producto  -->\r\n                        <div>\r\n                            <span class=\"price-claim\">\r\n                                VER PRECIO                            <\/span>\r\n                        <\/div>\r\n                    <\/a>\r\n                                    <a href=\"https:\/\/www.primor.eu\/es_es\/acqua-di-parma-blu-mediterraneo-fico-di-amalfi-71445.html\" class=\"product-item grid-table-rows\" target=\"_blank\">\r\n                        <div>\r\n                            <img decoding=\"async\" class=\"product-img\" width=\"80px\" height=\"80px\" src=\"https:\/\/www.primor.eu\/blog\/wp-content\/uploads\/2024\/04\/M_4AF03276_1_bb3d.jpg\" alt=\"Acqua di Parma    \n        Blu Mediterraneo Fico di Amalfi\">\r\n                        <\/div>\r\n\r\n                        <!-- Contenido de producto  -->\r\n                        <div>\r\n                            <div class=\"product-position\">\r\n                                #2                            <\/div>\r\n\r\n                            <h2>\r\n                                Acqua di Parma    \n        Blu Mediterraneo Fico di Amalfi                            <\/h2>\r\n                        <\/div>\r\n\r\n                        <!-- Imagen y\/o nombre de la marca -->\r\n                        <div>\r\n                                                            <img decoding=\"async\" width=\"70\" src=\"https:\/\/www.primor.eu\/blog\/wp-content\/uploads\/2023\/08\/Acqua_di_Parma.png\" alt=\"84492\">\r\n                                                    <\/div>\r\n\r\n                        <!-- Puntuaci\u00f3n del producto  -->\r\n                        <div class=\"rating\">\r\n                                                            <div class=\"rate\" style=\"--p:100;\"><\/div>\r\n                                <b>5\/5<\/b>\r\n                                <div class=\"rate-stars\">\r\n                                                                            <div\r\n                                            class=\"rate-star  \">\r\n                                        <\/div>\r\n                                                                            <div\r\n                                            class=\"rate-star  \">\r\n                                        <\/div>\r\n                                                                            <div\r\n                                            class=\"rate-star  \">\r\n                                        <\/div>\r\n                                                                            <div\r\n                                            class=\"rate-star  \">\r\n                                        <\/div>\r\n                                                                            <div\r\n                                            class=\"rate-star  \">\r\n                                        <\/div>\r\n                                                                    <\/div>\r\n                                                    <\/div>\r\n\r\n                        <!-- Bot\u00f3n de producto  -->\r\n                        <div>\r\n                            <span class=\"price-claim\">\r\n                                VER PRECIO                            <\/span>\r\n                        <\/div>\r\n                    <\/a>\r\n                                    <a href=\"https:\/\/primor.eu\/es_es\/estee-lauder-bronze-goddess-eau-de-cologne-78579.html\" class=\"product-item grid-table-rows\" target=\"_blank\" rel=\"noopener\">\r\n                        <div>\r\n                            <img decoding=\"async\" class=\"product-img\" width=\"80px\" height=\"80px\" src=\"https:\/\/www.primor.eu\/blog\/wp-content\/uploads\/2024\/04\/bronze_goddess_eau_de_cologne_30ef.jpg\" alt=\"Est\u00e9e Lauder    \n        Bronze Goddess Eau de Cologne\">\r\n                        <\/div>\r\n\r\n                        <!-- Contenido de producto  -->\r\n                        <div>\r\n                            <div class=\"product-position\">\r\n                                #3                            <\/div>\r\n\r\n                            <h2>\r\n                                Est\u00e9e Lauder    \n        Bronze Goddess Eau de Cologne                            <\/h2>\r\n                        <\/div>\r\n\r\n                        <!-- Imagen y\/o nombre de la marca -->\r\n                        <div>\r\n                                                            <img decoding=\"async\" width=\"70\" src=\"https:\/\/www.primor.eu\/blog\/wp-content\/uploads\/2023\/08\/Estee_Lauder.png\" alt=\"84725\">\r\n                                                    <\/div>\r\n\r\n                        <!-- Puntuaci\u00f3n del producto  -->\r\n                        <div class=\"rating\">\r\n                                                            <div class=\"rate\" style=\"--p:80;\"><\/div>\r\n                                <b>4\/5<\/b>\r\n                                <div class=\"rate-stars\">\r\n                                                                            <div\r\n                                            class=\"rate-star  \">\r\n                                        <\/div>\r\n                                                                            <div\r\n                                            class=\"rate-star  \">\r\n                                        <\/div>\r\n                                                                            <div\r\n                                            class=\"rate-star  \">\r\n                                        <\/div>\r\n                                                                            <div\r\n                                            class=\"rate-star  \">\r\n                                        <\/div>\r\n                                                                            <div\r\n                                            class=\"rate-star disable \">\r\n                                        <\/div>\r\n                                                                    <\/div>\r\n                                                    <\/div>\r\n\r\n                        <!-- Bot\u00f3n de producto  -->\r\n                        <div>\r\n                            <span class=\"price-claim\">\r\n                                VER PRECIO                            <\/span>\r\n                        <\/div>\r\n                    <\/a>\r\n                                    <a href=\"https:\/\/www.primor.eu\/es_es\/hermes-l-ombre-des-merveilles-edp-53410.html\" class=\"product-item grid-table-rows\" target=\"_blank\">\r\n                        <div>\r\n                            <img decoding=\"async\" class=\"product-img\" width=\"80px\" height=\"80px\" src=\"https:\/\/www.primor.eu\/blog\/wp-content\/uploads\/2024\/04\/M_4AF06562_1_4195.jpg\" alt=\"Herm\u00e8s    \n        L'Ombre des Merveilles EDP\">\r\n                        <\/div>\r\n\r\n                        <!-- Contenido de producto  -->\r\n                        <div>\r\n                            <div class=\"product-position\">\r\n                                #4                            <\/div>\r\n\r\n                            <h2>\r\n                                Herm\u00e8s    \n        L'Ombre des Merveilles EDP                            <\/h2>\r\n                        <\/div>\r\n\r\n                        <!-- Imagen y\/o nombre de la marca -->\r\n                        <div>\r\n                                                            <img decoding=\"async\" width=\"70\" src=\"https:\/\/www.primor.eu\/blog\/wp-content\/uploads\/2023\/09\/hermes_1.png\" alt=\"86286\">\r\n                                                    <\/div>\r\n\r\n                        <!-- Puntuaci\u00f3n del producto  -->\r\n                        <div class=\"rating\">\r\n                                                            <div class=\"rate\" style=\"--p:80;\"><\/div>\r\n                                <b>4\/5<\/b>\r\n                                <div class=\"rate-stars\">\r\n                                                                            <div\r\n                                            class=\"rate-star  \">\r\n                                        <\/div>\r\n                                                                            <div\r\n                                            class=\"rate-star  \">\r\n                                        <\/div>\r\n                                                                            <div\r\n                                            class=\"rate-star  \">\r\n                                        <\/div>\r\n                                                                            <div\r\n                                            class=\"rate-star  \">\r\n                                        <\/div>\r\n                                                                            <div\r\n                                            class=\"rate-star disable \">\r\n                                        <\/div>\r\n                                                                    <\/div>\r\n                                                    <\/div>\r\n\r\n                        <!-- Bot\u00f3n de producto  -->\r\n                        <div>\r\n                            <span class=\"price-claim\">\r\n                                VER PRECIO                            <\/span>\r\n                        <\/div>\r\n                    <\/a>\r\n                                    <a href=\"https:\/\/www.primor.eu\/es_es\/issey-miyake-l-eau-d-issey-pour-homme-edt-53624.html\" class=\"product-item grid-table-rows\" target=\"_blank\">\r\n                        <div>\r\n                            <img decoding=\"async\" class=\"product-img\" width=\"80px\" height=\"80px\" src=\"https:\/\/www.primor.eu\/blog\/wp-content\/uploads\/2024\/04\/M_4AM00057_1_1e99.jpg\" alt=\"Issey Miyake    \n        L'Eau d'Issey Pour Homme EDT\">\r\n                        <\/div>\r\n\r\n                        <!-- Contenido de producto  -->\r\n                        <div>\r\n                            <div class=\"product-position\">\r\n                                #5                            <\/div>\r\n\r\n                            <h2>\r\n                                Issey Miyake    \n        L'Eau d'Issey Pour Homme EDT                            <\/h2>\r\n                        <\/div>\r\n\r\n                        <!-- Imagen y\/o nombre de la marca -->\r\n                        <div>\r\n                                                            <img decoding=\"async\" width=\"70\" src=\"https:\/\/www.primor.eu\/blog\/wp-content\/uploads\/2023\/08\/issey-miyake.png\" alt=\"84353\">\r\n                                                    <\/div>\r\n\r\n                        <!-- Puntuaci\u00f3n del producto  -->\r\n                        <div class=\"rating\">\r\n                                                            <div class=\"rate\" style=\"--p:100;\"><\/div>\r\n                                <b>5\/5<\/b>\r\n                                <div class=\"rate-stars\">\r\n                                                                            <div\r\n                                            class=\"rate-star  \">\r\n                                        <\/div>\r\n                                                                            <div\r\n                                            class=\"rate-star  \">\r\n                                        <\/div>\r\n                                                                            <div\r\n                                            class=\"rate-star  \">\r\n                                        <\/div>\r\n                                                                            <div\r\n                                            class=\"rate-star  \">\r\n                                        <\/div>\r\n                                                                            <div\r\n                                            class=\"rate-star  \">\r\n                                        <\/div>\r\n                                                                    <\/div>\r\n                                                    <\/div>\r\n\r\n                        <!-- Bot\u00f3n de producto  -->\r\n                        <div>\r\n                            <span class=\"price-claim\">\r\n                                VER PRECIO                            <\/span>\r\n                        <\/div>\r\n                    <\/a>\r\n                            <\/product-list>\r\n        <\/product-table>\r\n\r\n        \n\n\n\n<h3 class=\"wp-block-heading\">Acqua Di Gioia de Giorgio Armani&nbsp;<\/h3>\n\n\n\n<p>Es un perfume de mujer que evoca la esencia de la alegr\u00eda. Inspirado en los esp\u00edritus femeninos m\u00e1s hedonistas, esta fragancia supone un himno alegre compuesto por tres tiempos y representados por diferentes acordes: vegetaci\u00f3n, agua y tierra. \u00bfEl resultado? Un Eau de Parfum EDP fresco, minimalista, espont\u00e1neo y radiante que cautiva los sentidos y que deja huella all\u00e1 donde va.&nbsp;<\/p>\n\n\n    <a class=\"product\" target=\"_blank\" href=\"https:\/\/www.primor.eu\/es_es\/armani-giorgio-armani-perfume-mujer-acqua-di-gioia-eau-de-parfum-111639.html?#854=66333\">\r\n        <img loading='async' src='https:\/\/cdn2.primor.eu\/media\/catalog\/product\/cache\/8d3aba296f7a18b5251ee30fa5db42b2\/4\/A\/4AF02786_1_7ead.jpg' alt='COMPRAR AHORA'>\r\n            <div class=\"claim\">\r\n                COMPRAR AHORA            <\/div>\r\n        <\/a>\r\n    \n\n\n\n<h3 class=\"wp-block-heading\">Blu Mediterraneo Fico di Amalfi EDT de Acqua di Parma <\/h3>\n\n\n\n<p>Es una fragancia con una salida vivaz, gracias a las notas de bergamota, lim\u00f3n, pomelo y cedro que reaviva los sentidos y con la que conseguir\u00e1s que dure todo el d\u00eda.&nbsp;<\/p>\n\n\n    <a class=\"product\" target=\"_blank\" href=\"https:\/\/www.primor.eu\/es_es\/acqua-di-parma-blu-mediterraneo-fico-di-amalfi-eau-de-toilette-112243.html?#863=66863\">\r\n        <img loading='async' src='https:\/\/cdn2.primor.eu\/media\/catalog\/product\/cache\/8d3aba296f7a18b5251ee30fa5db42b2\/a\/m\/amalfi_3ffe.JPG' alt='COMPRAR AHORA'>\r\n            <div class=\"claim\">\r\n                COMPRAR AHORA            <\/div>\r\n        <\/a>\r\n    \n\n\n\n<h3 class=\"wp-block-heading\">Bronze Goddess de Est\u00e9e Lauder<\/h3>\n\n\n\n<p>Este perfume es famoso por sus notas de coco, tiare y vainilla que evocan el ambiente c\u00e1lido y soleado de la playa.<\/p>\n\n\n    <a class=\"product\" target=\"_blank\" href=\"https:\/\/www.primor.eu\/es_es\/estee-lauder-bronze-goddess-eau-de-cologne-78579.html\">\r\n        <img loading='async' src='https:\/\/cdn2.primor.eu\/media\/catalog\/product\/cache\/8d3aba296f7a18b5251ee30fa5db42b2\/b\/r\/bronze_goddess_eau_de_cologne_30ef.jpg' alt='COMPRAR AHORA'>\r\n            <div class=\"claim\">\r\n                COMPRAR AHORA            <\/div>\r\n        <\/a>\r\n    \n\n\n\n<h3 class=\"wp-block-heading\">Eau des Merveilles de Herm\u00e8s<\/h3>\n\n\n\n<p>Aunque no es espec\u00edficamente un perfume playero, tiene una calidad m\u00e1gica y fresca que puede recordar la brisa marina.<\/p>\n\n\n    <a class=\"product\" target=\"_blank\" href=\"https:\/\/www.primor.eu\/es_es\/hermes-l-ombre-des-merveilles-edp-111860.html?#854=66330\">\r\n        <img loading='async' src='https:\/\/cdn2.primor.eu\/media\/catalog\/product\/cache\/8d3aba296f7a18b5251ee30fa5db42b2\/3\/3\/3346131797097_2000x2000_PAR_1_7fce.jpg' alt='COMPRAR AHORA'>\r\n            <div class=\"claim\">\r\n                COMPRAR AHORA            <\/div>\r\n        <\/a>\r\n    \n\n\n\n<h3 class=\"wp-block-heading\">L'Eau d'Issey Pour Homme de Issey Miyake<\/h3>\n\n\n\n<p>Aunque es m\u00e1s un perfume masculino, tiene notas acu\u00e1ticas y frescas que pueden recordar a la brisa del mar y la frescura de la playa.<\/p>\n\n\n    <a class=\"product\" target=\"_blank\" href=\"https:\/\/www.primor.eu\/es_es\/issey-miyake-l-eau-d-issey-pour-homme-edt-112252.html?#854=66337\">\r\n        <img loading='async' src='https:\/\/cdn2.primor.eu\/media\/catalog\/product\/cache\/8d3aba296f7a18b5251ee30fa5db42b2\/3\/4\/3423470485448_1_7ef9.jpg' alt='COMPRAR AHORA'>\r\n            <div class=\"claim\">\r\n                COMPRAR AHORA            <\/div>\r\n        <\/a>\r\n    \n\n\n\n<h3 class=\"wp-block-heading\">Light Blue de Dolce &amp; Gabbana&nbsp;<\/h3>\n\n\n\n<p>Es ese toque floral, fresco y colorido que refleja a la perfecci\u00f3n el estilo sensual de la vida en el Mediterr\u00e1neo. Es un perfume de mujer de Dolce &amp; Gabanna que mezcla las notas c\u00edtricas con otras florales m\u00e1s sutiles y rom\u00e1nticas. Light Blue es un perfume que captura la esencia de un verano inolvidable. Notas frescas, luminosas, llenas de vida y luz.&nbsp;<\/p>\n\n\n    <a class=\"product\" target=\"_blank\" href=\"https:\/\/www.primor.eu\/es_es\/dolce-gabbana-light-blue-perfume-de-mujer-111584.html?#854=66330\">\r\n        <img loading='async' src='https:\/\/cdn2.primor.eu\/media\/catalog\/product\/cache\/8d3aba296f7a18b5251ee30fa5db42b2\/8\/0\/8057971180349_01_58c6.jpg' alt='COMPRAR AHORA'>\r\n            <div class=\"claim\">\r\n                COMPRAR AHORA            <\/div>\r\n        <\/a>\r\n    \n\n\n\n<h3 class=\"wp-block-heading\">Guilty Pour Femme Intense de Gucci<\/h3>\n\n\n\n<p>Una nueva fragancia donde se realza el aroma intenso con el cu\u00e1l se alejada de las reglas y convenciones de la sociedad. Es una fragancia de la familia \u00e1mbar floral amaderada en el cu\u00e1l reeinterpreta la esencia del perfume cl\u00e1sico de Gucci Guilty Pour Femme.<\/p>\n\n\n    <a class=\"product\" target=\"_blank\" href=\"https:\/\/www.primor.eu\/es_es\/gucci-guilty-pour-femme-intense-112029.html?#854=66448\">\r\n        <img loading='async' src='https:\/\/cdn2.primor.eu\/media\/catalog\/product\/cache\/8d3aba296f7a18b5251ee30fa5db42b2\/4\/A\/4AF07599_1_628d.jpg' alt='COMPRAR AHORA'>\r\n            <div class=\"claim\">\r\n                COMPRAR AHORA            <\/div>\r\n        <\/a>\r\n    \n\n\n\n<h3 class=\"wp-block-heading\">Rochas Girl EDT de Rochas<\/h3>\n\n\n\n<p>Es una oda al bienestar y la libertad con una f\u00f3rmula vegana, compuesta en un 90% de ingredientes de origen natural, que produce un efecto calmante gracias a un extracto de neroli con propiedades relajantes comprobadas por la neurociencia. Un ingrediente precioso, 100% natural, obtenido de forma responsable, para sentirse bien.<\/p>\n\n\n    <a class=\"product\" target=\"_blank\" href=\"https:\/\/www.primor.eu\/es_es\/rochas-rochas-girl-edt-111920.html?#854=66336\">\r\n        <img loading='async' src='https:\/\/cdn2.primor.eu\/media\/catalog\/product\/cache\/8d3aba296f7a18b5251ee30fa5db42b2\/3\/3\/3386460124249_be2a.jpg' alt='COMPRAR AHORA'>\r\n            <div class=\"claim\">\r\n                COMPRAR AHORA            <\/div>\r\n        <\/a>\r\n    \n\n\n\n<h3 class=\"wp-block-heading\">Infusion d'Iris Eau de Parfum de Prada <\/h3>\n\n\n\n<p>Captura la esencia elegante del lirio en una fragancia floral amaderada. Este refinado aroma combina el lirio con una exclusiva mezcla de almizcles y c\u00edtricos, recreando una fragancia envolvente que se fusiona con la piel, permitiendo que la personalidad del ingrediente se integre con la suya.<\/p>\n\n\n    <a class=\"product\" target=\"_blank\" href=\"https:\/\/www.primor.eu\/es_es\/prada-infusion-d-iris-eau-de-parfum-111623.html?#854=66333\">\r\n        <img loading='async' src='https:\/\/cdn2.primor.eu\/media\/catalog\/product\/cache\/8d3aba296f7a18b5251ee30fa5db42b2\/8\/4\/8435137743155_1_0128.jpg' alt='COMPRAR AHORA'>\r\n            <div class=\"claim\">\r\n                COMPRAR AHORA            <\/div>\r\n        <\/a>\r\n    \n\n\n\n<h3 class=\"wp-block-heading\">DIORELLA Eau de Toilette de Dior<\/h3>\n\n\n\n<p>Una frescura picante, un encanto natural. Este perfume mujer floral afrutado destila espontaneidad. Sus Notas de Lim\u00f3n Siciliano relacionados con la Madreselva y Vetiver construyen una fragancia eternamente moderna.<\/p>\n\n\n    <a class=\"product\" target=\"_blank\" href=\"https:\/\/www.primor.eu\/es_es\/dior-diorella-eau-de-toilette-51085.html\">\r\n        <img loading='async' src='https:\/\/cdn2.primor.eu\/media\/catalog\/product\/cache\/8d3aba296f7a18b5251ee30fa5db42b2\/4\/A\/4AF00001_1_0c2f.jpg' alt='COMPRAR AHORA'>\r\n            <div class=\"claim\">\r\n                COMPRAR AHORA            <\/div>\r\n        <\/a>\r\n    \n\n\n\n<h3 class=\"wp-block-heading\">Wave For Her EDP de Hollister<\/h3>\n\n\n\n<p>Es una fragancia c\u00e1lida y envolvente inspirada en el atardecer de California, origen de la conocida marca de ropa. Para una adolescente radiante y hermosa, espont\u00e1nea, que no se toma la vida demasiado en serio, su fragancia refleja su estilo de vida: playas interminables, amigas, fiestas, verano.<\/p>\n\n\n    <a class=\"product\" target=\"_blank\" href=\"https:\/\/www.primor.eu\/es_es\/hollister-wave-for-her-edp-111727.html?#854=66334\">\r\n        <img loading='async' src='https:\/\/cdn2.primor.eu\/media\/catalog\/product\/cache\/8d3aba296f7a18b5251ee30fa5db42b2\/4\/A\/4AF04535_1_d9c6.jpg' alt='COMPRAR AHORA'>\r\n            <div class=\"claim\">\r\n                COMPRAR AHORA            <\/div>\r\n        <\/a>\r\n    \n\n\n<div class=\"kk-star-ratings kksr-auto kksr-align-center kksr-valign-bottom\"\n    data-payload='{&quot;align&quot;:&quot;center&quot;,&quot;id&quot;:&quot;102462&quot;,&quot;slug&quot;:&quot;default&quot;,&quot;valign&quot;:&quot;bottom&quot;,&quot;ignore&quot;:&quot;&quot;,&quot;reference&quot;:&quot;auto&quot;,&quot;class&quot;:&quot;&quot;,&quot;count&quot;:&quot;3&quot;,&quot;legendonly&quot;:&quot;&quot;,&quot;readonly&quot;:&quot;&quot;,&quot;score&quot;:&quot;2.7&quot;,&quot;starsonly&quot;:&quot;&quot;,&quot;best&quot;:&quot;5&quot;,&quot;gap&quot;:&quot;5&quot;,&quot;greet&quot;:&quot;Valora este art\u00edculo&quot;,&quot;legend&quot;:&quot;2.7\\\/5 - (3 votos)&quot;,&quot;size&quot;:&quot;24&quot;,&quot;title&quot;:&quot;Un verano eterno: los mejores perfumes que huelen a playa&quot;,&quot;width&quot;:&quot;75.8&quot;,&quot;_legend&quot;:&quot;{score}\\\/{best} - ({count} {votes})&quot;,&quot;font_factor&quot;:&quot;1.25&quot;}'>\n            \n<div class=\"kksr-stars\">\n    \n<div class=\"kksr-stars-inactive\">\n            <div class=\"kksr-star\" data-star=\"1\" style=\"padding-right: 5px\">\n            \n\n<div class=\"kksr-icon\" style=\"width: 24px; height: 24px;\"><\/div>\n        <\/div>\n            <div class=\"kksr-star\" data-star=\"2\" style=\"padding-right: 5px\">\n            \n\n<div class=\"kksr-icon\" style=\"width: 24px; height: 24px;\"><\/div>\n        <\/div>\n            <div class=\"kksr-star\" data-star=\"3\" style=\"padding-right: 5px\">\n            \n\n<div class=\"kksr-icon\" style=\"width: 24px; height: 24px;\"><\/div>\n        <\/div>\n            <div class=\"kksr-star\" data-star=\"4\" style=\"padding-right: 5px\">\n            \n\n<div class=\"kksr-icon\" style=\"width: 24px; height: 24px;\"><\/div>\n        <\/div>\n            <div class=\"kksr-star\" data-star=\"5\" style=\"padding-right: 5px\">\n            \n\n<div class=\"kksr-icon\" style=\"width: 24px; height: 24px;\"><\/div>\n        <\/div>\n    <\/div>\n    \n<div class=\"kksr-stars-active\" style=\"width: 75.8px;\">\n            <div class=\"kksr-star\" style=\"padding-right: 5px\">\n            \n\n<div class=\"kksr-icon\" style=\"width: 24px; height: 24px;\"><\/div>\n        <\/div>\n            <div class=\"kksr-star\" style=\"padding-right: 5px\">\n            \n\n<div class=\"kksr-icon\" style=\"width: 24px; height: 24px;\"><\/div>\n        <\/div>\n            <div class=\"kksr-star\" style=\"padding-right: 5px\">\n            \n\n<div class=\"kksr-icon\" style=\"width: 24px; height: 24px;\"><\/div>\n        <\/div>\n            <div class=\"kksr-star\" style=\"padding-right: 5px\">\n            \n\n<div class=\"kksr-icon\" style=\"width: 24px; height: 24px;\"><\/div>\n        <\/div>\n            <div class=\"kksr-star\" style=\"padding-right: 5px\">\n            \n\n<div class=\"kksr-icon\" style=\"width: 24px; height: 24px;\"><\/div>\n        <\/div>\n    <\/div>\n<\/div>\n                \n\n<div class=\"kksr-legend\" style=\"font-size: 19.2px;\">\n            2.7\/5 - (3 votos)    <\/div>\n    <\/div>\n","protected":false},"excerpt":{"rendered":"<p>Si eres de mar, a lo mejor entiendes la sensaci\u00f3n: cuando llega el verano, quieres que tu perfume huela a playa. S\u00ed, amor, a playa. Y s\u00e9 que a algunos les puede parecer extra\u00f1o, pero esta clase de fragancias son muy populares cuando las temperaturas empiezan a ser m\u00e1s agradables, ya que suelen tener ciertas [&hellip;]<\/p>\n","protected":false},"author":14,"featured_media":102464,"comment_status":"closed","ping_status":"closed","sticky":false,"template":"","format":"standard","meta":{"jnews-multi-image_gallery":[],"jnews_single_post":{"subtitle":"","format":"standard","video":"","gallery":"","source_name":"","source_url":"","via_name":"","via_url":"","override_template":"0","override":[{"template":"1","single_blog_custom":"","parallax":"1","fullscreen":"1","layout":"right-sidebar","sidebar":"home-2","second_sidebar":"default-sidebar","sticky_sidebar":"0","share_position":"float","share_float_style":"share-monocrhome","show_share_counter":"0","show_view_counter":"0","show_featured":"1","show_post_meta":"1","show_post_author":"0","show_post_author_image":"1","show_post_date":"1","post_date_format":"default","post_date_format_custom":"Y\/m\/d","show_post_category":"1","show_post_reading_time":"0","post_reading_time_wpm":"300","show_zoom_button":"0","zoom_button_out_step":"2","zoom_button_in_step":"3","show_post_tag":"0","show_prev_next_post":"0","show_popup_post":"0","number_popup_post":"2","show_author_box":"0","show_post_related":"0","show_inline_post_related":"1"}],"override_image_size":"0","image_override":[{"single_post_thumbnail_size":"no-crop","single_post_gallery_size":"crop-500"}],"trending_post":"0","trending_post_position":"meta","trending_post_label":"Trending","sponsored_post":"0","sponsored_post_label":"Sponsored by","sponsored_post_name":"","sponsored_post_url":"","sponsored_post_logo_enable":"0","sponsored_post_logo":"","sponsored_post_desc":"","disable_ad":"0"},"jnews_primary_category":{"id":"","hide":""},"jnews_social_meta":{"fb_title":"","fb_description":"","fb_image":"","twitter_title":"","twitter_description":"","twitter_image":""},"jnews_override_counter":{"override_view_counter":"0","view_counter_number":"0","override_share_counter":"0","share_counter_number":"0","override_like_counter":"0","like_counter_number":"0","override_dislike_counter":"0","dislike_counter_number":"0"},"footnotes":""},"categories":[33],"tags":[],"class_list":["post-102462","post","type-post","status-publish","format-standard","has-post-thumbnail","hentry","category-perfumes"],"_links":{"self":[{"href":"https:\/\/www.primor.eu\/blog\/wp-json\/wp\/v2\/posts\/102462","targetHints":{"allow":["GET"]}}],"collection":[{"href":"https:\/\/www.primor.eu\/blog\/wp-json\/wp\/v2\/posts"}],"about":[{"href":"https:\/\/www.primor.eu\/blog\/wp-json\/wp\/v2\/types\/post"}],"author":[{"embeddable":true,"href":"https:\/\/www.primor.eu\/blog\/wp-json\/wp\/v2\/users\/14"}],"replies":[{"embeddable":true,"href":"https:\/\/www.primor.eu\/blog\/wp-json\/wp\/v2\/comments?post=102462"}],"version-history":[{"count":4,"href":"https:\/\/www.primor.eu\/blog\/wp-json\/wp\/v2\/posts\/102462\/revisions"}],"predecessor-version":[{"id":130842,"href":"https:\/\/www.primor.eu\/blog\/wp-json\/wp\/v2\/posts\/102462\/revisions\/130842"}],"wp:featuredmedia":[{"embeddable":true,"href":"https:\/\/www.primor.eu\/blog\/wp-json\/wp\/v2\/media\/102464"}],"wp:attachment":[{"href":"https:\/\/www.primor.eu\/blog\/wp-json\/wp\/v2\/media?parent=102462"}],"wp:term":[{"taxonomy":"category","embeddable":true,"href":"https:\/\/www.primor.eu\/blog\/wp-json\/wp\/v2\/categories?post=102462"},{"taxonomy":"post_tag","embeddable":true,"href":"https:\/\/www.primor.eu\/blog\/wp-json\/wp\/v2\/tags?post=102462"}],"curies":[{"name":"wp","href":"https:\/\/api.w.org\/{rel}","templated":true}]}}