{"id":102436,"date":"2025-06-11T12:18:59","date_gmt":"2025-06-11T12:18:59","guid":{"rendered":"https:\/\/www.primor.eu\/blog\/?p=102436"},"modified":"2025-08-21T09:50:08","modified_gmt":"2025-08-21T09:50:08","slug":"indice-uv-mejores-protectores-solares","status":"publish","type":"post","link":"https:\/\/www.primor.eu\/blog\/indice-uv-mejores-protectores-solares\/","title":{"rendered":"El \u00edndice UV: c\u00f3mo saber cu\u00e1l es el mejor protector solar en cada caso seg\u00fan los expertos"},"content":{"rendered":"\n<p>Has o\u00eddo hablar de \u00e9l aunque suele generar bastante confusi\u00f3n. El <strong><a href=\"https:\/\/www.primor.eu\/blog\/trucos-cuidar-piel-verano\/?srsltid=AfmBOorWtA9Wan-rh8sQdX6gVlxjOmRN--koknU_ngBFTz4H7JIzbgAp\" data-type=\"link\" data-id=\"https:\/\/www.primor.eu\/blog\/trucos-cuidar-piel-verano\/?srsltid=AfmBOorWtA9Wan-rh8sQdX6gVlxjOmRN--koknU_ngBFTz4H7JIzbgAp\">\u00cdndice UV<\/a><\/strong> (\u00cdndice de Radiaci\u00f3n Ultravioleta) es una <strong>medida est\u00e1ndar internacional <\/strong>utilizada para describir la intensidad de la radiaci\u00f3n ultravioleta del sol en un lugar espec\u00edfico en un momento dado. Por tanto, el prop\u00f3sito del \u00cdndice UV es informar al p\u00fablico sobre el nivel de radiaci\u00f3n UV y ayudar a las personas a tomar precauciones adecuadas para protegerse de la exposici\u00f3n excesiva al sol. Te contamos<strong> c\u00f3mo puedes interpretarlo<\/strong> y qu\u00e9 protector solar deber\u00edas usar en cada momento seg\u00fan su escala.\u00a0<\/p>\n\n\n\n<h2 class=\"wp-block-heading\">\u00cdndice UV: lo m\u00e1s importante<\/h2>\n\n\n\n<ul class=\"wp-block-list\">\n<li><strong>Escala de medici\u00f3n<\/strong>. El \u00cdndice UV se mide en una escala num\u00e9rica que generalmente va de 0 a 11 o superior. Cuanto mayor es el n\u00famero en la escala, mayor es la intensidad de la radiaci\u00f3n UV.<\/li>\n\n\n\n<li><strong>Qu\u00e9 factores influyen. <\/strong>La intensidad de la radiaci\u00f3n UV var\u00eda seg\u00fan la ubicaci\u00f3n geogr\u00e1fica, la altitud, la estaci\u00f3n del a\u00f1o, la hora del d\u00eda, la cobertura de nubes y otros factores ambientales.<\/li>\n\n\n\n<li><strong>C\u00f3mo interpreto la escala:<\/strong>\n<ul class=\"wp-block-list\">\n<li><strong>Bajo (0-2)<\/strong>. Bajo riesgo de da\u00f1o por exposici\u00f3n al sol. Se recomienda protegerse solo si est\u00e1 expuesto al sol durante largos per\u00edodos.<\/li>\n\n\n\n<li><strong>Moderado (3-5).<\/strong> Riesgo moderado de da\u00f1o por exposici\u00f3n al sol. Se recomienda usar protecci\u00f3n solar y buscar sombra durante las horas pico del sol.<\/li>\n\n\n\n<li><strong>Alto (6-7). <\/strong>Alto riesgo de da\u00f1o por exposici\u00f3n al sol. Se recomienda tomar precauciones adicionales, como usar protector solar, sombrero y gafas de sol, y evitar la exposici\u00f3n prolongada al sol.<\/li>\n\n\n\n<li><strong>Muy Alto (8-10). <\/strong>Muy alto riesgo de da\u00f1o por exposici\u00f3n al sol. Se recomienda tomar medidas de protecci\u00f3n adicionales y evitar la exposici\u00f3n al sol durante las horas pico.<\/li>\n\n\n\n<li><strong>Extremadamente alto (11+).<\/strong> Riesgo extremadamente alto de da\u00f1o por exposici\u00f3n al sol. Se deben tomar precauciones extremas, como permanecer en interiores durante las horas pico del sol.<\/li>\n<\/ul>\n<\/li>\n\n\n\n<li><strong>Impacto en la piel y salud<\/strong>. La exposici\u00f3n excesiva a la radiaci\u00f3n UV puede causar quemaduras solares, envejecimiento prematuro de la piel, da\u00f1o ocular e incrementar el riesgo de c\u00e1ncer de piel.<\/li>\n<\/ul>\n\n\n\n<h2 class=\"wp-block-heading\">Uso del \u00cdndice UV<\/h2>\n\n\n\n<ul class=\"wp-block-list\">\n<li><strong>Informaci\u00f3n diaria. <\/strong>Puede que no lo sepas, pero el \u00cdndice UV se proporciona a menudo en los informes meteorol\u00f3gicos y en aplicaciones m\u00f3viles de clima para informar a las personas sobre la intensidad del sol durante el d\u00eda.<\/li>\n\n\n\n<li><strong>Recomendaciones de protecci\u00f3n. <\/strong>Con base en el \u00cdndice UV, se ofrecen recomendaciones espec\u00edficas para protegerse del sol, como usar protector solar, ropa protectora, gafas de sol y evitar la exposici\u00f3n directa durante las horas pico de radiaci\u00f3n UV.<\/li>\n<\/ul>\n\n\n\n<h2 class=\"wp-block-heading\">C\u00f3mo encontrar el mejor protector solar&nbsp;<\/h2>\n\n\n\n<p>Encontrar el mejor protector solar para ti depende de varios factores que deber\u00edas tener en cuenta, tales como:<\/p>\n\n\n\n<ul class=\"wp-block-list\">\n<li><strong>Factor de Protecci\u00f3n Solar (FPS).<\/strong> Si tienes piel clara, sensible o propensa a quemaduras, es recomendable usar un FPS m\u00e1s alto (por ejemplo, FPS 30 o superior). Para pieles m\u00e1s oscuras que raramente se queman, un FPS m\u00e1s bajo puede ser suficiente, pero se recomienda al menos FPS 15.<\/li>\n\n\n\n<li><strong>Protecci\u00f3n UVA y UVB<\/strong>. Busca protectores solares que ofrezcan protecci\u00f3n de amplio espectro para proteger contra los rayos UVA y UVB. Esto se indica en la etiqueta del producto.<\/li>\n\n\n\n<li><strong>Tipo de producto.<\/strong> Es decir, gel, Loci\u00f3n, Crema, Spray. Elige la textura que prefieras y que sea m\u00e1s adecuada para tu tipo de piel. Por ejemplo, las pieles grasas pueden preferir geles o f\u00f3rmulas oil-free, mientras que las pieles secas pueden beneficiarse de lociones o cremas hidratantes.<\/li>\n\n\n\n<li><strong>Resistencia al agua.<\/strong> Si planeas nadar o sudar mucho, elige un protector solar resistente al agua y al sudor para una protecci\u00f3n prolongada.<\/li>\n\n\n\n<li><strong>Evita ingredientes irritantes.<\/strong> Si tienes piel sensible o alergias, evita protectores solares con fragancias fuertes, alcohol o ingredientes potencialmente irritantes como el octocrileno.<\/li>\n\n\n\n<li><strong>Frecuencia de uso<\/strong>. Para el uso diario bajo la ropa y maquillaje, elige un protector solar ligero y de r\u00e1pida absorci\u00f3n. Para actividades al aire libre, considera f\u00f3rmulas m\u00e1s resistentes y de larga duraci\u00f3n.<\/li>\n\n\n\n<li><strong>Facilidad de uso.<\/strong> Elige un producto que sea conveniente y f\u00e1cil de reaplicar seg\u00fan sea necesario (cada 2 horas o despu\u00e9s de nadar\/sudar).<\/li>\n<\/ul>\n\n\n\n<h2 class=\"wp-block-heading\">Dos protectores solares de calidad<\/h2>\n\n\n\n<h3 class=\"wp-block-heading\">Protector Solar Facial Fusion Water de Isdin<\/h3>\n\n\n\n<p>Ha sido formulado con una nueva combinaci\u00f3n de filtros solares que proporcionan una alta protecci\u00f3n SPF50 contra los da\u00f1os de los rayos UVB y UVA, y ha sido testado en laboratorio y al aire libre en condiciones reales de alta radiaci\u00f3n solar. La f\u00f3rmula de este protector solar tambi\u00e9n incluye extracto de Alga Mediterr\u00e1nea, un poderoso antioxidante que protege tu piel de los efectos da\u00f1inos del sol. Una de las caracter\u00edsticas destacadas de este protector solar es su textura ultraligera de fase acuosa externa con un tacto final sedoso, lo que lo hace c\u00f3modo de aplicar y de llevar durante todo el d\u00eda. Adem\u00e1s, es apto para pieles grasas gracias a su control del exceso de grasa (Oil Control).<\/p>\n\n\n    <a class='product' target='_blank' href='https:\/\/www.primor.eu\/es_es\/isdin-protector-solar-facial-fusion-water-magic-repair-113044.html?#863=67139'>\r\n        <img loading='async' src='https:\/\/cdn2.primor.eu\/media\/catalog\/product\/cache\/8d3aba296f7a18b5251ee30fa5db42b2\/C\/a\/Captura_21c9.JPG' alt='COMPRAR AHORA'>\r\n            <div class=\"claim\">\r\n                COMPRAR AHORA            <\/div>\r\n        <\/a>\r\n    \n\n\n<h3 class=\"wp-block-heading\">Leche Corporal Sun Beauty SPF50 de Lancaster<\/h3>\n\n\n\n<p>Para una alta protecci\u00f3n solar. Adem\u00e1s de actuar frente al 100 % del espectro solar*, este protector solar Lancaster, limpio y respetuoso con el oc\u00e9ano, es extraordinariamente sensorial y ahora tambi\u00e9n ayuda a reparar la piel de los da\u00f1os provocados por el sol. Su f\u00f3rmula \u00fanica es muy ligera, no grasa y se hace invisible inmediatamente sobre la piel, ofreciendo un bronceado dorado y uniforme en menor tiempo de exposici\u00f3n solar. Esta leche corporal se absorbe en la piel inmediatamente reconfort\u00e1ndola al instante, proporcionando un acabado aterciopelado sin dejar marcas blancas, al mismo tiempo que hidrata la piel de forma duradera.<\/p>\n\n\n    <a class='product' target='_blank' href='https:\/\/www.primor.eu\/es_es\/lancaster-leche-corporal-sun-beauty-spf50-55038.html'>\r\n        <img loading='async' src='https:\/\/cdn2.primor.eu\/media\/catalog\/product\/cache\/8d3aba296f7a18b5251ee30fa5db42b2\/M\/A\/MAIN_3616302022564_328f.jpeg' alt='COMPRAR AHORA'>\r\n            <div class=\"claim\">\r\n                COMPRAR AHORA            <\/div>\r\n        <\/a>\r\n    \n\n<div class=\"kk-star-ratings kksr-auto kksr-align-center kksr-valign-bottom\"\n    data-payload='{&quot;align&quot;:&quot;center&quot;,&quot;id&quot;:&quot;102436&quot;,&quot;slug&quot;:&quot;default&quot;,&quot;valign&quot;:&quot;bottom&quot;,&quot;ignore&quot;:&quot;&quot;,&quot;reference&quot;:&quot;auto&quot;,&quot;class&quot;:&quot;&quot;,&quot;count&quot;:&quot;1&quot;,&quot;legendonly&quot;:&quot;&quot;,&quot;readonly&quot;:&quot;&quot;,&quot;score&quot;:&quot;5&quot;,&quot;starsonly&quot;:&quot;&quot;,&quot;best&quot;:&quot;5&quot;,&quot;gap&quot;:&quot;5&quot;,&quot;greet&quot;:&quot;Valora este art\u00edculo&quot;,&quot;legend&quot;:&quot;5\\\/5 - (1 voto)&quot;,&quot;size&quot;:&quot;24&quot;,&quot;title&quot;:&quot;El \u00edndice UV: c\u00f3mo saber cu\u00e1l es el mejor protector solar en cada caso seg\u00fan los expertos&quot;,&quot;width&quot;:&quot;142.5&quot;,&quot;_legend&quot;:&quot;{score}\\\/{best} - ({count} {votes})&quot;,&quot;font_factor&quot;:&quot;1.25&quot;}'>\n            \n<div class=\"kksr-stars\">\n    \n<div class=\"kksr-stars-inactive\">\n            <div class=\"kksr-star\" data-star=\"1\" style=\"padding-right: 5px\">\n            \n\n<div class=\"kksr-icon\" style=\"width: 24px; height: 24px;\"><\/div>\n        <\/div>\n            <div class=\"kksr-star\" data-star=\"2\" style=\"padding-right: 5px\">\n            \n\n<div class=\"kksr-icon\" style=\"width: 24px; height: 24px;\"><\/div>\n        <\/div>\n            <div class=\"kksr-star\" data-star=\"3\" style=\"padding-right: 5px\">\n            \n\n<div class=\"kksr-icon\" style=\"width: 24px; height: 24px;\"><\/div>\n        <\/div>\n            <div class=\"kksr-star\" data-star=\"4\" style=\"padding-right: 5px\">\n            \n\n<div class=\"kksr-icon\" style=\"width: 24px; height: 24px;\"><\/div>\n        <\/div>\n            <div class=\"kksr-star\" data-star=\"5\" style=\"padding-right: 5px\">\n            \n\n<div class=\"kksr-icon\" style=\"width: 24px; height: 24px;\"><\/div>\n        <\/div>\n    <\/div>\n    \n<div class=\"kksr-stars-active\" style=\"width: 142.5px;\">\n            <div class=\"kksr-star\" style=\"padding-right: 5px\">\n            \n\n<div class=\"kksr-icon\" style=\"width: 24px; height: 24px;\"><\/div>\n        <\/div>\n            <div class=\"kksr-star\" style=\"padding-right: 5px\">\n            \n\n<div class=\"kksr-icon\" style=\"width: 24px; height: 24px;\"><\/div>\n        <\/div>\n            <div class=\"kksr-star\" style=\"padding-right: 5px\">\n            \n\n<div class=\"kksr-icon\" style=\"width: 24px; height: 24px;\"><\/div>\n        <\/div>\n            <div class=\"kksr-star\" style=\"padding-right: 5px\">\n            \n\n<div class=\"kksr-icon\" style=\"width: 24px; height: 24px;\"><\/div>\n        <\/div>\n            <div class=\"kksr-star\" style=\"padding-right: 5px\">\n            \n\n<div class=\"kksr-icon\" style=\"width: 24px; height: 24px;\"><\/div>\n        <\/div>\n    <\/div>\n<\/div>\n                \n\n<div class=\"kksr-legend\" style=\"font-size: 19.2px;\">\n            5\/5 - (1 voto)    <\/div>\n    <\/div>\n","protected":false},"excerpt":{"rendered":"<p>Has o\u00eddo hablar de \u00e9l aunque suele generar bastante confusi\u00f3n. El \u00cdndice UV (\u00cdndice de Radiaci\u00f3n Ultravioleta) es una medida est\u00e1ndar internacional utilizada para describir la intensidad de la radiaci\u00f3n ultravioleta del sol en un lugar espec\u00edfico en un momento dado. Por tanto, el prop\u00f3sito del \u00cdndice UV es informar al p\u00fablico sobre el nivel [&hellip;]<\/p>\n","protected":false},"author":14,"featured_media":102449,"comment_status":"closed","ping_status":"closed","sticky":false,"template":"","format":"standard","meta":{"jnews-multi-image_gallery":[],"jnews_single_post":{"subtitle":"","format":"standard","video":"","gallery":"","source_name":"","source_url":"","via_name":"","via_url":"","override_template":"0","override":[{"template":"1","single_blog_custom":"","parallax":"1","fullscreen":"1","layout":"right-sidebar","sidebar":"home-2","second_sidebar":"default-sidebar","sticky_sidebar":"0","share_position":"float","share_float_style":"share-monocrhome","show_share_counter":"0","show_view_counter":"0","show_featured":"1","show_post_meta":"1","show_post_author":"0","show_post_author_image":"1","show_post_date":"1","post_date_format":"default","post_date_format_custom":"Y\/m\/d","show_post_category":"1","show_post_reading_time":"0","post_reading_time_wpm":"300","show_zoom_button":"0","zoom_button_out_step":"2","zoom_button_in_step":"3","show_post_tag":"0","show_prev_next_post":"0","show_popup_post":"0","number_popup_post":"2","show_author_box":"0","show_post_related":"0","show_inline_post_related":"1"}],"override_image_size":"0","image_override":[{"single_post_thumbnail_size":"no-crop","single_post_gallery_size":"crop-500"}],"trending_post":"0","trending_post_position":"meta","trending_post_label":"Trending","sponsored_post":"0","sponsored_post_label":"Sponsored by","sponsored_post_name":"","sponsored_post_url":"","sponsored_post_logo_enable":"0","sponsored_post_logo":"","sponsored_post_desc":"","disable_ad":"0"},"jnews_primary_category":{"id":"","hide":""},"jnews_social_meta":{"fb_title":"","fb_description":"","fb_image":"","twitter_title":"","twitter_description":"","twitter_image":""},"jnews_override_counter":{"override_view_counter":"0","view_counter_number":"0","override_share_counter":"0","share_counter_number":"0","override_like_counter":"0","like_counter_number":"0","override_dislike_counter":"0","dislike_counter_number":"0"},"footnotes":""},"categories":[6302],"tags":[],"class_list":["post-102436","post","type-post","status-publish","format-standard","has-post-thumbnail","hentry","category-solares"],"_links":{"self":[{"href":"https:\/\/www.primor.eu\/blog\/wp-json\/wp\/v2\/posts\/102436","targetHints":{"allow":["GET"]}}],"collection":[{"href":"https:\/\/www.primor.eu\/blog\/wp-json\/wp\/v2\/posts"}],"about":[{"href":"https:\/\/www.primor.eu\/blog\/wp-json\/wp\/v2\/types\/post"}],"author":[{"embeddable":true,"href":"https:\/\/www.primor.eu\/blog\/wp-json\/wp\/v2\/users\/14"}],"replies":[{"embeddable":true,"href":"https:\/\/www.primor.eu\/blog\/wp-json\/wp\/v2\/comments?post=102436"}],"version-history":[{"count":3,"href":"https:\/\/www.primor.eu\/blog\/wp-json\/wp\/v2\/posts\/102436\/revisions"}],"predecessor-version":[{"id":130940,"href":"https:\/\/www.primor.eu\/blog\/wp-json\/wp\/v2\/posts\/102436\/revisions\/130940"}],"wp:featuredmedia":[{"embeddable":true,"href":"https:\/\/www.primor.eu\/blog\/wp-json\/wp\/v2\/media\/102449"}],"wp:attachment":[{"href":"https:\/\/www.primor.eu\/blog\/wp-json\/wp\/v2\/media?parent=102436"}],"wp:term":[{"taxonomy":"category","embeddable":true,"href":"https:\/\/www.primor.eu\/blog\/wp-json\/wp\/v2\/categories?post=102436"},{"taxonomy":"post_tag","embeddable":true,"href":"https:\/\/www.primor.eu\/blog\/wp-json\/wp\/v2\/tags?post=102436"}],"curies":[{"name":"wp","href":"https:\/\/api.w.org\/{rel}","templated":true}]}}