{"id":102383,"date":"2025-12-22T20:51:54","date_gmt":"2025-12-22T20:51:54","guid":{"rendered":"https:\/\/www.primor.eu\/blog\/?p=102383"},"modified":"2025-12-22T20:51:56","modified_gmt":"2025-12-22T20:51:56","slug":"mejores-perfumes-hombre-verano","status":"publish","type":"post","link":"https:\/\/www.primor.eu\/blog\/mejores-perfumes-hombre-verano\/","title":{"rendered":"Los mejores perfumes para hombres del verano de 2026"},"content":{"rendered":"\n<p>Atento, porque el verano est\u00e1 a la vuelta de la esquina y con \u00e9l la oportunidad de contar con <a href=\"https:\/\/www.primor.eu\/blog\/perfumes\/\">fragancias<\/a> m\u00e1s ligeras y frescas. Los <a href=\"https:\/\/www.primor.eu\/es_es\/perfumes-para-hombres\">perfumes de hombre<\/a> para el verano son los favoritos de aquellos que buscan un <strong>complemento invisible <\/strong>que sea capaz de durar en la piel todo el d\u00eda. Este tipo de aromas cautivan a las <strong>personalidades activas<\/strong> que no se conforman y que siempre van un paso m\u00e1s all\u00e1. Por eso mismo, en este art\u00edculo de Primor te contamos cu\u00e1les son nuestros perfumes de hombre favoritos que enamoran por su estela olfativa.&nbsp;<\/p>\n\n\n\n<h2 class=\"wp-block-heading\">Mejores perfumes de hombre para el verano<\/h2>\n\n\n        <product-table class=\"pr-slider\">\r\n            <product-headers class=\"grid-table-rows\">\r\n                <div>Foto<\/div>\r\n                <div>Producto<\/div>\r\n                <div>Marca<\/div>\r\n                <div>Valoraciones<\/div>\r\n                <div>Precio<\/div>\r\n            <\/product-headers>\r\n\r\n            <product-list>\r\n                                    <a href=\"https:\/\/www.primor.eu\/es_es\/loewe-loewe-001-man-edp-112350.html?#854=66330\" class=\"product-item grid-table-rows\" target=\"_blank\">\r\n                        <div>\r\n                            <img decoding=\"async\" class=\"product-img\" width=\"80px\" height=\"80px\" src=\"https:\/\/cdn2.primor.eu\/media\/catalog\/product\/cache\/8d3aba296f7a18b5251ee30fa5db42b2\/8\/4\/8426017063081_1_c168.jpg\" alt=\"Loewe 001 Man EDP\">\r\n                        <\/div>\r\n\r\n                        <!-- Contenido de producto  -->\r\n                        <div>\r\n                            <div class=\"product-position\">\r\n                                #1 Top Ventas                            <\/div>\r\n\r\n                            <h2>\r\n                                Loewe 001 Man EDP                            <\/h2>\r\n                        <\/div>\r\n\r\n                        <!-- Imagen y\/o nombre de la marca -->\r\n                        <div>\r\n                                                            <img decoding=\"async\" width=\"70\" src=\"https:\/\/www.primor.eu\/media\/catalog\/category\/loewe.png\" alt=\"Loewe\">\r\n                                                    <\/div>\r\n\r\n                        <!-- Puntuaci\u00f3n del producto  -->\r\n                        <div class=\"rating\">\r\n                                                            <div class=\"rate\" style=\"--p:100;\"><\/div>\r\n                                <b>5\/5<\/b>\r\n                                <div class=\"rate-stars\">\r\n                                                                            <div\r\n                                            class=\"rate-star  \">\r\n                                        <\/div>\r\n                                                                            <div\r\n                                            class=\"rate-star  \">\r\n                                        <\/div>\r\n                                                                            <div\r\n                                            class=\"rate-star  \">\r\n                                        <\/div>\r\n                                                                            <div\r\n                                            class=\"rate-star  \">\r\n                                        <\/div>\r\n                                                                            <div\r\n                                            class=\"rate-star  \">\r\n                                        <\/div>\r\n                                                                    <\/div>\r\n                                                    <\/div>\r\n\r\n                        <!-- Bot\u00f3n de producto  -->\r\n                        <div>\r\n                            <span class=\"price-claim\">\r\n                                VER PRECIO                            <\/span>\r\n                        <\/div>\r\n                    <\/a>\r\n                                    <a href=\"https:\/\/www.primor.eu\/es_es\/ralph-lauren-polo-blue-eau-de-toilette-hombre-112276.html?#854=66449\" class=\"product-item grid-table-rows\" target=\"_blank\">\r\n                        <div>\r\n                            <img decoding=\"async\" class=\"product-img\" width=\"80px\" height=\"80px\" src=\"https:\/\/cdn2.primor.eu\/media\/catalog\/product\/cache\/8d3aba296f7a18b5251ee30fa5db42b2\/3\/3\/3360377022911_1_c486.jpg\" alt=\"Polo Blue Eau de Toilette Hombre\">\r\n                        <\/div>\r\n\r\n                        <!-- Contenido de producto  -->\r\n                        <div>\r\n                            <div class=\"product-position\">\r\n                                #2                            <\/div>\r\n\r\n                            <h2>\r\n                                Polo Blue Eau de Toilette Hombre                            <\/h2>\r\n                        <\/div>\r\n\r\n                        <!-- Imagen y\/o nombre de la marca -->\r\n                        <div>\r\n                                                            <img decoding=\"async\" width=\"70\" src=\"https:\/\/www.primor.eu\/media\/catalog\/category\/ralph-lauren.png\" alt=\"Ralph Lauren\">\r\n                                                    <\/div>\r\n\r\n                        <!-- Puntuaci\u00f3n del producto  -->\r\n                        <div class=\"rating\">\r\n                                                            <div class=\"rate\" style=\"--p:94;\"><\/div>\r\n                                <b>4.7\/5<\/b>\r\n                                <div class=\"rate-stars\">\r\n                                                                            <div\r\n                                            class=\"rate-star  \">\r\n                                        <\/div>\r\n                                                                            <div\r\n                                            class=\"rate-star  \">\r\n                                        <\/div>\r\n                                                                            <div\r\n                                            class=\"rate-star  \">\r\n                                        <\/div>\r\n                                                                            <div\r\n                                            class=\"rate-star  \">\r\n                                        <\/div>\r\n                                                                            <div\r\n                                            class=\"rate-star  \">\r\n                                        <\/div>\r\n                                                                    <\/div>\r\n                                                    <\/div>\r\n\r\n                        <!-- Bot\u00f3n de producto  -->\r\n                        <div>\r\n                            <span class=\"price-claim\">\r\n                                VER PRECIO                            <\/span>\r\n                        <\/div>\r\n                    <\/a>\r\n                                    <a href=\"https:\/\/www.primor.eu\/es_es\/davidoff-cool-water-hombre-112250.html?#854=66449\" class=\"product-item grid-table-rows\" target=\"_blank\">\r\n                        <div>\r\n                            <img decoding=\"async\" class=\"product-img\" width=\"80px\" height=\"80px\" src=\"https:\/\/cdn2.primor.eu\/media\/catalog\/product\/cache\/8d3aba296f7a18b5251ee30fa5db42b2\/4\/A\/4AM00041_1_cb9a.jpg\" alt=\"Cool Water Hombre\">\r\n                        <\/div>\r\n\r\n                        <!-- Contenido de producto  -->\r\n                        <div>\r\n                            <div class=\"product-position\">\r\n                                #3                            <\/div>\r\n\r\n                            <h2>\r\n                                Cool Water Hombre                            <\/h2>\r\n                        <\/div>\r\n\r\n                        <!-- Imagen y\/o nombre de la marca -->\r\n                        <div>\r\n                                                            <img decoding=\"async\" width=\"70\" src=\"https:\/\/www.primor.eu\/media\/catalog\/category\/DAVIDOFF.jpg\" alt=\"Davidoff\">\r\n                                                    <\/div>\r\n\r\n                        <!-- Puntuaci\u00f3n del producto  -->\r\n                        <div class=\"rating\">\r\n                                                            <div class=\"rate\" style=\"--p:96;\"><\/div>\r\n                                <b>4.8\/5<\/b>\r\n                                <div class=\"rate-stars\">\r\n                                                                            <div\r\n                                            class=\"rate-star  \">\r\n                                        <\/div>\r\n                                                                            <div\r\n                                            class=\"rate-star  \">\r\n                                        <\/div>\r\n                                                                            <div\r\n                                            class=\"rate-star  \">\r\n                                        <\/div>\r\n                                                                            <div\r\n                                            class=\"rate-star  \">\r\n                                        <\/div>\r\n                                                                            <div\r\n                                            class=\"rate-star  \">\r\n                                        <\/div>\r\n                                                                    <\/div>\r\n                                                    <\/div>\r\n\r\n                        <!-- Bot\u00f3n de producto  -->\r\n                        <div>\r\n                            <span class=\"price-claim\">\r\n                                VER PRECIO                            <\/span>\r\n                        <\/div>\r\n                    <\/a>\r\n                                    <a href=\"https:\/\/www.primor.eu\/es_es\/rochas-eau-de-rochas-homme-111382.html?#854=66333\" class=\"product-item grid-table-rows\" target=\"_blank\">\r\n                        <div>\r\n                            <img decoding=\"async\" class=\"product-img\" width=\"80px\" height=\"80px\" src=\"https:\/\/cdn2.primor.eu\/media\/catalog\/product\/cache\/8d3aba296f7a18b5251ee30fa5db42b2\/3\/3\/3386460076340_ad84.jpg\" alt=\"Eau de Rochas Homme\">\r\n                        <\/div>\r\n\r\n                        <!-- Contenido de producto  -->\r\n                        <div>\r\n                            <div class=\"product-position\">\r\n                                #4                            <\/div>\r\n\r\n                            <h2>\r\n                                Eau de Rochas Homme                            <\/h2>\r\n                        <\/div>\r\n\r\n                        <!-- Imagen y\/o nombre de la marca -->\r\n                        <div>\r\n                                                            <img decoding=\"async\" width=\"70\" src=\"https:\/\/www.primor.eu\/media\/catalog\/category\/rochas.png\" alt=\"Rochas\">\r\n                                                    <\/div>\r\n\r\n                        <!-- Puntuaci\u00f3n del producto  -->\r\n                        <div class=\"rating\">\r\n                                                            <div class=\"rate\" style=\"--p:96;\"><\/div>\r\n                                <b>4.8\/5<\/b>\r\n                                <div class=\"rate-stars\">\r\n                                                                            <div\r\n                                            class=\"rate-star  \">\r\n                                        <\/div>\r\n                                                                            <div\r\n                                            class=\"rate-star  \">\r\n                                        <\/div>\r\n                                                                            <div\r\n                                            class=\"rate-star  \">\r\n                                        <\/div>\r\n                                                                            <div\r\n                                            class=\"rate-star  \">\r\n                                        <\/div>\r\n                                                                            <div\r\n                                            class=\"rate-star  \">\r\n                                        <\/div>\r\n                                                                    <\/div>\r\n                                                    <\/div>\r\n\r\n                        <!-- Bot\u00f3n de producto  -->\r\n                        <div>\r\n                            <span class=\"price-claim\">\r\n                                VER PRECIO                            <\/span>\r\n                        <\/div>\r\n                    <\/a>\r\n                                    <a href=\"https:\/\/www.primor.eu\/es_es\/hermes-terre-d-hermes-parfum-112298.html?#854=66337\" class=\"product-item grid-table-rows\" target=\"_blank\">\r\n                        <div>\r\n                            <img decoding=\"async\" class=\"product-img\" width=\"80px\" height=\"80px\" src=\"https:\/\/cdn2.primor.eu\/media\/catalog\/product\/cache\/8d3aba296f7a18b5251ee30fa5db42b2\/3\/3\/3346130013501_2000x2000_PAR_1_fb96.jpg\" alt=\"Terre d Herm\u00e8s Parfum\">\r\n                        <\/div>\r\n\r\n                        <!-- Contenido de producto  -->\r\n                        <div>\r\n                            <div class=\"product-position\">\r\n                                #5                            <\/div>\r\n\r\n                            <h2>\r\n                                Terre d Herm\u00e8s Parfum                            <\/h2>\r\n                        <\/div>\r\n\r\n                        <!-- Imagen y\/o nombre de la marca -->\r\n                        <div>\r\n                                                            <img decoding=\"async\" width=\"70\" src=\"https:\/\/www.primor.eu\/media\/catalog\/category\/hermes_1.png\" alt=\"Herm\u00e8s\">\r\n                                                    <\/div>\r\n\r\n                        <!-- Puntuaci\u00f3n del producto  -->\r\n                        <div class=\"rating\">\r\n                                                            <div class=\"rate\" style=\"--p:100;\"><\/div>\r\n                                <b>5\/5<\/b>\r\n                                <div class=\"rate-stars\">\r\n                                                                            <div\r\n                                            class=\"rate-star  \">\r\n                                        <\/div>\r\n                                                                            <div\r\n                                            class=\"rate-star  \">\r\n                                        <\/div>\r\n                                                                            <div\r\n                                            class=\"rate-star  \">\r\n                                        <\/div>\r\n                                                                            <div\r\n                                            class=\"rate-star  \">\r\n                                        <\/div>\r\n                                                                            <div\r\n                                            class=\"rate-star  \">\r\n                                        <\/div>\r\n                                                                    <\/div>\r\n                                                    <\/div>\r\n\r\n                        <!-- Bot\u00f3n de producto  -->\r\n                        <div>\r\n                            <span class=\"price-claim\">\r\n                                VER PRECIO                            <\/span>\r\n                        <\/div>\r\n                    <\/a>\r\n                            <\/product-list>\r\n        <\/product-table>\r\n\r\n        \n\n\n\n<h3 class=\"wp-block-heading\">Polo Blue Eau De Toilette Ralph Lauren&nbsp;<\/h3>\n\n\n\n<p>Fue creado por el mundialmente conocido perfumista Carlos Benaim para representar la libertad que emana de un gran cielo azul, la energ\u00eda del mar y la explosi\u00f3n revitalizante del aire fresco.<\/p>\n\n\n    <a class='product' target='_blank' href='https:\/\/www.primor.eu\/es_es\/ralph-lauren-polo-blue-eau-de-toilette-hombre-112276.html?#854=66449'>\r\n        <img loading='async' src='https:\/\/cdn2.primor.eu\/media\/catalog\/product\/cache\/8d3aba296f7a18b5251ee30fa5db42b2\/3\/3\/3360377022911_1_c486.jpg' alt='COMPRAR AHORA'>\r\n            <div class=\"claim\">\r\n                COMPRAR AHORA            <\/div>\r\n        <\/a>\r\n    \n\n\n\n<h3 class=\"wp-block-heading\">Davidoff Cool Water Hombre Eau de Toilette<\/h3>\n\n\n\n<p>Fresca, sencilla y muy refrescante, es un perfume para hombres atrevidos, muy masculinos y de esp\u00edritu joven.&nbsp;<\/p>\n\n\n    <a class='product' target='_blank' href='https:\/\/www.primor.eu\/es_es\/davidoff-cool-water-hombre-112250.html?#854=66449'>\r\n        <img loading='async' src='https:\/\/cdn2.primor.eu\/media\/catalog\/product\/cache\/8d3aba296f7a18b5251ee30fa5db42b2\/4\/A\/4AM00041_1_cb9a.jpg' alt='COMPRAR AHORA'>\r\n            <div class=\"claim\">\r\n                COMPRAR AHORA            <\/div>\r\n        <\/a>\r\n    \n\n\n\n<h3 class=\"wp-block-heading\">Eau de Rochas Homme de Rochas<\/h3>\n\n\n\n<p>Es una fragancia fresca cl\u00e1sica para hombres. De esos perfumes que huelen a frescura y vitalidad, a un hombre activo y juvenil a la vez que con clase.<\/p>\n\n\n    <a class='product' target='_blank' href='https:\/\/www.primor.eu\/es_es\/rochas-eau-de-rochas-homme-111382.html?#854=66333'>\r\n        <img loading='async' src='https:\/\/cdn2.primor.eu\/media\/catalog\/product\/cache\/8d3aba296f7a18b5251ee30fa5db42b2\/3\/3\/3386460076340_ad84.jpg' alt='COMPRAR AHORA'>\r\n            <div class=\"claim\">\r\n                COMPRAR AHORA            <\/div>\r\n        <\/a>\r\n    \n\n\n\n<h3 class=\"wp-block-heading\">Terre d\u2019Hermes<\/h3>\n\n\n\n<p>El perfumista define su creaci\u00f3n como \u201cSentir la tierra tumbado en el suelo, con los ojos puestos en el cielo\u201d.&nbsp; Un perfume entre la tierra y el cielo, una simb\u00f3lica narraci\u00f3n entre la materia y su transformaci\u00f3n. Una fragancia con toques amaderados, vegetales y minerales.<\/p>\n\n\n    <a class='product' target='_blank' href='https:\/\/www.primor.eu\/es_es\/hermes-terre-d-hermes-parfum-112298.html?#854=66337'>\r\n        <img loading='async' src='https:\/\/cdn2.primor.eu\/media\/catalog\/product\/cache\/8d3aba296f7a18b5251ee30fa5db42b2\/3\/3\/3346130013501_2000x2000_PAR_1_fb96.jpg' alt='COMPRAR AHORA'>\r\n            <div class=\"claim\">\r\n                COMPRAR AHORA            <\/div>\r\n        <\/a>\r\n    \n\n\n\n<h3 class=\"wp-block-heading\">Quercia de Acqua Di Parma<\/h3>\n\n\n\n<p>Una sensaci\u00f3n fresca gracias a la fragancia olfativa amaderada de Quercia, un olor que te lleva directamente a pasear por un bosque de aroma verde. Entre sus notas se incluyen el musgo de roble, la madera de cedro, el lim\u00f3n, la bergamota o la pimienta rosa, entre otros.<\/p>\n\n\n    <a class='product' target='_blank' href='https:\/\/www.primor.eu\/es_es\/acqua-di-parma-signatures-of-the-sun-quercia-eau-de-parfum-112425.html?#854=66343'>\r\n        <img loading='async' src='https:\/\/cdn2.primor.eu\/media\/catalog\/product\/cache\/8d3aba296f7a18b5251ee30fa5db42b2\/8\/0\/8028713810800_1_cb8b.jpg' alt='COMPRAR AHORA'>\r\n            <div class=\"claim\">\r\n                COMPRAR AHORA            <\/div>\r\n        <\/a>\r\n    \n\n\n\n<h3 class=\"wp-block-heading\">Loewe 001 Man EDP<\/h3>\n\n\n\n<p>Los primeros rayos de sol de la ma\u00f1ana inspiran la fragancia 001 de Loewe, la primera conversaci\u00f3n entre una pareja, la complicidad, la espontaneidad y la naturalidad de un momento \u00fanico. Loewe 001 Man incluye notas de mandarina y bergamota con toques de cedro y almizcle.<\/p>\n\n\n    <a class='product' target='_blank' href='https:\/\/www.primor.eu\/es_es\/loewe-loewe-001-man-edp-112350.html?#854=66330'>\r\n        <img loading='async' src='https:\/\/cdn2.primor.eu\/media\/catalog\/product\/cache\/8d3aba296f7a18b5251ee30fa5db42b2\/8\/4\/8426017063081_1_c168.jpg' alt='COMPRAR AHORA'>\r\n            <div class=\"claim\">\r\n                COMPRAR AHORA            <\/div>\r\n        <\/a>\r\n    \n\n\n<div class=\"kk-star-ratings kksr-auto kksr-align-center kksr-valign-bottom\"\n    data-payload='{&quot;align&quot;:&quot;center&quot;,&quot;id&quot;:&quot;102383&quot;,&quot;slug&quot;:&quot;default&quot;,&quot;valign&quot;:&quot;bottom&quot;,&quot;ignore&quot;:&quot;&quot;,&quot;reference&quot;:&quot;auto&quot;,&quot;class&quot;:&quot;&quot;,&quot;count&quot;:&quot;7&quot;,&quot;legendonly&quot;:&quot;&quot;,&quot;readonly&quot;:&quot;&quot;,&quot;score&quot;:&quot;3.4&quot;,&quot;starsonly&quot;:&quot;&quot;,&quot;best&quot;:&quot;5&quot;,&quot;gap&quot;:&quot;5&quot;,&quot;greet&quot;:&quot;Valora este art\u00edculo&quot;,&quot;legend&quot;:&quot;3.4\\\/5 - (7 votos)&quot;,&quot;size&quot;:&quot;24&quot;,&quot;title&quot;:&quot;Los mejores perfumes para hombres del verano de 2026&quot;,&quot;width&quot;:&quot;96.1&quot;,&quot;_legend&quot;:&quot;{score}\\\/{best} - ({count} {votes})&quot;,&quot;font_factor&quot;:&quot;1.25&quot;}'>\n            \n<div class=\"kksr-stars\">\n    \n<div class=\"kksr-stars-inactive\">\n            <div class=\"kksr-star\" data-star=\"1\" style=\"padding-right: 5px\">\n            \n\n<div class=\"kksr-icon\" style=\"width: 24px; height: 24px;\"><\/div>\n        <\/div>\n            <div class=\"kksr-star\" data-star=\"2\" style=\"padding-right: 5px\">\n            \n\n<div class=\"kksr-icon\" style=\"width: 24px; height: 24px;\"><\/div>\n        <\/div>\n            <div class=\"kksr-star\" data-star=\"3\" style=\"padding-right: 5px\">\n            \n\n<div class=\"kksr-icon\" style=\"width: 24px; height: 24px;\"><\/div>\n        <\/div>\n            <div class=\"kksr-star\" data-star=\"4\" style=\"padding-right: 5px\">\n            \n\n<div class=\"kksr-icon\" style=\"width: 24px; height: 24px;\"><\/div>\n        <\/div>\n            <div class=\"kksr-star\" data-star=\"5\" style=\"padding-right: 5px\">\n            \n\n<div class=\"kksr-icon\" style=\"width: 24px; height: 24px;\"><\/div>\n        <\/div>\n    <\/div>\n    \n<div class=\"kksr-stars-active\" style=\"width: 96.1px;\">\n            <div class=\"kksr-star\" style=\"padding-right: 5px\">\n            \n\n<div class=\"kksr-icon\" style=\"width: 24px; height: 24px;\"><\/div>\n        <\/div>\n            <div class=\"kksr-star\" style=\"padding-right: 5px\">\n            \n\n<div class=\"kksr-icon\" style=\"width: 24px; height: 24px;\"><\/div>\n        <\/div>\n            <div class=\"kksr-star\" style=\"padding-right: 5px\">\n            \n\n<div class=\"kksr-icon\" style=\"width: 24px; height: 24px;\"><\/div>\n        <\/div>\n            <div class=\"kksr-star\" style=\"padding-right: 5px\">\n            \n\n<div class=\"kksr-icon\" style=\"width: 24px; height: 24px;\"><\/div>\n        <\/div>\n            <div class=\"kksr-star\" style=\"padding-right: 5px\">\n            \n\n<div class=\"kksr-icon\" style=\"width: 24px; height: 24px;\"><\/div>\n        <\/div>\n    <\/div>\n<\/div>\n                \n\n<div class=\"kksr-legend\" style=\"font-size: 19.2px;\">\n            3.4\/5 - (7 votos)    <\/div>\n    <\/div>\n","protected":false},"excerpt":{"rendered":"<p>Atento, porque el verano est\u00e1 a la vuelta de la esquina y con \u00e9l la oportunidad de contar con fragancias m\u00e1s ligeras y frescas. Los perfumes de hombre para el verano son los favoritos de aquellos que buscan un complemento invisible que sea capaz de durar en la piel todo el d\u00eda. Este tipo de [&hellip;]<\/p>\n","protected":false},"author":14,"featured_media":102388,"comment_status":"closed","ping_status":"closed","sticky":false,"template":"","format":"standard","meta":{"jnews-multi-image_gallery":[],"jnews_single_post":{"subtitle":"","format":"standard","video":"","gallery":"","source_name":"","source_url":"","via_name":"","via_url":"","override_template":"0","override":[{"template":"1","single_blog_custom":"","parallax":"1","fullscreen":"1","layout":"right-sidebar","sidebar":"home-2","second_sidebar":"default-sidebar","sticky_sidebar":"0","share_position":"float","share_float_style":"share-monocrhome","show_share_counter":"0","show_view_counter":"0","show_featured":"1","show_post_meta":"1","show_post_author":"0","show_post_author_image":"1","show_post_date":"1","post_date_format":"default","post_date_format_custom":"Y\/m\/d","show_post_category":"1","show_post_reading_time":"0","post_reading_time_wpm":"300","show_zoom_button":"0","zoom_button_out_step":"2","zoom_button_in_step":"3","show_post_tag":"0","show_prev_next_post":"0","show_popup_post":"0","number_popup_post":"2","show_author_box":"0","show_post_related":"0","show_inline_post_related":"1"}],"override_image_size":"0","image_override":[{"single_post_thumbnail_size":"no-crop","single_post_gallery_size":"crop-500"}],"trending_post":"0","trending_post_position":"meta","trending_post_label":"Trending","sponsored_post":"0","sponsored_post_label":"Sponsored by","sponsored_post_name":"","sponsored_post_url":"","sponsored_post_logo_enable":"0","sponsored_post_logo":"","sponsored_post_desc":"","disable_ad":"0"},"jnews_primary_category":{"id":"","hide":""},"jnews_social_meta":{"fb_title":"","fb_description":"","fb_image":"","twitter_title":"","twitter_description":"","twitter_image":""},"jnews_override_counter":{"override_view_counter":"0","view_counter_number":"0","override_share_counter":"0","share_counter_number":"0","override_like_counter":"0","like_counter_number":"0","override_dislike_counter":"0","dislike_counter_number":"0"},"footnotes":""},"categories":[6311,33],"tags":[],"class_list":["post-102383","post","type-post","status-publish","format-standard","has-post-thumbnail","hentry","category-hombres","category-perfumes"],"_links":{"self":[{"href":"https:\/\/www.primor.eu\/blog\/wp-json\/wp\/v2\/posts\/102383","targetHints":{"allow":["GET"]}}],"collection":[{"href":"https:\/\/www.primor.eu\/blog\/wp-json\/wp\/v2\/posts"}],"about":[{"href":"https:\/\/www.primor.eu\/blog\/wp-json\/wp\/v2\/types\/post"}],"author":[{"embeddable":true,"href":"https:\/\/www.primor.eu\/blog\/wp-json\/wp\/v2\/users\/14"}],"replies":[{"embeddable":true,"href":"https:\/\/www.primor.eu\/blog\/wp-json\/wp\/v2\/comments?post=102383"}],"version-history":[{"count":4,"href":"https:\/\/www.primor.eu\/blog\/wp-json\/wp\/v2\/posts\/102383\/revisions"}],"predecessor-version":[{"id":136589,"href":"https:\/\/www.primor.eu\/blog\/wp-json\/wp\/v2\/posts\/102383\/revisions\/136589"}],"wp:featuredmedia":[{"embeddable":true,"href":"https:\/\/www.primor.eu\/blog\/wp-json\/wp\/v2\/media\/102388"}],"wp:attachment":[{"href":"https:\/\/www.primor.eu\/blog\/wp-json\/wp\/v2\/media?parent=102383"}],"wp:term":[{"taxonomy":"category","embeddable":true,"href":"https:\/\/www.primor.eu\/blog\/wp-json\/wp\/v2\/categories?post=102383"},{"taxonomy":"post_tag","embeddable":true,"href":"https:\/\/www.primor.eu\/blog\/wp-json\/wp\/v2\/tags?post=102383"}],"curies":[{"name":"wp","href":"https:\/\/api.w.org\/{rel}","templated":true}]}}