{"id":102382,"date":"2024-05-01T09:18:57","date_gmt":"2024-05-01T09:18:57","guid":{"rendered":"https:\/\/www.primor.eu\/blog\/?p=102382"},"modified":"2025-07-10T13:58:32","modified_gmt":"2025-07-10T13:58:32","slug":"mejores-protectores-solares-piel-acne","status":"publish","type":"post","link":"https:\/\/www.primor.eu\/blog\/mejores-protectores-solares-piel-acne\/","title":{"rendered":"Los mejores protectores solares si tienes una piel con acn\u00e9"},"content":{"rendered":"\n<p>Si eres de las que tienes <strong>acn\u00e9<\/strong>, solo podemos decirte que te entendemos. Es una patolog\u00eda mucho m\u00e1s com\u00fan de lo que piensas. Sin embargo, eso no significa que no puedas erradicarla con los productos adecuados. No obstante, ten en cuenta que una de los aspectos m\u00e1s importantes que deber\u00edas tener siempre presente es <strong>proteger<\/strong> tu piel con buenos <a href=\"https:\/\/www.primor.eu\/blog\/solares\/\">solares<\/a> formulados para sus necesidades. En este art\u00edculo de Primor te contamos cu\u00e1les son los <strong>protectores solares para pieles acn\u00e9<\/strong> que deber\u00edas a\u00f1adir a tu rutina.&nbsp;<\/p>\n\n\n\n<h2 class=\"wp-block-heading\">Trucos para aplicar bien tus protectores solares para pieles con acn\u00e9<\/h2>\n\n\n\n<ul class=\"wp-block-list\">\n<li><strong>Limpia el rostro<\/strong>. Es s\u00faper importante para evitar que tus imperfecciones se marquen ante la exposici\u00f3n solar.<\/li>\n\n\n\n<li>A la hora de escoger una <strong>crema hidrante<\/strong> (que aplicar\u00e1s antes del protector), utiliza una <strong>que no contenga perfume ni aceites<\/strong>. De lo contrario, podr\u00edan quedar marcas.<\/li>\n\n\n\n<li>Aplica tu protector solar para la cara o fotoprotector <strong>\u00fanicamente cuando tu piel haya absorbido por completo tu crema hidratante.<\/strong><\/li>\n\n\n\n<li>\u00bfEres de maquillarte? Apuesta por una crema con color para rostro, cuello y escote. \u00a1Matar\u00e1s dos p\u00e1jaros de un tiro!<\/li>\n<\/ul>\n\n\n\n<h2 class=\"wp-block-heading\">Protectores solares para piel con acn\u00e9<\/h2>\n\n\n        <product-table class=\"pr-slider\">\r\n            <product-headers class=\"grid-table-rows\">\r\n                <div>Foto<\/div>\r\n                <div>Producto<\/div>\r\n                <div>Marca<\/div>\r\n                <div>Valoraciones<\/div>\r\n                <div>Precio<\/div>\r\n            <\/product-headers>\r\n\r\n            <product-list>\r\n                                    <a href=\"https:\/\/www.primor.eu\/es_es\/acnemy-zitcontrol-tratamiento-pieles-con-tendencia-acneica-spf50-16658.html\" class=\"product-item grid-table-rows\" target=\"_blank\">\r\n                        <div>\r\n                            <img decoding=\"async\" class=\"product-img\" width=\"80px\" height=\"80px\" src=\"https:\/\/cdn2.primor.eu\/media\/catalog\/product\/cache\/8d3aba296f7a18b5251ee30fa5db42b2\/0\/T\/0TF20631_1_7711.jpg\" alt=\"Zitcontrol Tratamiento Pieles con Tendencia Acn\u00e9ica SPF50\">\r\n                        <\/div>\r\n\r\n                        <!-- Contenido de producto  -->\r\n                        <div>\r\n                            <div class=\"product-position\">\r\n                                #1 Top Ventas                            <\/div>\r\n\r\n                            <h2>\r\n                                Zitcontrol Tratamiento Pieles con Tendencia Acn\u00e9ica SPF50                            <\/h2>\r\n                        <\/div>\r\n\r\n                        <!-- Imagen y\/o nombre de la marca -->\r\n                        <div>\r\n                                                            <img decoding=\"async\" width=\"70\" src=\"https:\/\/www.primor.eu\/media\/catalog\/category\/Acnemy.png\" alt=\"\">\r\n                                                    <\/div>\r\n\r\n                        <!-- Puntuaci\u00f3n del producto  -->\r\n                        <div class=\"rating\">\r\n                                                            <div class=\"rate\" style=\"--p:82;\"><\/div>\r\n                                <b>4.1\/5<\/b>\r\n                                <div class=\"rate-stars\">\r\n                                                                            <div\r\n                                            class=\"rate-star  \">\r\n                                        <\/div>\r\n                                                                            <div\r\n                                            class=\"rate-star  \">\r\n                                        <\/div>\r\n                                                                            <div\r\n                                            class=\"rate-star  \">\r\n                                        <\/div>\r\n                                                                            <div\r\n                                            class=\"rate-star  \">\r\n                                        <\/div>\r\n                                                                            <div\r\n                                            class=\"rate-star  \">\r\n                                        <\/div>\r\n                                                                    <\/div>\r\n                                                    <\/div>\r\n\r\n                        <!-- Bot\u00f3n de producto  -->\r\n                        <div>\r\n                            <span class=\"price-claim\">\r\n                                VER PRECIO                            <\/span>\r\n                        <\/div>\r\n                    <\/a>\r\n                                    <a href=\"https:\/\/www.primor.eu\/es_es\/cantabria-labs-heliocare-360-gel-fotoprotector-water-spf-50-54913.html\" class=\"product-item grid-table-rows\" target=\"_blank\">\r\n                        <div>\r\n                            <img decoding=\"async\" class=\"product-img\" width=\"80px\" height=\"80px\" src=\"https:\/\/cdn2.primor.eu\/media\/catalog\/product\/cache\/8d3aba296f7a18b5251ee30fa5db42b2\/8\/4\/8470001930156__1__85ac.jpg\" alt=\"Heliocare 360\u00ba Gel Fotoprotector Water SPF 50+\">\r\n                        <\/div>\r\n\r\n                        <!-- Contenido de producto  -->\r\n                        <div>\r\n                            <div class=\"product-position\">\r\n                                #2                            <\/div>\r\n\r\n                            <h2>\r\n                                Heliocare 360\u00ba Gel Fotoprotector Water SPF 50+                            <\/h2>\r\n                        <\/div>\r\n\r\n                        <!-- Imagen y\/o nombre de la marca -->\r\n                        <div>\r\n                                                            <img decoding=\"async\" width=\"70\" src=\"https:\/\/www.primor.eu\/media\/catalog\/category\/cantabria-labs-brand-logo.png\" alt=\"\">\r\n                                                    <\/div>\r\n\r\n                        <!-- Puntuaci\u00f3n del producto  -->\r\n                        <div class=\"rating\">\r\n                                                            <div class=\"rate\" style=\"--p:98;\"><\/div>\r\n                                <b>4.9\/5<\/b>\r\n                                <div class=\"rate-stars\">\r\n                                                                            <div\r\n                                            class=\"rate-star  \">\r\n                                        <\/div>\r\n                                                                            <div\r\n                                            class=\"rate-star  \">\r\n                                        <\/div>\r\n                                                                            <div\r\n                                            class=\"rate-star  \">\r\n                                        <\/div>\r\n                                                                            <div\r\n                                            class=\"rate-star  \">\r\n                                        <\/div>\r\n                                                                            <div\r\n                                            class=\"rate-star  \">\r\n                                        <\/div>\r\n                                                                    <\/div>\r\n                                                    <\/div>\r\n\r\n                        <!-- Bot\u00f3n de producto  -->\r\n                        <div>\r\n                            <span class=\"price-claim\">\r\n                                VER PRECIO                            <\/span>\r\n                        <\/div>\r\n                    <\/a>\r\n                                    <a href=\"https:\/\/www.primor.eu\/es_es\/bioderma-photoderm-akn-mat-54903.html\" class=\"product-item grid-table-rows\" target=\"_blank\">\r\n                        <div>\r\n                            <img decoding=\"async\" class=\"product-img\" width=\"80px\" height=\"80px\" src=\"https:\/\/cdn2.primor.eu\/media\/catalog\/product\/cache\/8d3aba296f7a18b5251ee30fa5db42b2\/6\/X\/6XS05029_1_c07d.jpg\" alt=\"Photoderm Akn Mat\">\r\n                        <\/div>\r\n\r\n                        <!-- Contenido de producto  -->\r\n                        <div>\r\n                            <div class=\"product-position\">\r\n                                #3                            <\/div>\r\n\r\n                            <h2>\r\n                                Photoderm Akn Mat                            <\/h2>\r\n                        <\/div>\r\n\r\n                        <!-- Imagen y\/o nombre de la marca -->\r\n                        <div>\r\n                                                            <img decoding=\"async\" width=\"70\" src=\"https:\/\/www.primor.eu\/media\/catalog\/category\/Logo-Bioderma-1.png\" alt=\"\">\r\n                                                    <\/div>\r\n\r\n                        <!-- Puntuaci\u00f3n del producto  -->\r\n                        <div class=\"rating\">\r\n                                                            <div class=\"rate\" style=\"--p:96;\"><\/div>\r\n                                <b>4.8\/5<\/b>\r\n                                <div class=\"rate-stars\">\r\n                                                                            <div\r\n                                            class=\"rate-star  \">\r\n                                        <\/div>\r\n                                                                            <div\r\n                                            class=\"rate-star  \">\r\n                                        <\/div>\r\n                                                                            <div\r\n                                            class=\"rate-star  \">\r\n                                        <\/div>\r\n                                                                            <div\r\n                                            class=\"rate-star  \">\r\n                                        <\/div>\r\n                                                                            <div\r\n                                            class=\"rate-star  \">\r\n                                        <\/div>\r\n                                                                    <\/div>\r\n                                                    <\/div>\r\n\r\n                        <!-- Bot\u00f3n de producto  -->\r\n                        <div>\r\n                            <span class=\"price-claim\">\r\n                                VER PRECIO                            <\/span>\r\n                        <\/div>\r\n                    <\/a>\r\n                                    <a href=\"https:\/\/www.primor.eu\/es_es\/eucerin-sun-face-oil-control-dry-touch-gel-crema-fps30-54925.html\" class=\"product-item grid-table-rows\" target=\"_blank\">\r\n                        <div>\r\n                            <img decoding=\"async\" class=\"product-img\" width=\"80px\" height=\"80px\" src=\"https:\/\/cdn2.primor.eu\/media\/catalog\/product\/cache\/8d3aba296f7a18b5251ee30fa5db42b2\/5\/1\/51839960833_284afcc9c2_o_0e98.jpg\" alt=\"Sun Face Oil Control Dry Touch Gel Crema FPS30\">\r\n                        <\/div>\r\n\r\n                        <!-- Contenido de producto  -->\r\n                        <div>\r\n                            <div class=\"product-position\">\r\n                                #4                            <\/div>\r\n\r\n                            <h2>\r\n                                Sun Face Oil Control Dry Touch Gel Crema FPS30                            <\/h2>\r\n                        <\/div>\r\n\r\n                        <!-- Imagen y\/o nombre de la marca -->\r\n                        <div>\r\n                                                            <img decoding=\"async\" width=\"70\" src=\"https:\/\/www.primor.eu\/media\/catalog\/category\/Eucerin_Logo_RGB-eCom515x515_72dpi.jpg\" alt=\"\">\r\n                                                    <\/div>\r\n\r\n                        <!-- Puntuaci\u00f3n del producto  -->\r\n                        <div class=\"rating\">\r\n                                                            <div class=\"rate\" style=\"--p:96;\"><\/div>\r\n                                <b>4.8\/5<\/b>\r\n                                <div class=\"rate-stars\">\r\n                                                                            <div\r\n                                            class=\"rate-star  \">\r\n                                        <\/div>\r\n                                                                            <div\r\n                                            class=\"rate-star  \">\r\n                                        <\/div>\r\n                                                                            <div\r\n                                            class=\"rate-star  \">\r\n                                        <\/div>\r\n                                                                            <div\r\n                                            class=\"rate-star  \">\r\n                                        <\/div>\r\n                                                                            <div\r\n                                            class=\"rate-star  \">\r\n                                        <\/div>\r\n                                                                    <\/div>\r\n                                                    <\/div>\r\n\r\n                        <!-- Bot\u00f3n de producto  -->\r\n                        <div>\r\n                            <span class=\"price-claim\">\r\n                                VER PRECIO                            <\/span>\r\n                        <\/div>\r\n                    <\/a>\r\n                                    <a href=\"https:\/\/www.primor.eu\/es_es\/avene-cleanance-solar-piel-grasa-113023.html?#811=61778\" class=\"product-item grid-table-rows\" target=\"_blank\">\r\n                        <div>\r\n                            <img decoding=\"async\" class=\"product-img\" width=\"80px\" height=\"80px\" src=\"https:\/\/cdn2.primor.eu\/media\/catalog\/product\/cache\/8d3aba296f7a18b5251ee30fa5db42b2\/6\/X\/6XS06325_1_4d86.jpg\" alt=\"Cleanance Solar Piel Grasa\">\r\n                        <\/div>\r\n\r\n                        <!-- Contenido de producto  -->\r\n                        <div>\r\n                            <div class=\"product-position\">\r\n                                #5                            <\/div>\r\n\r\n                            <h2>\r\n                                Cleanance Solar Piel Grasa                            <\/h2>\r\n                        <\/div>\r\n\r\n                        <!-- Imagen y\/o nombre de la marca -->\r\n                        <div>\r\n                                                            <img decoding=\"async\" width=\"70\" src=\"https:\/\/www.primor.eu\/media\/catalog\/category\/Avene.png\" alt=\"Avene\">\r\n                                                    <\/div>\r\n\r\n                        <!-- Puntuaci\u00f3n del producto  -->\r\n                        <div class=\"rating\">\r\n                                                            <div class=\"rate\" style=\"--p:90;\"><\/div>\r\n                                <b>4.5\/5<\/b>\r\n                                <div class=\"rate-stars\">\r\n                                                                            <div\r\n                                            class=\"rate-star  \">\r\n                                        <\/div>\r\n                                                                            <div\r\n                                            class=\"rate-star  \">\r\n                                        <\/div>\r\n                                                                            <div\r\n                                            class=\"rate-star  \">\r\n                                        <\/div>\r\n                                                                            <div\r\n                                            class=\"rate-star  \">\r\n                                        <\/div>\r\n                                                                            <div\r\n                                            class=\"rate-star  middle\">\r\n                                        <\/div>\r\n                                                                    <\/div>\r\n                                                    <\/div>\r\n\r\n                        <!-- Bot\u00f3n de producto  -->\r\n                        <div>\r\n                            <span class=\"price-claim\">\r\n                                VER PRECIO                            <\/span>\r\n                        <\/div>\r\n                    <\/a>\r\n                            <\/product-list>\r\n        <\/product-table>\r\n\r\n        \n\n\n\n<h3 class=\"wp-block-heading\">Zitcontrol Tratamiento Pieles Tendencia Acneica SPF50 de Acnemy<\/h3>\n\n\n\n<p>Es una crema ligera que proteger\u00e1 tu piel del da\u00f1o solar y de los rayos UVA y UVB. a base de \u00e1cido salic\u00edlico, zinc PCA, niacinamida y quora noniPRCF que ayudar\u00e1 a controlar las espinillas, reducirlas y evitar su aparici\u00f3n. La soluci\u00f3n perfecta para el acn\u00e9.&nbsp;<\/p>\n\n\n    <a class='product' target='_blank' href='https:\/\/www.primor.eu\/es_es\/acnemy-zitcontrol-tratamiento-pieles-con-tendencia-acneica-spf50-16658.html'>\r\n        <img loading='async' src='https:\/\/cdn2.primor.eu\/media\/catalog\/product\/cache\/8d3aba296f7a18b5251ee30fa5db42b2\/0\/T\/0TF20631_1_7711.jpg' alt='COMPRAR AHORA'>\r\n            <div class=\"claim\">\r\n                COMPRAR AHORA            <\/div>\r\n        <\/a>\r\n    \n\n\n\n<h3 class=\"wp-block-heading\">Heliocare 360\u00ba Gel Fotoprotector Water SPF50+ de Cantabria Labs<\/h3>\n\n\n\n<p>Con Fernblock\u00ae+, filtros espec\u00edficos y activos reparadores y antioxidantes, este fotoprotector protege frente a las 4 radiaciones (UVB, UVA, Visible e Infrarrojo), neutraliza y repara el da\u00f1o solar. Su f\u00f3rmula acuosa, ultraligera y no comedog\u00e9nica se absorbe r\u00e1pidamente dejando la piel hidratada y manteniendo su confort durante la exposici\u00f3n solar. Adem\u00e1s, tambi\u00e9n cuenta con un sistema hidratante de liberaci\u00f3n prolongada que permite mantener la piel hidratada desde la aplicaci\u00f3n y a lo largo del tiempo.<\/p>\n\n\n    <a class='product' target='_blank' href='https:\/\/www.primor.eu\/es_es\/cantabria-labs-heliocare-360-gel-fotoprotector-water-spf-50-54913.html'>\r\n        <img loading='async' src='https:\/\/cdn2.primor.eu\/media\/catalog\/product\/cache\/8d3aba296f7a18b5251ee30fa5db42b2\/8\/4\/8470001930156__1__85ac.jpg' alt='COMPRAR AHORA'>\r\n            <div class=\"claim\">\r\n                COMPRAR AHORA            <\/div>\r\n        <\/a>\r\n    \n\n\n\n<h3 class=\"wp-block-heading\">Photoderm AKN Mat Fluido Alta protecci\u00f3n para pieles mixtas o grasas de Bioderma <\/h3>\n\n\n\n<p>La alta eficacia anti-UVB y anti-UVA de Bioderma Photoderm AKN Mat protege de forma segura contra las quemaduras solares. Un gran avance frente a los riesgos de da\u00f1os celulares, su exclusivo complejo patentado Cellular BIOprotection\u00ae proporciona una protecci\u00f3n \u00f3ptima de las c\u00e9lulas de la piel, a la vez que el complejo seboregulador Fluidactiv\u00ae, mejora la calidad del sebo y ayuda a mantener la piel limpia y sana.<\/p>\n\n\n    <a class='product' target='_blank' href='https:\/\/www.primor.eu\/es_es\/bioderma-photoderm-akn-mat-54903.html'>\r\n        <img loading='async' src='https:\/\/cdn2.primor.eu\/media\/catalog\/product\/cache\/8d3aba296f7a18b5251ee30fa5db42b2\/6\/X\/6XS05029_1_c07d.jpg' alt='COMPRAR AHORA'>\r\n            <div class=\"claim\">\r\n                COMPRAR AHORA            <\/div>\r\n        <\/a>\r\n    \n\n\n\n<h3 class=\"wp-block-heading\">Sun Protection Oil Control Toque seco SPF30+ de Eucerin<\/h3>\n\n\n\n<p>Es el producto ideal de protecci\u00f3n diaria para pieles grasas y\/o tendencia acn\u00e9ica. Protecci\u00f3n muy alta UVA\/UVB, seg\u00fan normativa UE. Con acabado mate seco de larga duraci\u00f3n, este protector deja un efecto anti-brillos. Es un producto no comedog\u00e9nico y sin perfumes.<\/p>\n\n\n    <a class='product' target='_blank' href='https:\/\/www.primor.eu\/es_es\/eucerin-sun-face-oil-control-dry-touch-gel-crema-fps30-54925.html'>\r\n        <img loading='async' src='https:\/\/cdn2.primor.eu\/media\/catalog\/product\/cache\/8d3aba296f7a18b5251ee30fa5db42b2\/5\/1\/51839960833_284afcc9c2_o_0e98.jpg' alt='COMPRAR AHORA'>\r\n            <div class=\"claim\">\r\n                COMPRAR AHORA            <\/div>\r\n        <\/a>\r\n    \n\n\n\n<h3 class=\"wp-block-heading\">Cleanance Solar Piel Grasa de Avene<\/h3>\n\n\n\n<p>Ofrece muy alta protecci\u00f3n solar para pieles con tendencia acneica.<\/p>\n\n\n\n<p>Resistente al agua, de toque seco y sin efecto blanco,&nbsp;<strong>Av\u00e8ne Cleanance Solaire<\/strong>&nbsp;ofrece larga protecci\u00f3n UVB-UVA fotoestable.<\/p>\n\n\n\n<p>OIL-FREE. Sin parabenos, sin siliconas, sin alcohol, sin octocrileno.<\/p>\n\n\n\n<p>Los principales beneficios de&nbsp;<strong>Av\u00e8ne Cleanance Solaire<\/strong>&nbsp;son:<\/p>\n\n\n\n<ul class=\"wp-block-list\">\n<li>Complejo de activos fotoprotectores que aseguran una alta protecci\u00f3n contra el conjunto de radiaci\u00f3n solar UVB-UVA largos y cortos.<\/li>\n\n\n\n<li>Pre-tocoferil, poderoso antioxidante. Precursor fotoestable de la vitamina E, que proporciona una protecci\u00f3n celular complementaria.(8 veces m\u00e1s eficaz que la vitamina E)<\/li>\n\n\n\n<li>Polvos matificantes y Gluconato de Zinc (poder anti-inflamatorio)<\/li>\n\n\n\n<li>Acci\u00f3n seborreguladora gracias al nuevo principio activo Monolaurina, patente registrada de Pierre Fabre<\/li>\n\n\n\n<li>Ofrece una textura de toque seco.<\/li>\n<\/ul>\n\n\n    <a class='product' target='_blank' href='https:\/\/www.primor.eu\/es_es\/avene-cleanance-solar-piel-grasa-113023.html?#811=61778'>\r\n        <img loading='async' src='https:\/\/cdn2.primor.eu\/media\/catalog\/product\/cache\/8d3aba296f7a18b5251ee30fa5db42b2\/6\/X\/6XS06325_1_4d86.jpg' alt='COMPRAR AHORA'>\r\n            <div class=\"claim\">\r\n                COMPRAR AHORA            <\/div>\r\n        <\/a>\r\n    \n\n\n\n<h3 class=\"wp-block-heading\">Pack Anti-Imperfecciones Acnestil Gel Limpieza Profunda + Protector Solar SPF50+ de Rilastil<\/h3>\n\n\n\n<p>Este pack est\u00e1 especialmente dise\u00f1ado para pieles mixtas, grasas y con tendencia acn\u00e9ica. Incluye el Acnestil Gel Limpiador 50 ml y el Sun System Acnestil Fotoprotector Solar SPF 50+ 40 ml, proporcionando una rutina completa para el cuidado y la protecci\u00f3n de la piel propensa a imperfecciones.<\/p>\n\n\n    <a class='product' target='_blank' href='https:\/\/www.primor.eu\/es_es\/rilastil-pack-anti-imperfecciones-acnestil-gel-limpieza-profunda-protector-solar-spf50-101399.html'>\r\n        <img loading='async' src='https:\/\/cdn2.primor.eu\/media\/catalog\/product\/cache\/8d3aba296f7a18b5251ee30fa5db42b2\/p\/i\/pixelcut_export_506c.jpeg' alt='COMPRAR AHORA'>\r\n            <div class=\"claim\">\r\n                COMPRAR AHORA            <\/div>\r\n        <\/a>\r\n    \n\n\n\n<h3 class=\"wp-block-heading\">Bari\u00e9sun Spray Solar SPF50+ de Uriage<\/h3>\n\n\n\n<p>Gracias a su textura ligera y de r\u00e1pida absorci\u00f3n, el protector solar Uriage Bari\u00e9sun Spray Solar SPF50+ es adecuado para todo tipo de piel, incluso la m\u00e1s sensible. La marca URIAGE formula sus productos sin micropl\u00e1sticos, con alta tolerancia dermatol\u00f3gica y compromiso ambiental. Es resistente al agua, no comedog\u00e9nico y apto para pieles propensas al acn\u00e9. URIAGE ofrece as\u00ed una opci\u00f3n de cuidado solar responsable y eficaz.<\/p>\n\n\n    <a class='product' target='_blank' href='https:\/\/www.primor.eu\/es_es\/uriage-bariesun-spray-solar-spf50-124603.html'>\r\n        <img loading='async' src='https:\/\/cdn2.primor.eu\/media\/catalog\/product\/cache\/8d3aba296f7a18b5251ee30fa5db42b2\/3\/6\/3661434009815_7437.jpg' alt='COMPRAR AHORA'>\r\n            <div class=\"claim\">\r\n                COMPRAR AHORA            <\/div>\r\n        <\/a>\r\n    \n\n\n<div class=\"kk-star-ratings kksr-auto kksr-align-center kksr-valign-bottom\"\n    data-payload='{&quot;align&quot;:&quot;center&quot;,&quot;id&quot;:&quot;102382&quot;,&quot;slug&quot;:&quot;default&quot;,&quot;valign&quot;:&quot;bottom&quot;,&quot;ignore&quot;:&quot;&quot;,&quot;reference&quot;:&quot;auto&quot;,&quot;class&quot;:&quot;&quot;,&quot;count&quot;:&quot;4&quot;,&quot;legendonly&quot;:&quot;&quot;,&quot;readonly&quot;:&quot;&quot;,&quot;score&quot;:&quot;4.5&quot;,&quot;starsonly&quot;:&quot;&quot;,&quot;best&quot;:&quot;5&quot;,&quot;gap&quot;:&quot;5&quot;,&quot;greet&quot;:&quot;Valora este art\u00edculo&quot;,&quot;legend&quot;:&quot;4.5\\\/5 - (4 votos)&quot;,&quot;size&quot;:&quot;24&quot;,&quot;title&quot;:&quot;Los mejores protectores solares si tienes una piel con acn\u00e9&quot;,&quot;width&quot;:&quot;128&quot;,&quot;_legend&quot;:&quot;{score}\\\/{best} - ({count} {votes})&quot;,&quot;font_factor&quot;:&quot;1.25&quot;}'>\n            \n<div class=\"kksr-stars\">\n    \n<div class=\"kksr-stars-inactive\">\n            <div class=\"kksr-star\" data-star=\"1\" style=\"padding-right: 5px\">\n            \n\n<div class=\"kksr-icon\" style=\"width: 24px; height: 24px;\"><\/div>\n        <\/div>\n            <div class=\"kksr-star\" data-star=\"2\" style=\"padding-right: 5px\">\n            \n\n<div class=\"kksr-icon\" style=\"width: 24px; height: 24px;\"><\/div>\n        <\/div>\n            <div class=\"kksr-star\" data-star=\"3\" style=\"padding-right: 5px\">\n            \n\n<div class=\"kksr-icon\" style=\"width: 24px; height: 24px;\"><\/div>\n        <\/div>\n            <div class=\"kksr-star\" data-star=\"4\" style=\"padding-right: 5px\">\n            \n\n<div class=\"kksr-icon\" style=\"width: 24px; height: 24px;\"><\/div>\n        <\/div>\n            <div class=\"kksr-star\" data-star=\"5\" style=\"padding-right: 5px\">\n            \n\n<div class=\"kksr-icon\" style=\"width: 24px; height: 24px;\"><\/div>\n        <\/div>\n    <\/div>\n    \n<div class=\"kksr-stars-active\" style=\"width: 128px;\">\n            <div class=\"kksr-star\" style=\"padding-right: 5px\">\n            \n\n<div class=\"kksr-icon\" style=\"width: 24px; height: 24px;\"><\/div>\n        <\/div>\n            <div class=\"kksr-star\" style=\"padding-right: 5px\">\n            \n\n<div class=\"kksr-icon\" style=\"width: 24px; height: 24px;\"><\/div>\n        <\/div>\n            <div class=\"kksr-star\" style=\"padding-right: 5px\">\n            \n\n<div class=\"kksr-icon\" style=\"width: 24px; height: 24px;\"><\/div>\n        <\/div>\n            <div class=\"kksr-star\" style=\"padding-right: 5px\">\n            \n\n<div class=\"kksr-icon\" style=\"width: 24px; height: 24px;\"><\/div>\n        <\/div>\n            <div class=\"kksr-star\" style=\"padding-right: 5px\">\n            \n\n<div class=\"kksr-icon\" style=\"width: 24px; height: 24px;\"><\/div>\n        <\/div>\n    <\/div>\n<\/div>\n                \n\n<div class=\"kksr-legend\" style=\"font-size: 19.2px;\">\n            4.5\/5 - (4 votos)    <\/div>\n    <\/div>\n","protected":false},"excerpt":{"rendered":"<p>Si eres de las que tienes acn\u00e9, solo podemos decirte que te entendemos. Es una patolog\u00eda mucho m\u00e1s com\u00fan de lo que piensas. Sin embargo, eso no significa que no puedas erradicarla con los productos adecuados. No obstante, ten en cuenta que una de los aspectos m\u00e1s importantes que deber\u00edas tener siempre presente es proteger [&hellip;]<\/p>\n","protected":false},"author":14,"featured_media":102387,"comment_status":"closed","ping_status":"closed","sticky":false,"template":"","format":"standard","meta":{"jnews-multi-image_gallery":[],"jnews_single_post":{"subtitle":"","format":"standard","video":"","gallery":"","source_name":"","source_url":"","via_name":"","via_url":"","override_template":"0","override":[{"template":"1","single_blog_custom":"","parallax":"1","fullscreen":"1","layout":"right-sidebar","sidebar":"home-2","second_sidebar":"default-sidebar","sticky_sidebar":"0","share_position":"float","share_float_style":"share-monocrhome","show_share_counter":"0","show_view_counter":"0","show_featured":"1","show_post_meta":"1","show_post_author":"0","show_post_author_image":"1","show_post_date":"1","post_date_format":"default","post_date_format_custom":"Y\/m\/d","show_post_category":"1","show_post_reading_time":"0","post_reading_time_wpm":"300","show_zoom_button":"0","zoom_button_out_step":"2","zoom_button_in_step":"3","show_post_tag":"0","show_prev_next_post":"0","show_popup_post":"0","number_popup_post":"2","show_author_box":"0","show_post_related":"0","show_inline_post_related":"1"}],"override_image_size":"0","image_override":[{"single_post_thumbnail_size":"no-crop","single_post_gallery_size":"crop-500"}],"trending_post":"0","trending_post_position":"meta","trending_post_label":"Trending","sponsored_post":"0","sponsored_post_label":"Sponsored by","sponsored_post_name":"","sponsored_post_url":"","sponsored_post_logo_enable":"0","sponsored_post_logo":"","sponsored_post_desc":"","disable_ad":"0"},"jnews_primary_category":{"id":"","hide":""},"jnews_social_meta":{"fb_title":"","fb_description":"","fb_image":"","twitter_title":"","twitter_description":"","twitter_image":""},"jnews_override_counter":{"override_view_counter":"0","view_counter_number":"0","override_share_counter":"0","share_counter_number":"0","override_like_counter":"0","like_counter_number":"0","override_dislike_counter":"0","dislike_counter_number":"0"},"footnotes":""},"categories":[6302],"tags":[],"class_list":["post-102382","post","type-post","status-publish","format-standard","has-post-thumbnail","hentry","category-solares"],"_links":{"self":[{"href":"https:\/\/www.primor.eu\/blog\/wp-json\/wp\/v2\/posts\/102382","targetHints":{"allow":["GET"]}}],"collection":[{"href":"https:\/\/www.primor.eu\/blog\/wp-json\/wp\/v2\/posts"}],"about":[{"href":"https:\/\/www.primor.eu\/blog\/wp-json\/wp\/v2\/types\/post"}],"author":[{"embeddable":true,"href":"https:\/\/www.primor.eu\/blog\/wp-json\/wp\/v2\/users\/14"}],"replies":[{"embeddable":true,"href":"https:\/\/www.primor.eu\/blog\/wp-json\/wp\/v2\/comments?post=102382"}],"version-history":[{"count":2,"href":"https:\/\/www.primor.eu\/blog\/wp-json\/wp\/v2\/posts\/102382\/revisions"}],"predecessor-version":[{"id":129267,"href":"https:\/\/www.primor.eu\/blog\/wp-json\/wp\/v2\/posts\/102382\/revisions\/129267"}],"wp:featuredmedia":[{"embeddable":true,"href":"https:\/\/www.primor.eu\/blog\/wp-json\/wp\/v2\/media\/102387"}],"wp:attachment":[{"href":"https:\/\/www.primor.eu\/blog\/wp-json\/wp\/v2\/media?parent=102382"}],"wp:term":[{"taxonomy":"category","embeddable":true,"href":"https:\/\/www.primor.eu\/blog\/wp-json\/wp\/v2\/categories?post=102382"},{"taxonomy":"post_tag","embeddable":true,"href":"https:\/\/www.primor.eu\/blog\/wp-json\/wp\/v2\/tags?post=102382"}],"curies":[{"name":"wp","href":"https:\/\/api.w.org\/{rel}","templated":true}]}}