{"id":102297,"date":"2024-04-29T08:32:58","date_gmt":"2024-04-29T08:32:58","guid":{"rendered":"https:\/\/www.primor.eu\/blog\/?p=102297"},"modified":"2026-03-17T20:11:20","modified_gmt":"2026-03-17T20:11:20","slug":"mejores-protectores-solares-viajes","status":"publish","type":"post","link":"https:\/\/www.primor.eu\/blog\/mejores-protectores-solares-viajes\/","title":{"rendered":"Dime d\u00f3nde viajas y te dir\u00e9 cu\u00e1l es el protector solar que necesitas"},"content":{"rendered":"\n<p>Cuando viajas en avi\u00f3n, es importante saber qu\u00e9 tipo de <a href=\"https:\/\/www.primor.eu\/blog\/solares\/\">protector solar<\/a> puedes llevar contigo seg\u00fan las regulaciones de seguridad y las restricciones de l\u00edquidos en el <strong>equipaje de mano<\/strong>. En este art\u00edculo de Primor te contamos qu\u00e9 debes tener en cuenta y cu\u00e1les son los mejores.&nbsp;<\/p>\n\n\n\n<h2 class=\"wp-block-heading\">Viajo en avi\u00f3n: cu\u00e1les son las reglas para mi protector solar<\/h2>\n\n\n\n<p>Las mismas que para los l\u00edquidos. Es decir:<\/p>\n\n\n\n<h3 class=\"wp-block-heading\">Tama\u00f1o de los envases<\/h3>\n\n\n\n<ul class=\"wp-block-list\">\n<li>De acuerdo con las <strong>regulaciones de seguridad a\u00e9rea<\/strong>, los l\u00edquidos en el equipaje de mano deben estar en recipientes individuales de no m\u00e1s de <strong>100 ml<\/strong> (3.4 oz) cada uno.<\/li>\n\n\n\n<li>Esto incluye productos como <strong>protector solar, lociones, cremas, geles,<\/strong> entre otros.<\/li>\n<\/ul>\n\n\n\n<h3 class=\"wp-block-heading\">Pasa el control en una bolsa transparente<\/h3>\n\n\n\n<ul class=\"wp-block-list\">\n<li>Todos los l\u00edquidos que llevas en el equipaje de mano deben estar colocados en una bolsa de pl\u00e1stico transparente con cierre tipo ziploc.<\/li>\n\n\n\n<li>Cada pasajero est\u00e1 limitado a una bolsa de pl\u00e1stico transparente con capacidad <strong>m\u00e1xima de 1 litro <\/strong>(aproximadamente 20 cm x 20 cm).<\/li>\n<\/ul>\n\n\n\n<p>Por lo que, tu protector solar en el avi\u00f3n debe cumplir las siguientes reglas:<\/p>\n\n\n\n<ul class=\"wp-block-list\">\n<li>Busca un protector solar en presentaci\u00f3n de viaje o en envases de no m\u00e1s de 100 ml (3.4 oz) cada uno.<\/li>\n\n\n\n<li>Si tu protector solar habitual viene en un envase grande, considera transferirlo a un recipiente m\u00e1s peque\u00f1o y etiquetarlo correctamente.<\/li>\n<\/ul>\n\n\n\n<h2 class=\"wp-block-heading\">Mejores fotoprotectores que puedes llevar en el avi\u00f3n<\/h2>\n\n\n        <product-table class=\"pr-slider\">\r\n            <product-headers class=\"grid-table-rows\">\r\n                <div>Foto<\/div>\r\n                <div>Producto<\/div>\r\n                <div>Marca<\/div>\r\n                <div>Valoraciones<\/div>\r\n                <div>Precio<\/div>\r\n            <\/product-headers>\r\n\r\n            <product-list>\r\n                                    <a href=\"https:\/\/www.primor.eu\/es_es\/vichy-capital-soleil-uv-age-daily-spf50-55182.html\" class=\"product-item grid-table-rows\" target=\"_blank\">\r\n                        <div>\r\n                            <img decoding=\"async\" class=\"product-img\" width=\"80px\" height=\"80px\" src=\"https:\/\/cdn2.primor.eu\/media\/catalog\/product\/cache\/8d3aba296f7a18b5251ee30fa5db42b2\/3\/3\/3337875762298_f357.jpg\" alt=\"Capital Soleil UV-AGE Daily SPF50+\">\r\n                        <\/div>\r\n\r\n                        <!-- Contenido de producto  -->\r\n                        <div>\r\n                            <div class=\"product-position\">\r\n                                #1 Top Ventas                            <\/div>\r\n\r\n                            <h2>\r\n                                Capital Soleil UV-AGE Daily SPF50+                            <\/h2>\r\n                        <\/div>\r\n\r\n                        <!-- Imagen y\/o nombre de la marca -->\r\n                        <div>\r\n                                                            <p class=\"brand-name\"><b><\/b><\/p>\r\n                                                    <\/div>\r\n\r\n                        <!-- Puntuaci\u00f3n del producto  -->\r\n                        <div class=\"rating\">\r\n                                                            <div class=\"rate\" style=\"--p:92;\"><\/div>\r\n                                <b>4.6\/5<\/b>\r\n                                <div class=\"rate-stars\">\r\n                                                                            <div\r\n                                            class=\"rate-star  \">\r\n                                        <\/div>\r\n                                                                            <div\r\n                                            class=\"rate-star  \">\r\n                                        <\/div>\r\n                                                                            <div\r\n                                            class=\"rate-star  \">\r\n                                        <\/div>\r\n                                                                            <div\r\n                                            class=\"rate-star  \">\r\n                                        <\/div>\r\n                                                                            <div\r\n                                            class=\"rate-star  \">\r\n                                        <\/div>\r\n                                                                    <\/div>\r\n                                                    <\/div>\r\n\r\n                        <!-- Bot\u00f3n de producto  -->\r\n                        <div>\r\n                            <span class=\"price-claim\">\r\n                                VER PRECIO                            <\/span>\r\n                        <\/div>\r\n                    <\/a>\r\n                                    <a href=\"https:\/\/www.primor.eu\/es_es\/isdin-protector-solar-facial-fusion-water-magic-repair-113044.html?#863=67139\" class=\"product-item grid-table-rows\" target=\"_blank\">\r\n                        <div>\r\n                            <img decoding=\"async\" class=\"product-img\" width=\"80px\" height=\"80px\" src=\"https:\/\/cdn2.primor.eu\/media\/catalog\/product\/cache\/8d3aba296f7a18b5251ee30fa5db42b2\/C\/a\/Captura_21c9.JPG\" alt=\"Protector Solar Facial Fusion Water Magic Repair\">\r\n                        <\/div>\r\n\r\n                        <!-- Contenido de producto  -->\r\n                        <div>\r\n                            <div class=\"product-position\">\r\n                                #2                            <\/div>\r\n\r\n                            <h2>\r\n                                Protector Solar Facial Fusion Water Magic Repair                            <\/h2>\r\n                        <\/div>\r\n\r\n                        <!-- Imagen y\/o nombre de la marca -->\r\n                        <div>\r\n                                                            <img decoding=\"async\" width=\"70\" src=\"https:\/\/www.primor.eu\/media\/catalog\/category\/isdin.png\" alt=\"Isdin\">\r\n                                                    <\/div>\r\n\r\n                        <!-- Puntuaci\u00f3n del producto  -->\r\n                        <div class=\"rating\">\r\n                                                            <div class=\"rate\" style=\"--p:94;\"><\/div>\r\n                                <b>4.7\/5<\/b>\r\n                                <div class=\"rate-stars\">\r\n                                                                            <div\r\n                                            class=\"rate-star  \">\r\n                                        <\/div>\r\n                                                                            <div\r\n                                            class=\"rate-star  \">\r\n                                        <\/div>\r\n                                                                            <div\r\n                                            class=\"rate-star  \">\r\n                                        <\/div>\r\n                                                                            <div\r\n                                            class=\"rate-star  \">\r\n                                        <\/div>\r\n                                                                            <div\r\n                                            class=\"rate-star  \">\r\n                                        <\/div>\r\n                                                                    <\/div>\r\n                                                    <\/div>\r\n\r\n                        <!-- Bot\u00f3n de producto  -->\r\n                        <div>\r\n                            <span class=\"price-claim\">\r\n                                VER PRECIO                            <\/span>\r\n                        <\/div>\r\n                    <\/a>\r\n                                    <a href=\"https:\/\/www.primor.eu\/es_es\/beauty-drops-fluido-solar-ultraligero-con-color-113053.html?#863=78582\" class=\"product-item grid-table-rows\" target=\"_blank\">\r\n                        <div>\r\n                            <img decoding=\"async\" class=\"product-img\" width=\"80px\" height=\"80px\" src=\"https:\/\/cdn2.primor.eu\/media\/catalog\/product\/cache\/8d3aba296f7a18b5251ee30fa5db42b2\/S\/P\/SPF50_CON_COLOR_Azul_01_ff26.png\" alt=\"Fluido Solar Ultraligero con Color\">\r\n                        <\/div>\r\n\r\n                        <!-- Contenido de producto  -->\r\n                        <div>\r\n                            <div class=\"product-position\">\r\n                                #3                            <\/div>\r\n\r\n                            <h2>\r\n                                Fluido Solar Ultraligero con Color                            <\/h2>\r\n                        <\/div>\r\n\r\n                        <!-- Imagen y\/o nombre de la marca -->\r\n                        <div>\r\n                                                            <img decoding=\"async\" width=\"70\" src=\"https:\/\/www.primor.eu\/media\/catalog\/category\/beauty_Drops.png\" alt=\"Beauty Drops\">\r\n                                                    <\/div>\r\n\r\n                        <!-- Puntuaci\u00f3n del producto  -->\r\n                        <div class=\"rating\">\r\n                                                            <div class=\"rate\" style=\"--p:100;\"><\/div>\r\n                                <b>5\/5<\/b>\r\n                                <div class=\"rate-stars\">\r\n                                                                            <div\r\n                                            class=\"rate-star  \">\r\n                                        <\/div>\r\n                                                                            <div\r\n                                            class=\"rate-star  \">\r\n                                        <\/div>\r\n                                                                            <div\r\n                                            class=\"rate-star  \">\r\n                                        <\/div>\r\n                                                                            <div\r\n                                            class=\"rate-star  \">\r\n                                        <\/div>\r\n                                                                            <div\r\n                                            class=\"rate-star  \">\r\n                                        <\/div>\r\n                                                                    <\/div>\r\n                                                    <\/div>\r\n\r\n                        <!-- Bot\u00f3n de producto  -->\r\n                        <div>\r\n                            <span class=\"price-claim\">\r\n                                VER PRECIO                            <\/span>\r\n                        <\/div>\r\n                    <\/a>\r\n                                    <a href=\"https:\/\/www.primor.eu\/es_es\/gisele-denis-protector-solar-facial-ultralight-112943.html?#811=61778\" class=\"product-item grid-table-rows\" target=\"_blank\">\r\n                        <div>\r\n                            <img decoding=\"async\" class=\"product-img\" width=\"80px\" height=\"80px\" src=\"https:\/\/cdn2.primor.eu\/media\/catalog\/product\/cache\/8d3aba296f7a18b5251ee30fa5db42b2\/P\/r\/Protector_solar_facial_ultralight_SPF50_40ml_8414135876096_b7ba.jpg\" alt=\"Protector Solar Facial Ultralight\">\r\n                        <\/div>\r\n\r\n                        <!-- Contenido de producto  -->\r\n                        <div>\r\n                            <div class=\"product-position\">\r\n                                #4                            <\/div>\r\n\r\n                            <h2>\r\n                                Protector Solar Facial Ultralight                            <\/h2>\r\n                        <\/div>\r\n\r\n                        <!-- Imagen y\/o nombre de la marca -->\r\n                        <div>\r\n                                                            <img decoding=\"async\" width=\"70\" src=\"https:\/\/www.primor.eu\/media\/catalog\/category\/0521d065-38ea-4365-88e4-2a66ebd23c9e.jpg\" alt=\"Gisele Denis\">\r\n                                                    <\/div>\r\n\r\n                        <!-- Puntuaci\u00f3n del producto  -->\r\n                        <div class=\"rating\">\r\n                                                            <div class=\"rate\" style=\"--p:100;\"><\/div>\r\n                                <b>5\/5<\/b>\r\n                                <div class=\"rate-stars\">\r\n                                                                            <div\r\n                                            class=\"rate-star  \">\r\n                                        <\/div>\r\n                                                                            <div\r\n                                            class=\"rate-star  \">\r\n                                        <\/div>\r\n                                                                            <div\r\n                                            class=\"rate-star  \">\r\n                                        <\/div>\r\n                                                                            <div\r\n                                            class=\"rate-star  \">\r\n                                        <\/div>\r\n                                                                            <div\r\n                                            class=\"rate-star  \">\r\n                                        <\/div>\r\n                                                                    <\/div>\r\n                                                    <\/div>\r\n\r\n                        <!-- Bot\u00f3n de producto  -->\r\n                        <div>\r\n                            <span class=\"price-claim\">\r\n                                VER PRECIO                            <\/span>\r\n                        <\/div>\r\n                    <\/a>\r\n                                    <a href=\"https:\/\/www.primor.eu\/es_es\/altruist-face-fluid-protector-solar-para-rostro-spf50-112970.html?#854=66330\" class=\"product-item grid-table-rows\" target=\"_blank\">\r\n                        <div>\r\n                            <img decoding=\"async\" class=\"product-img\" width=\"80px\" height=\"80px\" src=\"https:\/\/cdn2.primor.eu\/media\/catalog\/product\/cache\/8d3aba296f7a18b5251ee30fa5db42b2\/0\/T\/0TS03497_1_2d86.jpg\" alt=\"Face Fluid Protector Solar para Rostro SPF50\">\r\n                        <\/div>\r\n\r\n                        <!-- Contenido de producto  -->\r\n                        <div>\r\n                            <div class=\"product-position\">\r\n                                #5                            <\/div>\r\n\r\n                            <h2>\r\n                                Face Fluid Protector Solar para Rostro SPF50                            <\/h2>\r\n                        <\/div>\r\n\r\n                        <!-- Imagen y\/o nombre de la marca -->\r\n                        <div>\r\n                                                            <img decoding=\"async\" width=\"70\" src=\"https:\/\/www.primor.eu\/media\/catalog\/category\/altruist.jpg\" alt=\"Altruist\">\r\n                                                    <\/div>\r\n\r\n                        <!-- Puntuaci\u00f3n del producto  -->\r\n                        <div class=\"rating\">\r\n                                                            <div class=\"rate\" style=\"--p:98;\"><\/div>\r\n                                <b>4.9\/5<\/b>\r\n                                <div class=\"rate-stars\">\r\n                                                                            <div\r\n                                            class=\"rate-star  \">\r\n                                        <\/div>\r\n                                                                            <div\r\n                                            class=\"rate-star  \">\r\n                                        <\/div>\r\n                                                                            <div\r\n                                            class=\"rate-star  \">\r\n                                        <\/div>\r\n                                                                            <div\r\n                                            class=\"rate-star  \">\r\n                                        <\/div>\r\n                                                                            <div\r\n                                            class=\"rate-star  \">\r\n                                        <\/div>\r\n                                                                    <\/div>\r\n                                                    <\/div>\r\n\r\n                        <!-- Bot\u00f3n de producto  -->\r\n                        <div>\r\n                            <span class=\"price-claim\">\r\n                                VER PRECIO                            <\/span>\r\n                        <\/div>\r\n                    <\/a>\r\n                            <\/product-list>\r\n        <\/product-table>\r\n\r\n        \n\n\n\n<h3 class=\"wp-block-heading\">UV-Age Daily \u2013 40ml de Vichy<\/h3>\n\n\n\n<p>Es un fotoprotector diario de rostro que proporciona muy alta protecci\u00f3n frente a los rayos UVB y UVA para prevenir los signos del fotoenvejecimiento como manchas y arrugas.<\/p>\n\n\n    <a class='product' target='_blank' href='https:\/\/www.primor.eu\/es_es\/vichy-capital-soleil-uv-age-daily-spf50-55182.html'>\r\n        <img loading='async' src='https:\/\/cdn2.primor.eu\/media\/catalog\/product\/cache\/8d3aba296f7a18b5251ee30fa5db42b2\/3\/3\/3337875762298_f357.jpg' alt='COMPRAR AHORA'>\r\n            <div class=\"claim\">\r\n                COMPRAR AHORA            <\/div>\r\n        <\/a>\r\n    \n\n\n\n<h3 class=\"wp-block-heading\">Protector Solar Facial Fusion Water Magic Repair de Isdin<\/h3>\n\n\n\n<p>Este protector solar de Isdin, Fusion Water Magic Repair, es un fotoprotector facial de fase acuosa que ofrece beneficios excepcionales, como hidrataci\u00f3n intensa y absorci\u00f3n inmediata, al tiempo que proporciona una potente triple acci\u00f3n anti fotoenvejecimiento.<\/p>\n\n\n\n<p>El Protector Solar Facial Fusion Water Magic Repair Isdin brinda una alta protecci\u00f3n SPF50 tanto contra los rayos UVB como UVA, lo que contribuye a prevenir el da\u00f1o solar y proteger la piel de la poluci\u00f3n urbana.<\/p>\n\n\n\n<p>Pero eso no es todo, este protector solar tambi\u00e9n juega un papel importante en la reparaci\u00f3n del da\u00f1o solar acumulado a nivel celular, reduciendo las arrugas y mejorando la luminosidad, hidrataci\u00f3n y elasticidad de la piel.<\/p>\n\n\n    <a class='product' target='_blank' href='https:\/\/www.primor.eu\/es_es\/isdin-protector-solar-facial-fusion-water-magic-repair-113044.html?#863=67139'>\r\n        <img loading='async' src='https:\/\/cdn2.primor.eu\/media\/catalog\/product\/cache\/8d3aba296f7a18b5251ee30fa5db42b2\/C\/a\/Captura_21c9.JPG' alt='COMPRAR AHORA'>\r\n            <div class=\"claim\">\r\n                COMPRAR AHORA            <\/div>\r\n        <\/a>\r\n    \n\n\n\n<h3 class=\"wp-block-heading\">Fluido Solar Ultraligero con Color \u2013 50 ml de Beauty Drops <\/h3>\n\n\n\n<p>Es un protector solar facial ultraligero con acci\u00f3n antioxidante que fortalece la barrera cut\u00e1nea y reduce la pigmentaci\u00f3n. Eficaz contra la luz azul, est\u00e1 recomendado para todo tipo de pieles.<\/p>\n\n\n    <a class='product' target='_blank' href='https:\/\/www.primor.eu\/es_es\/beauty-drops-fluido-solar-ultraligero-con-color-113053.html?#863=78582'>\r\n        <img loading='async' src='https:\/\/cdn2.primor.eu\/media\/catalog\/product\/cache\/8d3aba296f7a18b5251ee30fa5db42b2\/S\/P\/SPF50_CON_COLOR_Azul_01_ff26.png' alt='COMPRAR AHORA'>\r\n            <div class=\"claim\">\r\n                COMPRAR AHORA            <\/div>\r\n        <\/a>\r\n    \n\n\n\n<h3 class=\"wp-block-heading\">Protector Solar Facial Ultralight de Gisele Denis<\/h3>\n\n\n\n<p>Protector facial ultraligero dise\u00f1ado para ofrecer una protecci\u00f3n eficaz mientras se absorbe r\u00e1pidamente, dejando la piel con un acabado mate y sin brillos. Formulada con filtros solares avanzados, esta crema proporciona una defensa efectiva contra los da\u00f1inos rayos UVA y UVB.<\/p>\n\n\n\n<p>Adem\u00e1s, est\u00e1 enriquecida con activos nutritivos que mantienen la piel hidratada y previenen la formaci\u00f3n de manchas y arrugas, al mismo tiempo que combaten el envejecimiento prematuro causado por la exposici\u00f3n al sol.<\/p>\n\n\n\n<p>Es resistente al agua y est\u00e1 dermatol\u00f3gicamente probado, lo que garantiza una protecci\u00f3n confiable y una piel radiante.<\/p>\n\n\n    <a class='product' target='_blank' href='https:\/\/www.primor.eu\/es_es\/gisele-denis-protector-solar-facial-ultralight-112943.html?#811=61778'>\r\n        <img loading='async' src='https:\/\/cdn2.primor.eu\/media\/catalog\/product\/cache\/8d3aba296f7a18b5251ee30fa5db42b2\/P\/r\/Protector_solar_facial_ultralight_SPF50_40ml_8414135876096_b7ba.jpg' alt='COMPRAR AHORA'>\r\n            <div class=\"claim\">\r\n                COMPRAR AHORA            <\/div>\r\n        <\/a>\r\n    \n\n\n\n<h3 class=\"wp-block-heading\">Protector Solar SPF50 \u2013 100 ml de Altruist <\/h3>\n\n\n\n<p>Proporciona una protecci\u00f3n de alta calidad que cuenta con un amplio espectro ultra UVA. Contiene filtros UV foto-estables e incluso el filtro m\u00e1s evolucionado del mundo: Tinosorb A2B. Sus m\u00faltiples filtros se estabilizan entre s\u00ed y brindan una protecci\u00f3n efectiva y uniforme en todo el espectro UV. Su textura es no pegajosa y se absorbe r\u00e1pidamente.&nbsp;&nbsp;<\/p>\n\n\n    <a class='product' target='_blank' href='https:\/\/www.primor.eu\/es_es\/altruist-face-fluid-protector-solar-para-rostro-spf50-112970.html?#854=66330'>\r\n        <img loading='async' src='https:\/\/cdn2.primor.eu\/media\/catalog\/product\/cache\/8d3aba296f7a18b5251ee30fa5db42b2\/0\/T\/0TS03497_1_2d86.jpg' alt='COMPRAR AHORA'>\r\n            <div class=\"claim\">\r\n                COMPRAR AHORA            <\/div>\r\n        <\/a>\r\n    \n\n\n\n<h3 class=\"wp-block-heading\">Anthelios Age Correct Cuidado Diario de La Roche-Posay <\/h3>\n\n\n\n<p>Ideal para pieles maduras y sensibles, la f\u00f3rmula ayuda a mejorar la apariencia de arrugas, manchas oscuras y elasticidad de la piel. El \u00e1cido hialur\u00f3nico proporciona una r\u00e1faga de humedad, mientras que la niacinamida act\u00faa para tratar las \u00e1reas de hiperpigmentaci\u00f3n. PHE-Resorcinol cuenta con propiedades rejuvenecedoras para un cutis m\u00e1s brillante y suave.<\/p>\n\n\n    <a class='product' target='_blank' href='https:\/\/www.primor.eu\/es_es\/la-roche-posay-anthelios-age-correct-cuidado-diario-55175.html'>\r\n        <img loading='async' src='https:\/\/cdn2.primor.eu\/media\/catalog\/product\/cache\/8d3aba296f7a18b5251ee30fa5db42b2\/3\/3\/3337875761031_eb44.jpg' alt='COMPRAR AHORA'>\r\n            <div class=\"claim\">\r\n                COMPRAR AHORA            <\/div>\r\n        <\/a>\r\n    \n\n\n\n<h3 class=\"wp-block-heading\">Sun Kids Protector Solar Roll On de Nivea<\/h3>\n\n\n\n<p>Proporciona una protecci\u00f3n UVA\/UVB inmediata y altamente eficaz contra las quemaduras solares y da\u00f1os en la piel a largo plazo. Su f\u00f3rmula, especialmente desarrollada para la delicada piel de los ni\u00f1os, fortalece la barrera protectora de la piel y proporciona hidrataci\u00f3n duradera, ayudando a reducir el riesgo de alergias solares.<\/p>\n\n\n    <a class='product' target='_blank' href='https:\/\/www.primor.eu\/es_es\/nivea-sun-kids-protector-solar-roll-on-54968.html'>\r\n        <img loading='async' src='https:\/\/cdn2.primor.eu\/media\/catalog\/product\/cache\/8d3aba296f7a18b5251ee30fa5db42b2\/4\/0\/40059747_b7f1.jpg' alt='COMPRAR AHORA'>\r\n            <div class=\"claim\">\r\n                COMPRAR AHORA            <\/div>\r\n        <\/a>\r\n    \n\n\n\n<h3 class=\"wp-block-heading\">Bee Sun Safe Beach Essentials Set de Apivita<\/h3>\n\n\n\n<p>Es una opci\u00f3n pr\u00e1ctica para llevar en el equipaje durante los meses de calor. Gracias a su formato de 100 ml, el Bee Sun Safe Beach Essentials Set de APIVITA se adapta a los requerimientos de viaje y permite mantener una rutina de cuidado solar eficaz en cualquier lugar.<\/p>\n\n\n    <a class='product' target='_blank' href='https:\/\/www.primor.eu\/es_es\/apivita-bee-sun-safe-beach-essentials-set-125882.html'>\r\n        <img loading='async' src='https:\/\/cdn2.primor.eu\/media\/catalog\/product\/cache\/8d3aba296f7a18b5251ee30fa5db42b2\/5\/2\/5201279103026_e524.jpg' alt='COMPRAR AHORA'>\r\n            <div class=\"claim\">\r\n                COMPRAR AHORA            <\/div>\r\n        <\/a>\r\n    \n\n\n\n<h3 class=\"wp-block-heading\">Protector Solar Facial Hydro Protect Ultra-Light Fluis SPF 50+ de Eucerin<\/h3>\n\n\n\n<p>Protector solar facial l\u00edquido ultraligero para todo tipo de pieles, incluso la piel sensible. La protecci\u00f3n solar no es solo para quienes toman el sol en la playa. La exposici\u00f3n ligera o moderada diaria tambi\u00e9n afecta a la piel. Por eso, es importante cuidarla con productos como este protector solar no pegajoso de Eucerin.<\/p>\n\n\n    <a class='product' target='_blank' href='https:\/\/www.primor.eu\/es_es\/eucerin-protector-solar-facial-hydro-protect-ultra-light-fluis-spf-50-76824.html'>\r\n        <img loading='async' src='https:\/\/cdn2.primor.eu\/media\/catalog\/product\/cache\/8d3aba296f7a18b5251ee30fa5db42b2\/1\/_\/1_b6b3.jpg' alt='COMPRAR AHORA'>\r\n            <div class=\"claim\">\r\n                COMPRAR AHORA            <\/div>\r\n        <\/a>\r\n    \n\n\n\n<h3 class=\"wp-block-heading\">Pack Leche Protectora Solar SPF30 + Aftersun de Babaria<\/h3>\n\n\n\n<p>Ofrece una protecci\u00f3n alta frente a los rayos UVA, UVB e infrarrojos. Este Pack Leche Protectora Solar SPF30 + Aftersun de BABARIA contiene Aloe Vera, un ingrediente con propiedades hidratantes y regeneradoras. Tanto la Leche Protectora Solar SPF30 como el Aftersun de BABARIA est\u00e1n dise\u00f1ados para calmar la piel y favorecer su recuperaci\u00f3n tras el sol.<\/p>\n\n\n\n<p>El B\u00e1lsamo Aftersun de BABARIA proporciona una sensaci\u00f3n refrescante que ayuda a aliviar la piel. La Leche Protectora Solar SPF30 de BABARIA se absorbe r\u00e1pidamente, es resistente al agua y puede utilizarse en todo tipo de pieles.<\/p>\n\n\n    <a class='product' target='_blank' href='https:\/\/www.primor.eu\/es_es\/babaria-pack-leche-protectora-solar-spf30-aftersun-124218.html'>\r\n        <img loading='async' src='https:\/\/cdn2.primor.eu\/media\/catalog\/product\/cache\/8d3aba296f7a18b5251ee30fa5db42b2\/6\/0\/60000740_LECHE_PROTEC_ALOE_F30_200___AFTER_100ml_EAN_8410412607407_delantera_7c5e.jpg' alt='COMPRAR AHORA'>\r\n            <div class=\"claim\">\r\n                COMPRAR AHORA            <\/div>\r\n        <\/a>\r\n    \n\n\n<div class=\"kk-star-ratings kksr-auto kksr-align-center kksr-valign-bottom\"\n    data-payload='{&quot;align&quot;:&quot;center&quot;,&quot;id&quot;:&quot;102297&quot;,&quot;slug&quot;:&quot;default&quot;,&quot;valign&quot;:&quot;bottom&quot;,&quot;ignore&quot;:&quot;&quot;,&quot;reference&quot;:&quot;auto&quot;,&quot;class&quot;:&quot;&quot;,&quot;count&quot;:&quot;0&quot;,&quot;legendonly&quot;:&quot;&quot;,&quot;readonly&quot;:&quot;&quot;,&quot;score&quot;:&quot;0&quot;,&quot;starsonly&quot;:&quot;&quot;,&quot;best&quot;:&quot;5&quot;,&quot;gap&quot;:&quot;5&quot;,&quot;greet&quot;:&quot;Valora este art\u00edculo&quot;,&quot;legend&quot;:&quot;0\\\/5 - (0 votos)&quot;,&quot;size&quot;:&quot;24&quot;,&quot;title&quot;:&quot;Dime d\u00f3nde viajas y te dir\u00e9 cu\u00e1l es el protector solar que necesitas&quot;,&quot;width&quot;:&quot;0&quot;,&quot;_legend&quot;:&quot;{score}\\\/{best} - ({count} {votes})&quot;,&quot;font_factor&quot;:&quot;1.25&quot;}'>\n            \n<div class=\"kksr-stars\">\n    \n<div class=\"kksr-stars-inactive\">\n            <div class=\"kksr-star\" data-star=\"1\" style=\"padding-right: 5px\">\n            \n\n<div class=\"kksr-icon\" style=\"width: 24px; height: 24px;\"><\/div>\n        <\/div>\n            <div class=\"kksr-star\" data-star=\"2\" style=\"padding-right: 5px\">\n            \n\n<div class=\"kksr-icon\" style=\"width: 24px; height: 24px;\"><\/div>\n        <\/div>\n            <div class=\"kksr-star\" data-star=\"3\" style=\"padding-right: 5px\">\n            \n\n<div class=\"kksr-icon\" style=\"width: 24px; height: 24px;\"><\/div>\n        <\/div>\n            <div class=\"kksr-star\" data-star=\"4\" style=\"padding-right: 5px\">\n            \n\n<div class=\"kksr-icon\" style=\"width: 24px; height: 24px;\"><\/div>\n        <\/div>\n            <div class=\"kksr-star\" data-star=\"5\" style=\"padding-right: 5px\">\n            \n\n<div class=\"kksr-icon\" style=\"width: 24px; height: 24px;\"><\/div>\n        <\/div>\n    <\/div>\n    \n<div class=\"kksr-stars-active\" style=\"width: 0px;\">\n            <div class=\"kksr-star\" style=\"padding-right: 5px\">\n            \n\n<div class=\"kksr-icon\" style=\"width: 24px; height: 24px;\"><\/div>\n        <\/div>\n            <div class=\"kksr-star\" style=\"padding-right: 5px\">\n            \n\n<div class=\"kksr-icon\" style=\"width: 24px; height: 24px;\"><\/div>\n        <\/div>\n            <div class=\"kksr-star\" style=\"padding-right: 5px\">\n            \n\n<div class=\"kksr-icon\" style=\"width: 24px; height: 24px;\"><\/div>\n        <\/div>\n            <div class=\"kksr-star\" style=\"padding-right: 5px\">\n            \n\n<div class=\"kksr-icon\" style=\"width: 24px; height: 24px;\"><\/div>\n        <\/div>\n            <div class=\"kksr-star\" style=\"padding-right: 5px\">\n            \n\n<div class=\"kksr-icon\" style=\"width: 24px; height: 24px;\"><\/div>\n        <\/div>\n    <\/div>\n<\/div>\n                \n\n<div class=\"kksr-legend\" style=\"font-size: 19.2px;\">\n            <span class=\"kksr-muted\">Valora este art\u00edculo<\/span>\n    <\/div>\n    <\/div>\n","protected":false},"excerpt":{"rendered":"<p>Cuando viajas en avi\u00f3n, es importante saber qu\u00e9 tipo de protector solar puedes llevar contigo seg\u00fan las regulaciones de seguridad y las restricciones de l\u00edquidos en el equipaje de mano. En este art\u00edculo de Primor te contamos qu\u00e9 debes tener en cuenta y cu\u00e1les son los mejores.&nbsp; Viajo en avi\u00f3n: cu\u00e1les son las reglas para [&hellip;]<\/p>\n","protected":false},"author":14,"featured_media":102290,"comment_status":"closed","ping_status":"closed","sticky":false,"template":"","format":"standard","meta":{"jnews-multi-image_gallery":[],"jnews_single_post":{"subtitle":"","format":"standard","video":"","gallery":"","source_name":"","source_url":"","via_name":"","via_url":"","override_template":"0","override":[{"template":"1","single_blog_custom":"","parallax":"1","fullscreen":"1","layout":"right-sidebar","sidebar":"home-2","second_sidebar":"default-sidebar","sticky_sidebar":"0","share_position":"float","share_float_style":"share-monocrhome","show_share_counter":"0","show_view_counter":"0","show_featured":"1","show_post_meta":"1","show_post_author":"0","show_post_author_image":"1","show_post_date":"1","post_date_format":"default","post_date_format_custom":"Y\/m\/d","show_post_category":"1","show_post_reading_time":"0","post_reading_time_wpm":"300","show_zoom_button":"0","zoom_button_out_step":"2","zoom_button_in_step":"3","show_post_tag":"0","show_prev_next_post":"0","show_popup_post":"0","number_popup_post":"2","show_author_box":"0","show_post_related":"0","show_inline_post_related":"1"}],"override_image_size":"0","image_override":[{"single_post_thumbnail_size":"no-crop","single_post_gallery_size":"crop-500"}],"trending_post":"0","trending_post_position":"meta","trending_post_label":"Trending","sponsored_post":"0","sponsored_post_label":"Sponsored by","sponsored_post_name":"","sponsored_post_url":"","sponsored_post_logo_enable":"0","sponsored_post_logo":"","sponsored_post_desc":"","disable_ad":"0"},"jnews_primary_category":{"id":"","hide":""},"jnews_social_meta":{"fb_title":"","fb_description":"","fb_image":"","twitter_title":"","twitter_description":"","twitter_image":""},"jnews_override_counter":{"override_view_counter":"0","view_counter_number":"0","override_share_counter":"0","share_counter_number":"0","override_like_counter":"0","like_counter_number":"0","override_dislike_counter":"0","dislike_counter_number":"0"},"footnotes":""},"categories":[6302],"tags":[],"class_list":["post-102297","post","type-post","status-publish","format-standard","has-post-thumbnail","hentry","category-solares"],"_links":{"self":[{"href":"https:\/\/www.primor.eu\/blog\/wp-json\/wp\/v2\/posts\/102297","targetHints":{"allow":["GET"]}}],"collection":[{"href":"https:\/\/www.primor.eu\/blog\/wp-json\/wp\/v2\/posts"}],"about":[{"href":"https:\/\/www.primor.eu\/blog\/wp-json\/wp\/v2\/types\/post"}],"author":[{"embeddable":true,"href":"https:\/\/www.primor.eu\/blog\/wp-json\/wp\/v2\/users\/14"}],"replies":[{"embeddable":true,"href":"https:\/\/www.primor.eu\/blog\/wp-json\/wp\/v2\/comments?post=102297"}],"version-history":[{"count":6,"href":"https:\/\/www.primor.eu\/blog\/wp-json\/wp\/v2\/posts\/102297\/revisions"}],"predecessor-version":[{"id":140351,"href":"https:\/\/www.primor.eu\/blog\/wp-json\/wp\/v2\/posts\/102297\/revisions\/140351"}],"wp:featuredmedia":[{"embeddable":true,"href":"https:\/\/www.primor.eu\/blog\/wp-json\/wp\/v2\/media\/102290"}],"wp:attachment":[{"href":"https:\/\/www.primor.eu\/blog\/wp-json\/wp\/v2\/media?parent=102297"}],"wp:term":[{"taxonomy":"category","embeddable":true,"href":"https:\/\/www.primor.eu\/blog\/wp-json\/wp\/v2\/categories?post=102297"},{"taxonomy":"post_tag","embeddable":true,"href":"https:\/\/www.primor.eu\/blog\/wp-json\/wp\/v2\/tags?post=102297"}],"curies":[{"name":"wp","href":"https:\/\/api.w.org\/{rel}","templated":true}]}}