{"id":102064,"date":"2025-06-28T10:15:02","date_gmt":"2025-06-28T10:15:02","guid":{"rendered":"https:\/\/www.primor.eu\/blog\/?p=102064"},"modified":"2025-06-28T10:15:04","modified_gmt":"2025-06-28T10:15:04","slug":"mejores-productos-aclarar-axilas","status":"publish","type":"post","link":"https:\/\/www.primor.eu\/blog\/mejores-productos-aclarar-axilas\/","title":{"rendered":"Los mejores productos para aclarar tus axilas y los trucos de expertos"},"content":{"rendered":"\n<p><strong>Aclarar tus axilas<\/strong> puede acabar con el complejo de tener las axilas oscuras, sobre todo ahora que suben las temperaturas y, con ellas, se acortan las mangas de las camisetas y llegan los <strong>tirantes<\/strong> de los tops y <strong>vestidos<\/strong>. Vamos a ver las<strong> <a href=\"https:\/\/www.primor.eu\/blog\/manchas-axilas-por-que-salen-como-eliminar\/\" data-type=\"link\" data-id=\"https:\/\/www.primor.eu\/blog\/manchas-axilas-por-que-salen-como-eliminar\/\">causas de este problema <\/a><\/strong>y los <strong>mejores productos <\/strong>para aclarar tus axilas de nuestra tienda.&nbsp;<\/p>\n\n\n\n<h2 class=\"wp-block-heading\">Por qu\u00e9 necesitas aclarar tus axilas: el motivo de que se oscurezcan<\/h2>\n\n\n\n<p>El hecho de que quieras aclarar tus axilas est\u00e1 bien, pero es bueno que sepas cu\u00e1l es el motivo de que se oscurezcan para poder prevenir este problema que se hace inc\u00f3modo sobre todo cuando llega el buen tiempo y queremos lucir tirantes o camisetas sin mangas sin complejos.&nbsp;<\/p>\n\n\n\n<ul class=\"wp-block-list\">\n<li><strong>Por la acumulaci\u00f3n de bacterias<\/strong>: aclarar tus axilas est\u00e1 bien, aunque lo mejor para acabar con este problema si la causa es esta, es que limpies tus axilas de vez en cuando con aceites esenciales c\u00edtricos u otros con propiedades antibacterianas como el \u00e1rbol del t\u00e9. Este mismo acto te ayudar\u00e1 a blanquearlas. Deja actuar el aceite esencial de lim\u00f3n durante 30 minutos al menos. Ten cuidado de no ponerlo para aclarar tus axilas si te acabas de depilar, sobre todo si lo has hecho con cuchilla, porque podr\u00eda escocer. Eso s\u00ed, ten cuidado con la exposici\u00f3n al sol porque los c\u00edtricos producen manchas en la piel. Lo mejor es que lo hagas por la noche y despu\u00e9s lo aclares.<\/li>\n\n\n\n<li><strong>La acantosis nigricans<\/strong>: es una afecci\u00f3n que causa zonas de piel oscura. Si este es el caso puede que notes la piel de tus axilas tambi\u00e9n gruesa y aterciopelada en los pliegues de otras partes del cuerpo como el cuello o las ingles. Si esto ocurre y crees que puede ser el problema, acude a tu m\u00e9dico. Atacar la ra\u00edz del problema suele acabar con el problema y aclarar tus axilas de por s\u00ed. Esta afecci\u00f3n es m\u00e1s com\u00fan en personas que padecen de obesidad.<\/li>\n\n\n\n<li><strong>Podr\u00eda ser causa de c\u00e1ncer<\/strong>: algunos c\u00e1nceres producen s\u00edntomas externos como que se oscurezcan partes del cuerpo como se\u00f1al de alarma. Si este fuera el motivo las causas ser\u00edan c\u00e1nceres de \u00f3rganos internos como pueden ser el est\u00f3mago o el h\u00edgado. Si se sospecha de que esta es la raz\u00f3n porque no puedes aclarar tus axilas con los productos que te vamos a recomendar, acude a tu m\u00e9dico de confianza.<\/li>\n<\/ul>\n\n\n\n<h2 class=\"wp-block-heading\">Los mejores productos para aclarar tus axilas<\/h2>\n\n\n\n<p>De los tres casos que acabamos de ver, el m\u00e1s com\u00fan por el que tienes esa zona e tu cuerpo oscura y est\u00e1s buscando c\u00f3mo aclarar tus axilas es el primero, as\u00ed que tranquila. Vamos a ver cu\u00e1les son los productos que pueden ayudarte:<\/p>\n\n\n        <product-table class=\"pr-slider\">\r\n            <product-headers class=\"grid-table-rows\">\r\n                <div>Foto<\/div>\r\n                <div>Producto<\/div>\r\n                <div>Marca<\/div>\r\n                <div>Valoraciones<\/div>\r\n                <div>Precio<\/div>\r\n            <\/product-headers>\r\n\r\n            <product-list>\r\n                                    <a href=\"https:\/\/www.primor.eu\/es_es\/arganour-aceite-esencial-de-limon-4576.html\" class=\"product-item grid-table-rows\" target=\"_blank\">\r\n                        <div>\r\n                            <img decoding=\"async\" class=\"product-img\" width=\"80px\" height=\"80px\" src=\"https:\/\/www.primor.eu\/blog\/wp-content\/uploads\/2024\/04\/2BL02617_1_5358.jpg\" alt=\"Arganour    \n        Aceite Esencial de Lim\u00f3n\">\r\n                        <\/div>\r\n\r\n                        <!-- Contenido de producto  -->\r\n                        <div>\r\n                            <div class=\"product-position\">\r\n                                #1 Top Ventas                            <\/div>\r\n\r\n                            <h2>\r\n                                Arganour    \n        Aceite Esencial de Lim\u00f3n                            <\/h2>\r\n                        <\/div>\r\n\r\n                        <!-- Imagen y\/o nombre de la marca -->\r\n                        <div>\r\n                                                            <img decoding=\"async\" width=\"70\" src=\"https:\/\/www.primor.eu\/blog\/wp-content\/uploads\/2023\/07\/arganour.jpg\" alt=\"83076\">\r\n                                                    <\/div>\r\n\r\n                        <!-- Puntuaci\u00f3n del producto  -->\r\n                        <div class=\"rating\">\r\n                                                            <div class=\"rate\" style=\"--p:100;\"><\/div>\r\n                                <b>5\/5<\/b>\r\n                                <div class=\"rate-stars\">\r\n                                                                            <div\r\n                                            class=\"rate-star  \">\r\n                                        <\/div>\r\n                                                                            <div\r\n                                            class=\"rate-star  \">\r\n                                        <\/div>\r\n                                                                            <div\r\n                                            class=\"rate-star  \">\r\n                                        <\/div>\r\n                                                                            <div\r\n                                            class=\"rate-star  \">\r\n                                        <\/div>\r\n                                                                            <div\r\n                                            class=\"rate-star  \">\r\n                                        <\/div>\r\n                                                                    <\/div>\r\n                                                    <\/div>\r\n\r\n                        <!-- Bot\u00f3n de producto  -->\r\n                        <div>\r\n                            <span class=\"price-claim\">\r\n                                VER PRECIO                            <\/span>\r\n                        <\/div>\r\n                    <\/a>\r\n                                    <a href=\"https:\/\/www.primor.eu\/es_es\/garnier-skin-active-vitamina-c-serum-antimanchas-17740.html\" class=\"product-item grid-table-rows\" target=\"_blank\">\r\n                        <div>\r\n                            <img decoding=\"async\" class=\"product-img\" width=\"80px\" height=\"80px\" src=\"https:\/\/www.primor.eu\/blog\/wp-content\/uploads\/2023\/08\/0TF21867_1_159d.jpg\" alt=\"Garnier    \n        Skin Active Vitamina C Serum Iluminador\">\r\n                        <\/div>\r\n\r\n                        <!-- Contenido de producto  -->\r\n                        <div>\r\n                            <div class=\"product-position\">\r\n                                #2                            <\/div>\r\n\r\n                            <h2>\r\n                                Garnier    \n        Skin Active Vitamina C Serum Iluminador                            <\/h2>\r\n                        <\/div>\r\n\r\n                        <!-- Imagen y\/o nombre de la marca -->\r\n                        <div>\r\n                                                            <img decoding=\"async\" width=\"70\" src=\"https:\/\/www.primor.eu\/blog\/wp-content\/uploads\/2023\/08\/Garnier.jpg\" alt=\"84305\">\r\n                                                    <\/div>\r\n\r\n                        <!-- Puntuaci\u00f3n del producto  -->\r\n                        <div class=\"rating\">\r\n                                                            <div class=\"rate\" style=\"--p:80;\"><\/div>\r\n                                <b>4\/5<\/b>\r\n                                <div class=\"rate-stars\">\r\n                                                                            <div\r\n                                            class=\"rate-star  \">\r\n                                        <\/div>\r\n                                                                            <div\r\n                                            class=\"rate-star  \">\r\n                                        <\/div>\r\n                                                                            <div\r\n                                            class=\"rate-star  \">\r\n                                        <\/div>\r\n                                                                            <div\r\n                                            class=\"rate-star  \">\r\n                                        <\/div>\r\n                                                                            <div\r\n                                            class=\"rate-star disable \">\r\n                                        <\/div>\r\n                                                                    <\/div>\r\n                                                    <\/div>\r\n\r\n                        <!-- Bot\u00f3n de producto  -->\r\n                        <div>\r\n                            <span class=\"price-claim\">\r\n                                VER PRECIO                            <\/span>\r\n                        <\/div>\r\n                    <\/a>\r\n                                    <a href=\"https:\/\/www.primor.eu\/es_es\/bioderma-pigmentbio-limpiador-iluminador-foaming-cream-13726.html?gad_source=1&gclid=Cj0KCQjwlZixBhCoARIsAIC745DaSuatcLM25WsTPWmnYXcP-BzQ-8X5SJxkewUIXTxKKdDIe7skiLMaAjrnEALw_wcB\" class=\"product-item grid-table-rows\" target=\"_blank\">\r\n                        <div>\r\n                            <img decoding=\"async\" class=\"product-img\" width=\"80px\" height=\"80px\" src=\"https:\/\/www.primor.eu\/blog\/wp-content\/uploads\/2024\/04\/6XS12079_1_1cae.jpg\" alt=\"Bioderma    \n        Pigmentbio Limpiador Iluminador Foaming Cream\">\r\n                        <\/div>\r\n\r\n                        <!-- Contenido de producto  -->\r\n                        <div>\r\n                            <div class=\"product-position\">\r\n                                #3                            <\/div>\r\n\r\n                            <h2>\r\n                                Bioderma    \n        Pigmentbio Limpiador Iluminador Foaming Cream                            <\/h2>\r\n                        <\/div>\r\n\r\n                        <!-- Imagen y\/o nombre de la marca -->\r\n                        <div>\r\n                                                            <img decoding=\"async\" width=\"70\" src=\"https:\/\/www.primor.eu\/blog\/wp-content\/uploads\/2023\/09\/Logo-Bioderma-1.png\" alt=\"85533\">\r\n                                                    <\/div>\r\n\r\n                        <!-- Puntuaci\u00f3n del producto  -->\r\n                        <div class=\"rating\">\r\n                                                            <div class=\"rate\" style=\"--p:100;\"><\/div>\r\n                                <b>5\/5<\/b>\r\n                                <div class=\"rate-stars\">\r\n                                                                            <div\r\n                                            class=\"rate-star  \">\r\n                                        <\/div>\r\n                                                                            <div\r\n                                            class=\"rate-star  \">\r\n                                        <\/div>\r\n                                                                            <div\r\n                                            class=\"rate-star  \">\r\n                                        <\/div>\r\n                                                                            <div\r\n                                            class=\"rate-star  \">\r\n                                        <\/div>\r\n                                                                            <div\r\n                                            class=\"rate-star  \">\r\n                                        <\/div>\r\n                                                                    <\/div>\r\n                                                    <\/div>\r\n\r\n                        <!-- Bot\u00f3n de producto  -->\r\n                        <div>\r\n                            <span class=\"price-claim\">\r\n                                VER PRECIO                            <\/span>\r\n                        <\/div>\r\n                    <\/a>\r\n                            <\/product-list>\r\n        <\/product-table>\r\n\r\n        \n\n\n\n<h3 class=\"wp-block-heading\">Aceite Esencial de Lim\u00f3n de Arganour<\/h3>\n\n\n\n<p>Te ayudar\u00e1 en el blanqueamiento de las pieles con manchas y cicatrices. \u00a1Tambi\u00e9n puedes utilizarlo como un repelente de insectos natural! La propiedad del aceite esencial de lim\u00f3n m\u00e1s importante es la de aumentar la producci\u00f3n de gl\u00f3bulos blancos. Es un agente tonificantes del sistema circulatorio a trav\u00e9s de su aplicaci\u00f3n en la dermis. Tambi\u00e9n tiene efectos antis\u00e9pticos, diur\u00e9ticos, astringentes antirreum\u00e1ticos y calmantes.<\/p>\n\n\n    <a class='product' target='_blank' href='https:\/\/www.primor.eu\/es_es\/arganour-aceite-esencial-de-limon-4576.html'>\r\n        <img loading='async' src='https:\/\/cdn2.primor.eu\/media\/catalog\/product\/cache\/8d3aba296f7a18b5251ee30fa5db42b2\/8\/4\/8435438600249_00_3929.png' alt='COMPRAR AHORA'>\r\n            <div class=\"claim\">\r\n                COMPRAR AHORA            <\/div>\r\n        <\/a>\r\n    \n\n\n\n<h3 class=\"wp-block-heading\">Skin Active Vitamina C Serum Iluminador de Garnier<\/h3>\n\n\n\n<p>Reduce las manchas, mejora la luminosidad y unifica el tono de la piel. Gracias a la VItamina C, la Niacinamida y el \u00c1cido Salic\u00edlico que act\u00faan en sinergia con dem\u00e1s componentes iluminadores y antioxidantes este&nbsp; Serum Iluminador de Garnier reduce visiblemente las manchas dejando la piel hidratada, iluminada y&nbsp; m\u00e1s uniforme.<\/p>\n\n\n    <a class='product' target='_blank' href='https:\/\/www.primor.eu\/es_es\/garnier-skin-active-vitamina-c-serum-iluminador-17740.html'>\r\n        <img loading='async' src='https:\/\/cdn2.primor.eu\/media\/catalog\/product\/cache\/8d3aba296f7a18b5251ee30fa5db42b2\/3\/6\/3600542453165_G_7303.jpg' alt='COMPRAR AHORA'>\r\n            <div class=\"claim\">\r\n                COMPRAR AHORA            <\/div>\r\n        <\/a>\r\n    \n\n\n\n<h3 class=\"wp-block-heading\">Pigmentbio Limpiador Iluminador Foaming Cream de Bioderma<\/h3>\n\n\n\n<p>Formulada para limpiar y exfoliar la piel hiperpigmentada. Ayuda a renovar a diario las c\u00e9lulas de la piel para una mayor suavidad y luminosidad. Limpia y exfolia suavemente la piel con manchas y ayuda a corregir y prevenir las manchas oscuras de la piel. Unifica e ilumina el tono de la piel dej\u00e1ndola suave e hidratada.<\/p>\n\n\n    <a class='product' target='_blank' href='https:\/\/www.primor.eu\/es_es\/bioderma-pigmentbio-limpiador-iluminador-foaming-cream-13726.html'>\r\n        <img loading='async' src='https:\/\/cdn2.primor.eu\/media\/catalog\/product\/cache\/8d3aba296f7a18b5251ee30fa5db42b2\/6\/X\/6XS12079_1_1cae.jpg' alt='COMPRAR AHORA'>\r\n            <div class=\"claim\">\r\n                COMPRAR AHORA            <\/div>\r\n        <\/a>\r\n    \n\n\n\n<h3 class=\"wp-block-heading\">D-Clar Crema Despigmentante Diaria de Rilastil<\/h3>\n\n\n\n<p>Es apta para todo tipo de pieles, incluso las m\u00e1s sensibles. No comedog\u00e9nico. Hipoalerg\u00e9nico. Cl\u00ednicamente testado. Testado en N\u00edquel, Cobalto, Cromo, Paladio Y Mercurio (Cada uno inferior a una parte por mill\u00f3n. Peque\u00f1as cantidades pueden provocar sensibilizaci\u00f3n cut\u00e1nea).<\/p>\n\n\n    <a class='product' target='_blank' href='https:\/\/www.primor.eu\/es_es\/rilastil-d-clar-crema-despigmentante-diaria-17011.html'>\r\n        <img loading='async' src='https:\/\/cdn2.primor.eu\/media\/catalog\/product\/cache\/8d3aba296f7a18b5251ee30fa5db42b2\/6\/X\/6XS13571_1_39a5.jpg' alt='COMPRAR AHORA'>\r\n            <div class=\"claim\">\r\n                COMPRAR AHORA            <\/div>\r\n        <\/a>\r\n    \n\n\n<div class=\"kk-star-ratings kksr-auto kksr-align-center kksr-valign-bottom\"\n    data-payload='{&quot;align&quot;:&quot;center&quot;,&quot;id&quot;:&quot;102064&quot;,&quot;slug&quot;:&quot;default&quot;,&quot;valign&quot;:&quot;bottom&quot;,&quot;ignore&quot;:&quot;&quot;,&quot;reference&quot;:&quot;auto&quot;,&quot;class&quot;:&quot;&quot;,&quot;count&quot;:&quot;7&quot;,&quot;legendonly&quot;:&quot;&quot;,&quot;readonly&quot;:&quot;&quot;,&quot;score&quot;:&quot;4.3&quot;,&quot;starsonly&quot;:&quot;&quot;,&quot;best&quot;:&quot;5&quot;,&quot;gap&quot;:&quot;5&quot;,&quot;greet&quot;:&quot;Valora este art\u00edculo&quot;,&quot;legend&quot;:&quot;4.3\\\/5 - (7 votos)&quot;,&quot;size&quot;:&quot;24&quot;,&quot;title&quot;:&quot;Los mejores productos para aclarar tus axilas y los trucos de expertos&quot;,&quot;width&quot;:&quot;122.2&quot;,&quot;_legend&quot;:&quot;{score}\\\/{best} - ({count} {votes})&quot;,&quot;font_factor&quot;:&quot;1.25&quot;}'>\n            \n<div class=\"kksr-stars\">\n    \n<div class=\"kksr-stars-inactive\">\n            <div class=\"kksr-star\" data-star=\"1\" style=\"padding-right: 5px\">\n            \n\n<div class=\"kksr-icon\" style=\"width: 24px; height: 24px;\"><\/div>\n        <\/div>\n            <div class=\"kksr-star\" data-star=\"2\" style=\"padding-right: 5px\">\n            \n\n<div class=\"kksr-icon\" style=\"width: 24px; height: 24px;\"><\/div>\n        <\/div>\n            <div class=\"kksr-star\" data-star=\"3\" style=\"padding-right: 5px\">\n            \n\n<div class=\"kksr-icon\" style=\"width: 24px; height: 24px;\"><\/div>\n        <\/div>\n            <div class=\"kksr-star\" data-star=\"4\" style=\"padding-right: 5px\">\n            \n\n<div class=\"kksr-icon\" style=\"width: 24px; height: 24px;\"><\/div>\n        <\/div>\n            <div class=\"kksr-star\" data-star=\"5\" style=\"padding-right: 5px\">\n            \n\n<div class=\"kksr-icon\" style=\"width: 24px; height: 24px;\"><\/div>\n        <\/div>\n    <\/div>\n    \n<div class=\"kksr-stars-active\" style=\"width: 122.2px;\">\n            <div class=\"kksr-star\" style=\"padding-right: 5px\">\n            \n\n<div class=\"kksr-icon\" style=\"width: 24px; height: 24px;\"><\/div>\n        <\/div>\n            <div class=\"kksr-star\" style=\"padding-right: 5px\">\n            \n\n<div class=\"kksr-icon\" style=\"width: 24px; height: 24px;\"><\/div>\n        <\/div>\n            <div class=\"kksr-star\" style=\"padding-right: 5px\">\n            \n\n<div class=\"kksr-icon\" style=\"width: 24px; height: 24px;\"><\/div>\n        <\/div>\n            <div class=\"kksr-star\" style=\"padding-right: 5px\">\n            \n\n<div class=\"kksr-icon\" style=\"width: 24px; height: 24px;\"><\/div>\n        <\/div>\n            <div class=\"kksr-star\" style=\"padding-right: 5px\">\n            \n\n<div class=\"kksr-icon\" style=\"width: 24px; height: 24px;\"><\/div>\n        <\/div>\n    <\/div>\n<\/div>\n                \n\n<div class=\"kksr-legend\" style=\"font-size: 19.2px;\">\n            4.3\/5 - (7 votos)    <\/div>\n    <\/div>\n","protected":false},"excerpt":{"rendered":"<p>Aclarar tus axilas puede acabar con el complejo de tener las axilas oscuras, sobre todo ahora que suben las temperaturas y, con ellas, se acortan las mangas de las camisetas y llegan los tirantes de los tops y vestidos. Vamos a ver las causas de este problema y los mejores productos para aclarar tus axilas [&hellip;]<\/p>\n","protected":false},"author":14,"featured_media":102067,"comment_status":"closed","ping_status":"closed","sticky":false,"template":"","format":"standard","meta":{"jnews-multi-image_gallery":[],"jnews_single_post":{"subtitle":"","format":"standard","video":"","gallery":"","source_name":"","source_url":"","via_name":"","via_url":"","override_template":"0","override":[{"template":"1","single_blog_custom":"","parallax":"1","fullscreen":"1","layout":"right-sidebar","sidebar":"home-2","second_sidebar":"default-sidebar","sticky_sidebar":"0","share_position":"float","share_float_style":"share-monocrhome","show_share_counter":"0","show_view_counter":"0","show_featured":"1","show_post_meta":"1","show_post_author":"0","show_post_author_image":"1","show_post_date":"1","post_date_format":"default","post_date_format_custom":"Y\/m\/d","show_post_category":"1","show_post_reading_time":"0","post_reading_time_wpm":"300","show_zoom_button":"0","zoom_button_out_step":"2","zoom_button_in_step":"3","show_post_tag":"0","show_prev_next_post":"0","show_popup_post":"0","number_popup_post":"2","show_author_box":"0","show_post_related":"0","show_inline_post_related":"1"}],"override_image_size":"0","image_override":[{"single_post_thumbnail_size":"no-crop","single_post_gallery_size":"crop-500"}],"trending_post":"0","trending_post_position":"meta","trending_post_label":"Trending","sponsored_post":"0","sponsored_post_label":"Sponsored by","sponsored_post_name":"","sponsored_post_url":"","sponsored_post_logo_enable":"0","sponsored_post_logo":"","sponsored_post_desc":"","disable_ad":"0"},"jnews_primary_category":{"id":"","hide":""},"jnews_social_meta":{"fb_title":"","fb_description":"","fb_image":"","twitter_title":"","twitter_description":"","twitter_image":""},"jnews_override_counter":{"override_view_counter":"0","view_counter_number":"0","override_share_counter":"0","share_counter_number":"0","override_like_counter":"0","like_counter_number":"0","override_dislike_counter":"0","dislike_counter_number":"0"},"footnotes":""},"categories":[6303],"tags":[],"class_list":["post-102064","post","type-post","status-publish","format-standard","has-post-thumbnail","hentry","category-trucos-de-belleza"],"_links":{"self":[{"href":"https:\/\/www.primor.eu\/blog\/wp-json\/wp\/v2\/posts\/102064","targetHints":{"allow":["GET"]}}],"collection":[{"href":"https:\/\/www.primor.eu\/blog\/wp-json\/wp\/v2\/posts"}],"about":[{"href":"https:\/\/www.primor.eu\/blog\/wp-json\/wp\/v2\/types\/post"}],"author":[{"embeddable":true,"href":"https:\/\/www.primor.eu\/blog\/wp-json\/wp\/v2\/users\/14"}],"replies":[{"embeddable":true,"href":"https:\/\/www.primor.eu\/blog\/wp-json\/wp\/v2\/comments?post=102064"}],"version-history":[{"count":4,"href":"https:\/\/www.primor.eu\/blog\/wp-json\/wp\/v2\/posts\/102064\/revisions"}],"predecessor-version":[{"id":128119,"href":"https:\/\/www.primor.eu\/blog\/wp-json\/wp\/v2\/posts\/102064\/revisions\/128119"}],"wp:featuredmedia":[{"embeddable":true,"href":"https:\/\/www.primor.eu\/blog\/wp-json\/wp\/v2\/media\/102067"}],"wp:attachment":[{"href":"https:\/\/www.primor.eu\/blog\/wp-json\/wp\/v2\/media?parent=102064"}],"wp:term":[{"taxonomy":"category","embeddable":true,"href":"https:\/\/www.primor.eu\/blog\/wp-json\/wp\/v2\/categories?post=102064"},{"taxonomy":"post_tag","embeddable":true,"href":"https:\/\/www.primor.eu\/blog\/wp-json\/wp\/v2\/tags?post=102064"}],"curies":[{"name":"wp","href":"https:\/\/api.w.org\/{rel}","templated":true}]}}