{"id":101957,"date":"2024-04-26T07:54:54","date_gmt":"2024-04-26T07:54:54","guid":{"rendered":"https:\/\/www.primor.eu\/blog\/?p=101957"},"modified":"2024-04-21T10:29:16","modified_gmt":"2024-04-21T10:29:16","slug":"guia-elegir-mejor-protector-solar-piel","status":"publish","type":"post","link":"https:\/\/www.primor.eu\/blog\/guia-elegir-mejor-protector-solar-piel\/","title":{"rendered":"La gu\u00eda definitiva para elegir el mejor protector solar para tu piel"},"content":{"rendered":"\n<p>\u00bfHay que aplicar <a href=\"https:\/\/www.primor.eu\/blog\/solares\/\">protector solar<\/a> a diario en la piel? S\u00ed, se puede decir m\u00e1s alto, pero no m\u00e1s claro. Eso s\u00ed, <strong>NO sirve cualquier protector solar. <\/strong>Has de escoger uno que se adec\u00fae a la perfecci\u00f3n a tu <strong>tipolog\u00eda cut\u00e1nea<\/strong>, ya sea seca, grasa, sensible o normal\/mixta. En este art\u00edculo de Primor te ense\u00f1amos qu\u00e9 es lo que tienes que tener en cuenta a la hora de comprar tu protector solar, teniendo en cuenta tu tipo de piel. Palabra de experto. Vamos all\u00e1.&nbsp;<\/p>\n\n\n\n<h2 class=\"wp-block-heading\">Qu\u00e9 protector escojo seg\u00fan mi tipo de piel<\/h2>\n\n\n\n<h3 class=\"wp-block-heading\">Piel seca<\/h3>\n\n\n\n<ul class=\"wp-block-list\">\n<li>Busca protectores solares que proporcionen hidrataci\u00f3n adicional.<\/li>\n\n\n\n<li>Opta por f\u00f3rmulas cremosas o en loci\u00f3n con ingredientes como glicerina, \u00e1cido hialur\u00f3nico o aceites naturales (como coco o jojoba).<\/li>\n\n\n\n<li>Evita los productos con alcohol, ya que pueden resecar m\u00e1s la piel.<\/li>\n<\/ul>\n\n\n\n<h4 class=\"wp-block-heading\">Sensai Cellular Protective Cream Face<\/h4>\n\n\n\n<p>La crema facial Silky Bronze Cellular Protective de Sensai es un lujoso protector solar antienvejecimiento con un factor de protecci\u00f3n SPF50+ para brindar la mejor protecci\u00f3n a tu rostro. Su f\u00f3rmula resistente al agua y sus ricos ingredientes activos combaten los signos del envejecimiento, aportando hidrataci\u00f3n, firmeza, y prevenci\u00f3n en la aparici\u00f3n de arrugas. Su textura suave y ligera deja tu piel suave, atractivamente bronceada y protegida.<\/p>\n\n\n    <a class='product' target='_blank' href='https:\/\/www.primor.eu\/es_es\/sensai-cellular-protective-cream-for-face-protector-solar-facial-112903.html?#811=61777'>\r\n        <img loading='async' src='https:\/\/cdn2.primor.eu\/media\/catalog\/product\/cache\/8d3aba296f7a18b5251ee30fa5db42b2\/4\/9\/4973167525470_1_e92b.jpg' alt='COMPRAR AHORA'>\r\n            <div class=\"claim\">\r\n                COMPRAR AHORA            <\/div>\r\n        <\/a>\r\n    \n\n\n\n<h3 class=\"wp-block-heading\">Piel grasa o propensa al acn\u00e9<\/h3>\n\n\n\n<ul class=\"wp-block-list\">\n<li>Elige protectores solares oil-free o libres de aceite para evitar obstruir los poros.<\/li>\n\n\n\n<li>Busca productos etiquetados como \"no comedog\u00e9nicos\" para reducir el riesgo de brotes de acn\u00e9.<\/li>\n\n\n\n<li>Considera protectores solares en gel o en formato de aerosol, que tienden a ser m\u00e1s ligeros en la piel.<\/li>\n<\/ul>\n\n\n\n<h4 class=\"wp-block-heading\">Protector solar SPF 50 en stick de Anne Moller<\/h4>\n\n\n\n<p>Una f\u00f3rmula s\u00f3lida invisible extremadamente ligera, sin efecto blanco ni residuo graso, que aporta sensaci\u00f3n de hidrataci\u00f3n al instante gracias al aceite de Coco. Especialmente indicado para proteger zonas espec\u00edficas como tatuajes o zonas sensibles. Pantalla antipoluci\u00f3n y muy alta protecci\u00f3n frente a la radiaci\u00f3n UVA, UVB, infrarroja y la luz azul proveniente de dispositivos digitales.<\/p>\n\n\n    <a class='product' target='_blank' href='https:\/\/www.primor.eu\/es_es\/anne-moller-sun-non-stop-sunstick-spf50-55185.html'>\r\n        <img loading='async' src='https:\/\/cdn2.primor.eu\/media\/catalog\/product\/cache\/8d3aba296f7a18b5251ee30fa5db42b2\/0\/T\/0TS03164_1_a5ee.jpg' alt='COMPRAR AHORA'>\r\n            <div class=\"claim\">\r\n                COMPRAR AHORA            <\/div>\r\n        <\/a>\r\n    \n\n\n\n<h3 class=\"wp-block-heading\">Piel sensible o propensa a irritarse<\/h3>\n\n\n\n<ul class=\"wp-block-list\">\n<li>Opta por protectores solares hipoalerg\u00e9nicos y sin fragancia.<\/li>\n\n\n\n<li>Busca productos con ingredientes calmantes como aloe vera, cal\u00e9ndula o bisabolol.<\/li>\n\n\n\n<li>Evita los protectores solares con alcohol, fragancias sint\u00e9ticas o ingredientes irritantes como parabenos y sulfatos.<\/li>\n<\/ul>\n\n\n\n<h4 class=\"wp-block-heading\">Photoderm Max Crema Color de Bioderma&nbsp;<\/h4>\n\n\n\n<p>Indicada especialmente para pieles hiperdelicadas o para pieles que deben permanecer mucho tiempo expuestas al sol. Ayuda a unificar el tono y cubrir las imperfecciones del rostro.<\/p>\n\n\n    <a class='product' target='_blank' href='https:\/\/www.primor.eu\/es_es\/bioderma-photoderm-max-crema-color-54904.html'>\r\n        <img loading='async' src='https:\/\/cdn2.primor.eu\/media\/catalog\/product\/cache\/8d3aba296f7a18b5251ee30fa5db42b2\/6\/X\/6XS05020_1_f06e.jpg' alt='COMPRAR AHORA'>\r\n            <div class=\"claim\">\r\n                COMPRAR AHORA            <\/div>\r\n        <\/a>\r\n    \n\n\n\n<h3 class=\"wp-block-heading\">Piel normal o mixta<\/h3>\n\n\n\n<ul class=\"wp-block-list\">\n<li>Puedes elegir una amplia gama de protectores solares, pero considera tu nivel de actividad y preferencias de textura.<\/li>\n\n\n\n<li>Las f\u00f3rmulas en gel, loci\u00f3n o spray son opciones vers\u00e1tiles que suelen funcionar bien para este tipo de piel.<\/li>\n<\/ul>\n\n\n\n<h4 class=\"wp-block-heading\">Heliocare 360\u00ba Gel Fotoprotector Water SPF50+<\/h4>\n\n\n\n<p>Con Fernblock\u00ae+, filtros espec\u00edficos y activos reparadores y antioxidantes, este fotoprotector protege frente a las 4 radiaciones (UVB, UVA, Visible e Infrarrojo), neutraliza y repara el da\u00f1o solar. Su f\u00f3rmula acuosa, ultraligera y no comedog\u00e9nica se absorbe r\u00e1pidamente dejando la piel hidratada y manteniendo su confort durante la exposici\u00f3n solar. Adem\u00e1s, tambi\u00e9n cuenta con un sistema hidratante de liberaci\u00f3n prolongada que permite mantener la piel hidratada desde la aplicaci\u00f3n y a lo largo del tiempo.<\/p>\n\n\n    <a class='product' target='_blank' href='https:\/\/www.primor.eu\/es_es\/cantabria-labs-heliocare-360-gel-fotoprotector-water-spf-50-54913.html'>\r\n        <img loading='async' src='https:\/\/cdn2.primor.eu\/media\/catalog\/product\/cache\/8d3aba296f7a18b5251ee30fa5db42b2\/8\/4\/8470001930156__1__85ac.jpg' alt='COMPRAR AHORA'>\r\n            <div class=\"claim\">\r\n                COMPRAR AHORA            <\/div>\r\n        <\/a>\r\n    \n\n\n\n<h2 class=\"wp-block-heading\">Consejos generales a la hora de escoger un protector solar<\/h2>\n\n\n\n<ul class=\"wp-block-list\">\n<li><a href=\"https:\/\/www.primor.eu\/blog\/spf-que-significa-importancia\/\"><strong>FPS<\/strong><\/a><strong> (Factor de Protecci\u00f3n Solar).<\/strong> Para todos los tipos de piel, se recomienda un SPF de al menos 30. Puedes optar por un SPF m\u00e1s alto (como 50 o 50+) si pasas mucho tiempo al aire libre o tienes una piel muy clara o sensible.<\/li>\n<\/ul>\n\n\n\n<ul class=\"wp-block-list\">\n<li><strong>Amplio espectro.<\/strong> Elige un protector solar de \"amplio espectro\" que proteja contra los rayos UVA y UVB.<\/li>\n\n\n\n<li><strong>Textura y acabado<\/strong>. No todas somos iguales ni nos gusta lo mismo. Por lo que, considera la textura que prefieres (crema, gel, loci\u00f3n, aerosol) y el acabado que deseas (mate, hidratante, sin brillo).<\/li>\n\n\n\n<li><strong>Ingredientes adicionales. <\/strong>Es un consejo de periodista de belleza: busca ingredientes beneficiosos como antioxidantes (vitaminas C y E), que ayudan a combatir los radicales libres causados por la exposici\u00f3n solar.<\/li>\n\n\n\n<li>Aplica el <strong>protector solar generosamente<\/strong> y reapl\u00edcalo cada 2 horas o despu\u00e9s de nadar o sudar.<\/li>\n\n\n\n<li>Realiza una <strong>prueba de parche <\/strong>si tienes piel sensible o alergias para asegurarte de que el producto sea adecuado para ti.<\/li>\n\n\n\n<li><strong>Consulta con un dermat\u00f3logo<\/strong> si tienes dudas sobre qu\u00e9 protector solar es mejor para tu tipo de piel o si tienes preocupaciones espec\u00edficas.<\/li>\n<\/ul>\n\n\n<div class=\"kk-star-ratings kksr-auto kksr-align-center kksr-valign-bottom\"\n    data-payload='{&quot;align&quot;:&quot;center&quot;,&quot;id&quot;:&quot;101957&quot;,&quot;slug&quot;:&quot;default&quot;,&quot;valign&quot;:&quot;bottom&quot;,&quot;ignore&quot;:&quot;&quot;,&quot;reference&quot;:&quot;auto&quot;,&quot;class&quot;:&quot;&quot;,&quot;count&quot;:&quot;0&quot;,&quot;legendonly&quot;:&quot;&quot;,&quot;readonly&quot;:&quot;&quot;,&quot;score&quot;:&quot;0&quot;,&quot;starsonly&quot;:&quot;&quot;,&quot;best&quot;:&quot;5&quot;,&quot;gap&quot;:&quot;5&quot;,&quot;greet&quot;:&quot;Valora este art\u00edculo&quot;,&quot;legend&quot;:&quot;0\\\/5 - (0 votos)&quot;,&quot;size&quot;:&quot;24&quot;,&quot;title&quot;:&quot;La gu\u00eda definitiva para elegir el mejor protector solar para tu piel&quot;,&quot;width&quot;:&quot;0&quot;,&quot;_legend&quot;:&quot;{score}\\\/{best} - ({count} {votes})&quot;,&quot;font_factor&quot;:&quot;1.25&quot;}'>\n            \n<div class=\"kksr-stars\">\n    \n<div class=\"kksr-stars-inactive\">\n            <div class=\"kksr-star\" data-star=\"1\" style=\"padding-right: 5px\">\n            \n\n<div class=\"kksr-icon\" style=\"width: 24px; height: 24px;\"><\/div>\n        <\/div>\n            <div class=\"kksr-star\" data-star=\"2\" style=\"padding-right: 5px\">\n            \n\n<div class=\"kksr-icon\" style=\"width: 24px; height: 24px;\"><\/div>\n        <\/div>\n            <div class=\"kksr-star\" data-star=\"3\" style=\"padding-right: 5px\">\n            \n\n<div class=\"kksr-icon\" style=\"width: 24px; height: 24px;\"><\/div>\n        <\/div>\n            <div class=\"kksr-star\" data-star=\"4\" style=\"padding-right: 5px\">\n            \n\n<div class=\"kksr-icon\" style=\"width: 24px; height: 24px;\"><\/div>\n        <\/div>\n            <div class=\"kksr-star\" data-star=\"5\" style=\"padding-right: 5px\">\n            \n\n<div class=\"kksr-icon\" style=\"width: 24px; height: 24px;\"><\/div>\n        <\/div>\n    <\/div>\n    \n<div class=\"kksr-stars-active\" style=\"width: 0px;\">\n            <div class=\"kksr-star\" style=\"padding-right: 5px\">\n            \n\n<div class=\"kksr-icon\" style=\"width: 24px; height: 24px;\"><\/div>\n        <\/div>\n            <div class=\"kksr-star\" style=\"padding-right: 5px\">\n            \n\n<div class=\"kksr-icon\" style=\"width: 24px; height: 24px;\"><\/div>\n        <\/div>\n            <div class=\"kksr-star\" style=\"padding-right: 5px\">\n            \n\n<div class=\"kksr-icon\" style=\"width: 24px; height: 24px;\"><\/div>\n        <\/div>\n            <div class=\"kksr-star\" style=\"padding-right: 5px\">\n            \n\n<div class=\"kksr-icon\" style=\"width: 24px; height: 24px;\"><\/div>\n        <\/div>\n            <div class=\"kksr-star\" style=\"padding-right: 5px\">\n            \n\n<div class=\"kksr-icon\" style=\"width: 24px; height: 24px;\"><\/div>\n        <\/div>\n    <\/div>\n<\/div>\n                \n\n<div class=\"kksr-legend\" style=\"font-size: 19.2px;\">\n            <span class=\"kksr-muted\">Valora este art\u00edculo<\/span>\n    <\/div>\n    <\/div>\n","protected":false},"excerpt":{"rendered":"<p>\u00bfHay que aplicar protector solar a diario en la piel? S\u00ed, se puede decir m\u00e1s alto, pero no m\u00e1s claro. Eso s\u00ed, NO sirve cualquier protector solar. Has de escoger uno que se adec\u00fae a la perfecci\u00f3n a tu tipolog\u00eda cut\u00e1nea, ya sea seca, grasa, sensible o normal\/mixta. En este art\u00edculo de Primor te ense\u00f1amos [&hellip;]<\/p>\n","protected":false},"author":14,"featured_media":101958,"comment_status":"closed","ping_status":"closed","sticky":false,"template":"","format":"standard","meta":{"jnews-multi-image_gallery":[],"jnews_single_post":{"subtitle":"","format":"standard","video":"","gallery":"","source_name":"","source_url":"","via_name":"","via_url":"","override_template":"0","override":[{"template":"1","single_blog_custom":"","parallax":"1","fullscreen":"1","layout":"right-sidebar","sidebar":"home-2","second_sidebar":"default-sidebar","sticky_sidebar":"0","share_position":"float","share_float_style":"share-monocrhome","show_share_counter":"0","show_view_counter":"0","show_featured":"1","show_post_meta":"1","show_post_author":"0","show_post_author_image":"1","show_post_date":"1","post_date_format":"default","post_date_format_custom":"Y\/m\/d","show_post_category":"1","show_post_reading_time":"0","post_reading_time_wpm":"300","show_zoom_button":"0","zoom_button_out_step":"2","zoom_button_in_step":"3","show_post_tag":"0","show_prev_next_post":"0","show_popup_post":"0","number_popup_post":"2","show_author_box":"0","show_post_related":"0","show_inline_post_related":"1"}],"override_image_size":"0","image_override":[{"single_post_thumbnail_size":"no-crop","single_post_gallery_size":"crop-500"}],"trending_post":"0","trending_post_position":"meta","trending_post_label":"Trending","sponsored_post":"0","sponsored_post_label":"Sponsored by","sponsored_post_name":"","sponsored_post_url":"","sponsored_post_logo_enable":"0","sponsored_post_logo":"","sponsored_post_desc":"","disable_ad":"0"},"jnews_primary_category":{"id":"","hide":""},"jnews_social_meta":{"fb_title":"","fb_description":"","fb_image":"","twitter_title":"","twitter_description":"","twitter_image":""},"jnews_override_counter":{"override_view_counter":"0","view_counter_number":"0","override_share_counter":"0","share_counter_number":"0","override_like_counter":"0","like_counter_number":"0","override_dislike_counter":"0","dislike_counter_number":"0"},"footnotes":""},"categories":[6302],"tags":[],"class_list":["post-101957","post","type-post","status-publish","format-standard","has-post-thumbnail","hentry","category-solares"],"_links":{"self":[{"href":"https:\/\/www.primor.eu\/blog\/wp-json\/wp\/v2\/posts\/101957","targetHints":{"allow":["GET"]}}],"collection":[{"href":"https:\/\/www.primor.eu\/blog\/wp-json\/wp\/v2\/posts"}],"about":[{"href":"https:\/\/www.primor.eu\/blog\/wp-json\/wp\/v2\/types\/post"}],"author":[{"embeddable":true,"href":"https:\/\/www.primor.eu\/blog\/wp-json\/wp\/v2\/users\/14"}],"replies":[{"embeddable":true,"href":"https:\/\/www.primor.eu\/blog\/wp-json\/wp\/v2\/comments?post=101957"}],"version-history":[{"count":2,"href":"https:\/\/www.primor.eu\/blog\/wp-json\/wp\/v2\/posts\/101957\/revisions"}],"predecessor-version":[{"id":102014,"href":"https:\/\/www.primor.eu\/blog\/wp-json\/wp\/v2\/posts\/101957\/revisions\/102014"}],"wp:featuredmedia":[{"embeddable":true,"href":"https:\/\/www.primor.eu\/blog\/wp-json\/wp\/v2\/media\/101958"}],"wp:attachment":[{"href":"https:\/\/www.primor.eu\/blog\/wp-json\/wp\/v2\/media?parent=101957"}],"wp:term":[{"taxonomy":"category","embeddable":true,"href":"https:\/\/www.primor.eu\/blog\/wp-json\/wp\/v2\/categories?post=101957"},{"taxonomy":"post_tag","embeddable":true,"href":"https:\/\/www.primor.eu\/blog\/wp-json\/wp\/v2\/tags?post=101957"}],"curies":[{"name":"wp","href":"https:\/\/api.w.org\/{rel}","templated":true}]}}