{"id":101956,"date":"2025-08-24T07:48:50","date_gmt":"2025-08-24T07:48:50","guid":{"rendered":"https:\/\/www.primor.eu\/blog\/?p=101956"},"modified":"2025-08-24T07:48:53","modified_gmt":"2025-08-24T07:48:53","slug":"mejores-protectores-solares-ingredientes-naturales","status":"publish","type":"post","link":"https:\/\/www.primor.eu\/blog\/mejores-protectores-solares-ingredientes-naturales\/","title":{"rendered":"Los mejores protectores solares hechos con ingredientes naturales recomendados por expertos"},"content":{"rendered":"\n<p>Para gustos, <strong>colores<\/strong>; y cada vez con m\u00e1s frecuencia es <strong>com\u00fan<\/strong> ver <a href=\"https:\/\/www.primor.eu\/blog\/solares\/\">protectores solares<\/a> que se ajustan a <strong>necesidades m\u00e1s concretas<\/strong>, y como hay personas que aman los <a href=\"https:\/\/www.primor.eu\/blog\/mejores-cremas-solares-coreanas\/\">protectores solares coreanos<\/a> (por encima de cualquier cosa), tambi\u00e9n hay personas que buscan <strong>cremas solares con ingredientes naturales<\/strong>. Y no nos extra\u00f1a.<\/p>\n\n\n\n<p>Si est\u00e1s buscando una crema solar con <strong>ingredientes naturales<\/strong>, es importante entender qu\u00e9 tipos de ingredientes suelen incluirse en este tipo de productos. Las cremas solares con ingredientes naturales suelen estar formuladas con componentes derivados de fuentes naturales como plantas, minerales y otros compuestos org\u00e1nicos.<\/p>\n\n\n\n<h2 class=\"wp-block-heading\">Qu\u00e9 ingredientes naturales debo buscar en mi protector solar<\/h2>\n\n\n\n<ul class=\"wp-block-list\">\n<li><strong>\u00d3xido de zinc.<\/strong> Este mineral es un filtro solar f\u00edsico que refleja y dispersa los rayos UV del sol. El \u00f3xido de zinc es efectivo contra los rayos UV-A y UV-B y es considerado seguro y suave para la piel. Es especialmente \u00fatil para pieles sensibles y puede ayudar a prevenir quemaduras solares y da\u00f1o cut\u00e1neo.<\/li>\n\n\n\n<li><strong>Di\u00f3xido de titanio.<\/strong> Otro filtro solar f\u00edsico que refleja la radiaci\u00f3n UV. El di\u00f3xido de titanio protege contra los rayos UV-B y parte de los rayos UV-A. Tambi\u00e9n es suave para la piel y adecuado para personas con piel sensible.<\/li>\n\n\n\n<li><strong>Aceites vegetales<\/strong>. Los aceites naturales como el aceite de coco, aceite de jojoba, aceite de almendras o aceite de semilla de zanahoria pueden ser ingredientes hidratantes y protectores en las cremas solares. Estos aceites pueden ayudar a mantener la piel suave, nutrida e hidratada bajo el sol.<\/li>\n\n\n\n<li><strong>Mantecas vegetales<\/strong>. Mantecas como la manteca de karit\u00e9 o manteca de cacao son ingredientes ricos y emolientes que pueden ayudar a proteger la piel y prevenir la sequedad.<\/li>\n\n\n\n<li><strong>Extractos de plantas<\/strong>. Algunos extractos bot\u00e1nicos como el t\u00e9 verde, la cal\u00e9ndula, la manzanilla o el aloe vera tienen propiedades calmantes, antioxidantes o antiinflamatorias que pueden ser beneficiosas para la piel expuesta al sol.<\/li>\n\n\n\n<li><strong>Vitaminas y antioxidantes<\/strong>. Las cremas solares naturales a menudo incluyen vitaminas como la vitamina E (tocoferol) y otros antioxidantes que ayudan a proteger la piel del estr\u00e9s oxidativo causado por los rayos UV.<\/li>\n<\/ul>\n\n\n\n<h2 class=\"wp-block-heading\">Mejores cremas solares naturales<\/h2>\n\n\n        <product-table class=\"pr-slider\">\r\n            <product-headers class=\"grid-table-rows\">\r\n                <div>Foto<\/div>\r\n                <div>Producto<\/div>\r\n                <div>Marca<\/div>\r\n                <div>Valoraciones<\/div>\r\n                <div>Precio<\/div>\r\n            <\/product-headers>\r\n\r\n            <product-list>\r\n                                    <a href=\"https:\/\/www.primor.eu\/es_es\/rilastil-sun-system-proteccion-solar-facial-spf50-con-color-110896.html?#803=54054\" class=\"product-item grid-table-rows\" target=\"_blank\">\r\n                        <div>\r\n                            <img decoding=\"async\" class=\"product-img\" width=\"80px\" height=\"80px\" src=\"https:\/\/cdn2.primor.eu\/media\/catalog\/product\/cache\/8d3aba296f7a18b5251ee30fa5db42b2\/8\/0\/8050444859353_RIL_SUN_SYSTEM_50__COMPACTO_BEIGE_10G_1_8ca0.png\" alt=\"Sun System Protecci\u00f3n Solar Facial SPF50 con Color\">\r\n                        <\/div>\r\n\r\n                        <!-- Contenido de producto  -->\r\n                        <div>\r\n                            <div class=\"product-position\">\r\n                                #1 Top Ventas                            <\/div>\r\n\r\n                            <h2>\r\n                                Sun System Protecci\u00f3n Solar Facial SPF50 con Color                            <\/h2>\r\n                        <\/div>\r\n\r\n                        <!-- Imagen y\/o nombre de la marca -->\r\n                        <div>\r\n                                                            <img decoding=\"async\" width=\"70\" src=\"https:\/\/www.primor.eu\/media\/catalog\/category\/RILASTIL.jpg\" alt=\"Rilastil\">\r\n                                                    <\/div>\r\n\r\n                        <!-- Puntuaci\u00f3n del producto  -->\r\n                        <div class=\"rating\">\r\n                                                            <div class=\"rate\" style=\"--p:92;\"><\/div>\r\n                                <b>4.6\/5<\/b>\r\n                                <div class=\"rate-stars\">\r\n                                                                            <div\r\n                                            class=\"rate-star  \">\r\n                                        <\/div>\r\n                                                                            <div\r\n                                            class=\"rate-star  \">\r\n                                        <\/div>\r\n                                                                            <div\r\n                                            class=\"rate-star  \">\r\n                                        <\/div>\r\n                                                                            <div\r\n                                            class=\"rate-star  \">\r\n                                        <\/div>\r\n                                                                            <div\r\n                                            class=\"rate-star  \">\r\n                                        <\/div>\r\n                                                                    <\/div>\r\n                                                    <\/div>\r\n\r\n                        <!-- Bot\u00f3n de producto  -->\r\n                        <div>\r\n                            <span class=\"price-claim\">\r\n                                VER PRECIO                            <\/span>\r\n                        <\/div>\r\n                    <\/a>\r\n                                    <a href=\"https:\/\/www.primor.eu\/es_es\/revuele-sunprotect-crema-facial-diaria-extra-hidratacion-spf50-80964.html\" class=\"product-item grid-table-rows\" target=\"_blank\">\r\n                        <div>\r\n                            <img decoding=\"async\" class=\"product-img\" width=\"80px\" height=\"80px\" src=\"https:\/\/cdn2.primor.eu\/media\/catalog\/product\/cache\/8d3aba296f7a18b5251ee30fa5db42b2\/c\/r\/crema_facial_diaria_extra_hidratacion_spf50_baef.jpg\" alt=\"Protector Solar Extra Hidratante SPF50+\">\r\n                        <\/div>\r\n\r\n                        <!-- Contenido de producto  -->\r\n                        <div>\r\n                            <div class=\"product-position\">\r\n                                #2                            <\/div>\r\n\r\n                            <h2>\r\n                                Protector Solar Extra Hidratante SPF50+                            <\/h2>\r\n                        <\/div>\r\n\r\n                        <!-- Imagen y\/o nombre de la marca -->\r\n                        <div>\r\n                                                            <img decoding=\"async\" width=\"70\" src=\"https:\/\/www.primor.eu\/media\/catalog\/category\/989_revuele_1.png\" alt=\"\">\r\n                                                    <\/div>\r\n\r\n                        <!-- Puntuaci\u00f3n del producto  -->\r\n                        <div class=\"rating\">\r\n                                                            <div class=\"rate\" style=\"--p:94;\"><\/div>\r\n                                <b>4.7\/5<\/b>\r\n                                <div class=\"rate-stars\">\r\n                                                                            <div\r\n                                            class=\"rate-star  \">\r\n                                        <\/div>\r\n                                                                            <div\r\n                                            class=\"rate-star  \">\r\n                                        <\/div>\r\n                                                                            <div\r\n                                            class=\"rate-star  \">\r\n                                        <\/div>\r\n                                                                            <div\r\n                                            class=\"rate-star  \">\r\n                                        <\/div>\r\n                                                                            <div\r\n                                            class=\"rate-star  \">\r\n                                        <\/div>\r\n                                                                    <\/div>\r\n                                                    <\/div>\r\n\r\n                        <!-- Bot\u00f3n de producto  -->\r\n                        <div>\r\n                            <span class=\"price-claim\">\r\n                                VER PRECIO                            <\/span>\r\n                        <\/div>\r\n                    <\/a>\r\n                                    <a href=\"https:\/\/www.primor.eu\/es_es\/sisley-super-soin-solaire-protector-solar-corporal-spf-15-77938.html\" class=\"product-item grid-table-rows\" target=\"_blank\">\r\n                        <div>\r\n                            <img decoding=\"async\" class=\"product-img\" width=\"80px\" height=\"80px\" src=\"https:\/\/cdn2.primor.eu\/media\/catalog\/product\/cache\/8d3aba296f7a18b5251ee30fa5db42b2\/3\/4\/3473311688040_e965.jpg\" alt=\"Super Soin Solaire Protector Solar Corporal SPF 15\">\r\n                        <\/div>\r\n\r\n                        <!-- Contenido de producto  -->\r\n                        <div>\r\n                            <div class=\"product-position\">\r\n                                #3                            <\/div>\r\n\r\n                            <h2>\r\n                                Super Soin Solaire Protector Solar Corporal SPF 15                            <\/h2>\r\n                        <\/div>\r\n\r\n                        <!-- Imagen y\/o nombre de la marca -->\r\n                        <div>\r\n                                                            <img decoding=\"async\" width=\"70\" src=\"https:\/\/www.primor.eu\/media\/catalog\/category\/sisley.png\" alt=\"\">\r\n                                                    <\/div>\r\n\r\n                        <!-- Puntuaci\u00f3n del producto  -->\r\n                        <div class=\"rating\">\r\n                                                            <p>No hay valoraciones disponibles<\/p>\r\n                                                    <\/div>\r\n\r\n                        <!-- Bot\u00f3n de producto  -->\r\n                        <div>\r\n                            <span class=\"price-claim\">\r\n                                VER PRECIO                            <\/span>\r\n                        <\/div>\r\n                    <\/a>\r\n                                    <a href=\"https:\/\/www.primor.eu\/es_es\/australian-gold-protector-solar-con-bronceador-spf-30-55159.html\" class=\"product-item grid-table-rows\" target=\"_blank\">\r\n                        <div>\r\n                            <img decoding=\"async\" class=\"product-img\" width=\"80px\" height=\"80px\" src=\"https:\/\/cdn2.primor.eu\/media\/catalog\/product\/cache\/8d3aba296f7a18b5251ee30fa5db42b2\/0\/T\/0TS02976_1_f3a9.jpg\" alt=\"Protector Solar con Bronceador SPF 30\">\r\n                        <\/div>\r\n\r\n                        <!-- Contenido de producto  -->\r\n                        <div>\r\n                            <div class=\"product-position\">\r\n                                #4                            <\/div>\r\n\r\n                            <h2>\r\n                                Protector Solar con Bronceador SPF 30                            <\/h2>\r\n                        <\/div>\r\n\r\n                        <!-- Imagen y\/o nombre de la marca -->\r\n                        <div>\r\n                                                            <img decoding=\"async\" width=\"70\" src=\"https:\/\/www.primor.eu\/media\/catalog\/category\/australian_gold.jpg\" alt=\"\">\r\n                                                    <\/div>\r\n\r\n                        <!-- Puntuaci\u00f3n del producto  -->\r\n                        <div class=\"rating\">\r\n                                                            <div class=\"rate\" style=\"--p:96;\"><\/div>\r\n                                <b>4.8\/5<\/b>\r\n                                <div class=\"rate-stars\">\r\n                                                                            <div\r\n                                            class=\"rate-star  \">\r\n                                        <\/div>\r\n                                                                            <div\r\n                                            class=\"rate-star  \">\r\n                                        <\/div>\r\n                                                                            <div\r\n                                            class=\"rate-star  \">\r\n                                        <\/div>\r\n                                                                            <div\r\n                                            class=\"rate-star  \">\r\n                                        <\/div>\r\n                                                                            <div\r\n                                            class=\"rate-star  \">\r\n                                        <\/div>\r\n                                                                    <\/div>\r\n                                                    <\/div>\r\n\r\n                        <!-- Bot\u00f3n de producto  -->\r\n                        <div>\r\n                            <span class=\"price-claim\">\r\n                                VER PRECIO                            <\/span>\r\n                        <\/div>\r\n                    <\/a>\r\n                            <\/product-list>\r\n        <\/product-table>\r\n\r\n        \n\n\n\n<h3 class=\"wp-block-heading\">Sun System Water Touch Color SPF50+&nbsp;de Rilastil<\/h3>\n\n\n\n<p>Es la opci\u00f3n perfecta para proteger tu piel y darle un toque de color natural al mismo tiempo. Con una f\u00f3rmula ultraligera de acabado Dry Touch, este protector solar facial ofrece una protecci\u00f3n efectiva contra los rayos UVB y UVA, evitando as\u00ed el da\u00f1o solar y el envejecimiento prematuro de la piel. Adem\u00e1s de su acci\u00f3n protectora, proporciona una hidrataci\u00f3n profunda y una acci\u00f3n calmante gracias a su contenido antioxidante.<\/p>\n\n\n    <a class='product' target='_blank' href='https:\/\/www.primor.eu\/es_es\/rilastil-sun-system-proteccion-solar-facial-spf50-con-color-110896.html?#803=54054'>\r\n        <img loading='async' src='https:\/\/cdn2.primor.eu\/media\/catalog\/product\/cache\/8d3aba296f7a18b5251ee30fa5db42b2\/8\/0\/8050444859353_RIL_SUN_SYSTEM_50__COMPACTO_BEIGE_10G_1_8ca0.png' alt='COMPRAR AHORA'>\r\n            <div class=\"claim\">\r\n                COMPRAR AHORA            <\/div>\r\n        <\/a>\r\n    \n\n\n\n<h3 class=\"wp-block-heading\">Protector Solar Extra Hidratante SPF50+&nbsp;de Revuele <\/h3>\n\n\n\n<p>Es una crema facial de uso diario que ofrece una protecci\u00f3n solar muy alta contra los rayos UVA y UVB. Este protector solar es suave, ligero y trabaja incansablemente para mantener a tu piel a salvo de los da\u00f1os causados por el sol.<\/p>\n\n\n    <a class='product' target='_blank' href='https:\/\/www.primor.eu\/es_es\/revuele-sunprotect-crema-facial-diaria-extra-hidratacion-spf50-80964.html'>\r\n        <img loading='async' src='https:\/\/cdn2.primor.eu\/media\/catalog\/product\/cache\/8d3aba296f7a18b5251ee30fa5db42b2\/c\/r\/crema_facial_diaria_extra_hidratacion_spf50_baef.jpg' alt='COMPRAR AHORA'>\r\n            <div class=\"claim\">\r\n                COMPRAR AHORA            <\/div>\r\n        <\/a>\r\n    \n\n\n\n<h3 class=\"wp-block-heading\">Super Soin Solaire Protector Solar Corporal SPF 15 de Sisley<\/h3>\n\n\n\n<p>Este protector solar de tratamiento ofrece una defensa completa contra los rayos UVA y UVB, ideal para todo tipo de pieles, incluso las m\u00e1s sensibles. Con una f\u00f3rmula avanzada, este protector solar no solo protege contra los da\u00f1inos efectos del sol, sino que tambi\u00e9n act\u00faa como un escudo antienvejecimiento. Con una f\u00f3rmula hidratante y nutritiva, los aceites de Camelia, Girasol y Karit\u00e9 devuelven a la piel su flexibilidad e hidrataci\u00f3n.<\/p>\n\n\n\n<p>Este aceite deja la piel sedosa, realzando la luminosidad del bronceado. Adem\u00e1s, es resistente al agua y cuenta con una agradable fragancia natural de aceites esenciales de Lavanda y Geranio.<\/p>\n\n\n    <a class='product' target='_blank' href='https:\/\/www.primor.eu\/es_es\/sisley-super-soin-solaire-protector-solar-corporal-spf-15-77938.html'>\r\n        <img loading='async' src='https:\/\/cdn2.primor.eu\/media\/catalog\/product\/cache\/8d3aba296f7a18b5251ee30fa5db42b2\/3\/4\/3473311688040_e965.jpg' alt='COMPRAR AHORA'>\r\n            <div class=\"claim\">\r\n                COMPRAR AHORA            <\/div>\r\n        <\/a>\r\n    \n\n\n\n<h3 class=\"wp-block-heading\">Protector Solar con Bronceador SPF 30 de Australian Gold<\/h3>\n\n\n\n<p>Protege tu cuerpo de los rayos UVA y UVB a la vez que te permite broncear gracias a su ingrediente de caf\u00e9 Kona, dej\u00e1ndote un efecto dorado al instante. Contiene tambi\u00e9n extractos de ciruela Kakadu (la fuente m\u00e1s rica de vitamina C) y vitamina E que protege contra los radicales libres. La combinaci\u00f3n de aceite de \u00e1rbol de t\u00e9, extractos de semillas de girasol, aloe vera, extractos de manteca de cacao y alanto\u00edna brindan una m\u00e1xima hidrataci\u00f3n a la piel y la restauran.<\/p>\n\n\n    <a class='product' target='_blank' href='https:\/\/www.primor.eu\/es_es\/australian-gold-protector-solar-con-bronceador-spf-30-55159.html'>\r\n        <img loading='async' src='https:\/\/cdn2.primor.eu\/media\/catalog\/product\/cache\/8d3aba296f7a18b5251ee30fa5db42b2\/0\/T\/0TS02976_1_f3a9.jpg' alt='COMPRAR AHORA'>\r\n            <div class=\"claim\">\r\n                COMPRAR AHORA            <\/div>\r\n        <\/a>\r\n    \n\n\n<div class=\"kk-star-ratings kksr-auto kksr-align-center kksr-valign-bottom\"\n    data-payload='{&quot;align&quot;:&quot;center&quot;,&quot;id&quot;:&quot;101956&quot;,&quot;slug&quot;:&quot;default&quot;,&quot;valign&quot;:&quot;bottom&quot;,&quot;ignore&quot;:&quot;&quot;,&quot;reference&quot;:&quot;auto&quot;,&quot;class&quot;:&quot;&quot;,&quot;count&quot;:&quot;3&quot;,&quot;legendonly&quot;:&quot;&quot;,&quot;readonly&quot;:&quot;&quot;,&quot;score&quot;:&quot;1&quot;,&quot;starsonly&quot;:&quot;&quot;,&quot;best&quot;:&quot;5&quot;,&quot;gap&quot;:&quot;5&quot;,&quot;greet&quot;:&quot;Valora este art\u00edculo&quot;,&quot;legend&quot;:&quot;1\\\/5 - (3 votos)&quot;,&quot;size&quot;:&quot;24&quot;,&quot;title&quot;:&quot;Los mejores protectores solares hechos con ingredientes naturales recomendados por expertos&quot;,&quot;width&quot;:&quot;26.5&quot;,&quot;_legend&quot;:&quot;{score}\\\/{best} - ({count} {votes})&quot;,&quot;font_factor&quot;:&quot;1.25&quot;}'>\n            \n<div class=\"kksr-stars\">\n    \n<div class=\"kksr-stars-inactive\">\n            <div class=\"kksr-star\" data-star=\"1\" style=\"padding-right: 5px\">\n            \n\n<div class=\"kksr-icon\" style=\"width: 24px; height: 24px;\"><\/div>\n        <\/div>\n            <div class=\"kksr-star\" data-star=\"2\" style=\"padding-right: 5px\">\n            \n\n<div class=\"kksr-icon\" style=\"width: 24px; height: 24px;\"><\/div>\n        <\/div>\n            <div class=\"kksr-star\" data-star=\"3\" style=\"padding-right: 5px\">\n            \n\n<div class=\"kksr-icon\" style=\"width: 24px; height: 24px;\"><\/div>\n        <\/div>\n            <div class=\"kksr-star\" data-star=\"4\" style=\"padding-right: 5px\">\n            \n\n<div class=\"kksr-icon\" style=\"width: 24px; height: 24px;\"><\/div>\n        <\/div>\n            <div class=\"kksr-star\" data-star=\"5\" style=\"padding-right: 5px\">\n            \n\n<div class=\"kksr-icon\" style=\"width: 24px; height: 24px;\"><\/div>\n        <\/div>\n    <\/div>\n    \n<div class=\"kksr-stars-active\" style=\"width: 26.5px;\">\n            <div class=\"kksr-star\" style=\"padding-right: 5px\">\n            \n\n<div class=\"kksr-icon\" style=\"width: 24px; height: 24px;\"><\/div>\n        <\/div>\n            <div class=\"kksr-star\" style=\"padding-right: 5px\">\n            \n\n<div class=\"kksr-icon\" style=\"width: 24px; height: 24px;\"><\/div>\n        <\/div>\n            <div class=\"kksr-star\" style=\"padding-right: 5px\">\n            \n\n<div class=\"kksr-icon\" style=\"width: 24px; height: 24px;\"><\/div>\n        <\/div>\n            <div class=\"kksr-star\" style=\"padding-right: 5px\">\n            \n\n<div class=\"kksr-icon\" style=\"width: 24px; height: 24px;\"><\/div>\n        <\/div>\n            <div class=\"kksr-star\" style=\"padding-right: 5px\">\n            \n\n<div class=\"kksr-icon\" style=\"width: 24px; height: 24px;\"><\/div>\n        <\/div>\n    <\/div>\n<\/div>\n                \n\n<div class=\"kksr-legend\" style=\"font-size: 19.2px;\">\n            1\/5 - (3 votos)    <\/div>\n    <\/div>\n","protected":false},"excerpt":{"rendered":"<p>Para gustos, colores; y cada vez con m\u00e1s frecuencia es com\u00fan ver protectores solares que se ajustan a necesidades m\u00e1s concretas, y como hay personas que aman los protectores solares coreanos (por encima de cualquier cosa), tambi\u00e9n hay personas que buscan cremas solares con ingredientes naturales. Y no nos extra\u00f1a. Si est\u00e1s buscando una crema [&hellip;]<\/p>\n","protected":false},"author":14,"featured_media":101962,"comment_status":"closed","ping_status":"closed","sticky":false,"template":"","format":"standard","meta":{"jnews-multi-image_gallery":[],"jnews_single_post":{"subtitle":"","format":"standard","video":"","gallery":"","source_name":"","source_url":"","via_name":"","via_url":"","override_template":"0","override":[{"template":"1","single_blog_custom":"","parallax":"1","fullscreen":"1","layout":"right-sidebar","sidebar":"home-2","second_sidebar":"default-sidebar","sticky_sidebar":"0","share_position":"float","share_float_style":"share-monocrhome","show_share_counter":"0","show_view_counter":"0","show_featured":"1","show_post_meta":"1","show_post_author":"0","show_post_author_image":"1","show_post_date":"1","post_date_format":"default","post_date_format_custom":"Y\/m\/d","show_post_category":"1","show_post_reading_time":"0","post_reading_time_wpm":"300","show_zoom_button":"0","zoom_button_out_step":"2","zoom_button_in_step":"3","show_post_tag":"0","show_prev_next_post":"0","show_popup_post":"0","number_popup_post":"2","show_author_box":"0","show_post_related":"0","show_inline_post_related":"1"}],"override_image_size":"0","image_override":[{"single_post_thumbnail_size":"no-crop","single_post_gallery_size":"crop-500"}],"trending_post":"0","trending_post_position":"meta","trending_post_label":"Trending","sponsored_post":"0","sponsored_post_label":"Sponsored by","sponsored_post_name":"","sponsored_post_url":"","sponsored_post_logo_enable":"0","sponsored_post_logo":"","sponsored_post_desc":"","disable_ad":"0"},"jnews_primary_category":{"id":"","hide":""},"jnews_social_meta":{"fb_title":"","fb_description":"","fb_image":"","twitter_title":"","twitter_description":"","twitter_image":""},"jnews_override_counter":{"override_view_counter":"0","view_counter_number":"0","override_share_counter":"0","share_counter_number":"0","override_like_counter":"0","like_counter_number":"0","override_dislike_counter":"0","dislike_counter_number":"0"},"footnotes":""},"categories":[6302],"tags":[],"class_list":["post-101956","post","type-post","status-publish","format-standard","has-post-thumbnail","hentry","category-solares"],"_links":{"self":[{"href":"https:\/\/www.primor.eu\/blog\/wp-json\/wp\/v2\/posts\/101956","targetHints":{"allow":["GET"]}}],"collection":[{"href":"https:\/\/www.primor.eu\/blog\/wp-json\/wp\/v2\/posts"}],"about":[{"href":"https:\/\/www.primor.eu\/blog\/wp-json\/wp\/v2\/types\/post"}],"author":[{"embeddable":true,"href":"https:\/\/www.primor.eu\/blog\/wp-json\/wp\/v2\/users\/14"}],"replies":[{"embeddable":true,"href":"https:\/\/www.primor.eu\/blog\/wp-json\/wp\/v2\/comments?post=101956"}],"version-history":[{"count":5,"href":"https:\/\/www.primor.eu\/blog\/wp-json\/wp\/v2\/posts\/101956\/revisions"}],"predecessor-version":[{"id":131093,"href":"https:\/\/www.primor.eu\/blog\/wp-json\/wp\/v2\/posts\/101956\/revisions\/131093"}],"wp:featuredmedia":[{"embeddable":true,"href":"https:\/\/www.primor.eu\/blog\/wp-json\/wp\/v2\/media\/101962"}],"wp:attachment":[{"href":"https:\/\/www.primor.eu\/blog\/wp-json\/wp\/v2\/media?parent=101956"}],"wp:term":[{"taxonomy":"category","embeddable":true,"href":"https:\/\/www.primor.eu\/blog\/wp-json\/wp\/v2\/categories?post=101956"},{"taxonomy":"post_tag","embeddable":true,"href":"https:\/\/www.primor.eu\/blog\/wp-json\/wp\/v2\/tags?post=101956"}],"curies":[{"name":"wp","href":"https:\/\/api.w.org\/{rel}","templated":true}]}}