{"id":101954,"date":"2025-12-08T12:07:07","date_gmt":"2025-12-08T12:07:07","guid":{"rendered":"https:\/\/www.primor.eu\/blog\/?p=101954"},"modified":"2025-12-08T12:09:37","modified_gmt":"2025-12-08T12:09:37","slug":"mejores-maquillajes-cena-empresa","status":"publish","type":"post","link":"https:\/\/www.primor.eu\/blog\/mejores-maquillajes-cena-empresa\/","title":{"rendered":"Este es el maquillaje perfecto para una cena de empresa"},"content":{"rendered":"\n<p>\u00bfTienes una <strong>cena de empresa<\/strong>? Pues d\u00e9jame decirte que l<strong>a primera impresi\u00f3n<\/strong> (en este \u00e1mbito concreto) <strong>s\u00ed importa,<\/strong> por lo que, a la hora de acudir, ten claro el lema de Chanel: <strong>menos es m\u00e1s.<\/strong> Pero no solo en c\u00f3mo vayas vestida y peinada, sino tambi\u00e9n ten claro que tu <a href=\"https:\/\/www.primor.eu\/blog\/maquillaje\/\">maquillaje<\/a> es important\u00edsimo. Nuestro <strong>consejo<\/strong> es que no te maquilles en exceso. M\u00e1s vale pecar de <a href=\"https:\/\/www.primor.eu\/blog\/maquillaje-natural\/\">natural<\/a> que de puerta. As\u00ed que, si lo que necesitas es <strong>inspiraci\u00f3n<\/strong>, as\u00ed como los cosm\u00e9ticos que nosotras usar\u00edamos, atenta, porque esto te interesa.&nbsp;<\/p>\n\n\n\n<h2 class=\"wp-block-heading\">Paso a paso para un maquillaje de cena de empresa<\/h2>\n\n\n\n<ul class=\"wp-block-list\">\n<li><strong>Prepara tu piel.<\/strong> Comienza limpiando e hidratando tu rostro. Aplica una crema hidratante adecuada a tu tipo de piel para asegurarte de que est\u00e9 bien preparada antes del maquillaje.<\/li>\n\n\n\n<li><strong>Base de maquillaje.<\/strong> Escoge una base que coincida perfectamente con tu tono de piel para un acabado natural. \u00a1<a href=\"https:\/\/www.primor.eu\/blog\/trucos-elegir-base-maquillaje\/\">Esto es muy importante<\/a>! Apl\u00edcala uniformemente y difum\u00ednala bien para cubrir imperfecciones sin sobrecargar.<\/li>\n\n\n\n<li><strong>Corrector<\/strong>. Usa un corrector para ocultar ojeras y peque\u00f1as manchas. Aplica con suavidad y mezcla bien para un acabado impecable.<\/li>\n\n\n\n<li><strong>Polvos transl\u00facidos<\/strong>. Fija tu base y corrector con polvos transl\u00facidos para mantener el maquillaje en su lugar durante toda la noche.<\/li>\n\n\n\n<li><strong>Sombras de ojos neutras<\/strong>. Para los ojos, elige sombras en tonos neutros como marrones suaves, beige o grises. Evita colores muy llamativos para mantener un estilo elegante.<\/li>\n\n\n\n<li><strong>Delineado y m\u00e1scara de pesta\u00f1as<\/strong>. Delinea sutilmente tus ojos con un delineador negro o marr\u00f3n oscuro. Aplica m\u00e1scara de pesta\u00f1as para abrir la mirada y a\u00f1adir definici\u00f3n.<\/li>\n\n\n\n<li><strong>Cejas definidas.<\/strong> Define tus cejas con un l\u00e1piz o gel espec\u00edfico para cejas, pein\u00e1ndolas hacia arriba para un efecto natural pero cuidado.<\/li>\n\n\n\n<li><strong>Rubor suave<\/strong>. A\u00f1ade un toque de rubor en tonos rosados o melocot\u00f3n en las mejillas para un aspecto saludable y radiante. Para ello, los <a href=\"https:\/\/www.primor.eu\/blog\/mejores-coloretes-en-crema\/\">coloretes en crema<\/a> son grandes aliados.<\/li>\n\n\n\n<li><strong>Labios sutiles.<\/strong> Opta por un color de labios que complemente tu tono de piel, como <a href=\"https:\/\/www.primor.eu\/blog\/pintalabios-nude-labiales-primor\/\">tonos nude<\/a>, rosas suaves o rojos sutiles. Usa delineador de labios si lo deseas para un acabado m\u00e1s definido.<\/li>\n\n\n\n<li><strong>Sellado final.<\/strong> Finaliza el maquillaje con un <a href=\"https:\/\/www.primor.eu\/blog\/spray-fijador-maquillaje-que-es\/\">spray fijador<\/a> para que dure toda la noche sin necesidad de retoques.<\/li>\n<\/ul>\n\n\n\n<h2 class=\"wp-block-heading\">Productos que necesitas para un maquillaje de altura<\/h2>\n\n\n        <product-table class=\"pr-slider\">\r\n            <product-headers class=\"grid-table-rows\">\r\n                <div>Foto<\/div>\r\n                <div>Producto<\/div>\r\n                <div>Marca<\/div>\r\n                <div>Valoraciones<\/div>\r\n                <div>Precio<\/div>\r\n            <\/product-headers>\r\n\r\n            <product-list>\r\n                                    <a href=\"https:\/\/www.primor.eu\/es_es\/clarins-skin-illusion-teint-naturel-spf-15-base-de-maquillaje-109503.html?#803=47602\" class=\"product-item grid-table-rows\" target=\"_blank\">\r\n                        <div>\r\n                            <img decoding=\"async\" class=\"product-img\" width=\"80px\" height=\"80px\" src=\"https:\/\/cdn2.primor.eu\/media\/catalog\/product\/cache\/8d3aba296f7a18b5251ee30fa5db42b2\/0\/M\/0MR14555_1_c9e0.jpg\" alt=\"Skin Illusion Teint Naturel SPF 15 Base de Maquillaje\">\r\n                        <\/div>\r\n\r\n                        <!-- Contenido de producto  -->\r\n                        <div>\r\n                            <div class=\"product-position\">\r\n                                #1 Top Ventas                            <\/div>\r\n\r\n                            <h2>\r\n                                Skin Illusion Teint Naturel SPF 15 Base de Maquillaje                            <\/h2>\r\n                        <\/div>\r\n\r\n                        <!-- Imagen y\/o nombre de la marca -->\r\n                        <div>\r\n                                                            <img decoding=\"async\" width=\"70\" src=\"https:\/\/www.primor.eu\/media\/catalog\/category\/clarins.png\" alt=\"Clarins\">\r\n                                                    <\/div>\r\n\r\n                        <!-- Puntuaci\u00f3n del producto  -->\r\n                        <div class=\"rating\">\r\n                                                            <div class=\"rate\" style=\"--p:96;\"><\/div>\r\n                                <b>4.8\/5<\/b>\r\n                                <div class=\"rate-stars\">\r\n                                                                            <div\r\n                                            class=\"rate-star  \">\r\n                                        <\/div>\r\n                                                                            <div\r\n                                            class=\"rate-star  \">\r\n                                        <\/div>\r\n                                                                            <div\r\n                                            class=\"rate-star  \">\r\n                                        <\/div>\r\n                                                                            <div\r\n                                            class=\"rate-star  \">\r\n                                        <\/div>\r\n                                                                            <div\r\n                                            class=\"rate-star  \">\r\n                                        <\/div>\r\n                                                                    <\/div>\r\n                                                    <\/div>\r\n\r\n                        <!-- Bot\u00f3n de producto  -->\r\n                        <div>\r\n                            <span class=\"price-claim\">\r\n                                VER PRECIO                            <\/span>\r\n                        <\/div>\r\n                    <\/a>\r\n                                    <a href=\"https:\/\/www.primor.eu\/es_es\/nars-colorete-en-polvo-41061.html\" class=\"product-item grid-table-rows\" target=\"_blank\">\r\n                        <div>\r\n                            <img decoding=\"async\" class=\"product-img\" width=\"80px\" height=\"80px\" src=\"https:\/\/cdn2.primor.eu\/media\/catalog\/product\/cache\/8d3aba296f7a18b5251ee30fa5db42b2\/0\/M\/0MR20340_1_6aad.jpg\" alt=\"Colorete en Polvo\">\r\n                        <\/div>\r\n\r\n                        <!-- Contenido de producto  -->\r\n                        <div>\r\n                            <div class=\"product-position\">\r\n                                #2                            <\/div>\r\n\r\n                            <h2>\r\n                                Colorete en Polvo                            <\/h2>\r\n                        <\/div>\r\n\r\n                        <!-- Imagen y\/o nombre de la marca -->\r\n                        <div>\r\n                                                            <img decoding=\"async\" width=\"70\" src=\"https:\/\/www.primor.eu\/media\/catalog\/category\/Nars.png\" alt=\"\">\r\n                                                    <\/div>\r\n\r\n                        <!-- Puntuaci\u00f3n del producto  -->\r\n                        <div class=\"rating\">\r\n                                                            <p>No hay valoraciones disponibles<\/p>\r\n                                                    <\/div>\r\n\r\n                        <!-- Bot\u00f3n de producto  -->\r\n                        <div>\r\n                            <span class=\"price-claim\">\r\n                                VER PRECIO                            <\/span>\r\n                        <\/div>\r\n                    <\/a>\r\n                                    <a href=\"https:\/\/www.primor.eu\/es_es\/nyx-professional-make-up-spray-fijador-de-maquillaje-matte-finish-110348.html?#854=66336\" class=\"product-item grid-table-rows\" target=\"_blank\">\r\n                        <div>\r\n                            <img decoding=\"async\" class=\"product-img\" width=\"80px\" height=\"80px\" src=\"https:\/\/cdn2.primor.eu\/media\/catalog\/product\/cache\/8d3aba296f7a18b5251ee30fa5db42b2\/2\/_\/2_8940.png\" alt=\"Spray Fijador de Maquillaje Matte Finish\">\r\n                        <\/div>\r\n\r\n                        <!-- Contenido de producto  -->\r\n                        <div>\r\n                            <div class=\"product-position\">\r\n                                #3                            <\/div>\r\n\r\n                            <h2>\r\n                                Spray Fijador de Maquillaje Matte Finish                            <\/h2>\r\n                        <\/div>\r\n\r\n                        <!-- Imagen y\/o nombre de la marca -->\r\n                        <div>\r\n                                                            <img decoding=\"async\" width=\"70\" src=\"https:\/\/www.primor.eu\/media\/catalog\/category\/nyx.png\" alt=\"NYX Professional Make Up\">\r\n                                                    <\/div>\r\n\r\n                        <!-- Puntuaci\u00f3n del producto  -->\r\n                        <div class=\"rating\">\r\n                                                            <div class=\"rate\" style=\"--p:92;\"><\/div>\r\n                                <b>4.6\/5<\/b>\r\n                                <div class=\"rate-stars\">\r\n                                                                            <div\r\n                                            class=\"rate-star  \">\r\n                                        <\/div>\r\n                                                                            <div\r\n                                            class=\"rate-star  \">\r\n                                        <\/div>\r\n                                                                            <div\r\n                                            class=\"rate-star  \">\r\n                                        <\/div>\r\n                                                                            <div\r\n                                            class=\"rate-star  \">\r\n                                        <\/div>\r\n                                                                            <div\r\n                                            class=\"rate-star  \">\r\n                                        <\/div>\r\n                                                                    <\/div>\r\n                                                    <\/div>\r\n\r\n                        <!-- Bot\u00f3n de producto  -->\r\n                        <div>\r\n                            <span class=\"price-claim\">\r\n                                VER PRECIO                            <\/span>\r\n                        <\/div>\r\n                    <\/a>\r\n                            <\/product-list>\r\n        <\/product-table>\r\n\r\n        \n\n\n\n<h3 class=\"wp-block-heading\">Base de Maquillaje y Serum Clarins<\/h3>\n\n\n\n<p>Es una f\u00f3rmula \u00fanica con un 98% de componentes naturales y un 80% de efectividad en tratamiento que ofrece una combinaci\u00f3n perfecta entre maquillaje y cuidado de la piel. La mezcla de pigmentos minerales excepcionales con los beneficios de aceites secos como el aceite de avellana y el aceite de jojoba bio proporciona resultados sorprendentes. Adem\u00e1s, el aporte de escualeno vegetal brinda una sensaci\u00f3n de suavidad y confort, mientras que las ceramidas refuerzan la barrera cut\u00e1nea, protegiendo contra la deshidrataci\u00f3n.<\/p>\n\n\n    <a class='product' target='_blank' href='https:\/\/www.primor.eu\/es_es\/clarins-skin-illusion-teint-naturel-spf-15-base-de-maquillaje-109503.html?#803=47602'>\r\n        <img loading='async' src='https:\/\/cdn2.primor.eu\/media\/catalog\/product\/cache\/8d3aba296f7a18b5251ee30fa5db42b2\/0\/M\/0MR14555_1_c9e0.jpg' alt='COMPRAR AHORA'>\r\n            <div class=\"claim\">\r\n                COMPRAR AHORA            <\/div>\r\n        <\/a>\r\n    \n\n\n\n<h3 class=\"wp-block-heading\">Colorete en polvo de Nars<\/h3>\n\n\n\n<p>Es imprescindible que no puede faltar en cualquier neceser de maquillaje. Una amplia variedad de tonos naturales que sientan bien a todo tipo de pieles aportando un efecto de buena cara al instante. Gracias a sus f\u00f3rmulas ricas en pigmentos micronizados, estos polvos ofrecen un color trasl\u00facido y modulable que se integra f\u00e1cilmente con cada pasada. Adem\u00e1s de ser el blush m\u00e1s vendido en Estados Unidos.<\/p>\n\n\n    <a class='product' target='_blank' href='https:\/\/www.primor.eu\/es_es\/nars-colorete-en-polvo-41061.html'>\r\n        <img loading='async' src='https:\/\/cdn2.primor.eu\/media\/catalog\/product\/cache\/8d3aba296f7a18b5251ee30fa5db42b2\/0\/M\/0MR20340_1_6aad.jpg' alt='COMPRAR AHORA'>\r\n            <div class=\"claim\">\r\n                COMPRAR AHORA            <\/div>\r\n        <\/a>\r\n    \n\n\n\n<h3 class=\"wp-block-heading\">Rouge Pur Couture The Slim Vibing Nudes de Yves Saint Laurent<\/h3>\n\n\n\n<p>Es el ic\u00f3nico labial cuadrado y ultrafino de Yves Saint Laurent, ahora con acabados mate cuero y aterciopelado en vibrantes tonos \u00e1mbar con brillantes perlas rojizas y doradas.<\/p>\n\n\n    <a class='product' target='_blank' href='https:\/\/www.primor.eu\/es_es\/yves-saint-laurent-rouge-pur-couture-the-slim-vibing-nudes-barra-de-labios-108557.html?#803=50420'>\r\n        <img loading='async' src='https:\/\/cdn2.primor.eu\/media\/catalog\/product\/cache\/8d3aba296f7a18b5251ee30fa5db42b2\/0\/M\/0ML30455_1_e1a1.jpg' alt='COMPRAR AHORA'>\r\n            <div class=\"claim\">\r\n                COMPRAR AHORA            <\/div>\r\n        <\/a>\r\n    \n\n\n\n<h3 class=\"wp-block-heading\">Matte Finish Spray Fijador de Maquillaje de NYX<\/h3>\n\n\n\n<p>Este fijador de maquillaje en spray vegano, ligero y de acabado mate es adecuado para todo tipo de pieles y se convertir\u00e1 en un b\u00e1sico en tu malet\u00edn de maquillaje profesional. Su resultado es realmente profesional, ya que ayuda a reforzar e intensificar el efecto de las bases de maquillaje de acabado mate y los labiales.<\/p>\n\n\n    <a class='product' target='_blank' href='https:\/\/www.primor.eu\/es_es\/nyx-professional-make-up-spray-fijador-de-maquillaje-matte-finish-110348.html?#854=66336'>\r\n        <img loading='async' src='https:\/\/cdn2.primor.eu\/media\/catalog\/product\/cache\/8d3aba296f7a18b5251ee30fa5db42b2\/2\/_\/2_8940.png' alt='COMPRAR AHORA'>\r\n            <div class=\"claim\">\r\n                COMPRAR AHORA            <\/div>\r\n        <\/a>\r\n    \n\n\n<div class=\"kk-star-ratings kksr-auto kksr-align-center kksr-valign-bottom\"\n    data-payload='{&quot;align&quot;:&quot;center&quot;,&quot;id&quot;:&quot;101954&quot;,&quot;slug&quot;:&quot;default&quot;,&quot;valign&quot;:&quot;bottom&quot;,&quot;ignore&quot;:&quot;&quot;,&quot;reference&quot;:&quot;auto&quot;,&quot;class&quot;:&quot;&quot;,&quot;count&quot;:&quot;1&quot;,&quot;legendonly&quot;:&quot;&quot;,&quot;readonly&quot;:&quot;&quot;,&quot;score&quot;:&quot;5&quot;,&quot;starsonly&quot;:&quot;&quot;,&quot;best&quot;:&quot;5&quot;,&quot;gap&quot;:&quot;5&quot;,&quot;greet&quot;:&quot;Valora este art\u00edculo&quot;,&quot;legend&quot;:&quot;5\\\/5 - (1 voto)&quot;,&quot;size&quot;:&quot;24&quot;,&quot;title&quot;:&quot;Este es el maquillaje perfecto para una cena de empresa&quot;,&quot;width&quot;:&quot;142.5&quot;,&quot;_legend&quot;:&quot;{score}\\\/{best} - ({count} {votes})&quot;,&quot;font_factor&quot;:&quot;1.25&quot;}'>\n            \n<div class=\"kksr-stars\">\n    \n<div class=\"kksr-stars-inactive\">\n            <div class=\"kksr-star\" data-star=\"1\" style=\"padding-right: 5px\">\n            \n\n<div class=\"kksr-icon\" style=\"width: 24px; height: 24px;\"><\/div>\n        <\/div>\n            <div class=\"kksr-star\" data-star=\"2\" style=\"padding-right: 5px\">\n            \n\n<div class=\"kksr-icon\" style=\"width: 24px; height: 24px;\"><\/div>\n        <\/div>\n            <div class=\"kksr-star\" data-star=\"3\" style=\"padding-right: 5px\">\n            \n\n<div class=\"kksr-icon\" style=\"width: 24px; height: 24px;\"><\/div>\n        <\/div>\n            <div class=\"kksr-star\" data-star=\"4\" style=\"padding-right: 5px\">\n            \n\n<div class=\"kksr-icon\" style=\"width: 24px; height: 24px;\"><\/div>\n        <\/div>\n            <div class=\"kksr-star\" data-star=\"5\" style=\"padding-right: 5px\">\n            \n\n<div class=\"kksr-icon\" style=\"width: 24px; height: 24px;\"><\/div>\n        <\/div>\n    <\/div>\n    \n<div class=\"kksr-stars-active\" style=\"width: 142.5px;\">\n            <div class=\"kksr-star\" style=\"padding-right: 5px\">\n            \n\n<div class=\"kksr-icon\" style=\"width: 24px; height: 24px;\"><\/div>\n        <\/div>\n            <div class=\"kksr-star\" style=\"padding-right: 5px\">\n            \n\n<div class=\"kksr-icon\" style=\"width: 24px; height: 24px;\"><\/div>\n        <\/div>\n            <div class=\"kksr-star\" style=\"padding-right: 5px\">\n            \n\n<div class=\"kksr-icon\" style=\"width: 24px; height: 24px;\"><\/div>\n        <\/div>\n            <div class=\"kksr-star\" style=\"padding-right: 5px\">\n            \n\n<div class=\"kksr-icon\" style=\"width: 24px; height: 24px;\"><\/div>\n        <\/div>\n            <div class=\"kksr-star\" style=\"padding-right: 5px\">\n            \n\n<div class=\"kksr-icon\" style=\"width: 24px; height: 24px;\"><\/div>\n        <\/div>\n    <\/div>\n<\/div>\n                \n\n<div class=\"kksr-legend\" style=\"font-size: 19.2px;\">\n            5\/5 - (1 voto)    <\/div>\n    <\/div>\n","protected":false},"excerpt":{"rendered":"<p>\u00bfTienes una cena de empresa? Pues d\u00e9jame decirte que la primera impresi\u00f3n (en este \u00e1mbito concreto) s\u00ed importa, por lo que, a la hora de acudir, ten claro el lema de Chanel: menos es m\u00e1s. Pero no solo en c\u00f3mo vayas vestida y peinada, sino tambi\u00e9n ten claro que tu maquillaje es important\u00edsimo. Nuestro consejo [&hellip;]<\/p>\n","protected":false},"author":14,"featured_media":101960,"comment_status":"closed","ping_status":"closed","sticky":false,"template":"","format":"standard","meta":{"jnews-multi-image_gallery":[],"jnews_single_post":{"subtitle":"","format":"standard","video":"","gallery":"","source_name":"","source_url":"","via_name":"","via_url":"","override_template":"0","override":[{"template":"1","single_blog_custom":"","parallax":"1","fullscreen":"1","layout":"right-sidebar","sidebar":"home-2","second_sidebar":"default-sidebar","sticky_sidebar":"0","share_position":"float","share_float_style":"share-monocrhome","show_share_counter":"0","show_view_counter":"0","show_featured":"1","show_post_meta":"1","show_post_author":"0","show_post_author_image":"1","show_post_date":"1","post_date_format":"default","post_date_format_custom":"Y\/m\/d","show_post_category":"1","show_post_reading_time":"0","post_reading_time_wpm":"300","show_zoom_button":"0","zoom_button_out_step":"2","zoom_button_in_step":"3","show_post_tag":"0","show_prev_next_post":"0","show_popup_post":"0","number_popup_post":"2","show_author_box":"0","show_post_related":"0","show_inline_post_related":"1"}],"override_image_size":"0","image_override":[{"single_post_thumbnail_size":"no-crop","single_post_gallery_size":"crop-500"}],"trending_post":"0","trending_post_position":"meta","trending_post_label":"Trending","sponsored_post":"0","sponsored_post_label":"Sponsored by","sponsored_post_name":"","sponsored_post_url":"","sponsored_post_logo_enable":"0","sponsored_post_logo":"","sponsored_post_desc":"","disable_ad":"0"},"jnews_primary_category":{"id":"","hide":""},"jnews_social_meta":{"fb_title":"","fb_description":"","fb_image":"","twitter_title":"","twitter_description":"","twitter_image":""},"jnews_override_counter":{"override_view_counter":"0","view_counter_number":"0","override_share_counter":"0","share_counter_number":"0","override_like_counter":"0","like_counter_number":"0","override_dislike_counter":"0","dislike_counter_number":"0"},"footnotes":""},"categories":[41],"tags":[],"class_list":["post-101954","post","type-post","status-publish","format-standard","has-post-thumbnail","hentry","category-maquillaje"],"_links":{"self":[{"href":"https:\/\/www.primor.eu\/blog\/wp-json\/wp\/v2\/posts\/101954","targetHints":{"allow":["GET"]}}],"collection":[{"href":"https:\/\/www.primor.eu\/blog\/wp-json\/wp\/v2\/posts"}],"about":[{"href":"https:\/\/www.primor.eu\/blog\/wp-json\/wp\/v2\/types\/post"}],"author":[{"embeddable":true,"href":"https:\/\/www.primor.eu\/blog\/wp-json\/wp\/v2\/users\/14"}],"replies":[{"embeddable":true,"href":"https:\/\/www.primor.eu\/blog\/wp-json\/wp\/v2\/comments?post=101954"}],"version-history":[{"count":6,"href":"https:\/\/www.primor.eu\/blog\/wp-json\/wp\/v2\/posts\/101954\/revisions"}],"predecessor-version":[{"id":135824,"href":"https:\/\/www.primor.eu\/blog\/wp-json\/wp\/v2\/posts\/101954\/revisions\/135824"}],"wp:featuredmedia":[{"embeddable":true,"href":"https:\/\/www.primor.eu\/blog\/wp-json\/wp\/v2\/media\/101960"}],"wp:attachment":[{"href":"https:\/\/www.primor.eu\/blog\/wp-json\/wp\/v2\/media?parent=101954"}],"wp:term":[{"taxonomy":"category","embeddable":true,"href":"https:\/\/www.primor.eu\/blog\/wp-json\/wp\/v2\/categories?post=101954"},{"taxonomy":"post_tag","embeddable":true,"href":"https:\/\/www.primor.eu\/blog\/wp-json\/wp\/v2\/tags?post=101954"}],"curies":[{"name":"wp","href":"https:\/\/api.w.org\/{rel}","templated":true}]}}