{"id":101925,"date":"2024-04-24T07:17:17","date_gmt":"2024-04-24T07:17:17","guid":{"rendered":"https:\/\/www.primor.eu\/blog\/?p=101925"},"modified":"2024-04-21T09:17:22","modified_gmt":"2024-04-21T09:17:22","slug":"rayos-uv","status":"publish","type":"post","link":"https:\/\/www.primor.eu\/blog\/rayos-uv\/","title":{"rendered":"Rayos UV: qu\u00e9 son y c\u00f3mo funcionan"},"content":{"rendered":"\n<p>Solo de o\u00eddas ya sabes que son <strong>perjudiciales<\/strong> y que hay que protegerse de ellos con un buen <a href=\"https:\/\/www.primor.eu\/blog\/solares\/\">protector solar<\/a>, pero \u00bfy si te dijera que los <strong>rayos UV <\/strong>son m\u00e1s que eso? En este art\u00edculo de Primor te contamos qu\u00e9 tipo de rayos UV hay, cu\u00e1les son los m\u00e1s da\u00f1inos, c\u00f3mo afectan a la piel y c\u00f3mo podemos protegernos de ellos.&nbsp;<\/p>\n\n\n\n<h2 class=\"wp-block-heading\">Qu\u00e9 son los rayos UV<\/h2>\n\n\n\n<p>Los <strong>rayos UV (ultravioleta) <\/strong>son una forma de <strong>radiaci\u00f3n<\/strong> electromagn\u00e9tica que proviene del sol. Estos rayos tienen <strong>longitudes de onda m\u00e1s cortas<\/strong> que la luz visible, lo que significa que no son visibles para el ojo humano. Los rayos UV se dividen en tres categor\u00edas principales seg\u00fan su longitud de onda:<\/p>\n\n\n\n<ul class=\"wp-block-list\">\n<li><strong>Rayos UVA.<\/strong> Son los rayos UV de longitud de onda m\u00e1s larga. Aunque son menos intensos que los rayos UVB, son los m\u00e1s abundantes y pueden penetrar m\u00e1s profundamente en la piel. Los rayos UVA est\u00e1n relacionados con el envejecimiento prematuro de la piel y pueden contribuir al desarrollo de ciertos tipos de c\u00e1ncer de piel.<\/li>\n\n\n\n<li><strong>Rayos UVB.<\/strong> Estos son rayos UV de longitud de onda media. Son m\u00e1s intensos que los rayos UVA y son la principal causa de quemaduras solares. Los rayos UVB tambi\u00e9n est\u00e1n asociados con un mayor riesgo de c\u00e1ncer de piel y da\u00f1o ocular.<\/li>\n\n\n\n<li><strong>Rayos UVC.<\/strong> Son los rayos UV de longitud de onda m\u00e1s corta. Sin embargo, la mayor parte de los rayos UVC son absorbidos por la capa de ozono en la atm\u00f3sfera terrestre y no alcanzan la superficie de la Tierra en cantidades significativas.<\/li>\n<\/ul>\n\n\n\n<h2 class=\"wp-block-heading\">C\u00f3mo afectan a la piel<\/h2>\n\n\n\n<p>De varias maneras, tanto a <strong>corto plazo<\/strong> (como quemaduras solares) c<strong>omo a largo plazo<\/strong> (como el envejecimiento prematuro y el c\u00e1ncer de piel). Algunas de las consecuencias m\u00e1s comunes son:<\/p>\n\n\n\n<ul class=\"wp-block-list\">\n<li><strong>Quemaduras solares. <\/strong>La exposici\u00f3n excesiva a los rayos UVB puede causar quemaduras solares en la piel. Esto ocurre cuando la radiaci\u00f3n UV da\u00f1a las capas superficiales de la piel, provocando enrojecimiento, inflamaci\u00f3n, dolor e incluso ampollas. Las quemaduras solares aumentan el riesgo de c\u00e1ncer de piel y aceleran el envejecimiento cut\u00e1neo.<\/li>\n\n\n\n<li><strong>Da\u00f1o celular<\/strong>. Tanto los rayos UVA como UVB pueden penetrar en la piel y da\u00f1ar las c\u00e9lulas cut\u00e1neas. Este da\u00f1o puede afectar al ADN de las c\u00e9lulas, lo que puede llevar a mutaciones y aumentar el riesgo de desarrollar c\u00e1ncer de piel. El da\u00f1o celular tambi\u00e9n contribuye al envejecimiento prematuro de la piel.<\/li>\n\n\n\n<li><strong>Envejecimiento prematuro de la piel<\/strong>. La exposici\u00f3n cr\u00f3nica a los rayos UV puede llevar a cambios en la estructura de la piel, como la p\u00e9rdida de elasticidad, arrugas finas, manchas oscuras (manchas solares o pecas) y cambios en la textura. Estos son signos de envejecimiento prematuro inducido por el sol, conocido como fotoenvejecimiento.<\/li>\n\n\n\n<li><strong>Supresi\u00f3n del sistema inmunol\u00f3gico.<\/strong> La exposici\u00f3n prolongada a los rayos UV puede suprimir el sistema inmunol\u00f3gico de la piel, lo que puede dificultar la capacidad del cuerpo para combatir infecciones y enfermedades de la piel.<\/li>\n\n\n\n<li><strong>Desarrollo de c\u00e1ncer de piel.<\/strong> La exposici\u00f3n cr\u00f3nica y repetida a los rayos UV es un factor de riesgo importante para el desarrollo de c\u00e1ncer de piel, incluyendo el carcinoma de c\u00e9lulas basales, el carcinoma de c\u00e9lulas escamosas y el melanoma. Los rayos UV causan da\u00f1o gen\u00e9tico en las c\u00e9lulas de la piel, lo que puede llevar a la proliferaci\u00f3n celular descontrolada y la formaci\u00f3n de tumores.<\/li>\n<\/ul>\n\n\n\n<h2 class=\"wp-block-heading\">C\u00f3mo protegerse de los rayo UV<\/h2>\n\n\n\n<ul class=\"wp-block-list\">\n<li>Aplicar <strong>protector solar de amplio espectro<\/strong> (que proteja contra los rayos UVA y UVB) con un SPF adecuado.<\/li>\n\n\n\n<li><strong>Usar ropa protectora<\/strong>, como sombreros de ala ancha y camisas de manga larga.<\/li>\n\n\n\n<li><strong>Evitar la exposici\u00f3n al sol durante las horas pico<\/strong> de radiaci\u00f3n solar (entre las 10 a.m. y las 4 p.m.).<\/li>\n\n\n\n<li>Utilizar <strong>gafas de sol<\/strong> que bloqueen los rayos UV.<\/li>\n\n\n\n<li>Reaplicar el protector solar <strong>cada dos horas<\/strong> o despu\u00e9s de nadar o sudar.<\/li>\n\n\n\n<li><strong>Realizar autoex\u00e1menes regulares de la piel<\/strong> y consultar a un dermat\u00f3logo si se observan cambios sospechosos.<\/li>\n<\/ul>\n\n\n<div class=\"kk-star-ratings kksr-auto kksr-align-center kksr-valign-bottom\"\n    data-payload='{&quot;align&quot;:&quot;center&quot;,&quot;id&quot;:&quot;101925&quot;,&quot;slug&quot;:&quot;default&quot;,&quot;valign&quot;:&quot;bottom&quot;,&quot;ignore&quot;:&quot;&quot;,&quot;reference&quot;:&quot;auto&quot;,&quot;class&quot;:&quot;&quot;,&quot;count&quot;:&quot;0&quot;,&quot;legendonly&quot;:&quot;&quot;,&quot;readonly&quot;:&quot;&quot;,&quot;score&quot;:&quot;0&quot;,&quot;starsonly&quot;:&quot;&quot;,&quot;best&quot;:&quot;5&quot;,&quot;gap&quot;:&quot;5&quot;,&quot;greet&quot;:&quot;Valora este art\u00edculo&quot;,&quot;legend&quot;:&quot;0\\\/5 - (0 votos)&quot;,&quot;size&quot;:&quot;24&quot;,&quot;title&quot;:&quot;Rayos UV: qu\u00e9 son y c\u00f3mo funcionan&quot;,&quot;width&quot;:&quot;0&quot;,&quot;_legend&quot;:&quot;{score}\\\/{best} - ({count} {votes})&quot;,&quot;font_factor&quot;:&quot;1.25&quot;}'>\n            \n<div class=\"kksr-stars\">\n    \n<div class=\"kksr-stars-inactive\">\n            <div class=\"kksr-star\" data-star=\"1\" style=\"padding-right: 5px\">\n            \n\n<div class=\"kksr-icon\" style=\"width: 24px; height: 24px;\"><\/div>\n        <\/div>\n            <div class=\"kksr-star\" data-star=\"2\" style=\"padding-right: 5px\">\n            \n\n<div class=\"kksr-icon\" style=\"width: 24px; height: 24px;\"><\/div>\n        <\/div>\n            <div class=\"kksr-star\" data-star=\"3\" style=\"padding-right: 5px\">\n            \n\n<div class=\"kksr-icon\" style=\"width: 24px; height: 24px;\"><\/div>\n        <\/div>\n            <div class=\"kksr-star\" data-star=\"4\" style=\"padding-right: 5px\">\n            \n\n<div class=\"kksr-icon\" style=\"width: 24px; height: 24px;\"><\/div>\n        <\/div>\n            <div class=\"kksr-star\" data-star=\"5\" style=\"padding-right: 5px\">\n            \n\n<div class=\"kksr-icon\" style=\"width: 24px; height: 24px;\"><\/div>\n        <\/div>\n    <\/div>\n    \n<div class=\"kksr-stars-active\" style=\"width: 0px;\">\n            <div class=\"kksr-star\" style=\"padding-right: 5px\">\n            \n\n<div class=\"kksr-icon\" style=\"width: 24px; height: 24px;\"><\/div>\n        <\/div>\n            <div class=\"kksr-star\" style=\"padding-right: 5px\">\n            \n\n<div class=\"kksr-icon\" style=\"width: 24px; height: 24px;\"><\/div>\n        <\/div>\n            <div class=\"kksr-star\" style=\"padding-right: 5px\">\n            \n\n<div class=\"kksr-icon\" style=\"width: 24px; height: 24px;\"><\/div>\n        <\/div>\n            <div class=\"kksr-star\" style=\"padding-right: 5px\">\n            \n\n<div class=\"kksr-icon\" style=\"width: 24px; height: 24px;\"><\/div>\n        <\/div>\n            <div class=\"kksr-star\" style=\"padding-right: 5px\">\n            \n\n<div class=\"kksr-icon\" style=\"width: 24px; height: 24px;\"><\/div>\n        <\/div>\n    <\/div>\n<\/div>\n                \n\n<div class=\"kksr-legend\" style=\"font-size: 19.2px;\">\n            <span class=\"kksr-muted\">Valora este art\u00edculo<\/span>\n    <\/div>\n    <\/div>\n","protected":false},"excerpt":{"rendered":"<p>Solo de o\u00eddas ya sabes que son perjudiciales y que hay que protegerse de ellos con un buen protector solar, pero \u00bfy si te dijera que los rayos UV son m\u00e1s que eso? En este art\u00edculo de Primor te contamos qu\u00e9 tipo de rayos UV hay, cu\u00e1les son los m\u00e1s da\u00f1inos, c\u00f3mo afectan a la [&hellip;]<\/p>\n","protected":false},"author":14,"featured_media":101926,"comment_status":"closed","ping_status":"closed","sticky":false,"template":"","format":"standard","meta":{"jnews-multi-image_gallery":[],"jnews_single_post":{"subtitle":"","format":"standard","video":"","gallery":"","source_name":"","source_url":"","via_name":"","via_url":"","override_template":"0","override":[{"template":"1","single_blog_custom":"","parallax":"1","fullscreen":"1","layout":"right-sidebar","sidebar":"home-2","second_sidebar":"default-sidebar","sticky_sidebar":"0","share_position":"float","share_float_style":"share-monocrhome","show_share_counter":"0","show_view_counter":"0","show_featured":"1","show_post_meta":"1","show_post_author":"0","show_post_author_image":"1","show_post_date":"1","post_date_format":"default","post_date_format_custom":"Y\/m\/d","show_post_category":"1","show_post_reading_time":"0","post_reading_time_wpm":"300","show_zoom_button":"0","zoom_button_out_step":"2","zoom_button_in_step":"3","show_post_tag":"0","show_prev_next_post":"0","show_popup_post":"0","number_popup_post":"2","show_author_box":"0","show_post_related":"0","show_inline_post_related":"1"}],"override_image_size":"0","image_override":[{"single_post_thumbnail_size":"no-crop","single_post_gallery_size":"crop-500"}],"trending_post":"0","trending_post_position":"meta","trending_post_label":"Trending","sponsored_post":"0","sponsored_post_label":"Sponsored by","sponsored_post_name":"","sponsored_post_url":"","sponsored_post_logo_enable":"0","sponsored_post_logo":"","sponsored_post_desc":"","disable_ad":"0"},"jnews_primary_category":{"id":"","hide":""},"jnews_social_meta":{"fb_title":"","fb_description":"","fb_image":"","twitter_title":"","twitter_description":"","twitter_image":""},"jnews_override_counter":{"override_view_counter":"0","view_counter_number":"0","override_share_counter":"0","share_counter_number":"0","override_like_counter":"0","like_counter_number":"0","override_dislike_counter":"0","dislike_counter_number":"0"},"footnotes":""},"categories":[6302],"tags":[],"class_list":["post-101925","post","type-post","status-publish","format-standard","has-post-thumbnail","hentry","category-solares"],"_links":{"self":[{"href":"https:\/\/www.primor.eu\/blog\/wp-json\/wp\/v2\/posts\/101925","targetHints":{"allow":["GET"]}}],"collection":[{"href":"https:\/\/www.primor.eu\/blog\/wp-json\/wp\/v2\/posts"}],"about":[{"href":"https:\/\/www.primor.eu\/blog\/wp-json\/wp\/v2\/types\/post"}],"author":[{"embeddable":true,"href":"https:\/\/www.primor.eu\/blog\/wp-json\/wp\/v2\/users\/14"}],"replies":[{"embeddable":true,"href":"https:\/\/www.primor.eu\/blog\/wp-json\/wp\/v2\/comments?post=101925"}],"version-history":[{"count":1,"href":"https:\/\/www.primor.eu\/blog\/wp-json\/wp\/v2\/posts\/101925\/revisions"}],"predecessor-version":[{"id":101927,"href":"https:\/\/www.primor.eu\/blog\/wp-json\/wp\/v2\/posts\/101925\/revisions\/101927"}],"wp:featuredmedia":[{"embeddable":true,"href":"https:\/\/www.primor.eu\/blog\/wp-json\/wp\/v2\/media\/101926"}],"wp:attachment":[{"href":"https:\/\/www.primor.eu\/blog\/wp-json\/wp\/v2\/media?parent=101925"}],"wp:term":[{"taxonomy":"category","embeddable":true,"href":"https:\/\/www.primor.eu\/blog\/wp-json\/wp\/v2\/categories?post=101925"},{"taxonomy":"post_tag","embeddable":true,"href":"https:\/\/www.primor.eu\/blog\/wp-json\/wp\/v2\/tags?post=101925"}],"curies":[{"name":"wp","href":"https:\/\/api.w.org\/{rel}","templated":true}]}}