{"id":101398,"date":"2025-10-27T07:07:26","date_gmt":"2025-10-27T07:07:26","guid":{"rendered":"https:\/\/www.primor.eu\/blog\/?p=101398"},"modified":"2026-04-29T09:34:28","modified_gmt":"2026-04-29T09:34:28","slug":"mejores-metodos-productos-eliminar-oscuremiento-codos","status":"publish","type":"post","link":"https:\/\/www.primor.eu\/blog\/mejores-metodos-productos-eliminar-oscuremiento-codos\/","title":{"rendered":"C\u00f3mo eliminar el oscurecimiento de codos: los mejores trucos y productos"},"content":{"rendered":"\n<p>Puede que t\u00fa tambi\u00e9n hayas notado que se te han puesto los <strong>codos oscuros<\/strong>. Mi deber es decirte que no es preocupante y que es mucho m\u00e1s <strong>com\u00fan<\/strong> de lo que crees. Eso no quiere decir que no tenga <strong>soluci\u00f3n<\/strong>. En este art\u00edculo de <a href=\"https:\/\/www.primor.eu\/es_es\/\" data-type=\"link\" data-id=\"https:\/\/www.primor.eu\/es_es\/\">Primor <\/a>te contamos las razones por las que oscurece esta zona del<a href=\"https:\/\/www.primor.eu\/es_es\/?query=crema%20corporal&amp;scroll=72271-es\" data-type=\"link\" data-id=\"https:\/\/www.primor.eu\/es_es\/?query=crema%20corporal&amp;scroll=72271-es\"> cuerpo<\/a> y qu\u00e9 podemos hacer para ponerle remedio.<\/p>\n\n\n\n<h2 class=\"wp-block-heading\">\u00bfPor qu\u00e9 se ponen oscuros los codos?<\/h2>\n\n\n\n<p>Por <strong>varios factores.<\/strong> La piel de los codos tiende a ser m\u00e1s <strong>gruesa<\/strong> y contiene m\u00e1s pliegues que otras partes del cuerpo, lo que puede hacer que sea m\u00e1s propensa a oscurecerse. Puede ser por:<\/p>\n\n\n\n<ul class=\"wp-block-list\">\n<li><strong>Acumulaci\u00f3n de c\u00e9lulas muertas.<\/strong> La acumulaci\u00f3n de c\u00e9lulas muertas en la piel de los codos puede causar oscurecimiento. Esta acumulaci\u00f3n puede ser el resultado de una falta de exfoliaci\u00f3n regular de la piel o de una higiene inadecuada.<\/li>\n\n\n\n<li><strong>Rozamiento y presi\u00f3n.<\/strong> La constante fricci\u00f3n y presi\u00f3n en los codos debido a actividades diarias como apoyarse, arrodillarse o apoyar los codos en superficies \u00e1speras puede causar engrosamiento de la piel y oscurecimiento.<\/li>\n\n\n\n<li><strong>Piel seca<\/strong>. La piel seca en los codos puede hacer que la piel se vuelva \u00e1spera y escamosa, lo que puede hacer que parezca m\u00e1s oscura.<\/li>\n\n\n\n<li><strong>Hiperpigmentaci\u00f3n postinflamatoria<\/strong>. Las \u00e1reas de la piel que han sufrido irritaci\u00f3n o inflamaci\u00f3n, como erupciones cut\u00e1neas, picaduras de insectos o quemaduras solares en los codos, pueden volverse m\u00e1s oscuras debido a la hiperpigmentaci\u00f3n postinflamatoria.<\/li>\n\n\n\n<li><strong>Exposici\u00f3n al sol.<\/strong> La exposici\u00f3n excesiva al sol sin protecci\u00f3n puede llevar a la hiperpigmentaci\u00f3n en los codos. La piel en esta \u00e1rea puede producir m\u00e1s melanina en respuesta a la exposici\u00f3n solar, lo que resulta en un oscurecimiento.<\/li>\n\n\n\n<li><strong>Factores gen\u00e9ticos. <\/strong>Algunas personas pueden tener una predisposici\u00f3n gen\u00e9tica a desarrollar hiperpigmentaci\u00f3n en ciertas \u00e1reas del cuerpo, incluidos los codos.<\/li>\n<\/ul>\n\n\n\n<h2 class=\"wp-block-heading\">C\u00f3mo evitar los codos oscuros<\/h2>\n\n\n\n<ul class=\"wp-block-list\">\n<li><strong>Exfoliaci\u00f3n regular.<\/strong> Exfolia suavemente la piel de los codos una o dos veces por semana para eliminar las c\u00e9lulas muertas y suavizar la piel.<\/li>\n\n\n\n<li><strong>Hidrataci\u00f3n<\/strong>. Aplica regularmente una crema hidratante en los codos para mantener la piel suave e hidratada.<\/li>\n\n\n\n<li><a href=\"https:\/\/www.primor.eu\/blog\/mejores-marcas-protectores-solares-dermatologos\/\"><strong>Protecci\u00f3n solar.<\/strong><\/a> Usa protector solar en los codos cuando est\u00e9s al aire libre para proteger la piel de la hiperpigmentaci\u00f3n causada por el sol.<\/li>\n\n\n\n<li><strong>Evitar la fricci\u00f3n excesiva.<\/strong> Intenta evitar apoyar o frotar repetidamente los codos contra superficies \u00e1speras o duras.<\/li>\n\n\n\n<li><strong>Consultar a un dermat\u00f3logo<\/strong>. Si el oscurecimiento de los codos persiste o empeora y afecta tu autoestima, consulta a un dermat\u00f3logo para evaluar y tratar cualquier condici\u00f3n subyacente.<\/li>\n<\/ul>\n\n\n\n<h2 class=\"wp-block-heading\">Tengo los codos oscuros: qu\u00e9 hago<\/h2>\n\n\n\n<ul class=\"wp-block-list\">\n<li><strong>Exfoliaci\u00f3n regular<\/strong>. La exfoliaci\u00f3n es clave para eliminar las c\u00e9lulas muertas de la piel y revelar una piel m\u00e1s clara y suave. Usa un exfoliante suave para el cuerpo una o dos veces por semana en tus codos. Puedes hacer tu propio exfoliante casero mezclando az\u00facar o sal con aceite de coco o aceite de oliva. Masajea suavemente sobre la piel h\u00fameda, luego enjuaga con agua tibia.<\/li>\n\n\n\n<li><strong>Hidrataci\u00f3n diaria<\/strong>. Mant\u00e9n tus codos bien hidratados aplicando una crema o loci\u00f3n hidratante despu\u00e9s de la ducha o ba\u00f1o, cuando la piel a\u00fan est\u00e9 h\u00fameda. Opta por cremas espesas y nutritivas que contengan ingredientes como manteca de karit\u00e9, aceite de almendras o \u00e1cido hialur\u00f3nico para ayudar a suavizar la piel y mejorar su apariencia.<\/li>\n\n\n\n<li><strong>Uso de ingredientes naturales aclarantes.<\/strong> Algunos ingredientes naturales pueden ayudar a aclarar la piel oscura de los codos. Prueba aplicar jugo de lim\u00f3n sobre tus codos, d\u00e9jalo actuar durante unos minutos y luego enjuaga. El \u00e1cido c\u00edtrico presente en el lim\u00f3n puede ayudar a exfoliar suavemente y aclarar la piel. Tambi\u00e9n puedes aplicar pasta de bicarbonato de sodio mezclada con agua para exfoliar y aclarar la piel.<\/li>\n\n\n\n<li><strong>Productos espec\u00edficos para aclarar la piel. <\/strong>Busca cremas o lociones dise\u00f1adas para aclarar la piel que contengan ingredientes como \u00e1cido glic\u00f3lico, vitamina C, \u00e1cido l\u00e1ctico o extracto de regaliz. Estos ingredientes pueden ayudar a reducir la pigmentaci\u00f3n oscura y mejorar el tono de la piel.<\/li>\n\n\n\n<li><strong>Protecci\u00f3n solar<\/strong>. Aplica protector solar en tus codos siempre que est\u00e9s expuesto al sol. La exposici\u00f3n solar puede empeorar la pigmentaci\u00f3n oscura. Usa un protector solar de amplio espectro con SPF 30 o m\u00e1s para proteger tu piel.<\/li>\n\n\n\n<li><strong>Tratamientos profesionales. <\/strong>Si los m\u00e9todos caseros y los productos no te dan resultados satisfactorios, considera consultar a un dermat\u00f3logo o a un especialista en est\u00e9tica para obtener opciones de tratamiento profesional. Algunos tratamientos como peelings qu\u00edmicos, l\u00e1seres o terapias de luz pulsada intensa (IPL) pueden ayudar a aclarar la piel oscura de los codos.<\/li>\n\n\n\n<li><strong>Dieta saludable<\/strong>. Mant\u00e9n una dieta equilibrada y rica en antioxidantes, vitaminas y minerales para promover una piel sana y radiante desde adentro hacia afuera. Bebe suficiente agua para mantener la piel bien hidratada.<\/li>\n<\/ul>\n\n\n\n<h2 class=\"wp-block-heading\">Dos productos perfectos para proteger tus codos<\/h2>\n\n\n\n<h3 class=\"wp-block-heading\">Stick Solar Invisible Matificante SPF 50 de Dior<\/h3>\n\n\n\n<p>Este stick protector solar invisible combina 4 filtros para una alta protecci\u00f3n diaria SPF 50 PA++++ contra los efectos nocivos de los rayos UVB y UVA. Su textura fundente y no pegajosa ofrece un acabado mate y una sensaci\u00f3n de piel desnuda. Invisible sobre la piel, no deja marcas blancas y es apto para todos los tonos de piel.<\/p>\n\n\n\n<p>Formulado con \u00e1cido hialur\u00f3nico y un polvo difuminador, el Stick Solar Invisible proporciona una acci\u00f3n antioxidante y refuerza la barrera cut\u00e1nea. Matifica, afina visiblemente la textura de la piel y aten\u00faa la visibilidad de los poros.<\/p>\n\n\n    <a class='product' target='_blank' href='https:\/\/www.primor.eu\/es_es\/dior-stick-solar-invisible-matificante-spf-50-143485.html'>\r\n        <img loading='async' src='https:\/\/cdn2.primor.eu\/media\/catalog\/product\/cache\/8d3aba296f7a18b5251ee30fa5db42b2\/3\/3\/3348901818636_e8af.jpg' alt='COMPRAR AHORA'>\r\n            <div class=\"claim\">\r\n                COMPRAR AHORA            <\/div>\r\n        <\/a>\r\n    \n\n\n<h3 class=\"wp-block-heading\">Sun System Leche Velluto Protector Corporal de Rilastil<\/h3>\n\n\n\n<p>Hidratante para el rostro con textura extrasuave de r\u00e1pida absorci\u00f3n. Protecci\u00f3n de amplio espectro de las radiaciones UVB-UVA con acci\u00f3n antioxidante.<\/p>\n\n\n\n<p><strong>Rilastil Sun System Leche Velluto Protector Corporal SPF50&nbsp;<\/strong>previene la aparici\u00f3n de quemaduras, manchas y eritemas solares&nbsp;con Tecnolog\u00eda exclusiva Pro-DNA Complex.<\/p>\n\n\n    <a class='product' target='_blank' href='https:\/\/www.primor.eu\/es_es\/rilastil-sun-system-leche-velluto-protector-corporal-55251.html'>\r\n        <img loading='async' src='https:\/\/cdn2.primor.eu\/media\/catalog\/product\/cache\/8d3aba296f7a18b5251ee30fa5db42b2\/8\/0\/8050444859629_RIL_SUN_SYSTEM_50__LECHE_VELLUTO__1__ed07.jpg' alt='COMPRAR AHORA'>\r\n            <div class=\"claim\">\r\n                COMPRAR AHORA            <\/div>\r\n        <\/a>\r\n    \n\n<div class=\"kk-star-ratings kksr-auto kksr-align-center kksr-valign-bottom\"\n    data-payload='{&quot;align&quot;:&quot;center&quot;,&quot;id&quot;:&quot;101398&quot;,&quot;slug&quot;:&quot;default&quot;,&quot;valign&quot;:&quot;bottom&quot;,&quot;ignore&quot;:&quot;&quot;,&quot;reference&quot;:&quot;auto&quot;,&quot;class&quot;:&quot;&quot;,&quot;count&quot;:&quot;28&quot;,&quot;legendonly&quot;:&quot;&quot;,&quot;readonly&quot;:&quot;&quot;,&quot;score&quot;:&quot;4&quot;,&quot;starsonly&quot;:&quot;&quot;,&quot;best&quot;:&quot;5&quot;,&quot;gap&quot;:&quot;5&quot;,&quot;greet&quot;:&quot;Valora este art\u00edculo&quot;,&quot;legend&quot;:&quot;4\\\/5 - (28 votos)&quot;,&quot;size&quot;:&quot;24&quot;,&quot;title&quot;:&quot;C\u00f3mo eliminar el oscurecimiento de codos: los mejores trucos y productos&quot;,&quot;width&quot;:&quot;113.5&quot;,&quot;_legend&quot;:&quot;{score}\\\/{best} - ({count} {votes})&quot;,&quot;font_factor&quot;:&quot;1.25&quot;}'>\n            \n<div class=\"kksr-stars\">\n    \n<div class=\"kksr-stars-inactive\">\n            <div class=\"kksr-star\" data-star=\"1\" style=\"padding-right: 5px\">\n            \n\n<div class=\"kksr-icon\" style=\"width: 24px; height: 24px;\"><\/div>\n        <\/div>\n            <div class=\"kksr-star\" data-star=\"2\" style=\"padding-right: 5px\">\n            \n\n<div class=\"kksr-icon\" style=\"width: 24px; height: 24px;\"><\/div>\n        <\/div>\n            <div class=\"kksr-star\" data-star=\"3\" style=\"padding-right: 5px\">\n            \n\n<div class=\"kksr-icon\" style=\"width: 24px; height: 24px;\"><\/div>\n        <\/div>\n            <div class=\"kksr-star\" data-star=\"4\" style=\"padding-right: 5px\">\n            \n\n<div class=\"kksr-icon\" style=\"width: 24px; height: 24px;\"><\/div>\n        <\/div>\n            <div class=\"kksr-star\" data-star=\"5\" style=\"padding-right: 5px\">\n            \n\n<div class=\"kksr-icon\" style=\"width: 24px; height: 24px;\"><\/div>\n        <\/div>\n    <\/div>\n    \n<div class=\"kksr-stars-active\" style=\"width: 113.5px;\">\n            <div class=\"kksr-star\" style=\"padding-right: 5px\">\n            \n\n<div class=\"kksr-icon\" style=\"width: 24px; height: 24px;\"><\/div>\n        <\/div>\n            <div class=\"kksr-star\" style=\"padding-right: 5px\">\n            \n\n<div class=\"kksr-icon\" style=\"width: 24px; height: 24px;\"><\/div>\n        <\/div>\n            <div class=\"kksr-star\" style=\"padding-right: 5px\">\n            \n\n<div class=\"kksr-icon\" style=\"width: 24px; height: 24px;\"><\/div>\n        <\/div>\n            <div class=\"kksr-star\" style=\"padding-right: 5px\">\n            \n\n<div class=\"kksr-icon\" style=\"width: 24px; height: 24px;\"><\/div>\n        <\/div>\n            <div class=\"kksr-star\" style=\"padding-right: 5px\">\n            \n\n<div class=\"kksr-icon\" style=\"width: 24px; height: 24px;\"><\/div>\n        <\/div>\n    <\/div>\n<\/div>\n                \n\n<div class=\"kksr-legend\" style=\"font-size: 19.2px;\">\n            4\/5 - (28 votos)    <\/div>\n    <\/div>\n","protected":false},"excerpt":{"rendered":"<p>Puede que t\u00fa tambi\u00e9n hayas notado que se te han puesto los codos oscuros. Mi deber es decirte que no es preocupante y que es mucho m\u00e1s com\u00fan de lo que crees. Eso no quiere decir que no tenga soluci\u00f3n. En este art\u00edculo de Primor te contamos las razones por las que oscurece esta zona [&hellip;]<\/p>\n","protected":false},"author":14,"featured_media":101411,"comment_status":"closed","ping_status":"closed","sticky":false,"template":"","format":"standard","meta":{"jnews-multi-image_gallery":[],"jnews_single_post":{"subtitle":"","format":"standard","video":"","gallery":"","source_name":"","source_url":"","via_name":"","via_url":"","override_template":"0","override":[{"template":"1","single_blog_custom":"","parallax":"1","fullscreen":"1","layout":"right-sidebar","sidebar":"home-2","second_sidebar":"default-sidebar","sticky_sidebar":"0","share_position":"float","share_float_style":"share-monocrhome","show_share_counter":"0","show_view_counter":"0","show_featured":"1","show_post_meta":"1","show_post_author":"0","show_post_author_image":"1","show_post_date":"1","post_date_format":"default","post_date_format_custom":"Y\/m\/d","show_post_category":"1","show_post_reading_time":"0","post_reading_time_wpm":"300","show_zoom_button":"0","zoom_button_out_step":"2","zoom_button_in_step":"3","show_post_tag":"0","show_prev_next_post":"0","show_popup_post":"0","number_popup_post":"2","show_author_box":"0","show_post_related":"0","show_inline_post_related":"1"}],"override_image_size":"0","image_override":[{"single_post_thumbnail_size":"no-crop","single_post_gallery_size":"crop-500"}],"trending_post":"0","trending_post_position":"meta","trending_post_label":"Trending","sponsored_post":"0","sponsored_post_label":"Sponsored by","sponsored_post_name":"","sponsored_post_url":"","sponsored_post_logo_enable":"0","sponsored_post_logo":"","sponsored_post_desc":"","disable_ad":"0"},"jnews_primary_category":{"id":"","hide":""},"jnews_social_meta":{"fb_title":"","fb_description":"","fb_image":"","twitter_title":"","twitter_description":"","twitter_image":""},"jnews_override_counter":{"override_view_counter":"0","view_counter_number":"0","override_share_counter":"0","share_counter_number":"0","override_like_counter":"0","like_counter_number":"0","override_dislike_counter":"0","dislike_counter_number":"0"},"footnotes":""},"categories":[6303],"tags":[],"class_list":["post-101398","post","type-post","status-publish","format-standard","has-post-thumbnail","hentry","category-trucos-de-belleza"],"_links":{"self":[{"href":"https:\/\/www.primor.eu\/blog\/wp-json\/wp\/v2\/posts\/101398","targetHints":{"allow":["GET"]}}],"collection":[{"href":"https:\/\/www.primor.eu\/blog\/wp-json\/wp\/v2\/posts"}],"about":[{"href":"https:\/\/www.primor.eu\/blog\/wp-json\/wp\/v2\/types\/post"}],"author":[{"embeddable":true,"href":"https:\/\/www.primor.eu\/blog\/wp-json\/wp\/v2\/users\/14"}],"replies":[{"embeddable":true,"href":"https:\/\/www.primor.eu\/blog\/wp-json\/wp\/v2\/comments?post=101398"}],"version-history":[{"count":3,"href":"https:\/\/www.primor.eu\/blog\/wp-json\/wp\/v2\/posts\/101398\/revisions"}],"predecessor-version":[{"id":141990,"href":"https:\/\/www.primor.eu\/blog\/wp-json\/wp\/v2\/posts\/101398\/revisions\/141990"}],"wp:featuredmedia":[{"embeddable":true,"href":"https:\/\/www.primor.eu\/blog\/wp-json\/wp\/v2\/media\/101411"}],"wp:attachment":[{"href":"https:\/\/www.primor.eu\/blog\/wp-json\/wp\/v2\/media?parent=101398"}],"wp:term":[{"taxonomy":"category","embeddable":true,"href":"https:\/\/www.primor.eu\/blog\/wp-json\/wp\/v2\/categories?post=101398"},{"taxonomy":"post_tag","embeddable":true,"href":"https:\/\/www.primor.eu\/blog\/wp-json\/wp\/v2\/tags?post=101398"}],"curies":[{"name":"wp","href":"https:\/\/api.w.org\/{rel}","templated":true}]}}