{"id":101393,"date":"2024-04-18T07:10:00","date_gmt":"2024-04-18T07:10:00","guid":{"rendered":"https:\/\/www.primor.eu\/blog\/?p=101393"},"modified":"2025-10-17T08:42:30","modified_gmt":"2025-10-17T08:42:30","slug":"como-hacer-jabon-casero-aloe-vera","status":"publish","type":"post","link":"https:\/\/www.primor.eu\/blog\/como-hacer-jabon-casero-aloe-vera\/","title":{"rendered":"Paso a paso para hacer jab\u00f3n casero de aloe vera"},"content":{"rendered":"\n<p>Se habla mucho de los m\u00faltiples <a href=\"https:\/\/www.primor.eu\/blog\/los-beneficios-del-aloe-vera-que-desconocias\/\"><strong>beneficios del aloe vera<\/strong><\/a>, \u00a1y no nos extra\u00f1a! Es un ingrediente incre\u00edble tanto para la <a href=\"https:\/\/www.primor.eu\/blog\/beneficios-aloe-vera\/\">piel<\/a> como para el cabello, ayuda a controlar los granos y <a href=\"https:\/\/www.primor.eu\/blog\/mejores-productos-aloe-vera-acne\/\">acn\u00e9<\/a> y evita que la piel se deshidrate o pierda humedad. Es por eso que muchos est\u00e1n enamorados del jab\u00f3n de aloe vera, pero m\u00e1s concretamente de su versi\u00f3n <strong>casera<\/strong>. Por eso mismo, en este art\u00edculo de Primor te contamos qu\u00e9 necesitas y cu\u00e1l es el paso a paso para hacer un<strong> jab\u00f3n casero de aloe vera<\/strong> de forma r\u00e1pida y sencilla.\u00a0<\/p>\n\n\n\n<h2 class=\"wp-block-heading\">C\u00f3mo hacer jab\u00f3n de aloe vera: qu\u00e9 necesitas y el paso a paso m\u00e1s sencillo<\/h2>\n\n\n\n<h3 class=\"wp-block-heading\">Qu\u00e9 necesitas<\/h3>\n\n\n\n<ul class=\"wp-block-list\">\n<li>2 barras de jab\u00f3n base de glicerina (transparente o blanco)<\/li>\n\n\n\n<li>Gel de aloe vera (puro o directamente extra\u00eddo de la planta)<\/li>\n\n\n\n<li>Aceite esencial (opcional, para fragancia)<\/li>\n\n\n\n<li>Colorante natural (opcional, para dar color al jab\u00f3n)<\/li>\n<\/ul>\n\n\n\n<ul class=\"wp-block-list\">\n<li>Recipiente para derretir el jab\u00f3n (puede ser un bol resistente al calor)<\/li>\n\n\n\n<li>Molde para jab\u00f3n (puedes usar moldes de silicona)<\/li>\n\n\n\n<li>Esp\u00e1tula o cuchara de madera<\/li>\n\n\n\n<li>Atomizador con alcohol (para eliminar burbujas)<\/li>\n<\/ul>\n\n\n\n<h3 class=\"wp-block-heading\">Paso a paso<\/h3>\n\n\n\n<ul class=\"wp-block-list\">\n<li><strong>Preparaci\u00f3n<\/strong>. Corta las barras de jab\u00f3n base en trozos peque\u00f1os. Esto facilitar\u00e1 su derretimiento.<\/li>\n\n\n\n<li><strong>Derretir el jab\u00f3n<\/strong>. Coloca los trozos de jab\u00f3n en el recipiente resistente al calor y ll\u00e9valo al microondas o cali\u00e9ntalo a ba\u00f1o Mar\u00eda hasta que se derrita por completo. Remueve ocasionalmente para asegurarte de que se derrita de manera uniforme.<\/li>\n\n\n\n<li><strong>Agregar el aloe vera. <\/strong>Una vez que el jab\u00f3n est\u00e9 derretido, incorpora el gel de aloe vera. La cantidad puede variar seg\u00fan tu preferencia, pero generalmente se a\u00f1ade alrededor de 1-2 cucharadas por cada barra de jab\u00f3n base.<\/li>\n\n\n\n<li><strong>A\u00f1adir fragancia y color.<\/strong> Es un paso opcional, pero si deseas un jab\u00f3n perfumado, agrega unas gotas de aceite esencial de tu elecci\u00f3n. Del mismo modo, puedes incorporar colorante natural (como polvo de c\u00farcuma para amarillo, espirulina para verde, etc.) si deseas un color espec\u00edfico.<\/li>\n\n\n\n<li><strong>Mezclar y verter.<\/strong> Revuelve bien la mezcla para distribuir uniformemente el aloe vera y cualquier otro aditivo que hayas incorporado. Si hay burbujas en la superficie, roc\u00eda con alcohol para eliminarlas.<\/li>\n\n\n\n<li><strong>Verter en moldes.<\/strong> Vierte la mezcla en los moldes para jab\u00f3n. Golpea suavemente los moldes sobre una superficie para eliminar posibles burbujas atrapadas.<\/li>\n\n\n\n<li><strong>Dejar enfriar y endurecer.<\/strong> Deja que el jab\u00f3n se enfr\u00ede y endurezca por completo. Esto puede llevar varias horas, dependiendo del tama\u00f1o de los moldes y la temperatura ambiente.<\/li>\n\n\n\n<li><strong>Desmoldar y almacenar<\/strong>. Una vez que el jab\u00f3n est\u00e9 completamente s\u00f3lido, ret\u00edralo suavemente de los moldes. Ahora est\u00e1 listo para ser usado o almacenado en un lugar fresco y seco.<\/li>\n<\/ul>\n\n\n\n<h2 class=\"wp-block-heading\">Beneficios del aloe vera<\/h2>\n\n\n\n<p>Gracias a sus propiedades, el aloe vera es uno de los ingredientes estrellas dentro de la cosm\u00e9tica natural. Pero, adem\u00e1s, tambi\u00e9n es muy usado en el sector de la gastronom\u00eda y la medicina.<\/p>\n\n\n\n<p>Su potente combinaci\u00f3n de vitaminas, minerales, amino\u00e1cidos, az\u00facares, \u00e1cidos grasos y antraquinonas proporciona a la piel todos los cuidados que necesita. Actualmente existen multitud de estudios cient\u00edficos que certifican todos sus beneficios y propiedades.<\/p>\n\n\n\n<ul class=\"wp-block-list\">\n<li><strong>Propiedades hidratantes y nutritivas:<\/strong> hidrata y nutre en profundidad la piel, sin dejar una sensaci\u00f3n pegajosa.<\/li>\n\n\n\n<li><strong>Propiedades regenerativas:<\/strong> acelera la cicatrizaci\u00f3n de heridas ya que se encarga de regenerar r\u00e1pidamente la piel.<\/li>\n\n\n\n<li><strong>Propiedades calmantes:<\/strong> calma y alivia los problemas cut\u00e1neos como picores, irritaciones, picaduras, heridas, espinillas, etc.<\/li>\n\n\n\n<li><strong>Propiedades curativas:<\/strong> el jugo de aloe vera ayuda a tratar los problemas bucales y gastrointestionales.<\/li>\n\n\n\n<li><strong>Propiedades antis\u00e9pticas. <\/strong>Adem\u00e1s de todas las propiedades dichas anteriormente, el aloe vera es antibacteriano y antis\u00e9ptico, por lo que es bueno para el acn\u00e9. Elimina las bacterias que se acumulan en la piel y en los poros que hacen que aparezcan los granos y elimina la infecci\u00f3n.<\/li>\n<\/ul>\n\n\n\n<h2 class=\"wp-block-heading\">Los mejores productos de aloe vera para tu cabello<\/h2>\n\n\n\n<h3 class=\"wp-block-heading\">Gel Aloe Vera Puro de Tecsania<\/h3>\n\n\n\n<p>Es tu soluci\u00f3n diaria para calmar e hidratar la piel. Procedente de\u00a0<strong>cultivo ecol\u00f3gico\u00a0<\/strong>y sin aditivos innecesarios, su f\u00f3rmula limpia y efectiva lo convierte en un imprescindible para el cuidado cut\u00e1neo diario.<\/p>\n\n\n\n<p><strong>Principales beneficios:<\/strong><\/p>\n\n\n\n<ul class=\"wp-block-list\">\n<li><strong>100% Aloe Vera\u00a0<\/strong>de cultivo ecol\u00f3gico.<\/li>\n\n\n\n<li><strong>Hidrataci\u00f3n profunda\u00a0<\/strong>gracias a su alta concentraci\u00f3n y\u00a0<strong>pH 5.5.<\/strong><\/li>\n\n\n\n<li><strong>Ideal tras la exposici\u00f3n solar<\/strong>, el afeitado o la depilaci\u00f3n.<\/li>\n\n\n\n<li>Proporciona\u00a0<strong>alivio inmediato y frescor duradero.<\/strong><\/li>\n\n\n\n<li><strong>Sin colorantes ni perfumes a\u00f1adidos.<\/strong><\/li>\n<\/ul>\n\n\n    <a class='product' target='_blank' href='https:\/\/www.primor.eu\/es_es\/tecsania-gel-aloe-vera-puro-129580.html'>\r\n        <img loading='async' src='https:\/\/cdn2.primor.eu\/media\/catalog\/product\/cache\/8d3aba296f7a18b5251ee30fa5db42b2\/8\/4\/8436540047908_9e0c.png' alt='COMPRAR AHORA'>\r\n            <div class=\"claim\">\r\n                COMPRAR AHORA            <\/div>\r\n        <\/a>\r\n    \n\n\n<h3 class=\"wp-block-heading\">Gel Aloe Vera Puro de Bio Glow<\/h3>\n\n\n\n<p>Procedente de Cultivo Ecol\u00f3gico, regenera y calma. Elaborado con jugo de Aloe Vera 100% Puro y Ecol\u00f3gico.<\/p>\n\n\n\n<p>Indicado para todo tipo de pieles despu\u00e9s de la exposici\u00f3n solar, post depilaci\u00f3n o fotodepilaci\u00f3n, afeitado, quemaduras e irritaciones de la piel.<\/p>\n\n\n\n<p>. Uso Unisex.<\/p>\n\n\n\n<p>. Uso diario.<\/p>\n\n\n\n<p>. Todo tipo de pieles.<\/p>\n\n\n\n<p>. Olor fresco, herbal.<\/p>\n\n\n    <a class='product' target='_blank' href='https:\/\/www.primor.eu\/es_es\/bio-glow-gel-aloe-vera-puro-13049.html'>\r\n        <img loading='async' src='https:\/\/cdn2.primor.eu\/media\/catalog\/product\/cache\/8d3aba296f7a18b5251ee30fa5db42b2\/0\/T\/0TN02075_1_3de1.jpg' alt='COMPRAR AHORA'>\r\n            <div class=\"claim\">\r\n                COMPRAR AHORA            <\/div>\r\n        <\/a>\r\n    \n\n<div class=\"kk-star-ratings kksr-auto kksr-align-center kksr-valign-bottom\"\n    data-payload='{&quot;align&quot;:&quot;center&quot;,&quot;id&quot;:&quot;101393&quot;,&quot;slug&quot;:&quot;default&quot;,&quot;valign&quot;:&quot;bottom&quot;,&quot;ignore&quot;:&quot;&quot;,&quot;reference&quot;:&quot;auto&quot;,&quot;class&quot;:&quot;&quot;,&quot;count&quot;:&quot;6&quot;,&quot;legendonly&quot;:&quot;&quot;,&quot;readonly&quot;:&quot;&quot;,&quot;score&quot;:&quot;5&quot;,&quot;starsonly&quot;:&quot;&quot;,&quot;best&quot;:&quot;5&quot;,&quot;gap&quot;:&quot;5&quot;,&quot;greet&quot;:&quot;Valora este art\u00edculo&quot;,&quot;legend&quot;:&quot;5\\\/5 - (6 votos)&quot;,&quot;size&quot;:&quot;24&quot;,&quot;title&quot;:&quot;Paso a paso para hacer jab\u00f3n casero de aloe vera&quot;,&quot;width&quot;:&quot;142.5&quot;,&quot;_legend&quot;:&quot;{score}\\\/{best} - ({count} {votes})&quot;,&quot;font_factor&quot;:&quot;1.25&quot;}'>\n            \n<div class=\"kksr-stars\">\n    \n<div class=\"kksr-stars-inactive\">\n            <div class=\"kksr-star\" data-star=\"1\" style=\"padding-right: 5px\">\n            \n\n<div class=\"kksr-icon\" style=\"width: 24px; height: 24px;\"><\/div>\n        <\/div>\n            <div class=\"kksr-star\" data-star=\"2\" style=\"padding-right: 5px\">\n            \n\n<div class=\"kksr-icon\" style=\"width: 24px; height: 24px;\"><\/div>\n        <\/div>\n            <div class=\"kksr-star\" data-star=\"3\" style=\"padding-right: 5px\">\n            \n\n<div class=\"kksr-icon\" style=\"width: 24px; height: 24px;\"><\/div>\n        <\/div>\n            <div class=\"kksr-star\" data-star=\"4\" style=\"padding-right: 5px\">\n            \n\n<div class=\"kksr-icon\" style=\"width: 24px; height: 24px;\"><\/div>\n        <\/div>\n            <div class=\"kksr-star\" data-star=\"5\" style=\"padding-right: 5px\">\n            \n\n<div class=\"kksr-icon\" style=\"width: 24px; height: 24px;\"><\/div>\n        <\/div>\n    <\/div>\n    \n<div class=\"kksr-stars-active\" style=\"width: 142.5px;\">\n            <div class=\"kksr-star\" style=\"padding-right: 5px\">\n            \n\n<div class=\"kksr-icon\" style=\"width: 24px; height: 24px;\"><\/div>\n        <\/div>\n            <div class=\"kksr-star\" style=\"padding-right: 5px\">\n            \n\n<div class=\"kksr-icon\" style=\"width: 24px; height: 24px;\"><\/div>\n        <\/div>\n            <div class=\"kksr-star\" style=\"padding-right: 5px\">\n            \n\n<div class=\"kksr-icon\" style=\"width: 24px; height: 24px;\"><\/div>\n        <\/div>\n            <div class=\"kksr-star\" style=\"padding-right: 5px\">\n            \n\n<div class=\"kksr-icon\" style=\"width: 24px; height: 24px;\"><\/div>\n        <\/div>\n            <div class=\"kksr-star\" style=\"padding-right: 5px\">\n            \n\n<div class=\"kksr-icon\" style=\"width: 24px; height: 24px;\"><\/div>\n        <\/div>\n    <\/div>\n<\/div>\n                \n\n<div class=\"kksr-legend\" style=\"font-size: 19.2px;\">\n            5\/5 - (6 votos)    <\/div>\n    <\/div>\n","protected":false},"excerpt":{"rendered":"<p>Se habla mucho de los m\u00faltiples beneficios del aloe vera, \u00a1y no nos extra\u00f1a! Es un ingrediente incre\u00edble tanto para la piel como para el cabello, ayuda a controlar los granos y acn\u00e9 y evita que la piel se deshidrate o pierda humedad. Es por eso que muchos est\u00e1n enamorados del jab\u00f3n de aloe vera, [&hellip;]<\/p>\n","protected":false},"author":14,"featured_media":101394,"comment_status":"closed","ping_status":"closed","sticky":false,"template":"","format":"standard","meta":{"jnews-multi-image_gallery":[],"jnews_single_post":{"subtitle":"","format":"standard","video":"","gallery":"","source_name":"","source_url":"","via_name":"","via_url":"","override_template":"0","override":[{"template":"1","single_blog_custom":"","parallax":"1","fullscreen":"1","layout":"right-sidebar","sidebar":"home-2","second_sidebar":"default-sidebar","sticky_sidebar":"0","share_position":"float","share_float_style":"share-monocrhome","show_share_counter":"0","show_view_counter":"0","show_featured":"1","show_post_meta":"1","show_post_author":"0","show_post_author_image":"1","show_post_date":"1","post_date_format":"default","post_date_format_custom":"Y\/m\/d","show_post_category":"1","show_post_reading_time":"0","post_reading_time_wpm":"300","show_zoom_button":"0","zoom_button_out_step":"2","zoom_button_in_step":"3","show_post_tag":"0","show_prev_next_post":"0","show_popup_post":"0","number_popup_post":"2","show_author_box":"0","show_post_related":"0","show_inline_post_related":"1"}],"override_image_size":"0","image_override":[{"single_post_thumbnail_size":"no-crop","single_post_gallery_size":"crop-500"}],"trending_post":"0","trending_post_position":"meta","trending_post_label":"Trending","sponsored_post":"0","sponsored_post_label":"Sponsored by","sponsored_post_name":"","sponsored_post_url":"","sponsored_post_logo_enable":"0","sponsored_post_logo":"","sponsored_post_desc":"","disable_ad":"0"},"jnews_primary_category":{"id":"","hide":""},"jnews_social_meta":{"fb_title":"","fb_description":"","fb_image":"","twitter_title":"","twitter_description":"","twitter_image":""},"jnews_override_counter":{"override_view_counter":"0","view_counter_number":"0","override_share_counter":"0","share_counter_number":"0","override_like_counter":"0","like_counter_number":"0","override_dislike_counter":"0","dislike_counter_number":"0"},"footnotes":""},"categories":[29],"tags":[],"class_list":["post-101393","post","type-post","status-publish","format-standard","has-post-thumbnail","hentry","category-cosmetica"],"_links":{"self":[{"href":"https:\/\/www.primor.eu\/blog\/wp-json\/wp\/v2\/posts\/101393","targetHints":{"allow":["GET"]}}],"collection":[{"href":"https:\/\/www.primor.eu\/blog\/wp-json\/wp\/v2\/posts"}],"about":[{"href":"https:\/\/www.primor.eu\/blog\/wp-json\/wp\/v2\/types\/post"}],"author":[{"embeddable":true,"href":"https:\/\/www.primor.eu\/blog\/wp-json\/wp\/v2\/users\/14"}],"replies":[{"embeddable":true,"href":"https:\/\/www.primor.eu\/blog\/wp-json\/wp\/v2\/comments?post=101393"}],"version-history":[{"count":3,"href":"https:\/\/www.primor.eu\/blog\/wp-json\/wp\/v2\/posts\/101393\/revisions"}],"predecessor-version":[{"id":133417,"href":"https:\/\/www.primor.eu\/blog\/wp-json\/wp\/v2\/posts\/101393\/revisions\/133417"}],"wp:featuredmedia":[{"embeddable":true,"href":"https:\/\/www.primor.eu\/blog\/wp-json\/wp\/v2\/media\/101394"}],"wp:attachment":[{"href":"https:\/\/www.primor.eu\/blog\/wp-json\/wp\/v2\/media?parent=101393"}],"wp:term":[{"taxonomy":"category","embeddable":true,"href":"https:\/\/www.primor.eu\/blog\/wp-json\/wp\/v2\/categories?post=101393"},{"taxonomy":"post_tag","embeddable":true,"href":"https:\/\/www.primor.eu\/blog\/wp-json\/wp\/v2\/tags?post=101393"}],"curies":[{"name":"wp","href":"https:\/\/api.w.org\/{rel}","templated":true}]}}