{"id":101352,"date":"2024-04-16T07:45:07","date_gmt":"2024-04-16T07:45:07","guid":{"rendered":"https:\/\/www.primor.eu\/blog\/?p=101352"},"modified":"2025-07-31T17:50:52","modified_gmt":"2025-07-31T17:50:52","slug":"desinflamar-grano-rapido","status":"publish","type":"post","link":"https:\/\/www.primor.eu\/blog\/desinflamar-grano-rapido\/","title":{"rendered":"\u00a1Urgente! C\u00f3mo desinflamar un grano r\u00e1pidamente"},"content":{"rendered":"\n<p>Por mucho que el <a href=\"https:\/\/www.primor.eu\/blog\/acne-vulgar-por-que-aparece-como-tratar\/\"><strong>acn\u00e9<\/strong><\/a> hoy est\u00e9 a la orden del d\u00eda, sigue siendo molesto (y muy antiest\u00e9tico). A veces duele, otras veces podemos taparlo con maquillaje y aunque tenemos <a href=\"https:\/\/www.primor.eu\/blog\/activos-para-la-piel\/\">activos<\/a> que funcionan incre\u00edblemente bien para eliminar el acn\u00e9, cuando surge el imprevisto, lo \u00fanico que queremos es saber <strong>c\u00f3mo desinflamar un grano r\u00e1pidamente.&nbsp;<\/strong><\/p>\n\n\n\n<p>Vuestros deseos son \u00f3rdenes para nosotros, as\u00ed que, le hemos preguntado a los expertos de Primor qu\u00e9 trucos podemos poner en pr\u00e1ctica. Esto es lo que nos han dicho.&nbsp;<\/p>\n\n\n\n<h2 class=\"wp-block-heading\">C\u00f3mo desinflamar un grano r\u00e1pidamente: trucos y consejos<\/h2>\n\n\n\n<ul class=\"wp-block-list\">\n<li><strong>Compresas fr\u00edas.<\/strong> Es un remedio de abuela (pero funciona). Aplica una compresa fr\u00eda en tu granito durante unos 10-15 minutos varias veces al d\u00eda. El fr\u00edo, adem\u00e1s de desinflamar, ayuda a que la molestia sea menor.<\/li>\n\n\n\n<li><strong>Productos t\u00f3picos<\/strong> que contengan ingredientes antiinflamatorios como el \u00e1cido salic\u00edlico, el per\u00f3xido de benzoilo o el t\u00e9 verde.&nbsp;<\/li>\n\n\n\n<li><strong>Evita tocar el grano.<\/strong> Te va a costar, lo s\u00e9; pero ten en cuenta que lo que tratamos de hacer es evitar que acumule m\u00e1s suciedad o se infecte.<\/li>\n\n\n\n<li><strong>Mant\u00e9n la piel limpia<\/strong>. Para ello, lava suavemente el \u00e1rea afectada con un limpiador suave y agua tibia dos veces al d\u00eda. Usa un t\u00f3nico seborregulador y tambi\u00e9n puedes usar alg\u00fan truco extra como los parches para granos.&nbsp;<\/li>\n\n\n\n<li><strong>Alimentaci\u00f3n saludable.<\/strong> Insistimos en que somos lo que comemos. Una dieta equilibrada y rica en frutas, verduras y agua te ayudar\u00e1 a mantener la piel sana y reducir la inflamaci\u00f3n.<\/li>\n<\/ul>\n\n\n\n<h2 class=\"wp-block-heading\">Activos para eliminar granos inflamados<\/h2>\n\n\n\n<ul class=\"wp-block-list\">\n<li><a href=\"https:\/\/www.primor.eu\/blog\/acido-salilico-que-es\/\"><strong>\u00c1cido salic\u00edlico<\/strong><\/a>. Es un ingrediente com\u00fanmente utilizado en productos para el acn\u00e9 debido a sus propiedades exfoliantes y antiinflamatorias. Ayuda a destapar los poros, eliminar las c\u00e9lulas muertas de la piel y reducir la inflamaci\u00f3n. Puedes encontrarlo en forma de geles, cremas o lociones.<\/li>\n\n\n\n<li><strong>Per\u00f3xido de benzoilo.<\/strong> Es otro ingrediente com\u00fan en los tratamientos para el acn\u00e9. Tiene propiedades antibacterianas que ayudan a matar las bacterias que causan el acn\u00e9, reduciendo as\u00ed la inflamaci\u00f3n y previniendo futuros brotes. Se encuentra en diferentes concentraciones y formas, como geles, cremas o lociones.<\/li>\n\n\n\n<li><a href=\"https:\/\/www.primor.eu\/blog\/acido-retinoico-que-es-cremas\/\"><strong>Retinoides t\u00f3picos<\/strong><\/a>. Los retinoides, como el \u00e1cido retinoico y el adapaleno, son derivados de la vitamina A que ayudan a desobstruir los poros, reducir la inflamaci\u00f3n y promover la renovaci\u00f3n celular. Pueden ser eficaces para tratar granos desinflamados y prevenir la formaci\u00f3n de nuevos.<\/li>\n\n\n\n<li><a href=\"https:\/\/www.primor.eu\/blog\/beneficios-te-verde\/\"><strong>T\u00e9 verde.<\/strong><\/a> El extracto de t\u00e9 verde tiene propiedades antioxidantes y antiinflamatorias que pueden ser beneficiosas para la piel propensa al acn\u00e9. Puedes encontrar productos t\u00f3picos que contienen extracto de t\u00e9 verde para ayudar a calmar la piel y reducir la inflamaci\u00f3n.<\/li>\n\n\n\n<li><a href=\"https:\/\/www.primor.eu\/blog\/aceite-arbol-te\/\"><strong>Aceite de \u00e1rbol de t\u00e9<\/strong><\/a>. Este aceite esencial tiene propiedades antimicrobianas y antiinflamatorias que pueden ayudar a combatir las bacterias que causan el acn\u00e9 y reducir la inflamaci\u00f3n. Sin embargo, es importante diluirlo antes de aplicarlo sobre la piel, ya que puede causar irritaci\u00f3n si se usa en concentraciones altas.<\/li>\n\n\n\n<li><strong>Calamina<\/strong>. La calamina es un ingrediente conocido por sus propiedades calmantes y antiinflamatorias. Se encuentra com\u00fanmente en lociones o cremas para aliviar la irritaci\u00f3n y reducir la inflamaci\u00f3n de la piel.<\/li>\n<\/ul>\n\n\n\n<h2 class=\"wp-block-heading\">Mejores aliados para eliminar granos inflamados<\/h2>\n\n\n        <product-table class=\"pr-slider\">\r\n            <product-headers class=\"grid-table-rows\">\r\n                <div>Foto<\/div>\r\n                <div>Producto<\/div>\r\n                <div>Marca<\/div>\r\n                <div>Valoraciones<\/div>\r\n                <div>Precio<\/div>\r\n            <\/product-headers>\r\n\r\n            <product-list>\r\n                                    <a href=\"https:\/\/www.primor.eu\/es_es\/acnemy-zitless-parche-anti-granos-106284.html?#846=66146\" class=\"product-item grid-table-rows\" target=\"_blank\">\r\n                        <div>\r\n                            <img decoding=\"async\" class=\"product-img\" width=\"80px\" height=\"80px\" src=\"https:\/\/cdn2.primor.eu\/media\/catalog\/product\/cache\/8d3aba296f7a18b5251ee30fa5db42b2\/i\/m\/img_0TF18990_1_2864.jpg\" alt=\"Zitless Parche Anti Granos\">\r\n                        <\/div>\r\n\r\n                        <!-- Contenido de producto  -->\r\n                        <div>\r\n                            <div class=\"product-position\">\r\n                                #1 Top Ventas                            <\/div>\r\n\r\n                            <h2>\r\n                                Zitless Parche Anti Granos                            <\/h2>\r\n                        <\/div>\r\n\r\n                        <!-- Imagen y\/o nombre de la marca -->\r\n                        <div>\r\n                                                            <img decoding=\"async\" width=\"70\" src=\"https:\/\/www.primor.eu\/media\/catalog\/category\/Acnemy.png\" alt=\"Acnemy\">\r\n                                                    <\/div>\r\n\r\n                        <!-- Puntuaci\u00f3n del producto  -->\r\n                        <div class=\"rating\">\r\n                                                            <div class=\"rate\" style=\"--p:64;\"><\/div>\r\n                                <b>3.2\/5<\/b>\r\n                                <div class=\"rate-stars\">\r\n                                                                            <div\r\n                                            class=\"rate-star  \">\r\n                                        <\/div>\r\n                                                                            <div\r\n                                            class=\"rate-star  \">\r\n                                        <\/div>\r\n                                                                            <div\r\n                                            class=\"rate-star  \">\r\n                                        <\/div>\r\n                                                                            <div\r\n                                            class=\"rate-star  \">\r\n                                        <\/div>\r\n                                                                            <div\r\n                                            class=\"rate-star disable \">\r\n                                        <\/div>\r\n                                                                    <\/div>\r\n                                                    <\/div>\r\n\r\n                        <!-- Bot\u00f3n de producto  -->\r\n                        <div>\r\n                            <span class=\"price-claim\">\r\n                                VER PRECIO                            <\/span>\r\n                        <\/div>\r\n                    <\/a>\r\n                                    <a href=\"https:\/\/www.primor.eu\/es_es\/origins-zero-oil-tratamiento-en-gel-para-granos-17817.html\" class=\"product-item grid-table-rows\" target=\"_blank\">\r\n                        <div>\r\n                            <img decoding=\"async\" class=\"product-img\" width=\"80px\" height=\"80px\" src=\"https:\/\/cdn2.primor.eu\/media\/catalog\/product\/cache\/8d3aba296f7a18b5251ee30fa5db42b2\/0\/T\/0TF21854_1_a44b.jpg\" alt=\"Zero Oil Tratamiento en Gel Para Granos\">\r\n                        <\/div>\r\n\r\n                        <!-- Contenido de producto  -->\r\n                        <div>\r\n                            <div class=\"product-position\">\r\n                                #2                            <\/div>\r\n\r\n                            <h2>\r\n                                Zero Oil Tratamiento en Gel Para Granos                            <\/h2>\r\n                        <\/div>\r\n\r\n                        <!-- Imagen y\/o nombre de la marca -->\r\n                        <div>\r\n                                                            <img decoding=\"async\" width=\"70\" src=\"https:\/\/www.primor.eu\/media\/catalog\/category\/Origins.png\" alt=\"\">\r\n                                                    <\/div>\r\n\r\n                        <!-- Puntuaci\u00f3n del producto  -->\r\n                        <div class=\"rating\">\r\n                                                            <div class=\"rate\" style=\"--p:100;\"><\/div>\r\n                                <b>5\/5<\/b>\r\n                                <div class=\"rate-stars\">\r\n                                                                            <div\r\n                                            class=\"rate-star  \">\r\n                                        <\/div>\r\n                                                                            <div\r\n                                            class=\"rate-star  \">\r\n                                        <\/div>\r\n                                                                            <div\r\n                                            class=\"rate-star  \">\r\n                                        <\/div>\r\n                                                                            <div\r\n                                            class=\"rate-star  \">\r\n                                        <\/div>\r\n                                                                            <div\r\n                                            class=\"rate-star  \">\r\n                                        <\/div>\r\n                                                                    <\/div>\r\n                                                    <\/div>\r\n\r\n                        <!-- Bot\u00f3n de producto  -->\r\n                        <div>\r\n                            <span class=\"price-claim\">\r\n                                VER PRECIO                            <\/span>\r\n                        <\/div>\r\n                    <\/a>\r\n                                    <a href=\"https:\/\/www.primor.eu\/es_es\/isdin-acniben-control-brillos-y-granos-106574.html?#863=67095\" class=\"product-item grid-table-rows\" target=\"_blank\">\r\n                        <div>\r\n                            <img decoding=\"async\" class=\"product-img\" width=\"80px\" height=\"80px\" src=\"https:\/\/cdn2.primor.eu\/media\/catalog\/product\/cache\/8d3aba296f7a18b5251ee30fa5db42b2\/6\/X\/6XS03523_1_a7b8.jpg\" alt=\"Acniben Control Brillos y Granos\">\r\n                        <\/div>\r\n\r\n                        <!-- Contenido de producto  -->\r\n                        <div>\r\n                            <div class=\"product-position\">\r\n                                #3                            <\/div>\r\n\r\n                            <h2>\r\n                                Acniben Control Brillos y Granos                            <\/h2>\r\n                        <\/div>\r\n\r\n                        <!-- Imagen y\/o nombre de la marca -->\r\n                        <div>\r\n                                                            <img decoding=\"async\" width=\"70\" src=\"https:\/\/www.primor.eu\/media\/catalog\/category\/isdin.png\" alt=\"Isdin\">\r\n                                                    <\/div>\r\n\r\n                        <!-- Puntuaci\u00f3n del producto  -->\r\n                        <div class=\"rating\">\r\n                                                            <div class=\"rate\" style=\"--p:96;\"><\/div>\r\n                                <b>4.8\/5<\/b>\r\n                                <div class=\"rate-stars\">\r\n                                                                            <div\r\n                                            class=\"rate-star  \">\r\n                                        <\/div>\r\n                                                                            <div\r\n                                            class=\"rate-star  \">\r\n                                        <\/div>\r\n                                                                            <div\r\n                                            class=\"rate-star  \">\r\n                                        <\/div>\r\n                                                                            <div\r\n                                            class=\"rate-star  \">\r\n                                        <\/div>\r\n                                                                            <div\r\n                                            class=\"rate-star  \">\r\n                                        <\/div>\r\n                                                                    <\/div>\r\n                                                    <\/div>\r\n\r\n                        <!-- Bot\u00f3n de producto  -->\r\n                        <div>\r\n                            <span class=\"price-claim\">\r\n                                VER PRECIO                            <\/span>\r\n                        <\/div>\r\n                    <\/a>\r\n                                    <a href=\"https:\/\/www.primor.eu\/es_es\/clinique-anti-blemish-gel-limpiador-piel-con-granos-27887.html\" class=\"product-item grid-table-rows\" target=\"_blank\">\r\n                        <div>\r\n                            <img decoding=\"async\" class=\"product-img\" width=\"80px\" height=\"80px\" src=\"https:\/\/cdn2.primor.eu\/media\/catalog\/product\/cache\/8d3aba296f7a18b5251ee30fa5db42b2\/0\/T\/0TF10107_1_f697.jpg\" alt=\"Anti-Blemish Gel Limpiador Piel con Granos\">\r\n                        <\/div>\r\n\r\n                        <!-- Contenido de producto  -->\r\n                        <div>\r\n                            <div class=\"product-position\">\r\n                                #4                            <\/div>\r\n\r\n                            <h2>\r\n                                Anti-Blemish Gel Limpiador Piel con Granos                            <\/h2>\r\n                        <\/div>\r\n\r\n                        <!-- Imagen y\/o nombre de la marca -->\r\n                        <div>\r\n                                                            <img decoding=\"async\" width=\"70\" src=\"https:\/\/www.primor.eu\/media\/catalog\/category\/clinique.png\" alt=\"\">\r\n                                                    <\/div>\r\n\r\n                        <!-- Puntuaci\u00f3n del producto  -->\r\n                        <div class=\"rating\">\r\n                                                            <div class=\"rate\" style=\"--p:96;\"><\/div>\r\n                                <b>4.8\/5<\/b>\r\n                                <div class=\"rate-stars\">\r\n                                                                            <div\r\n                                            class=\"rate-star  \">\r\n                                        <\/div>\r\n                                                                            <div\r\n                                            class=\"rate-star  \">\r\n                                        <\/div>\r\n                                                                            <div\r\n                                            class=\"rate-star  \">\r\n                                        <\/div>\r\n                                                                            <div\r\n                                            class=\"rate-star  \">\r\n                                        <\/div>\r\n                                                                            <div\r\n                                            class=\"rate-star  \">\r\n                                        <\/div>\r\n                                                                    <\/div>\r\n                                                    <\/div>\r\n\r\n                        <!-- Bot\u00f3n de producto  -->\r\n                        <div>\r\n                            <span class=\"price-claim\">\r\n                                VER PRECIO                            <\/span>\r\n                        <\/div>\r\n                    <\/a>\r\n                                    <a href=\"https:\/\/www.primor.eu\/es_es\/iroha-nature-parches-sos-granos-60633.html\" class=\"product-item grid-table-rows\" target=\"_blank\">\r\n                        <div>\r\n                            <img decoding=\"async\" class=\"product-img\" width=\"80px\" height=\"80px\" src=\"https:\/\/cdn2.primor.eu\/media\/catalog\/product\/cache\/8d3aba296f7a18b5251ee30fa5db42b2\/8\/4\/8436036436421_01_2d0c.jpg\" alt=\"Parches Sos Granos\">\r\n                        <\/div>\r\n\r\n                        <!-- Contenido de producto  -->\r\n                        <div>\r\n                            <div class=\"product-position\">\r\n                                #5                            <\/div>\r\n\r\n                            <h2>\r\n                                Parches Sos Granos                            <\/h2>\r\n                        <\/div>\r\n\r\n                        <!-- Imagen y\/o nombre de la marca -->\r\n                        <div>\r\n                                                            <img decoding=\"async\" width=\"70\" src=\"https:\/\/www.primor.eu\/media\/catalog\/category\/Iroha_Nature.jpg\" alt=\"\">\r\n                                                    <\/div>\r\n\r\n                        <!-- Puntuaci\u00f3n del producto  -->\r\n                        <div class=\"rating\">\r\n                                                            <div class=\"rate\" style=\"--p:92;\"><\/div>\r\n                                <b>4.6\/5<\/b>\r\n                                <div class=\"rate-stars\">\r\n                                                                            <div\r\n                                            class=\"rate-star  \">\r\n                                        <\/div>\r\n                                                                            <div\r\n                                            class=\"rate-star  \">\r\n                                        <\/div>\r\n                                                                            <div\r\n                                            class=\"rate-star  \">\r\n                                        <\/div>\r\n                                                                            <div\r\n                                            class=\"rate-star  \">\r\n                                        <\/div>\r\n                                                                            <div\r\n                                            class=\"rate-star  \">\r\n                                        <\/div>\r\n                                                                    <\/div>\r\n                                                    <\/div>\r\n\r\n                        <!-- Bot\u00f3n de producto  -->\r\n                        <div>\r\n                            <span class=\"price-claim\">\r\n                                VER PRECIO                            <\/span>\r\n                        <\/div>\r\n                    <\/a>\r\n                            <\/product-list>\r\n        <\/product-table>\r\n\r\n        \n\n\n\n<h3 class=\"wp-block-heading\">Parches antigranos de Acnemy<\/h3>\n\n\n\n<p>Este es, sin duda, el producto estrella de Acnemy y en Primor lo adoramos. Es un parche que contiene 24 microdardos compuestos por ingredientes como el retinol, el \u00e1cido salic\u00edlico, el \u00e1cido hialur\u00f3nico, la niacinamida y el oligopeptido-76. Una vez pegado, los microdardos penetran en las primeras capas de la piel y se disuelven liberando los activos y tratando el problema de ra\u00edz.<\/p>\n\n\n    <a class='product' target='_blank' href='https:\/\/www.primor.eu\/es_es\/acnemy-zitless-parche-anti-granos-106284.html?#846=66146'>\r\n        <img loading='async' src='https:\/\/cdn2.primor.eu\/media\/catalog\/product\/cache\/8d3aba296f7a18b5251ee30fa5db42b2\/i\/m\/img_0TF18990_1_2864.jpg' alt='COMPRAR AHORA'>\r\n            <div class=\"claim\">\r\n                COMPRAR AHORA            <\/div>\r\n        <\/a>\r\n    \n\n\n\n<h3 class=\"wp-block-heading\">Origins Zero Oil Tratamiento en Gel Para Granos<\/h3>\n\n\n\n<p>Ayuda a combatir r\u00e1pidamente las imperfecciones del acn\u00e9, ya que ayuda a corregir visiblemente la decoloraci\u00f3n persistente para una piel sin manchas.<\/p>\n\n\n    <a class='product' target='_blank' href='https:\/\/www.primor.eu\/es_es\/origins-zero-oil-tratamiento-en-gel-para-granos-17817.html'>\r\n        <img loading='async' src='https:\/\/cdn2.primor.eu\/media\/catalog\/product\/cache\/8d3aba296f7a18b5251ee30fa5db42b2\/0\/T\/0TF21854_1_a44b.jpg' alt='COMPRAR AHORA'>\r\n            <div class=\"claim\">\r\n                COMPRAR AHORA            <\/div>\r\n        <\/a>\r\n    \n\n\n\n<h3 class=\"wp-block-heading\">ISDIN Acniben Control Brillos y Granos<\/h3>\n\n\n\n<p>Este gel-crema de textura ligera y no grasa es ideal para aquellas pieles con imperfecciones que matifica y ayuda a reducir los granos. Formulado con \u00e1cido hialur\u00f3nico que aporta hidrataci\u00f3n y un acabado sedoso a la piel grasa.<\/p>\n\n\n    <a class='product' target='_blank' href='https:\/\/www.primor.eu\/es_es\/isdin-acniben-control-brillos-y-granos-106574.html?#863=67095'>\r\n        <img loading='async' src='https:\/\/cdn2.primor.eu\/media\/catalog\/product\/cache\/8d3aba296f7a18b5251ee30fa5db42b2\/6\/X\/6XS03523_1_a7b8.jpg' alt='COMPRAR AHORA'>\r\n            <div class=\"claim\">\r\n                COMPRAR AHORA            <\/div>\r\n        <\/a>\r\n    \n\n\n\n<h3 class=\"wp-block-heading\">Anti-Blemish Gel Limpiador Piel con Granos de Clinique<\/h3>\n\n\n\n<p>Este gel, desarrollado por dermat\u00f3logos y cl\u00ednicamente probado, ha demostrado reducir hasta el 58% de los granitos con su uso continuado*. Indicado para tipos de piel mixta grasa, mixta seca, grasa y seca, este gel limpiador sin aceites ofrece resultados efectivos. Controla la grasa, no obstruye los poros y deja la piel con una sensaci\u00f3n fresca, suave, calmada y lisa. Adem\u00e1s, su f\u00f3rmula innovadora permite su uso tanto en el rostro como en el cuerpo, brindando una soluci\u00f3n integral para aquellos que buscan combatir los granos no solo en el rostro, sino tambi\u00e9n en otras \u00e1reas problem\u00e1ticas.<\/p>\n\n\n    <a class='product' target='_blank' href='https:\/\/www.primor.eu\/es_es\/clinique-anti-blemish-gel-limpiador-piel-con-granos-27887.html'>\r\n        <img loading='async' src='https:\/\/cdn2.primor.eu\/media\/catalog\/product\/cache\/8d3aba296f7a18b5251ee30fa5db42b2\/0\/T\/0TF10107_1_f697.jpg' alt='COMPRAR AHORA'>\r\n            <div class=\"claim\">\r\n                COMPRAR AHORA            <\/div>\r\n        <\/a>\r\n    \n\n\n\n<h3 class=\"wp-block-heading\">Parches Sos Granos de Iroha Nature<\/h3>\n\n\n\n<p>Acaba con los granos de una forma r\u00e1pida y efectiva con estos parches hidrocoloides. Ayudan a absorber el sebo para promover una r\u00e1pida recuperaci\u00f3n, reduciendo as\u00ed la inflamaci\u00f3n de la zona. La tecnolog\u00eda hidrocoloide crea un entorno que ofrece las condiciones \u00f3ptimas para la curaci\u00f3n de los granos. Compuestos por una mezcla \u00fanica de ingredientes como el \u00e1cido salic\u00edlico, el \u00e1rbol de t\u00e9 y la centella asi\u00e1tica, los activos id\u00f3neos para combatir las imperfecciones. Despu\u00e9s de 8 horas el grano habr\u00e1 reducido significativamente. Resulta ideal para pieles normal-mixta y grasa. Se recomienda utilizar 1 parche al d\u00eda.<\/p>\n\n\n    <a class='product' target='_blank' href='https:\/\/www.primor.eu\/es_es\/iroha-nature-parches-sos-granos-60633.html'>\r\n        <img loading='async' src='https:\/\/cdn2.primor.eu\/media\/catalog\/product\/cache\/8d3aba296f7a18b5251ee30fa5db42b2\/8\/4\/8436036436421_01_2d0c.jpg' alt='COMPRAR AHORA'>\r\n            <div class=\"claim\">\r\n                COMPRAR AHORA            <\/div>\r\n        <\/a>\r\n    \n\n\n\n<h3 class=\"wp-block-heading\">Spot Clean Parches Eliminaci\u00f3n de Impurezas de Rose &amp; Rose<\/h3>\n\n\n\n<p>Parche que ayuda a combatir las infecciones repentinas de la piel como granos, etc\u2026<\/p>\n\n\n\n<p>Sus ingredientes activos son el aceite de la hoja del \u00e1rbol de te y el extracto de hierba de sauce canadiense.<\/p>\n\n\n\n<p>Formula natural libre de polietilenglicol y fragancias artificiales.<\/p>\n\n\n\n<p>Dermatol\u00f3gicamente testado.<\/p>\n\n\n    <a class='product' target='_blank' href='https:\/\/www.primor.eu\/es_es\/rose-rose-spot-clean-parches-eliminacion-de-impurezas-93185.html'>\r\n        <img loading='async' src='https:\/\/cdn2.primor.eu\/media\/catalog\/product\/cache\/8d3aba296f7a18b5251ee30fa5db42b2\/8\/8\/8809033594270_39b9.jpg' alt='COMPRAR AHORA'>\r\n            <div class=\"claim\">\r\n                COMPRAR AHORA            <\/div>\r\n        <\/a>\r\n    \n\n\n<div class=\"kk-star-ratings kksr-auto kksr-align-center kksr-valign-bottom\"\n    data-payload='{&quot;align&quot;:&quot;center&quot;,&quot;id&quot;:&quot;101352&quot;,&quot;slug&quot;:&quot;default&quot;,&quot;valign&quot;:&quot;bottom&quot;,&quot;ignore&quot;:&quot;&quot;,&quot;reference&quot;:&quot;auto&quot;,&quot;class&quot;:&quot;&quot;,&quot;count&quot;:&quot;1&quot;,&quot;legendonly&quot;:&quot;&quot;,&quot;readonly&quot;:&quot;&quot;,&quot;score&quot;:&quot;3&quot;,&quot;starsonly&quot;:&quot;&quot;,&quot;best&quot;:&quot;5&quot;,&quot;gap&quot;:&quot;5&quot;,&quot;greet&quot;:&quot;Valora este art\u00edculo&quot;,&quot;legend&quot;:&quot;3\\\/5 - (1 voto)&quot;,&quot;size&quot;:&quot;24&quot;,&quot;title&quot;:&quot;\u00a1Urgente! C\u00f3mo desinflamar un grano r\u00e1pidamente&quot;,&quot;width&quot;:&quot;84.5&quot;,&quot;_legend&quot;:&quot;{score}\\\/{best} - ({count} {votes})&quot;,&quot;font_factor&quot;:&quot;1.25&quot;}'>\n            \n<div class=\"kksr-stars\">\n    \n<div class=\"kksr-stars-inactive\">\n            <div class=\"kksr-star\" data-star=\"1\" style=\"padding-right: 5px\">\n            \n\n<div class=\"kksr-icon\" style=\"width: 24px; height: 24px;\"><\/div>\n        <\/div>\n            <div class=\"kksr-star\" data-star=\"2\" style=\"padding-right: 5px\">\n            \n\n<div class=\"kksr-icon\" style=\"width: 24px; height: 24px;\"><\/div>\n        <\/div>\n            <div class=\"kksr-star\" data-star=\"3\" style=\"padding-right: 5px\">\n            \n\n<div class=\"kksr-icon\" style=\"width: 24px; height: 24px;\"><\/div>\n        <\/div>\n            <div class=\"kksr-star\" data-star=\"4\" style=\"padding-right: 5px\">\n            \n\n<div class=\"kksr-icon\" style=\"width: 24px; height: 24px;\"><\/div>\n        <\/div>\n            <div class=\"kksr-star\" data-star=\"5\" style=\"padding-right: 5px\">\n            \n\n<div class=\"kksr-icon\" style=\"width: 24px; height: 24px;\"><\/div>\n        <\/div>\n    <\/div>\n    \n<div class=\"kksr-stars-active\" style=\"width: 84.5px;\">\n            <div class=\"kksr-star\" style=\"padding-right: 5px\">\n            \n\n<div class=\"kksr-icon\" style=\"width: 24px; height: 24px;\"><\/div>\n        <\/div>\n            <div class=\"kksr-star\" style=\"padding-right: 5px\">\n            \n\n<div class=\"kksr-icon\" style=\"width: 24px; height: 24px;\"><\/div>\n        <\/div>\n            <div class=\"kksr-star\" style=\"padding-right: 5px\">\n            \n\n<div class=\"kksr-icon\" style=\"width: 24px; height: 24px;\"><\/div>\n        <\/div>\n            <div class=\"kksr-star\" style=\"padding-right: 5px\">\n            \n\n<div class=\"kksr-icon\" style=\"width: 24px; height: 24px;\"><\/div>\n        <\/div>\n            <div class=\"kksr-star\" style=\"padding-right: 5px\">\n            \n\n<div class=\"kksr-icon\" style=\"width: 24px; height: 24px;\"><\/div>\n        <\/div>\n    <\/div>\n<\/div>\n                \n\n<div class=\"kksr-legend\" style=\"font-size: 19.2px;\">\n            3\/5 - (1 voto)    <\/div>\n    <\/div>\n","protected":false},"excerpt":{"rendered":"<p>Por mucho que el acn\u00e9 hoy est\u00e9 a la orden del d\u00eda, sigue siendo molesto (y muy antiest\u00e9tico). A veces duele, otras veces podemos taparlo con maquillaje y aunque tenemos activos que funcionan incre\u00edblemente bien para eliminar el acn\u00e9, cuando surge el imprevisto, lo \u00fanico que queremos es saber c\u00f3mo desinflamar un grano r\u00e1pidamente.&nbsp; Vuestros [&hellip;]<\/p>\n","protected":false},"author":14,"featured_media":101361,"comment_status":"closed","ping_status":"closed","sticky":false,"template":"","format":"standard","meta":{"jnews-multi-image_gallery":[],"jnews_single_post":{"subtitle":"","format":"standard","video":"","gallery":"","source_name":"","source_url":"","via_name":"","via_url":"","override_template":"0","override":[{"template":"1","single_blog_custom":"","parallax":"1","fullscreen":"1","layout":"right-sidebar","sidebar":"home-2","second_sidebar":"default-sidebar","sticky_sidebar":"0","share_position":"float","share_float_style":"share-monocrhome","show_share_counter":"0","show_view_counter":"0","show_featured":"1","show_post_meta":"1","show_post_author":"0","show_post_author_image":"1","show_post_date":"1","post_date_format":"default","post_date_format_custom":"Y\/m\/d","show_post_category":"1","show_post_reading_time":"0","post_reading_time_wpm":"300","show_zoom_button":"0","zoom_button_out_step":"2","zoom_button_in_step":"3","show_post_tag":"0","show_prev_next_post":"0","show_popup_post":"0","number_popup_post":"2","show_author_box":"0","show_post_related":"0","show_inline_post_related":"1"}],"override_image_size":"0","image_override":[{"single_post_thumbnail_size":"no-crop","single_post_gallery_size":"crop-500"}],"trending_post":"0","trending_post_position":"meta","trending_post_label":"Trending","sponsored_post":"0","sponsored_post_label":"Sponsored by","sponsored_post_name":"","sponsored_post_url":"","sponsored_post_logo_enable":"0","sponsored_post_logo":"","sponsored_post_desc":"","disable_ad":"0"},"jnews_primary_category":{"id":"","hide":""},"jnews_social_meta":{"fb_title":"","fb_description":"","fb_image":"","twitter_title":"","twitter_description":"","twitter_image":""},"jnews_override_counter":{"override_view_counter":"0","view_counter_number":"0","override_share_counter":"0","share_counter_number":"0","override_like_counter":"0","like_counter_number":"0","override_dislike_counter":"0","dislike_counter_number":"0"},"footnotes":""},"categories":[6312],"tags":[],"class_list":["post-101352","post","type-post","status-publish","format-standard","has-post-thumbnail","hentry","category-acne"],"_links":{"self":[{"href":"https:\/\/www.primor.eu\/blog\/wp-json\/wp\/v2\/posts\/101352","targetHints":{"allow":["GET"]}}],"collection":[{"href":"https:\/\/www.primor.eu\/blog\/wp-json\/wp\/v2\/posts"}],"about":[{"href":"https:\/\/www.primor.eu\/blog\/wp-json\/wp\/v2\/types\/post"}],"author":[{"embeddable":true,"href":"https:\/\/www.primor.eu\/blog\/wp-json\/wp\/v2\/users\/14"}],"replies":[{"embeddable":true,"href":"https:\/\/www.primor.eu\/blog\/wp-json\/wp\/v2\/comments?post=101352"}],"version-history":[{"count":5,"href":"https:\/\/www.primor.eu\/blog\/wp-json\/wp\/v2\/posts\/101352\/revisions"}],"predecessor-version":[{"id":130107,"href":"https:\/\/www.primor.eu\/blog\/wp-json\/wp\/v2\/posts\/101352\/revisions\/130107"}],"wp:featuredmedia":[{"embeddable":true,"href":"https:\/\/www.primor.eu\/blog\/wp-json\/wp\/v2\/media\/101361"}],"wp:attachment":[{"href":"https:\/\/www.primor.eu\/blog\/wp-json\/wp\/v2\/media?parent=101352"}],"wp:term":[{"taxonomy":"category","embeddable":true,"href":"https:\/\/www.primor.eu\/blog\/wp-json\/wp\/v2\/categories?post=101352"},{"taxonomy":"post_tag","embeddable":true,"href":"https:\/\/www.primor.eu\/blog\/wp-json\/wp\/v2\/tags?post=101352"}],"curies":[{"name":"wp","href":"https:\/\/api.w.org\/{rel}","templated":true}]}}