{"id":101107,"date":"2025-10-27T06:55:05","date_gmt":"2025-10-27T06:55:05","guid":{"rendered":"https:\/\/www.primor.eu\/blog\/?p=101107"},"modified":"2025-10-27T06:55:06","modified_gmt":"2025-10-27T06:55:06","slug":"eliminar-espinillas-puntos-negros-oreja","status":"publish","type":"post","link":"https:\/\/www.primor.eu\/blog\/eliminar-espinillas-puntos-negros-oreja\/","title":{"rendered":"Elimina espinillas y puntos negros de la oreja de forma segura con trucos y productos"},"content":{"rendered":"\n<p>Los <a href=\"https:\/\/www.primor.eu\/blog\/como-quitar-puntos-negros\/\" data-type=\"link\" data-id=\"https:\/\/www.primor.eu\/blog\/como-quitar-puntos-negros\/\"><strong>puntos negros<\/strong> <\/a>son algo que incomoda y cuando se tienen en zonas como las <strong>orejas<\/strong>, pueden llegar a <strong>infectarse<\/strong> y ser molestos. La desventaja de que nos salgan puntos negros en las orejas es que no es un lugar tan accesible como puede serlo la nariz. Cuando los puntos negros salen en la nariz podemos verlos con facilidad en el espejo y quitarlos incluso con los dedos o ayuda de alg\u00fan <strong>exfoliante<\/strong> o <strong>gadget<\/strong> limpiador de <strong>puntos negros<\/strong>. En este art\u00edculo vamos a centrarnos en los puntos negros de las orejas y te contaremos c\u00f3mo acabar con ellos de forma segura.<\/p>\n\n\n\n<h2 class=\"wp-block-heading\">\u00bfC\u00f3mo eliminar los puntos negros de las orejas?<\/h2>\n\n\n\n<p>Hay <strong>varias maneras<\/strong> de eliminar los<strong> puntos negros<\/strong> de las <strong>orejas<\/strong> aunque, como hemos comentado antes, no es tan sencillo como hacerlo con los de la nariz u otras zonas de la cara a las que accedemos con facilidad.&nbsp;<\/p>\n\n\n\n<p>Para eliminar los puntos negros que salen en las orejas podemos utilizar <strong>jab\u00f3n antibacteriano<\/strong>,<strong> cremas<\/strong> espec\u00edficas y <strong>limpiadores<\/strong> para eliminar los puntos negros o <strong>gadgets<\/strong> aspiradores de puntos negros, seg\u00fan la gravedad del problema.<\/p>\n\n\n\n<p>Al tratarse de una zona que no vemos bien, es recomendable que contemos con la ayuda de otra persona si es posible para que pueda quitarnos los puntos negros que salen en las orejas, siguiendo el paso a paso que daremos despu\u00e9s.<\/p>\n\n\n\n<h2 class=\"wp-block-heading\">\u00bfPor qu\u00e9 me salen puntos negros en las orejas?<\/h2>\n\n\n\n<p>El motivo de que salgan puntos negros en las orejas no es otro que la <strong>obstruci\u00f3n de las gl\u00e1ndulas seb\u00e1ceas<\/strong>. Este sebo se acumula como puntos blancos y se queda por debajo de la piel. Despu\u00e9s, se convierten en puntos negros porque la grasa entra en contacto con el aire y se ensucia, pudiendo acumular bacterias.&nbsp;<\/p>\n\n\n\n<h2 class=\"wp-block-heading\">Paso a paso para eliminar los puntos negros de la oreja de forma segura<\/h2>\n\n\n\n<ol class=\"wp-block-list\">\n<li><strong>Limpiar la cara<\/strong> y las <strong>orejas <\/strong>de manera profunda y con un gel especial limpiador.<\/li>\n\n\n\n<li>Usar gel o <strong>crema <\/strong>especial para quitar <strong>puntos negros <\/strong>en la zona, aplic\u00e1ndolo con un bastoncillo para los oidos y dejar reposar el tiempo que indique el fabricante.<\/li>\n\n\n\n<li><strong>Retirar el producto<\/strong> una vez que haya reposado con agua tibia<\/li>\n\n\n\n<li>Preparar un <strong>ba\u00f1o de vapor <\/strong>en un barre\u00f1o para que se abran los poros cuando los puntos negros de las orejas son grandes y no salen con facilidad.<\/li>\n\n\n\n<li><strong>Sacar<\/strong> los puntos negros con unas <strong>pinzas<\/strong> de las cejas: as\u00ed te asegurar\u00e1s de que no queda nada dentro del punto negro. Para este paso es ideal que cuentes con la ayuda de alguien si no llegas a verte en el espejo o que utilices un espejo extra para ayudarte.<\/li>\n\n\n\n<li>Aplicar <strong>cremas antis\u00e9pticas<\/strong> para que no se infecten los puntos negros o <strong>aceites esenciales<\/strong> como el de <strong>menta<\/strong> una vez que est\u00e9 limpia la zona.<\/li>\n<\/ol>\n\n\n\n<h2 class=\"wp-block-heading\">Los mejores productos para eliminar los puntos negros<\/h2>\n\n\n        <product-table class=\"pr-slider\">\r\n            <product-headers class=\"grid-table-rows\">\r\n                <div>Foto<\/div>\r\n                <div>Producto<\/div>\r\n                <div>Marca<\/div>\r\n                <div>Valoraciones<\/div>\r\n                <div>Precio<\/div>\r\n            <\/product-headers>\r\n\r\n            <product-list>\r\n                                    <a href=\"https:\/\/www.primor.eu\/es_es\/under-the-rainbow-limpiador-de-puntos-negros-electrico-96645.html\" class=\"product-item grid-table-rows\" target=\"_blank\">\r\n                        <div>\r\n                            <img decoding=\"async\" class=\"product-img\" width=\"80px\" height=\"80px\" src=\"https:\/\/cdn2.primor.eu\/media\/catalog\/product\/cache\/8d3aba296f7a18b5251ee30fa5db42b2\/8\/4\/8435722404546_a191.jpg\" alt=\"Limpiador de Puntos Negros El\u00e9ctrico\">\r\n                        <\/div>\r\n\r\n                        <!-- Contenido de producto  -->\r\n                        <div>\r\n                            <div class=\"product-position\">\r\n                                #1 Top Ventas                            <\/div>\r\n\r\n                            <h2>\r\n                                Limpiador de Puntos Negros El\u00e9ctrico                            <\/h2>\r\n                        <\/div>\r\n\r\n                        <!-- Imagen y\/o nombre de la marca -->\r\n                        <div>\r\n                                                            <img decoding=\"async\" width=\"70\" src=\"https:\/\/www.primor.eu\/media\/catalog\/category\/UNDER_THE_RAINBOW.jpg\" alt=\"\">\r\n                                                    <\/div>\r\n\r\n                        <!-- Puntuaci\u00f3n del producto  -->\r\n                        <div class=\"rating\">\r\n                                                            <div class=\"rate\" style=\"--p:78;\"><\/div>\r\n                                <b>3.9\/5<\/b>\r\n                                <div class=\"rate-stars\">\r\n                                                                            <div\r\n                                            class=\"rate-star  \">\r\n                                        <\/div>\r\n                                                                            <div\r\n                                            class=\"rate-star  \">\r\n                                        <\/div>\r\n                                                                            <div\r\n                                            class=\"rate-star  \">\r\n                                        <\/div>\r\n                                                                            <div\r\n                                            class=\"rate-star  \">\r\n                                        <\/div>\r\n                                                                            <div\r\n                                            class=\"rate-star disable \">\r\n                                        <\/div>\r\n                                                                    <\/div>\r\n                                                    <\/div>\r\n\r\n                        <!-- Bot\u00f3n de producto  -->\r\n                        <div>\r\n                            <span class=\"price-claim\">\r\n                                VER PRECIO                            <\/span>\r\n                        <\/div>\r\n                    <\/a>\r\n                                    <a href=\"https:\/\/www.primor.eu\/es_es\/cosmetic-club-aspirador-puntos-negros-16663.html\" class=\"product-item grid-table-rows\" target=\"_blank\">\r\n                        <div>\r\n                            <img decoding=\"async\" class=\"product-img\" width=\"80px\" height=\"80px\" src=\"https:\/\/cdn2.primor.eu\/media\/catalog\/product\/cache\/8d3aba296f7a18b5251ee30fa5db42b2\/3\/6\/3664944179603_0748.jpg\" alt=\"Aspirador Puntos Negros\">\r\n                        <\/div>\r\n\r\n                        <!-- Contenido de producto  -->\r\n                        <div>\r\n                            <div class=\"product-position\">\r\n                                #2                            <\/div>\r\n\r\n                            <h2>\r\n                                Aspirador Puntos Negros                            <\/h2>\r\n                        <\/div>\r\n\r\n                        <!-- Imagen y\/o nombre de la marca -->\r\n                        <div>\r\n                                                            <img decoding=\"async\" width=\"70\" src=\"https:\/\/www.primor.eu\/media\/catalog\/category\/COSMETIC_CLUB.jpg\" alt=\"\">\r\n                                                    <\/div>\r\n\r\n                        <!-- Puntuaci\u00f3n del producto  -->\r\n                        <div class=\"rating\">\r\n                                                            <div class=\"rate\" style=\"--p:90;\"><\/div>\r\n                                <b>4.5\/5<\/b>\r\n                                <div class=\"rate-stars\">\r\n                                                                            <div\r\n                                            class=\"rate-star  \">\r\n                                        <\/div>\r\n                                                                            <div\r\n                                            class=\"rate-star  \">\r\n                                        <\/div>\r\n                                                                            <div\r\n                                            class=\"rate-star  \">\r\n                                        <\/div>\r\n                                                                            <div\r\n                                            class=\"rate-star  \">\r\n                                        <\/div>\r\n                                                                            <div\r\n                                            class=\"rate-star  middle\">\r\n                                        <\/div>\r\n                                                                    <\/div>\r\n                                                    <\/div>\r\n\r\n                        <!-- Bot\u00f3n de producto  -->\r\n                        <div>\r\n                            <span class=\"price-claim\">\r\n                                VER PRECIO                            <\/span>\r\n                        <\/div>\r\n                    <\/a>\r\n                                    <a href=\"https:\/\/www.primor.eu\/es_es\/garnier-pure-active-gel-carbon-anti-puntos-negros-106450.html?#854=66338\" class=\"product-item grid-table-rows\" target=\"_blank\">\r\n                        <div>\r\n                            <img decoding=\"async\" class=\"product-img\" width=\"80px\" height=\"80px\" src=\"https:\/\/cdn2.primor.eu\/media\/catalog\/product\/cache\/8d3aba296f7a18b5251ee30fa5db42b2\/C\/a\/Captura_5fe0.JPG\" alt=\"Pure Active Gel Carbon Anti puntos Negros\">\r\n                        <\/div>\r\n\r\n                        <!-- Contenido de producto  -->\r\n                        <div>\r\n                            <div class=\"product-position\">\r\n                                #3                            <\/div>\r\n\r\n                            <h2>\r\n                                Pure Active Gel Carbon Anti puntos Negros                            <\/h2>\r\n                        <\/div>\r\n\r\n                        <!-- Imagen y\/o nombre de la marca -->\r\n                        <div>\r\n                                                            <img decoding=\"async\" width=\"70\" src=\"https:\/\/www.primor.eu\/media\/catalog\/category\/Garnier.jpg\" alt=\"Garnier\">\r\n                                                    <\/div>\r\n\r\n                        <!-- Puntuaci\u00f3n del producto  -->\r\n                        <div class=\"rating\">\r\n                                                            <div class=\"rate\" style=\"--p:96;\"><\/div>\r\n                                <b>4.8\/5<\/b>\r\n                                <div class=\"rate-stars\">\r\n                                                                            <div\r\n                                            class=\"rate-star  \">\r\n                                        <\/div>\r\n                                                                            <div\r\n                                            class=\"rate-star  \">\r\n                                        <\/div>\r\n                                                                            <div\r\n                                            class=\"rate-star  \">\r\n                                        <\/div>\r\n                                                                            <div\r\n                                            class=\"rate-star  \">\r\n                                        <\/div>\r\n                                                                            <div\r\n                                            class=\"rate-star  \">\r\n                                        <\/div>\r\n                                                                    <\/div>\r\n                                                    <\/div>\r\n\r\n                        <!-- Bot\u00f3n de producto  -->\r\n                        <div>\r\n                            <span class=\"price-claim\">\r\n                                VER PRECIO                            <\/span>\r\n                        <\/div>\r\n                    <\/a>\r\n                            <\/product-list>\r\n        <\/product-table>\r\n\r\n        \n\n\n\n<h3 class=\"wp-block-heading\">Limpiador de Puntos Negros El\u00e9ctrico de Under The Rainbow<\/h3>\n\n\n\n<p>Limpia en profundidad todo tipo de pieles. Al eliminar las c\u00e9lulas muertas, la piel recupera su vitalidad, favorece su rejuvenecimiento y potencia su suavidad. Su efecto exfoliante favorece la absorci\u00f3n de los productos que apliquemos despu\u00e9s. Cuenta con tres modos de succi\u00f3n: especialmente dise\u00f1ados para la piel seca, grasa y mixta y tiene seis ventosas funcionales, para satisfacer las diferentes necesidades de succi\u00f3n de los puntos negros, limpieza de poros y dermabrasi\u00f3n.<\/p>\n\n\n    <a class='product' target='_blank' href='https:\/\/www.primor.eu\/es_es\/under-the-rainbow-limpiador-de-puntos-negros-electrico-96645.html'>\r\n        <img loading='async' src='https:\/\/cdn2.primor.eu\/media\/catalog\/product\/cache\/8d3aba296f7a18b5251ee30fa5db42b2\/8\/4\/8435722404546_a191.jpg' alt='COMPRAR AHORA'>\r\n            <div class=\"claim\">\r\n                COMPRAR AHORA            <\/div>\r\n        <\/a>\r\n    \n\n\n\n<h3 class=\"wp-block-heading\">Aspirador Puntos Negros de Cosmetic Club<\/h3>\n\n\n\n<p>Incluye 4 puntas intercambiables con diferentes cabezales para adaptarse a tus necesidades, y se recarga f\u00e1cilmente a trav\u00e9s de un puerto USB. Con 5 niveles de potencia de succi\u00f3n, es f\u00e1cil de usar y perfecto para conseguir una piel m\u00e1s clara y saludable.<\/p>\n\n\n    <a class='product' target='_blank' href='https:\/\/www.primor.eu\/es_es\/cosmetic-club-aspirador-puntos-negros-16663.html'>\r\n        <img loading='async' src='https:\/\/cdn2.primor.eu\/media\/catalog\/product\/cache\/8d3aba296f7a18b5251ee30fa5db42b2\/3\/6\/3664944179603_0748.jpg' alt='COMPRAR AHORA'>\r\n            <div class=\"claim\">\r\n                COMPRAR AHORA            <\/div>\r\n        <\/a>\r\n    \n\n\n\n<h3 class=\"wp-block-heading\">Pure Active Gel Carbon Anti puntos Negros de Garnier<\/h3>\n\n\n\n<p>Garnier Pure Active Gel Limpiador Anti Puntos Negros enriquecido con BHA (\u00c1cido Salic\u00edlico) y Carb\u00f3n de origen natural, purifca la piel, reduce granitos y puntos negros y previene su reaparici\u00f3n para una piel limpia y matificada.<\/p>\n\n\n    <a class='product' target='_blank' href='https:\/\/www.primor.eu\/es_es\/garnier-pure-active-gel-carbon-anti-puntos-negros-106450.html?#854=66338'>\r\n        <img loading='async' src='https:\/\/cdn2.primor.eu\/media\/catalog\/product\/cache\/8d3aba296f7a18b5251ee30fa5db42b2\/C\/a\/Captura_5fe0.JPG' alt='COMPRAR AHORA'>\r\n            <div class=\"claim\">\r\n                COMPRAR AHORA            <\/div>\r\n        <\/a>\r\n    \n\n\n<div class=\"kk-star-ratings kksr-auto kksr-align-center kksr-valign-bottom\"\n    data-payload='{&quot;align&quot;:&quot;center&quot;,&quot;id&quot;:&quot;101107&quot;,&quot;slug&quot;:&quot;default&quot;,&quot;valign&quot;:&quot;bottom&quot;,&quot;ignore&quot;:&quot;&quot;,&quot;reference&quot;:&quot;auto&quot;,&quot;class&quot;:&quot;&quot;,&quot;count&quot;:&quot;25&quot;,&quot;legendonly&quot;:&quot;&quot;,&quot;readonly&quot;:&quot;&quot;,&quot;score&quot;:&quot;3.1&quot;,&quot;starsonly&quot;:&quot;&quot;,&quot;best&quot;:&quot;5&quot;,&quot;gap&quot;:&quot;5&quot;,&quot;greet&quot;:&quot;Valora este art\u00edculo&quot;,&quot;legend&quot;:&quot;3.1\\\/5 - (25 votos)&quot;,&quot;size&quot;:&quot;24&quot;,&quot;title&quot;:&quot;Elimina espinillas y puntos negros de la oreja de forma segura con trucos y productos&quot;,&quot;width&quot;:&quot;87.4&quot;,&quot;_legend&quot;:&quot;{score}\\\/{best} - ({count} {votes})&quot;,&quot;font_factor&quot;:&quot;1.25&quot;}'>\n            \n<div class=\"kksr-stars\">\n    \n<div class=\"kksr-stars-inactive\">\n            <div class=\"kksr-star\" data-star=\"1\" style=\"padding-right: 5px\">\n            \n\n<div class=\"kksr-icon\" style=\"width: 24px; height: 24px;\"><\/div>\n        <\/div>\n            <div class=\"kksr-star\" data-star=\"2\" style=\"padding-right: 5px\">\n            \n\n<div class=\"kksr-icon\" style=\"width: 24px; height: 24px;\"><\/div>\n        <\/div>\n            <div class=\"kksr-star\" data-star=\"3\" style=\"padding-right: 5px\">\n            \n\n<div class=\"kksr-icon\" style=\"width: 24px; height: 24px;\"><\/div>\n        <\/div>\n            <div class=\"kksr-star\" data-star=\"4\" style=\"padding-right: 5px\">\n            \n\n<div class=\"kksr-icon\" style=\"width: 24px; height: 24px;\"><\/div>\n        <\/div>\n            <div class=\"kksr-star\" data-star=\"5\" style=\"padding-right: 5px\">\n            \n\n<div class=\"kksr-icon\" style=\"width: 24px; height: 24px;\"><\/div>\n        <\/div>\n    <\/div>\n    \n<div class=\"kksr-stars-active\" style=\"width: 87.4px;\">\n            <div class=\"kksr-star\" style=\"padding-right: 5px\">\n            \n\n<div class=\"kksr-icon\" style=\"width: 24px; height: 24px;\"><\/div>\n        <\/div>\n            <div class=\"kksr-star\" style=\"padding-right: 5px\">\n            \n\n<div class=\"kksr-icon\" style=\"width: 24px; height: 24px;\"><\/div>\n        <\/div>\n            <div class=\"kksr-star\" style=\"padding-right: 5px\">\n            \n\n<div class=\"kksr-icon\" style=\"width: 24px; height: 24px;\"><\/div>\n        <\/div>\n            <div class=\"kksr-star\" style=\"padding-right: 5px\">\n            \n\n<div class=\"kksr-icon\" style=\"width: 24px; height: 24px;\"><\/div>\n        <\/div>\n            <div class=\"kksr-star\" style=\"padding-right: 5px\">\n            \n\n<div class=\"kksr-icon\" style=\"width: 24px; height: 24px;\"><\/div>\n        <\/div>\n    <\/div>\n<\/div>\n                \n\n<div class=\"kksr-legend\" style=\"font-size: 19.2px;\">\n            3.1\/5 - (25 votos)    <\/div>\n    <\/div>\n","protected":false},"excerpt":{"rendered":"<p>Los puntos negros son algo que incomoda y cuando se tienen en zonas como las orejas, pueden llegar a infectarse y ser molestos. La desventaja de que nos salgan puntos negros en las orejas es que no es un lugar tan accesible como puede serlo la nariz. Cuando los puntos negros salen en la nariz [&hellip;]<\/p>\n","protected":false},"author":30,"featured_media":101108,"comment_status":"closed","ping_status":"closed","sticky":false,"template":"","format":"standard","meta":{"jnews-multi-image_gallery":[],"jnews_single_post":{"subtitle":"","format":"standard","video":"","gallery":"","source_name":"","source_url":"","via_name":"","via_url":"","override_template":"0","override":[{"template":"1","single_blog_custom":"","parallax":"1","fullscreen":"1","layout":"right-sidebar","sidebar":"home-2","second_sidebar":"default-sidebar","sticky_sidebar":"0","share_position":"float","share_float_style":"share-monocrhome","show_share_counter":"0","show_view_counter":"0","show_featured":"1","show_post_meta":"1","show_post_author":"0","show_post_author_image":"1","show_post_date":"1","post_date_format":"default","post_date_format_custom":"Y\/m\/d","show_post_category":"1","show_post_reading_time":"0","post_reading_time_wpm":"300","show_zoom_button":"0","zoom_button_out_step":"2","zoom_button_in_step":"3","show_post_tag":"0","show_prev_next_post":"0","show_popup_post":"0","number_popup_post":"2","show_author_box":"0","show_post_related":"0","show_inline_post_related":"1"}],"override_image_size":"0","image_override":[{"single_post_thumbnail_size":"no-crop","single_post_gallery_size":"crop-500"}],"trending_post":"0","trending_post_position":"meta","trending_post_label":"Trending","sponsored_post":"0","sponsored_post_label":"Sponsored by","sponsored_post_name":"","sponsored_post_url":"","sponsored_post_logo_enable":"0","sponsored_post_logo":"","sponsored_post_desc":"","disable_ad":"0"},"jnews_primary_category":{"id":"","hide":""},"jnews_social_meta":{"fb_title":"","fb_description":"","fb_image":"","twitter_title":"","twitter_description":"","twitter_image":""},"jnews_override_counter":{"override_view_counter":"0","view_counter_number":"0","override_share_counter":"0","share_counter_number":"0","override_like_counter":"0","like_counter_number":"0","override_dislike_counter":"0","dislike_counter_number":"0"},"footnotes":""},"categories":[6303],"tags":[],"class_list":["post-101107","post","type-post","status-publish","format-standard","has-post-thumbnail","hentry","category-trucos-de-belleza"],"_links":{"self":[{"href":"https:\/\/www.primor.eu\/blog\/wp-json\/wp\/v2\/posts\/101107","targetHints":{"allow":["GET"]}}],"collection":[{"href":"https:\/\/www.primor.eu\/blog\/wp-json\/wp\/v2\/posts"}],"about":[{"href":"https:\/\/www.primor.eu\/blog\/wp-json\/wp\/v2\/types\/post"}],"author":[{"embeddable":true,"href":"https:\/\/www.primor.eu\/blog\/wp-json\/wp\/v2\/users\/30"}],"replies":[{"embeddable":true,"href":"https:\/\/www.primor.eu\/blog\/wp-json\/wp\/v2\/comments?post=101107"}],"version-history":[{"count":3,"href":"https:\/\/www.primor.eu\/blog\/wp-json\/wp\/v2\/posts\/101107\/revisions"}],"predecessor-version":[{"id":133848,"href":"https:\/\/www.primor.eu\/blog\/wp-json\/wp\/v2\/posts\/101107\/revisions\/133848"}],"wp:featuredmedia":[{"embeddable":true,"href":"https:\/\/www.primor.eu\/blog\/wp-json\/wp\/v2\/media\/101108"}],"wp:attachment":[{"href":"https:\/\/www.primor.eu\/blog\/wp-json\/wp\/v2\/media?parent=101107"}],"wp:term":[{"taxonomy":"category","embeddable":true,"href":"https:\/\/www.primor.eu\/blog\/wp-json\/wp\/v2\/categories?post=101107"},{"taxonomy":"post_tag","embeddable":true,"href":"https:\/\/www.primor.eu\/blog\/wp-json\/wp\/v2\/tags?post=101107"}],"curies":[{"name":"wp","href":"https:\/\/api.w.org\/{rel}","templated":true}]}}