{"id":101048,"date":"2025-09-10T15:02:37","date_gmt":"2025-09-10T15:02:37","guid":{"rendered":"https:\/\/www.primor.eu\/blog\/?p=101048"},"modified":"2025-09-10T15:02:38","modified_gmt":"2025-09-10T15:02:38","slug":"mejores-trucos-productos-matizar-pelo-casa","status":"publish","type":"post","link":"https:\/\/www.primor.eu\/blog\/mejores-trucos-productos-matizar-pelo-casa\/","title":{"rendered":"C\u00f3mo matizar tu pelo en casa: los mejores trucos y productos del mercado"},"content":{"rendered":"\n<p>Es algo que ya sabes, por lo que, no, no es ninguna sorpresa ni novedad para nadie. Si te <strong>ti\u00f1es<\/strong>, tienes que <strong>dedicar tiempo<\/strong> y <strong>mimo<\/strong> a cuidar tu pelo, nutrirlo y ayudarte a contribuir su color para que permanezca <strong>intacto<\/strong> e <strong>\u00edntegro<\/strong> hasta la pr\u00f3xima visita a la peluquer\u00eda. Por esa misma raz\u00f3n, hoy te contamos c\u00f3mo matizar el pelo en casa, siguiendo los <strong>consejos<\/strong> de los estilistas m\u00e1s famosos. Vamos all\u00e1.&nbsp;<\/p>\n\n\n\n<h2 class=\"wp-block-heading\">C\u00f3mo matizar el pelo en casa<\/h2>\n\n\n\n<p>Matizar el pelo en casa es una forma de neutralizar o corregir tonos no deseados en el cabello, como el amarillo o el naranja despu\u00e9s de decolorarlo o te\u00f1irlo. Algunos pasos para que sea mucho m\u00e1s sencillo que recomiendan los expertos son:<\/p>\n\n\n\n<ul class=\"wp-block-list\">\n<li><strong>Elige el matizador adecuado<\/strong>. Puedes encontrar productos matizadores en tiendas de belleza o en l\u00ednea. Busca uno que sea adecuado para el tono de tu cabello y el resultado que deseas. Por ejemplo, si tu cabello tiene tonos amarillos, necesitar\u00e1s un matizador con base violeta o azul. Si tu cabello tiende a tener tonos naranjas, busca un matizador con base azul.<\/li>\n\n\n\n<li><strong>Prepara tu cabello<\/strong>. Lava tu cabello con champ\u00fa como de costumbre y s\u00e9calo con una toalla. Aseg\u00farate de que est\u00e9 completamente seco antes de aplicar el matizador.<\/li>\n\n\n\n<li><strong>Aplica el matizador.<\/strong> Sigue las instrucciones del producto para mezclar y aplicar el matizador. Por lo general, necesitar\u00e1s aplicarlo en todo el cabello o solo en las \u00e1reas que desees matizar. Usa guantes para proteger tus manos y una capa vieja o una toalla alrededor de tus hombros para proteger tu ropa.<\/li>\n\n\n\n<li><strong>Deja actuar el matizador. <\/strong>El tiempo de procesamiento puede variar seg\u00fan el producto, as\u00ed que aseg\u00farate de leer las instrucciones. Por lo general, se deja actuar entre 5 y 20 minutos. Si dejas el matizador por demasiado tiempo, puedes terminar con un tono no deseado, as\u00ed que aseg\u00farate de controlar el proceso.<\/li>\n\n\n\n<li><strong>Enjuaga y acondiciona. <\/strong>Una vez que el matizador haya terminado de actuar, enjuaga bien tu cabello con agua tibia hasta que el agua salga clara. Luego, aplica un acondicionador para ayudar a hidratar y suavizar tu cabello. Tambi\u00e9n hay acondicionadores morados o matizadores. Para un mejor resultado.&nbsp;<\/li>\n<\/ul>\n\n\n\n<h2 class=\"wp-block-heading\">\u00bfFuncionan los champ\u00fas morados?<\/h2>\n\n\n\n<p>S\u00ed, los champ\u00fas morados est\u00e1n dise\u00f1ados especialmente para cabellos rubios, naturales o te\u00f1idos, casta\u00f1os claros o grises. <strong>Su funci\u00f3n es preservar el tono natural del pelo<\/strong> sin que aparezcan tonos indeseados como pueden ser anaranjados en el pelo rubio. Esto hace que podamos alargar el tiempo entre visita y visita a la peluquer\u00eda para retocar el tinte.<\/p>\n\n\n\n<p>Adem\u00e1s, <strong>ofrecen una hidrataci\u00f3n profunda<\/strong> ya que, en el caso de los tintes suelen resecar mucho el pelo dada la agresividad del producto. Tambi\u00e9n los cabellos grises formados por canas son mucho m\u00e1s dif\u00edciles de manejar por lo que requieren una buena hidrataci\u00f3n que haga que el pelo est\u00e9 suave y sea mucho m\u00e1s manejable.<\/p>\n\n\n\n<h2 class=\"wp-block-heading\">Mejores champ\u00fas violetas o matizadores para una melena profesional y matizadores<\/h2>\n\n\n\n<h3 class=\"wp-block-heading\">Champ\u00fa N4P Blonde Enhancer Toning Shampoo de Olaplex<\/h3>\n\n\n\n<p>Una f\u00f3rmula altamente concentrada y sin sulfatos que permite tonificar a tu gusto, cuanto m\u00e1s tiempo se aplique, mayor ser\u00e1 el resultado. Se puede usar en cada lavado y est\u00e1 indicado para cabellos rubios, decolorados y grises haciendo que sean m\u00e1s manejables a la vez que los repara, nutre y da brillo.<\/p>\n\n\n    <a class='product' target='_blank' href='https:\/\/www.primor.eu\/es_es\/olaplex-champu-n4p-blonde-enhancer-toning-shampoo-105777.html?#863=67018'>\r\n        <img loading='async' src='https:\/\/cdn2.primor.eu\/media\/catalog\/product\/cache\/8d3aba296f7a18b5251ee30fa5db42b2\/2\/C\/2CC04310_1_f93f.jpg' alt='COMPRAR AHORA'>\r\n            <div class=\"claim\">\r\n                COMPRAR AHORA            <\/div>\r\n        <\/a>\r\n    \n\n\n\n<h3 class=\"wp-block-heading\">No Yellow Champ\u00fa de Fanola<\/h3>\n\n\n\n<p>Un tratamiento profesional formulado con un pigmento violeta de acci\u00f3n intensiva que neutraliza los reflejos amarillos, dejando un acabado brillante e uniforme. Debe aplicarse de 1 a 3 minutos para hidratar y tonificar el pelo.<\/p>\n\n\n    <a class='product' target='_blank' href='https:\/\/www.primor.eu\/es_es\/fanola-no-yellow-champu-105666.html?#854=66346'>\r\n        <img loading='async' src='https:\/\/cdn2.primor.eu\/media\/catalog\/product\/cache\/8d3aba296f7a18b5251ee30fa5db42b2\/2\/C\/2CC03853_1_d2c2.jpg' alt='COMPRAR AHORA'>\r\n            <div class=\"claim\">\r\n                COMPRAR AHORA            <\/div>\r\n        <\/a>\r\n    \n\n\n<div class=\"kk-star-ratings kksr-auto kksr-align-center kksr-valign-bottom\"\n    data-payload='{&quot;align&quot;:&quot;center&quot;,&quot;id&quot;:&quot;101048&quot;,&quot;slug&quot;:&quot;default&quot;,&quot;valign&quot;:&quot;bottom&quot;,&quot;ignore&quot;:&quot;&quot;,&quot;reference&quot;:&quot;auto&quot;,&quot;class&quot;:&quot;&quot;,&quot;count&quot;:&quot;4&quot;,&quot;legendonly&quot;:&quot;&quot;,&quot;readonly&quot;:&quot;&quot;,&quot;score&quot;:&quot;3&quot;,&quot;starsonly&quot;:&quot;&quot;,&quot;best&quot;:&quot;5&quot;,&quot;gap&quot;:&quot;5&quot;,&quot;greet&quot;:&quot;Valora este art\u00edculo&quot;,&quot;legend&quot;:&quot;3\\\/5 - (4 votos)&quot;,&quot;size&quot;:&quot;24&quot;,&quot;title&quot;:&quot;C\u00f3mo matizar tu pelo en casa: los mejores trucos y productos del mercado&quot;,&quot;width&quot;:&quot;84.5&quot;,&quot;_legend&quot;:&quot;{score}\\\/{best} - ({count} {votes})&quot;,&quot;font_factor&quot;:&quot;1.25&quot;}'>\n            \n<div class=\"kksr-stars\">\n    \n<div class=\"kksr-stars-inactive\">\n            <div class=\"kksr-star\" data-star=\"1\" style=\"padding-right: 5px\">\n            \n\n<div class=\"kksr-icon\" style=\"width: 24px; height: 24px;\"><\/div>\n        <\/div>\n            <div class=\"kksr-star\" data-star=\"2\" style=\"padding-right: 5px\">\n            \n\n<div class=\"kksr-icon\" style=\"width: 24px; height: 24px;\"><\/div>\n        <\/div>\n            <div class=\"kksr-star\" data-star=\"3\" style=\"padding-right: 5px\">\n            \n\n<div class=\"kksr-icon\" style=\"width: 24px; height: 24px;\"><\/div>\n        <\/div>\n            <div class=\"kksr-star\" data-star=\"4\" style=\"padding-right: 5px\">\n            \n\n<div class=\"kksr-icon\" style=\"width: 24px; height: 24px;\"><\/div>\n        <\/div>\n            <div class=\"kksr-star\" data-star=\"5\" style=\"padding-right: 5px\">\n            \n\n<div class=\"kksr-icon\" style=\"width: 24px; height: 24px;\"><\/div>\n        <\/div>\n    <\/div>\n    \n<div class=\"kksr-stars-active\" style=\"width: 84.5px;\">\n            <div class=\"kksr-star\" style=\"padding-right: 5px\">\n            \n\n<div class=\"kksr-icon\" style=\"width: 24px; height: 24px;\"><\/div>\n        <\/div>\n            <div class=\"kksr-star\" style=\"padding-right: 5px\">\n            \n\n<div class=\"kksr-icon\" style=\"width: 24px; height: 24px;\"><\/div>\n        <\/div>\n            <div class=\"kksr-star\" style=\"padding-right: 5px\">\n            \n\n<div class=\"kksr-icon\" style=\"width: 24px; height: 24px;\"><\/div>\n        <\/div>\n            <div class=\"kksr-star\" style=\"padding-right: 5px\">\n            \n\n<div class=\"kksr-icon\" style=\"width: 24px; height: 24px;\"><\/div>\n        <\/div>\n            <div class=\"kksr-star\" style=\"padding-right: 5px\">\n            \n\n<div class=\"kksr-icon\" style=\"width: 24px; height: 24px;\"><\/div>\n        <\/div>\n    <\/div>\n<\/div>\n                \n\n<div class=\"kksr-legend\" style=\"font-size: 19.2px;\">\n            3\/5 - (4 votos)    <\/div>\n    <\/div>\n","protected":false},"excerpt":{"rendered":"<p>Es algo que ya sabes, por lo que, no, no es ninguna sorpresa ni novedad para nadie. Si te ti\u00f1es, tienes que dedicar tiempo y mimo a cuidar tu pelo, nutrirlo y ayudarte a contribuir su color para que permanezca intacto e \u00edntegro hasta la pr\u00f3xima visita a la peluquer\u00eda. Por esa misma raz\u00f3n, hoy [&hellip;]<\/p>\n","protected":false},"author":14,"featured_media":101070,"comment_status":"closed","ping_status":"closed","sticky":false,"template":"","format":"standard","meta":{"jnews-multi-image_gallery":[],"jnews_single_post":{"subtitle":"","format":"standard","video":"","gallery":"","source_name":"","source_url":"","via_name":"","via_url":"","override_template":"0","override":[{"template":"1","single_blog_custom":"","parallax":"1","fullscreen":"1","layout":"right-sidebar","sidebar":"home-2","second_sidebar":"default-sidebar","sticky_sidebar":"0","share_position":"float","share_float_style":"share-monocrhome","show_share_counter":"0","show_view_counter":"0","show_featured":"1","show_post_meta":"1","show_post_author":"0","show_post_author_image":"1","show_post_date":"1","post_date_format":"default","post_date_format_custom":"Y\/m\/d","show_post_category":"1","show_post_reading_time":"0","post_reading_time_wpm":"300","show_zoom_button":"0","zoom_button_out_step":"2","zoom_button_in_step":"3","show_post_tag":"0","show_prev_next_post":"0","show_popup_post":"0","number_popup_post":"2","show_author_box":"0","show_post_related":"0","show_inline_post_related":"1"}],"override_image_size":"0","image_override":[{"single_post_thumbnail_size":"no-crop","single_post_gallery_size":"crop-500"}],"trending_post":"0","trending_post_position":"meta","trending_post_label":"Trending","sponsored_post":"0","sponsored_post_label":"Sponsored by","sponsored_post_name":"","sponsored_post_url":"","sponsored_post_logo_enable":"0","sponsored_post_logo":"","sponsored_post_desc":"","disable_ad":"0"},"jnews_primary_category":{"id":"","hide":""},"jnews_social_meta":{"fb_title":"","fb_description":"","fb_image":"","twitter_title":"","twitter_description":"","twitter_image":""},"jnews_override_counter":{"override_view_counter":"0","view_counter_number":"0","override_share_counter":"0","share_counter_number":"0","override_like_counter":"0","like_counter_number":"0","override_dislike_counter":"0","dislike_counter_number":"0"},"footnotes":""},"categories":[35],"tags":[],"class_list":["post-101048","post","type-post","status-publish","format-standard","has-post-thumbnail","hentry","category-cabello"],"_links":{"self":[{"href":"https:\/\/www.primor.eu\/blog\/wp-json\/wp\/v2\/posts\/101048","targetHints":{"allow":["GET"]}}],"collection":[{"href":"https:\/\/www.primor.eu\/blog\/wp-json\/wp\/v2\/posts"}],"about":[{"href":"https:\/\/www.primor.eu\/blog\/wp-json\/wp\/v2\/types\/post"}],"author":[{"embeddable":true,"href":"https:\/\/www.primor.eu\/blog\/wp-json\/wp\/v2\/users\/14"}],"replies":[{"embeddable":true,"href":"https:\/\/www.primor.eu\/blog\/wp-json\/wp\/v2\/comments?post=101048"}],"version-history":[{"count":3,"href":"https:\/\/www.primor.eu\/blog\/wp-json\/wp\/v2\/posts\/101048\/revisions"}],"predecessor-version":[{"id":131849,"href":"https:\/\/www.primor.eu\/blog\/wp-json\/wp\/v2\/posts\/101048\/revisions\/131849"}],"wp:featuredmedia":[{"embeddable":true,"href":"https:\/\/www.primor.eu\/blog\/wp-json\/wp\/v2\/media\/101070"}],"wp:attachment":[{"href":"https:\/\/www.primor.eu\/blog\/wp-json\/wp\/v2\/media?parent=101048"}],"wp:term":[{"taxonomy":"category","embeddable":true,"href":"https:\/\/www.primor.eu\/blog\/wp-json\/wp\/v2\/categories?post=101048"},{"taxonomy":"post_tag","embeddable":true,"href":"https:\/\/www.primor.eu\/blog\/wp-json\/wp\/v2\/tags?post=101048"}],"curies":[{"name":"wp","href":"https:\/\/api.w.org\/{rel}","templated":true}]}}