{"id":101030,"date":"2025-09-19T12:58:38","date_gmt":"2025-09-19T12:58:38","guid":{"rendered":"https:\/\/www.primor.eu\/blog\/?p=101030"},"modified":"2026-02-25T07:30:21","modified_gmt":"2026-02-25T07:30:21","slug":"como-quitar-manchas-entrepierna","status":"publish","type":"post","link":"https:\/\/www.primor.eu\/blog\/como-quitar-manchas-entrepierna\/","title":{"rendered":"Manchas en la entrepierna: por qu\u00e9 aparecen y c\u00f3mo quitarlas seg\u00fan los expertos"},"content":{"rendered":"\n<p>Las <strong><a href=\"https:\/\/www.primor.eu\/blog\/tipo-de-manchas-en-la-cara\/\" data-type=\"link\" data-id=\"https:\/\/www.primor.eu\/blog\/tipo-de-manchas-en-la-cara\/\">manchas<\/a> <\/strong>que salen <strong>en las ingles <\/strong>y que ti\u00f1en nuestra entrepierna con tonos <strong>oscuros <\/strong>provocan que estemos inc\u00f3modas en ciertas ocasiones, como puede ser el verano con la llegada de las vacaciones. Una vez que nos ponemos el bikini para ir a la playa o a la piscina, es complicado esconder esas manchas oscuras de las ingles que pueden llegar a acomplejarnos y condicionarnos a la hora de elegir nuestra ropa. Estas manchas oscuras que salen en las ingles no solo se ven cuando nos ponemos el bikini, sino que tambi\u00e9n pueden verse a trav\u00e9s de algunos pantalones cortos que muestran una parte de la entrepierna. La buena noticia es que <strong>estas manchas pueden eliminarse<\/strong> con <strong>remedios naturales <\/strong>o <a href=\"https:\/\/www.primor.eu\/es_es\/parafarmacia-cremas-antimanchas-78969\"><strong>cremas<\/strong> anti manchas<\/a> espec\u00edficas blanqueadoras y otros tratamientos.<\/p>\n\n\n\n<h2 class=\"wp-block-heading\">\u00bfQu\u00e9 significan las manchas oscuras en las ingles?<\/h2>\n\n\n\n<p>Las manchas oscuras en las ingles pueden deberse a varios factores, pero lo que es seguro es que se deben a una<strong> mayor producci\u00f3n de<\/strong> <strong>melanina<\/strong> por parte del organismo. Esto puede deberse a <strong>varios factores<\/strong>, que pueden desencadenar que el cuerpo produzca m\u00e1s melanina, entres los que destacan los siguientes:<\/p>\n\n\n\n<ul class=\"wp-block-list\">\n<li><strong>Reacciones al\u00e9rgicas<\/strong>: a algunas cremas, tejidos o productos que alteren la piel produciendo un proceso inflamatorio que da lugar a esas manchas oscuras en las ingles.<\/li>\n\n\n\n<li><strong>Alteraciones hormonales<\/strong>: como los que se producen cuando se padece de diabetes, durante el embarazo o a causa de la afecci\u00f3n <em>acantosis nigricans<\/em>. Si se da el caso de la \u00faltima afecci\u00f3n, estas manchas oscuras pueden estar adem\u00e1s de en las ingles, en el cuello y en las axilas.<\/li>\n\n\n\n<li><strong>Uso de ropa demasiado ajustada<\/strong>: el roce de la ropa ajustada, si se da muy a menudo y sobre todo en el verano con algunos pantalones cortos que rocen justo en las ingles, podr\u00e1 provocar la inflamaci\u00f3n y sensibilidad de esta zona. Esto tambi\u00e9n dar\u00e1 lugar a esas manchas oscuras en ellas.<\/li>\n<\/ul>\n\n\n\n<ul class=\"wp-block-list\">\n<li>Uso frecuente de <strong>cuchillas para depilar<\/strong>: tambi\u00e9n si es demasiado irritante para la piel puede producir la inflamaci\u00f3n de esta y aparecer, como consecuencia, esas manchas oscuras en las ingles.<\/li>\n\n\n\n<li><strong>Cera caliente<\/strong>: al depilarnos con la cera demasiado caliente tambi\u00e9n podemos hacer que se irriten nuestras ingles.<\/li>\n\n\n\n<li><strong>Fricci\u00f3n<\/strong> constante<strong> entre las piernas<\/strong>: hace que en algunos casos se pueda llegar a dar tambi\u00e9n la irritaci\u00f3n e inflamaci\u00f3n de las ingles y aparecer estas manchas oscuras en la entrepierna.<\/li>\n<\/ul>\n\n\n\n<h2 class=\"wp-block-heading\">\u00bfC\u00f3mo se quitan las manchas oscuras de las ingles?&nbsp;<\/h2>\n\n\n\n<p>Para quitar las manchas oscuras de las ingles que salen debido a esta hiperpigmentaci\u00f3n de la piel, puedes recurrir a remedios caseros y productos naturales o a <a href=\"https:\/\/www.primor.eu\/es_es\/cosmetica\">productos cosm\u00e9ticos<\/a> como cremas o tratamientos como el peeling qu\u00edmico. Estos son los diferentes m\u00e9todos a los que puedes recurrir para deshacerte de las manchas de las ingles:<\/p>\n\n\n\n<ol class=\"wp-block-list\">\n<li>El <strong>lim\u00f3n <\/strong>o el <strong>vinagre<\/strong> tienen propiedades blanqueadoras y pueden ser tus aliados para acabar con las manchas oscuras de la entrepierna. Solo tienes que cortar unas rodajas de lim\u00f3n o empapar un disco de algod\u00f3n con vinagre y aplicarlo sobre tus ingles. Deja que act\u00fae durante media hora y despu\u00e9s aclara solo con agua o con agua y jab\u00f3n neutro para no irritar tu piel.&nbsp;<\/li>\n\n\n\n<li>Aplica un poco de <strong>agua oxigenada <\/strong>rebajada con agua sobre la zona. No elijas este m\u00e9todo si tienes la piel muy sensible. En este caso deja actuar diez minutos.<\/li>\n\n\n\n<li>Puedes elegir <strong><a href=\"https:\/\/www.primor.eu\/blog\/mejores-cremas-despigmentantes\/\" data-type=\"link\" data-id=\"https:\/\/www.primor.eu\/blog\/mejores-cremas-despigmentantes\/\">cremas despigmentantes<\/a> <\/strong>para asegurarte de que no da\u00f1ar\u00e1s tu piel si lo prefieres, ya que est\u00e1n formuladas espec\u00edficamente para este problema.<\/li>\n\n\n\n<li>Como \u00faltima opci\u00f3n puedes recurrir a un <strong>peeling qu\u00edmico <\/strong>o luz pulsada para aclarar las manchas oscuras de la entrepierna si el resto de m\u00e9todos no te han dado resultado.<\/li>\n<\/ol>\n\n\n\n<p>Si el problema es grave, recomendamos que<strong> acudas a tu m\u00e9dico<\/strong> de cabecera para que te derive al <strong>dermat\u00f3logo<\/strong> una vez que has entendido que la ra\u00edz del problema puede provenir de varios factores, en lugar de hacer un autodiagn\u00f3stico.<\/p>\n\n\n\n<h2 class=\"wp-block-heading\">Productos para ayudarte de nuestra tienda<\/h2>\n\n\n        <product-table class=\"pr-slider\">\r\n            <product-headers class=\"grid-table-rows\">\r\n                <div>Foto<\/div>\r\n                <div>Producto<\/div>\r\n                <div>Marca<\/div>\r\n                <div>Valoraciones<\/div>\r\n                <div>Precio<\/div>\r\n            <\/product-headers>\r\n\r\n            <product-list>\r\n                                    <a href=\"https:\/\/www.primor.eu\/es_es\/unicskin-unicbody-white-x-treme-crema-corporal-100225.html\" class=\"product-item grid-table-rows\" target=\"_blank\">\r\n                        <div>\r\n                            <img decoding=\"async\" class=\"product-img\" width=\"80px\" height=\"80px\" src=\"https:\/\/cdn2.primor.eu\/media\/catalog\/product\/cache\/8d3aba296f7a18b5251ee30fa5db42b2\/8\/4\/8436593273002_2091.jpg\" alt=\"Unicbody White X-Treme Crema Corporal\">\r\n                        <\/div>\r\n\r\n                        <!-- Contenido de producto  -->\r\n                        <div>\r\n                            <div class=\"product-position\">\r\n                                #1 Top Ventas                            <\/div>\r\n\r\n                            <h2>\r\n                                Unicbody White X-Treme Crema Corporal                            <\/h2>\r\n                        <\/div>\r\n\r\n                        <!-- Imagen y\/o nombre de la marca -->\r\n                        <div>\r\n                                                            <p class=\"brand-name\"><b><\/b><\/p>\r\n                                                    <\/div>\r\n\r\n                        <!-- Puntuaci\u00f3n del producto  -->\r\n                        <div class=\"rating\">\r\n                                                            <div class=\"rate\" style=\"--p:100;\"><\/div>\r\n                                <b>5\/5<\/b>\r\n                                <div class=\"rate-stars\">\r\n                                                                            <div\r\n                                            class=\"rate-star  \">\r\n                                        <\/div>\r\n                                                                            <div\r\n                                            class=\"rate-star  \">\r\n                                        <\/div>\r\n                                                                            <div\r\n                                            class=\"rate-star  \">\r\n                                        <\/div>\r\n                                                                            <div\r\n                                            class=\"rate-star  \">\r\n                                        <\/div>\r\n                                                                            <div\r\n                                            class=\"rate-star  \">\r\n                                        <\/div>\r\n                                                                    <\/div>\r\n                                                    <\/div>\r\n\r\n                        <!-- Bot\u00f3n de producto  -->\r\n                        <div>\r\n                            <span class=\"price-claim\">\r\n                                VER PRECIO                            <\/span>\r\n                        <\/div>\r\n                    <\/a>\r\n                                    <a href=\"https:\/\/www.primor.eu\/es_es\/woo-oow-konjac-esponja-curcuma-89125.html\" class=\"product-item grid-table-rows\" target=\"_blank\">\r\n                        <div>\r\n                            <img decoding=\"async\" class=\"product-img\" width=\"80px\" height=\"80px\" src=\"https:\/\/cdn2.primor.eu\/media\/catalog\/product\/cache\/8d3aba296f7a18b5251ee30fa5db42b2\/8\/4\/8435722400814_II_96c5.jpg\" alt=\"Konjac Esponja C\u00farcuma\">\r\n                        <\/div>\r\n\r\n                        <!-- Contenido de producto  -->\r\n                        <div>\r\n                            <div class=\"product-position\">\r\n                                #2                            <\/div>\r\n\r\n                            <h2>\r\n                                Konjac Esponja C\u00farcuma                            <\/h2>\r\n                        <\/div>\r\n\r\n                        <!-- Imagen y\/o nombre de la marca -->\r\n                        <div>\r\n                                                            <img decoding=\"async\" width=\"70\" src=\"https:\/\/www.primor.eu\/media\/catalog\/category\/WOO-OOW.jpg\" alt=\"\">\r\n                                                    <\/div>\r\n\r\n                        <!-- Puntuaci\u00f3n del producto  -->\r\n                        <div class=\"rating\">\r\n                                                            <div class=\"rate\" style=\"--p:94;\"><\/div>\r\n                                <b>4.7\/5<\/b>\r\n                                <div class=\"rate-stars\">\r\n                                                                            <div\r\n                                            class=\"rate-star  \">\r\n                                        <\/div>\r\n                                                                            <div\r\n                                            class=\"rate-star  \">\r\n                                        <\/div>\r\n                                                                            <div\r\n                                            class=\"rate-star  \">\r\n                                        <\/div>\r\n                                                                            <div\r\n                                            class=\"rate-star  \">\r\n                                        <\/div>\r\n                                                                            <div\r\n                                            class=\"rate-star  \">\r\n                                        <\/div>\r\n                                                                    <\/div>\r\n                                                    <\/div>\r\n\r\n                        <!-- Bot\u00f3n de producto  -->\r\n                        <div>\r\n                            <span class=\"price-claim\">\r\n                                VER PRECIO                            <\/span>\r\n                        <\/div>\r\n                    <\/a>\r\n                                    <a href=\"https:\/\/www.primor.eu\/es_es\/bella-aurora-bio10-forte-tratamiento-despigmentante-intensivo-para-piel-sensible-15371.html\" class=\"product-item grid-table-rows\" target=\"_blank\">\r\n                        <div>\r\n                            <img decoding=\"async\" class=\"product-img\" width=\"80px\" height=\"80px\" src=\"https:\/\/cdn2.primor.eu\/media\/catalog\/product\/cache\/8d3aba296f7a18b5251ee30fa5db42b2\/0\/T\/0TF19059_1_fbd0.jpg\" alt=\"Bio10 Forte Tratamiento Despigmentante Intensivo para Piel Sensible\">\r\n                        <\/div>\r\n\r\n                        <!-- Contenido de producto  -->\r\n                        <div>\r\n                            <div class=\"product-position\">\r\n                                #3                            <\/div>\r\n\r\n                            <h2>\r\n                                Bio10 Forte Tratamiento Despigmentante Intensivo para Piel Sensible                            <\/h2>\r\n                        <\/div>\r\n\r\n                        <!-- Imagen y\/o nombre de la marca -->\r\n                        <div>\r\n                                                            <img decoding=\"async\" width=\"70\" src=\"https:\/\/www.primor.eu\/media\/catalog\/category\/BELLA_AURORA.jpg\" alt=\"\">\r\n                                                    <\/div>\r\n\r\n                        <!-- Puntuaci\u00f3n del producto  -->\r\n                        <div class=\"rating\">\r\n                                                            <div class=\"rate\" style=\"--p:92;\"><\/div>\r\n                                <b>4.6\/5<\/b>\r\n                                <div class=\"rate-stars\">\r\n                                                                            <div\r\n                                            class=\"rate-star  \">\r\n                                        <\/div>\r\n                                                                            <div\r\n                                            class=\"rate-star  \">\r\n                                        <\/div>\r\n                                                                            <div\r\n                                            class=\"rate-star  \">\r\n                                        <\/div>\r\n                                                                            <div\r\n                                            class=\"rate-star  \">\r\n                                        <\/div>\r\n                                                                            <div\r\n                                            class=\"rate-star  \">\r\n                                        <\/div>\r\n                                                                    <\/div>\r\n                                                    <\/div>\r\n\r\n                        <!-- Bot\u00f3n de producto  -->\r\n                        <div>\r\n                            <span class=\"price-claim\">\r\n                                VER PRECIO                            <\/span>\r\n                        <\/div>\r\n                    <\/a>\r\n                            <\/product-list>\r\n        <\/product-table>\r\n\r\n        \n\n\n\n<h3 class=\"wp-block-heading\">Unicbody White X-Treme Crema Corporal de Unicskin<\/h3>\n\n\n\n<p>Crema corporal iluminadora y antimanchas intensiva.<\/p>\n\n\n\n<p>Reduce las manchas de las \u00e1reas m\u00e1s delicadas del cuerpo como el escote, cuello, axilas, manos, codos y partes \u00edntimas.&nbsp;<\/p>\n\n\n\n<p>Con una alta concentraci\u00f3n de un 4% de Lumiskin, potente despigmentante que ayuda a unificar y aclarar el tono de la piel.<\/p>\n\n\n\n<p>Adecuada para ser usada en escote, cuello, axilas, manos, codos y partes \u00edntimas.<\/p>\n\n\n\n<ul class=\"wp-block-list\">\n<li>Reduce las manchas<\/li>\n\n\n\n<li>Unifica el tono de la piel<\/li>\n\n\n\n<li>Aclara el tono de la piel en zonas oscurecidas<\/li>\n\n\n\n<li>Hidrata intensamente<\/li>\n\n\n\n<li>Restaura la elasticidad de la piel<\/li>\n<\/ul>\n\n\n    <a class='product' target='_blank' href='https:\/\/www.primor.eu\/es_es\/unicskin-unicbody-white-x-treme-crema-corporal-100225.html'>\r\n        <img loading='async' src='https:\/\/cdn2.primor.eu\/media\/catalog\/product\/cache\/8d3aba296f7a18b5251ee30fa5db42b2\/8\/4\/8436593273002_2091.jpg' alt='COMPRAR AHORA'>\r\n            <div class=\"claim\">\r\n                COMPRAR AHORA            <\/div>\r\n        <\/a>\r\n    \n\n\n<h3 class=\"wp-block-heading\">Konjac Esponja C\u00farcuma de Woo Oow<\/h3>\n\n\n\n<p>Es una esponja 100% natural para la limpieza de rostro y cuerpo. Realizada 100% a base de fibras naturales provenientes de la ra\u00edz de Konjac vegetal. Indicada para todo tipo de pieles, incluso las m\u00e1s sensibles. Las caracter\u00edsticas del glucomanano de Konjac no s\u00f3lo permiten una limpieza con suavidad, sino que adem\u00e1s exfolia ligeramente y purifica la piel de manera natural. Tambi\u00e9n act\u00faa como un cuidado hidratante, equilibrante, ayudando a la desintoxicaci\u00f3n de la piel y espetando el PH de la piel. Contiene c\u00farcuma con propiedades despigmentantes que ayudan a combatir los signos del envejecimiento y favorece la regeneraci\u00f3n celular.<\/p>\n\n\n    <a class='product' target='_blank' href='https:\/\/www.primor.eu\/es_es\/woo-oow-konjac-esponja-curcuma-89125.html'>\r\n        <img loading='async' src='https:\/\/cdn2.primor.eu\/media\/catalog\/product\/cache\/8d3aba296f7a18b5251ee30fa5db42b2\/8\/4\/8435722400814_II_96c5.jpg' alt='COMPRAR AHORA'>\r\n            <div class=\"claim\">\r\n                COMPRAR AHORA            <\/div>\r\n        <\/a>\r\n    \n\n\n<h3 class=\"wp-block-heading\">Bio10 Forte Tratamiento Despigmentante Intensivo para Piel Sensible de Bella Aurora<\/h3>\n\n\n\n<p>La f\u00f3rmula de Bio10 Forte Tratamiento Despigmentante Intensivo para Piel Sensible incorpora la tecnolog\u00eda despigmentante B-CORE 221TM, desarrollada por BELLA AURORA. Esta tecnolog\u00eda act\u00faa directamente sobre las c\u00e9lulas responsables de la producci\u00f3n de melanina, liberando el activo encapsulado en el punto de acci\u00f3n para favorecer una intervenci\u00f3n m\u00e1s precisa sobre las manchas visibles.<\/p>\n\n\n    <a class='product' target='_blank' href='https:\/\/www.primor.eu\/es_es\/bella-aurora-bio10-forte-tratamiento-despigmentante-intensivo-para-piel-sensible-15371.html'>\r\n        <img loading='async' src='https:\/\/cdn2.primor.eu\/media\/catalog\/product\/cache\/8d3aba296f7a18b5251ee30fa5db42b2\/0\/T\/0TF19059_1_fbd0.jpg' alt='COMPRAR AHORA'>\r\n            <div class=\"claim\">\r\n                COMPRAR AHORA            <\/div>\r\n        <\/a>\r\n    \n\n<div class=\"kk-star-ratings kksr-auto kksr-align-center kksr-valign-bottom\"\n    data-payload='{&quot;align&quot;:&quot;center&quot;,&quot;id&quot;:&quot;101030&quot;,&quot;slug&quot;:&quot;default&quot;,&quot;valign&quot;:&quot;bottom&quot;,&quot;ignore&quot;:&quot;&quot;,&quot;reference&quot;:&quot;auto&quot;,&quot;class&quot;:&quot;&quot;,&quot;count&quot;:&quot;138&quot;,&quot;legendonly&quot;:&quot;&quot;,&quot;readonly&quot;:&quot;&quot;,&quot;score&quot;:&quot;3.9&quot;,&quot;starsonly&quot;:&quot;&quot;,&quot;best&quot;:&quot;5&quot;,&quot;gap&quot;:&quot;5&quot;,&quot;greet&quot;:&quot;Valora este art\u00edculo&quot;,&quot;legend&quot;:&quot;3.9\\\/5 - (138 votos)&quot;,&quot;size&quot;:&quot;24&quot;,&quot;title&quot;:&quot;Manchas en la entrepierna: por qu\u00e9 aparecen y c\u00f3mo quitarlas seg\u00fan los expertos&quot;,&quot;width&quot;:&quot;110.6&quot;,&quot;_legend&quot;:&quot;{score}\\\/{best} - ({count} {votes})&quot;,&quot;font_factor&quot;:&quot;1.25&quot;}'>\n            \n<div class=\"kksr-stars\">\n    \n<div class=\"kksr-stars-inactive\">\n            <div class=\"kksr-star\" data-star=\"1\" style=\"padding-right: 5px\">\n            \n\n<div class=\"kksr-icon\" style=\"width: 24px; height: 24px;\"><\/div>\n        <\/div>\n            <div class=\"kksr-star\" data-star=\"2\" style=\"padding-right: 5px\">\n            \n\n<div class=\"kksr-icon\" style=\"width: 24px; height: 24px;\"><\/div>\n        <\/div>\n            <div class=\"kksr-star\" data-star=\"3\" style=\"padding-right: 5px\">\n            \n\n<div class=\"kksr-icon\" style=\"width: 24px; height: 24px;\"><\/div>\n        <\/div>\n            <div class=\"kksr-star\" data-star=\"4\" style=\"padding-right: 5px\">\n            \n\n<div class=\"kksr-icon\" style=\"width: 24px; height: 24px;\"><\/div>\n        <\/div>\n            <div class=\"kksr-star\" data-star=\"5\" style=\"padding-right: 5px\">\n            \n\n<div class=\"kksr-icon\" style=\"width: 24px; height: 24px;\"><\/div>\n        <\/div>\n    <\/div>\n    \n<div class=\"kksr-stars-active\" style=\"width: 110.6px;\">\n            <div class=\"kksr-star\" style=\"padding-right: 5px\">\n            \n\n<div class=\"kksr-icon\" style=\"width: 24px; height: 24px;\"><\/div>\n        <\/div>\n            <div class=\"kksr-star\" style=\"padding-right: 5px\">\n            \n\n<div class=\"kksr-icon\" style=\"width: 24px; height: 24px;\"><\/div>\n        <\/div>\n            <div class=\"kksr-star\" style=\"padding-right: 5px\">\n            \n\n<div class=\"kksr-icon\" style=\"width: 24px; height: 24px;\"><\/div>\n        <\/div>\n            <div class=\"kksr-star\" style=\"padding-right: 5px\">\n            \n\n<div class=\"kksr-icon\" style=\"width: 24px; height: 24px;\"><\/div>\n        <\/div>\n            <div class=\"kksr-star\" style=\"padding-right: 5px\">\n            \n\n<div class=\"kksr-icon\" style=\"width: 24px; height: 24px;\"><\/div>\n        <\/div>\n    <\/div>\n<\/div>\n                \n\n<div class=\"kksr-legend\" style=\"font-size: 19.2px;\">\n            3.9\/5 - (138 votos)    <\/div>\n    <\/div>\n","protected":false},"excerpt":{"rendered":"<p>Las manchas que salen en las ingles y que ti\u00f1en nuestra entrepierna con tonos oscuros provocan que estemos inc\u00f3modas en ciertas ocasiones, como puede ser el verano con la llegada de las vacaciones. Una vez que nos ponemos el bikini para ir a la playa o a la piscina, es complicado esconder esas manchas oscuras [&hellip;]<\/p>\n","protected":false},"author":14,"featured_media":101031,"comment_status":"closed","ping_status":"closed","sticky":false,"template":"","format":"standard","meta":{"jnews-multi-image_gallery":[],"jnews_single_post":{"subtitle":"","format":"standard","video":"","gallery":"","source_name":"","source_url":"","via_name":"","via_url":"","override_template":"0","override":[{"template":"1","single_blog_custom":"","parallax":"1","fullscreen":"1","layout":"right-sidebar","sidebar":"home-2","second_sidebar":"default-sidebar","sticky_sidebar":"0","share_position":"float","share_float_style":"share-monocrhome","show_share_counter":"0","show_view_counter":"0","show_featured":"1","show_post_meta":"1","show_post_author":"0","show_post_author_image":"1","show_post_date":"1","post_date_format":"default","post_date_format_custom":"Y\/m\/d","show_post_category":"1","show_post_reading_time":"0","post_reading_time_wpm":"300","show_zoom_button":"0","zoom_button_out_step":"2","zoom_button_in_step":"3","show_post_tag":"0","show_prev_next_post":"0","show_popup_post":"0","number_popup_post":"2","show_author_box":"0","show_post_related":"0","show_inline_post_related":"1"}],"override_image_size":"0","image_override":[{"single_post_thumbnail_size":"no-crop","single_post_gallery_size":"crop-500"}],"trending_post":"0","trending_post_position":"meta","trending_post_label":"Trending","sponsored_post":"0","sponsored_post_label":"Sponsored by","sponsored_post_name":"","sponsored_post_url":"","sponsored_post_logo_enable":"0","sponsored_post_logo":"","sponsored_post_desc":"","disable_ad":"0"},"jnews_primary_category":{"id":"","hide":""},"jnews_social_meta":{"fb_title":"","fb_description":"","fb_image":"","twitter_title":"","twitter_description":"","twitter_image":""},"jnews_override_counter":{"override_view_counter":"0","view_counter_number":"0","override_share_counter":"0","share_counter_number":"0","override_like_counter":"0","like_counter_number":"0","override_dislike_counter":"0","dislike_counter_number":"0"},"footnotes":""},"categories":[6314],"tags":[],"class_list":["post-101030","post","type-post","status-publish","format-standard","has-post-thumbnail","hentry","category-manchas"],"_links":{"self":[{"href":"https:\/\/www.primor.eu\/blog\/wp-json\/wp\/v2\/posts\/101030","targetHints":{"allow":["GET"]}}],"collection":[{"href":"https:\/\/www.primor.eu\/blog\/wp-json\/wp\/v2\/posts"}],"about":[{"href":"https:\/\/www.primor.eu\/blog\/wp-json\/wp\/v2\/types\/post"}],"author":[{"embeddable":true,"href":"https:\/\/www.primor.eu\/blog\/wp-json\/wp\/v2\/users\/14"}],"replies":[{"embeddable":true,"href":"https:\/\/www.primor.eu\/blog\/wp-json\/wp\/v2\/comments?post=101030"}],"version-history":[{"count":6,"href":"https:\/\/www.primor.eu\/blog\/wp-json\/wp\/v2\/posts\/101030\/revisions"}],"predecessor-version":[{"id":139543,"href":"https:\/\/www.primor.eu\/blog\/wp-json\/wp\/v2\/posts\/101030\/revisions\/139543"}],"wp:featuredmedia":[{"embeddable":true,"href":"https:\/\/www.primor.eu\/blog\/wp-json\/wp\/v2\/media\/101031"}],"wp:attachment":[{"href":"https:\/\/www.primor.eu\/blog\/wp-json\/wp\/v2\/media?parent=101030"}],"wp:term":[{"taxonomy":"category","embeddable":true,"href":"https:\/\/www.primor.eu\/blog\/wp-json\/wp\/v2\/categories?post=101030"},{"taxonomy":"post_tag","embeddable":true,"href":"https:\/\/www.primor.eu\/blog\/wp-json\/wp\/v2\/tags?post=101030"}],"curies":[{"name":"wp","href":"https:\/\/api.w.org\/{rel}","templated":true}]}}