{"id":100552,"date":"2024-04-08T05:17:03","date_gmt":"2024-04-08T05:17:03","guid":{"rendered":"https:\/\/www.primor.eu\/blog\/?p=100552"},"modified":"2024-04-04T05:27:17","modified_gmt":"2024-04-04T05:27:17","slug":"hidrata-tu-cabello-en-profundidad-desde-la-raiz-con-hs","status":"publish","type":"post","link":"https:\/\/www.primor.eu\/blog\/hidrata-tu-cabello-en-profundidad-desde-la-raiz-con-hs\/","title":{"rendered":"Hidrata tu cabello en profundidad desde la ra\u00edz con H&#038;S"},"content":{"rendered":"\n<p>El cuidado del cabello es fundamental para mantenerlo fuerte, saludable y radiante. Sin embargo, a menudo descuidamos la hidrataci\u00f3n de la ra\u00edz, lo que puede provocar sequedad y debilitamiento. \u00bfSab\u00edas que un cuero cabelludo deshidratado puede afectar la salud y apariencia de tu melena? Es por eso que es crucial incorporar un tratamiento hidratante adecuado en tu rutina de cuidado capilar. Hoy vamos a mostraros como no descuidar la hidrataci\u00f3n de vuestro cabello.<\/p>\n\n\n\n<h2 class=\"wp-block-heading\"><strong>Descubre el secreto para una hidrataci\u00f3n capilar profunda desde la ra\u00edz<\/strong><\/h2>\n\n\n\n<p>Los tratamientos hidratantes sin aclarado son la soluci\u00f3n perfecta para revitalizar la ra\u00edz del cabello y proporcionar una hidrataci\u00f3n profunda desde la ra\u00edz hasta las puntas. Sus f\u00f3rmulas innovadoras, enriquecidas con niacinamida, cafe\u00edna y vitamina B5, ofrecen una hidrataci\u00f3n instant\u00e1nea que nutre el cuero cabelludo y fortalece el cabello desde la ra\u00edz.<\/p>\n\n\n\n<p>La niacinamida, tambi\u00e9n conocida como vitamina B3, es un potente agente hidratante que ayuda a mantener la barrera natural de la piel del cuero cabelludo, previniendo as\u00ed la p\u00e9rdida de humedad. La cafe\u00edna estimula la circulaci\u00f3n sangu\u00ednea en el cuero cabelludo, lo que promueve un crecimiento capilar saludable y fortalece los fol\u00edculos pilosos. Por otro lado, la vitamina B5, o \u00e1cido pantot\u00e9nico, proporciona una hidrataci\u00f3n profunda y restaura la elasticidad del cabello, dej\u00e1ndolo suave y flexible.<\/p>\n\n\n\n<p>Estos tratamientos hidratantes pueden aplicarse f\u00e1cilmente tanto de d\u00eda como de noche, adapt\u00e1ndose a tu rutina diaria. Simplemente masajea una peque\u00f1a cantidad del producto en el cuero cabelludo y a lo largo de las ra\u00edces, y deja que la f\u00f3rmula se absorba completamente. \u00a1Notar\u00e1s la diferencia en cuesti\u00f3n de instantes!<\/p>\n\n\n\n<h2 class=\"wp-block-heading\"><strong>Fortalece tu cabello desde la ra\u00edz hasta las puntas<\/strong><\/h2>\n\n\n\n<p>En Primor queremos que luzcas pelazo esta primavera. Es por ello que hemos incluido en nuestra <a href=\"https:\/\/www.primorbox.eu\/\" target=\"_blank\" rel=\"noopener\">Primor Box de Abril<\/a> el <strong>Dermaxpro Tratamiento Hidratante Sin Aclarado<\/strong>. H&amp;S Dermaxpro es un tratamiento hidratante sin aclarado que se puede usar tanto de d\u00eda como de noche, para hidratar el cuero cabelludo seco y revitalizar la ra\u00edz del cabello. Su f\u00f3rmula est\u00e1 enriquecida con niacinamida, cafe\u00edna y vitamina B5, la cual hidratar\u00e1 tu cabello en cuesti\u00f3n de instantes.<\/p>\n\n\n    <a class=\"product\" target=\"_blank\" href=\"https:\/\/www.primor.eu\/es_es\/h-s-dermaxpro-balsamo-revitalizante-86517.html\">\r\n        <img loading='async' src='https:\/\/cdn2.primor.eu\/media\/catalog\/product\/cache\/8d3aba296f7a18b5251ee30fa5db42b2\/0\/8\/08700216613460_80807309_ECOMMERCE_CONTENT_ECOMMERCE_POWER_IMAGE_FRONT_CENTER_30_d3b4.jpg' alt='COMPRAR AHORA'>\r\n            <div class=\"claim\">\r\n                COMPRAR AHORA            <\/div>\r\n        <\/a>\r\n    \n\n\n<div class=\"kk-star-ratings kksr-auto kksr-align-center kksr-valign-bottom\"\n    data-payload='{&quot;align&quot;:&quot;center&quot;,&quot;id&quot;:&quot;100552&quot;,&quot;slug&quot;:&quot;default&quot;,&quot;valign&quot;:&quot;bottom&quot;,&quot;ignore&quot;:&quot;&quot;,&quot;reference&quot;:&quot;auto&quot;,&quot;class&quot;:&quot;&quot;,&quot;count&quot;:&quot;0&quot;,&quot;legendonly&quot;:&quot;&quot;,&quot;readonly&quot;:&quot;&quot;,&quot;score&quot;:&quot;0&quot;,&quot;starsonly&quot;:&quot;&quot;,&quot;best&quot;:&quot;5&quot;,&quot;gap&quot;:&quot;5&quot;,&quot;greet&quot;:&quot;Valora este art\u00edculo&quot;,&quot;legend&quot;:&quot;0\\\/5 - (0 votos)&quot;,&quot;size&quot;:&quot;24&quot;,&quot;title&quot;:&quot;Hidrata tu cabello en profundidad desde la ra\u00edz con H\\u0026amp;S&quot;,&quot;width&quot;:&quot;0&quot;,&quot;_legend&quot;:&quot;{score}\\\/{best} - ({count} {votes})&quot;,&quot;font_factor&quot;:&quot;1.25&quot;}'>\n            \n<div class=\"kksr-stars\">\n    \n<div class=\"kksr-stars-inactive\">\n            <div class=\"kksr-star\" data-star=\"1\" style=\"padding-right: 5px\">\n            \n\n<div class=\"kksr-icon\" style=\"width: 24px; height: 24px;\"><\/div>\n        <\/div>\n            <div class=\"kksr-star\" data-star=\"2\" style=\"padding-right: 5px\">\n            \n\n<div class=\"kksr-icon\" style=\"width: 24px; height: 24px;\"><\/div>\n        <\/div>\n            <div class=\"kksr-star\" data-star=\"3\" style=\"padding-right: 5px\">\n            \n\n<div class=\"kksr-icon\" style=\"width: 24px; height: 24px;\"><\/div>\n        <\/div>\n            <div class=\"kksr-star\" data-star=\"4\" style=\"padding-right: 5px\">\n            \n\n<div class=\"kksr-icon\" style=\"width: 24px; height: 24px;\"><\/div>\n        <\/div>\n            <div class=\"kksr-star\" data-star=\"5\" style=\"padding-right: 5px\">\n            \n\n<div class=\"kksr-icon\" style=\"width: 24px; height: 24px;\"><\/div>\n        <\/div>\n    <\/div>\n    \n<div class=\"kksr-stars-active\" style=\"width: 0px;\">\n            <div class=\"kksr-star\" style=\"padding-right: 5px\">\n            \n\n<div class=\"kksr-icon\" style=\"width: 24px; height: 24px;\"><\/div>\n        <\/div>\n            <div class=\"kksr-star\" style=\"padding-right: 5px\">\n            \n\n<div class=\"kksr-icon\" style=\"width: 24px; height: 24px;\"><\/div>\n        <\/div>\n            <div class=\"kksr-star\" style=\"padding-right: 5px\">\n            \n\n<div class=\"kksr-icon\" style=\"width: 24px; height: 24px;\"><\/div>\n        <\/div>\n            <div class=\"kksr-star\" style=\"padding-right: 5px\">\n            \n\n<div class=\"kksr-icon\" style=\"width: 24px; height: 24px;\"><\/div>\n        <\/div>\n            <div class=\"kksr-star\" style=\"padding-right: 5px\">\n            \n\n<div class=\"kksr-icon\" style=\"width: 24px; height: 24px;\"><\/div>\n        <\/div>\n    <\/div>\n<\/div>\n                \n\n<div class=\"kksr-legend\" style=\"font-size: 19.2px;\">\n            <span class=\"kksr-muted\">Valora este art\u00edculo<\/span>\n    <\/div>\n    <\/div>\n","protected":false},"excerpt":{"rendered":"<p>El cuidado del cabello es fundamental para mantenerlo fuerte, saludable y radiante. Sin embargo, a menudo descuidamos la hidrataci\u00f3n de la ra\u00edz, lo que puede provocar sequedad y debilitamiento. \u00bfSab\u00edas que un cuero cabelludo deshidratado puede afectar la salud y apariencia de tu melena? Es por eso que es crucial incorporar un tratamiento hidratante adecuado [&hellip;]<\/p>\n","protected":false},"author":14,"featured_media":100554,"comment_status":"closed","ping_status":"closed","sticky":false,"template":"","format":"standard","meta":{"jnews-multi-image_gallery":[],"jnews_single_post":{"subtitle":"","format":"standard","video":"","gallery":"","source_name":"","source_url":"","via_name":"","via_url":"","override_template":"0","override":[{"template":"1","single_blog_custom":"","parallax":"1","fullscreen":"1","layout":"right-sidebar","sidebar":"home-2","second_sidebar":"default-sidebar","sticky_sidebar":"0","share_position":"float","share_float_style":"share-monocrhome","show_share_counter":"0","show_view_counter":"0","show_featured":"1","show_post_meta":"1","show_post_author":"0","show_post_author_image":"1","show_post_date":"1","post_date_format":"default","post_date_format_custom":"Y\/m\/d","show_post_category":"1","show_post_reading_time":"0","post_reading_time_wpm":"300","show_zoom_button":"0","zoom_button_out_step":"2","zoom_button_in_step":"3","show_post_tag":"0","show_prev_next_post":"0","show_popup_post":"0","number_popup_post":"2","show_author_box":"0","show_post_related":"0","show_inline_post_related":"1"}],"override_image_size":"0","image_override":[{"single_post_thumbnail_size":"no-crop","single_post_gallery_size":"crop-500"}],"trending_post":"0","trending_post_position":"meta","trending_post_label":"Trending","sponsored_post":"0","sponsored_post_label":"Sponsored by","sponsored_post_name":"","sponsored_post_url":"","sponsored_post_logo_enable":"0","sponsored_post_logo":"","sponsored_post_desc":"","disable_ad":"0"},"jnews_primary_category":{"id":"","hide":""},"jnews_social_meta":{"fb_title":"","fb_description":"","fb_image":"","twitter_title":"","twitter_description":"","twitter_image":""},"jnews_override_counter":{"override_view_counter":"0","view_counter_number":"0","override_share_counter":"0","share_counter_number":"0","override_like_counter":"0","like_counter_number":"0","override_dislike_counter":"0","dislike_counter_number":"0"},"footnotes":""},"categories":[26],"tags":[],"class_list":["post-100552","post","type-post","status-publish","format-standard","has-post-thumbnail","hentry","category-noticias-beauty"],"_links":{"self":[{"href":"https:\/\/www.primor.eu\/blog\/wp-json\/wp\/v2\/posts\/100552","targetHints":{"allow":["GET"]}}],"collection":[{"href":"https:\/\/www.primor.eu\/blog\/wp-json\/wp\/v2\/posts"}],"about":[{"href":"https:\/\/www.primor.eu\/blog\/wp-json\/wp\/v2\/types\/post"}],"author":[{"embeddable":true,"href":"https:\/\/www.primor.eu\/blog\/wp-json\/wp\/v2\/users\/14"}],"replies":[{"embeddable":true,"href":"https:\/\/www.primor.eu\/blog\/wp-json\/wp\/v2\/comments?post=100552"}],"version-history":[{"count":1,"href":"https:\/\/www.primor.eu\/blog\/wp-json\/wp\/v2\/posts\/100552\/revisions"}],"predecessor-version":[{"id":100556,"href":"https:\/\/www.primor.eu\/blog\/wp-json\/wp\/v2\/posts\/100552\/revisions\/100556"}],"wp:featuredmedia":[{"embeddable":true,"href":"https:\/\/www.primor.eu\/blog\/wp-json\/wp\/v2\/media\/100554"}],"wp:attachment":[{"href":"https:\/\/www.primor.eu\/blog\/wp-json\/wp\/v2\/media?parent=100552"}],"wp:term":[{"taxonomy":"category","embeddable":true,"href":"https:\/\/www.primor.eu\/blog\/wp-json\/wp\/v2\/categories?post=100552"},{"taxonomy":"post_tag","embeddable":true,"href":"https:\/\/www.primor.eu\/blog\/wp-json\/wp\/v2\/tags?post=100552"}],"curies":[{"name":"wp","href":"https:\/\/api.w.org\/{rel}","templated":true}]}}