{"id":100156,"date":"2026-03-11T15:35:58","date_gmt":"2026-03-11T15:35:58","guid":{"rendered":"https:\/\/www.primor.eu\/blog\/?p=100156"},"modified":"2026-03-11T15:36:00","modified_gmt":"2026-03-11T15:36:00","slug":"mejores-cremas-solares-rebajas-de-primavera","status":"publish","type":"post","link":"https:\/\/www.primor.eu\/blog\/mejores-cremas-solares-rebajas-de-primavera\/","title":{"rendered":"Rebajas de primavera: las mejores cremas solares con descuento"},"content":{"rendered":"\n<p><strong>Llega la primavera y con ella, la necesidad de usar cremas solares<\/strong>. Al finalizar el mes de marzo se cambia la hora en Espa\u00f1a, lo que nos regala una hora m\u00e1s de sol al finalizar el d\u00eda. Esto, sin duda, es motivo de alegr\u00eda porque nos permite aprovechar algunas tardes despu\u00e9s de trabajar para hacer alg\u00fan plan con quien m\u00e1s queremos. Eso s\u00ed, <strong>las cremas solares se hacen necesarias para <a href=\"https:\/\/www.primor.eu\/blog\/tips-proteger-piel-del-sol\/\" data-type=\"link\" data-id=\"https:\/\/www.primor.eu\/blog\/tips-proteger-piel-del-sol\/\">exponernos al sol <\/a>desde la primavera <\/strong>y no son exclusivas para el verano y para la piscina o la playa. Adem\u00e1s de <strong>proponerte algunas de las mejores cremas solares de nuestras rebajas de primavera<\/strong>, te damos algunos tips de <strong>c\u00f3mo <a href=\"https:\/\/clinicasanchezdelrio.es\/blog\/como-cuidar-la-piel-en-primavera\/\" data-type=\"link\" data-id=\"https:\/\/clinicasanchezdelrio.es\/blog\/como-cuidar-la-piel-en-primavera\/\" target=\"_blank\" rel=\"noopener\">cuidar tu piel <\/a>para la llegada de este sol de primavera<\/strong> que coge fuerza.<\/p>\n\n\n\n<h2 class=\"wp-block-heading\">Cuidados extra para combinar con nuestras cremas solares<\/h2>\n\n\n\n<p>Si bien nos queda claro que el uso de las cremas solares es importante desde los primeros d\u00edas de la primavera, es bueno recordar algunos tips de cuidado de nuestra piel cuando llega el momento de exponerla al sol durante m\u00e1s horas:<\/p>\n\n\n\n<ul class=\"wp-block-list\">\n<li><strong>Elige una crema de d\u00eda con FPS<\/strong> (Factor de protecci\u00f3n solar): los rayos ultravioleta son especialmente da\u00f1inos para la piel del rostro, ya que suele ser m\u00e1s sensible, lo que hace que necesitemos cremas solares espec\u00edficas para nuestro cutis.<\/li>\n\n\n\n<li><strong>Cuida de tus labios y de la zona de los ojos<\/strong>: al igual que la tez, los labios y el contorno de ojos es sensible y es importante que lo protejas del sol esta primavera.<\/li>\n\n\n\n<li><strong>Aplica en tu piel protector solar todos los d\u00edas<\/strong>: en el caso de la piel del cuerpo, adem\u00e1s de la del rostro, es importante que utilices cremas solares a diario. Normalmente las asociamos con la playa y la piscina, pero en cuanto empezamos a vestir de corto podemos quemarnos y nuestra piel empieza a sufrir con el sol excesivo.<\/li>\n\n\n\n<li><strong>No olvides beber agua en abundancia<\/strong>: un tip muy sencillo y saludable que no siempre tenemos en cuenta (sobre todo cuando llevamos bolsos mini) es el de llevar una botella de agua encima para hidratarnos. La hidrataci\u00f3n interna es tambi\u00e9n crucial.<\/li>\n<\/ul>\n\n\n\n<h2 class=\"wp-block-heading\">Las mejores cremas solares en rebajas de primavera<\/h2>\n\n\n\n<p>Una vez que han quedado claros estos tips para el cuidado de la piel con los primeros rayos de la primavera,<strong> te desvelamos cu\u00e1les son las cremas solares que tenemos en rebajas<\/strong> esta primavera:<\/p>\n\n\n        <product-table >\r\n            <product-headers class=\"grid-table-rows\">\r\n                <div>Foto<\/div>\r\n                <div>Producto<\/div>\r\n                <div>Marca<\/div>\r\n                <div>Valoraciones<\/div>\r\n                <div>Precio<\/div>\r\n            <\/product-headers>\r\n\r\n            <product-list>\r\n                                    <a href=\"https:\/\/www.primor.eu\/es_es\/garnier-sensitive-advanced-leche-protector-solar-spf-50-para-pieles-claras-sensibles-e-intolerantes-al-sol-61289.html\" class=\"product-item grid-table-rows\" target=\"_blank\">\r\n                        <div>\r\n                            <img decoding=\"async\" class=\"product-img\" width=\"80px\" height=\"80px\" src=\"https:\/\/www.primor.eu\/blog\/wp-content\/uploads\/2024\/04\/M_0TS01612_1_1c9f.jpg\" alt=\"Garnier    \n        Delial Sensitive Advanced Leche Protector Solar SPF 50+ para pieles claras, sensibles e intolerantes al sol\">\r\n                        <\/div>\r\n\r\n                        <!-- Contenido de producto  -->\r\n                        <div>\r\n                            <div class=\"product-position\">\r\n                                #1 Top Ventas                            <\/div>\r\n\r\n                            <h2>\r\n                                Garnier    \n        Delial Sensitive Advanced Leche Protector Solar SPF 50+ para pieles claras, sensibles e intolerantes al sol                            <\/h2>\r\n                        <\/div>\r\n\r\n                        <!-- Imagen y\/o nombre de la marca -->\r\n                        <div>\r\n                                                            <img decoding=\"async\" width=\"70\" src=\"https:\/\/www.primor.eu\/blog\/wp-content\/uploads\/2023\/08\/Garnier.jpg\" alt=\"84305\">\r\n                                                    <\/div>\r\n\r\n                        <!-- Puntuaci\u00f3n del producto  -->\r\n                        <div class=\"rating\">\r\n                                                            <div class=\"rate\" style=\"--p:100;\"><\/div>\r\n                                <b>5\/5<\/b>\r\n                                <div class=\"rate-stars\">\r\n                                                                            <div\r\n                                            class=\"rate-star  \">\r\n                                        <\/div>\r\n                                                                            <div\r\n                                            class=\"rate-star  \">\r\n                                        <\/div>\r\n                                                                            <div\r\n                                            class=\"rate-star  \">\r\n                                        <\/div>\r\n                                                                            <div\r\n                                            class=\"rate-star  \">\r\n                                        <\/div>\r\n                                                                            <div\r\n                                            class=\"rate-star  \">\r\n                                        <\/div>\r\n                                                                    <\/div>\r\n                                                    <\/div>\r\n\r\n                        <!-- Bot\u00f3n de producto  -->\r\n                        <div>\r\n                            <span class=\"price-claim\">\r\n                                VER PRECIO                            <\/span>\r\n                        <\/div>\r\n                    <\/a>\r\n                                    <a href=\"https:\/\/www.primor.eu\/es_es\/rilastil-sun-system-stick-transparente-protector-solar-55235.html\" class=\"product-item grid-table-rows\" target=\"_blank\">\r\n                        <div>\r\n                            <img decoding=\"async\" class=\"product-img\" width=\"80px\" height=\"80px\" src=\"https:\/\/www.primor.eu\/blog\/wp-content\/uploads\/2024\/04\/6XS12749_1_b09a.jpg\" alt=\"Rilastil    \n        Sun System Stick Transparente Protector Solar\">\r\n                        <\/div>\r\n\r\n                        <!-- Contenido de producto  -->\r\n                        <div>\r\n                            <div class=\"product-position\">\r\n                                #2                            <\/div>\r\n\r\n                            <h2>\r\n                                Rilastil    \n        Sun System Stick Transparente Protector Solar                            <\/h2>\r\n                        <\/div>\r\n\r\n                        <!-- Imagen y\/o nombre de la marca -->\r\n                        <div>\r\n                                                            <img decoding=\"async\" width=\"70\" src=\"https:\/\/www.primor.eu\/blog\/wp-content\/uploads\/2023\/09\/RILASTIL.jpg\" alt=\"86370\">\r\n                                                    <\/div>\r\n\r\n                        <!-- Puntuaci\u00f3n del producto  -->\r\n                        <div class=\"rating\">\r\n                                                            <div class=\"rate\" style=\"--p:100;\"><\/div>\r\n                                <b>5\/5<\/b>\r\n                                <div class=\"rate-stars\">\r\n                                                                            <div\r\n                                            class=\"rate-star  \">\r\n                                        <\/div>\r\n                                                                            <div\r\n                                            class=\"rate-star  \">\r\n                                        <\/div>\r\n                                                                            <div\r\n                                            class=\"rate-star  \">\r\n                                        <\/div>\r\n                                                                            <div\r\n                                            class=\"rate-star  \">\r\n                                        <\/div>\r\n                                                                            <div\r\n                                            class=\"rate-star  \">\r\n                                        <\/div>\r\n                                                                    <\/div>\r\n                                                    <\/div>\r\n\r\n                        <!-- Bot\u00f3n de producto  -->\r\n                        <div>\r\n                            <span class=\"price-claim\">\r\n                                VER PRECIO                            <\/span>\r\n                        <\/div>\r\n                    <\/a>\r\n                            <\/product-list>\r\n        <\/product-table>\r\n\r\n        \n\n\n\n<h3 class=\"wp-block-heading\">Delial Sensitive Advanced Leche Protector Solar SPF 50+ para pieles claras, sensibles e intolerantes al sol de Garnier<\/h3>\n\n\n\n<p>Una alta protecci\u00f3n solar eficaz que<strong>&nbsp;protege contra los rayos UVB y UVA<\/strong>, incluso largos, para prevenir al instante las quemaduras solares y da\u00f1os cut\u00e1neos a largo plazo. Su f\u00f3rmula se funde con la piel consiguiendo un acabado seco al instante;&nbsp;<strong>0% graso, 0% sensaci\u00f3n pegajosa y sin marcas blancas en tu piel<\/strong>. <\/p>\n\n\n    <a class=\"product\" target=\"_blank\" href=\"https:\/\/www.primor.eu\/es_es\/garnier-delial-sensitive-advanced-leche-protector-solar-spf-50-para-pieles-claras-sensibles-e-intolerantes-al-sol-112886.html?#863=67100\">\r\n        <img loading='async' src='https:\/\/cdn2.primor.eu\/media\/catalog\/product\/cache\/8d3aba296f7a18b5251ee30fa5db42b2\/0\/T\/0TS01612_1_e365.jpg' alt='COMPRAR AHORA'>\r\n            <div class=\"claim\">\r\n                COMPRAR AHORA            <\/div>\r\n        <\/a>\r\n    \n\n\n\n<h3 class=\"wp-block-heading\">Anthelios Shaka Fluido Solar de La Roche-Posay<\/h3>\n\n\n\n<p>Este fotoprotector contribuye a prevenir las manchas pigmentarias provocadas por el sol y los da\u00f1os celulares causados por los rayos UV. La ventaja de esta crema solar (apta para todo tipo de pieles, incluidas las m\u00e1s sensibles) es que se vuelve invisible al fundirse con la piel, es resistente al agua, al sudor y a la arena.<\/p>\n\n\n    <a class=\"product\" target=\"_blank\" href=\"https:\/\/www.primor.eu\/es_es\/la-roche-posay-anthelios-uv-mune-400-55423.html\">\r\n        <img loading='async' src='https:\/\/cdn2.primor.eu\/media\/catalog\/product\/cache\/8d3aba296f7a18b5251ee30fa5db42b2\/3\/3\/3337875797597_c94d.jpg' alt='COMPRAR AHORA'>\r\n            <div class=\"claim\">\r\n                COMPRAR AHORA            <\/div>\r\n        <\/a>\r\n    \n\n\n\n<h3 class=\"wp-block-heading\">Sun System Stick Transparente Protector Solar de Rilastil<\/h3>\n\n\n\n<p>Rilastil Sun System Stick Transparente Spf50+ tiene una protecci\u00f3n muy alta UVB-UVA invisible para zonas sensibles localizadas (orejas, nariz, labios, manchas...) y cicatrices, estr\u00edas, manchas pigmentarias o del embarazo, o zonas hiperreactivas al sol. Es apto para toda la familia y para todo tipo de pieles.<\/p>\n\n\n    <a class=\"product\" target=\"_blank\" href=\"https:\/\/www.primor.eu\/es_es\/rilastil-sun-system-stick-transparente-protector-solar-55235.html\">\r\n        <img loading='async' src='https:\/\/cdn2.primor.eu\/media\/catalog\/product\/cache\/8d3aba296f7a18b5251ee30fa5db42b2\/8\/0\/8050444859315___RIL_STICK_TRANSPARENT_SPF_50___1__b7f5.png' alt='COMPRAR AHORA'>\r\n            <div class=\"claim\">\r\n                COMPRAR AHORA            <\/div>\r\n        <\/a>\r\n    \n\n\n\n<h3 class=\"wp-block-heading\">Isdin Protector Solar Facial Fusion Water<\/h3>\n\n\n\n<p>Es la elecci\u00f3n perfecta para mantener tu piel protegida de los da\u00f1os causados por el sol. Este&nbsp;<strong>protector solar<\/strong>&nbsp;de Isdin combina tecnolog\u00eda avanzada y cuidado de la piel para brindarte una soluci\u00f3n efectiva.<\/p>\n\n\n    <a class=\"product\" target=\"_blank\" href=\"https:\/\/www.primor.eu\/es_es\/isdin-protector-solar-facial-fusion-water-magic-repair-113044.html?#863=67139\">\r\n        <img loading='async' src='https:\/\/cdn2.primor.eu\/media\/catalog\/product\/cache\/8d3aba296f7a18b5251ee30fa5db42b2\/C\/a\/Captura_21c9.JPG' alt='COMPRAR AHORA'>\r\n            <div class=\"claim\">\r\n                COMPRAR AHORA            <\/div>\r\n        <\/a>\r\n    \n\n\n<div class=\"kk-star-ratings kksr-auto kksr-align-center kksr-valign-bottom\"\n    data-payload='{&quot;align&quot;:&quot;center&quot;,&quot;id&quot;:&quot;100156&quot;,&quot;slug&quot;:&quot;default&quot;,&quot;valign&quot;:&quot;bottom&quot;,&quot;ignore&quot;:&quot;&quot;,&quot;reference&quot;:&quot;auto&quot;,&quot;class&quot;:&quot;&quot;,&quot;count&quot;:&quot;1&quot;,&quot;legendonly&quot;:&quot;&quot;,&quot;readonly&quot;:&quot;&quot;,&quot;score&quot;:&quot;5&quot;,&quot;starsonly&quot;:&quot;&quot;,&quot;best&quot;:&quot;5&quot;,&quot;gap&quot;:&quot;5&quot;,&quot;greet&quot;:&quot;Valora este art\u00edculo&quot;,&quot;legend&quot;:&quot;5\\\/5 - (1 voto)&quot;,&quot;size&quot;:&quot;24&quot;,&quot;title&quot;:&quot;Rebajas de primavera: las mejores cremas solares con descuento&quot;,&quot;width&quot;:&quot;142.5&quot;,&quot;_legend&quot;:&quot;{score}\\\/{best} - ({count} {votes})&quot;,&quot;font_factor&quot;:&quot;1.25&quot;}'>\n            \n<div class=\"kksr-stars\">\n    \n<div class=\"kksr-stars-inactive\">\n            <div class=\"kksr-star\" data-star=\"1\" style=\"padding-right: 5px\">\n            \n\n<div class=\"kksr-icon\" style=\"width: 24px; height: 24px;\"><\/div>\n        <\/div>\n            <div class=\"kksr-star\" data-star=\"2\" style=\"padding-right: 5px\">\n            \n\n<div class=\"kksr-icon\" style=\"width: 24px; height: 24px;\"><\/div>\n        <\/div>\n            <div class=\"kksr-star\" data-star=\"3\" style=\"padding-right: 5px\">\n            \n\n<div class=\"kksr-icon\" style=\"width: 24px; height: 24px;\"><\/div>\n        <\/div>\n            <div class=\"kksr-star\" data-star=\"4\" style=\"padding-right: 5px\">\n            \n\n<div class=\"kksr-icon\" style=\"width: 24px; height: 24px;\"><\/div>\n        <\/div>\n            <div class=\"kksr-star\" data-star=\"5\" style=\"padding-right: 5px\">\n            \n\n<div class=\"kksr-icon\" style=\"width: 24px; height: 24px;\"><\/div>\n        <\/div>\n    <\/div>\n    \n<div class=\"kksr-stars-active\" style=\"width: 142.5px;\">\n            <div class=\"kksr-star\" style=\"padding-right: 5px\">\n            \n\n<div class=\"kksr-icon\" style=\"width: 24px; height: 24px;\"><\/div>\n        <\/div>\n            <div class=\"kksr-star\" style=\"padding-right: 5px\">\n            \n\n<div class=\"kksr-icon\" style=\"width: 24px; height: 24px;\"><\/div>\n        <\/div>\n            <div class=\"kksr-star\" style=\"padding-right: 5px\">\n            \n\n<div class=\"kksr-icon\" style=\"width: 24px; height: 24px;\"><\/div>\n        <\/div>\n            <div class=\"kksr-star\" style=\"padding-right: 5px\">\n            \n\n<div class=\"kksr-icon\" style=\"width: 24px; height: 24px;\"><\/div>\n        <\/div>\n            <div class=\"kksr-star\" style=\"padding-right: 5px\">\n            \n\n<div class=\"kksr-icon\" style=\"width: 24px; height: 24px;\"><\/div>\n        <\/div>\n    <\/div>\n<\/div>\n                \n\n<div class=\"kksr-legend\" style=\"font-size: 19.2px;\">\n            5\/5 - (1 voto)    <\/div>\n    <\/div>\n","protected":false},"excerpt":{"rendered":"<p>Llega la primavera y con ella, la necesidad de usar cremas solares. Al finalizar el mes de marzo se cambia la hora en Espa\u00f1a, lo que nos regala una hora m\u00e1s de sol al finalizar el d\u00eda. Esto, sin duda, es motivo de alegr\u00eda porque nos permite aprovechar algunas tardes despu\u00e9s de trabajar para hacer [&hellip;]<\/p>\n","protected":false},"author":14,"featured_media":123102,"comment_status":"closed","ping_status":"closed","sticky":false,"template":"","format":"standard","meta":{"jnews-multi-image_gallery":[],"jnews_single_post":{"subtitle":"","format":"standard","video":"","gallery":"","source_name":"","source_url":"","via_name":"","via_url":"","override_template":"0","override":[{"template":"1","single_blog_custom":"","parallax":"1","fullscreen":"1","layout":"right-sidebar","sidebar":"home-2","second_sidebar":"default-sidebar","sticky_sidebar":"0","share_position":"float","share_float_style":"share-monocrhome","show_share_counter":"0","show_view_counter":"0","show_featured":"1","show_post_meta":"1","show_post_author":"0","show_post_author_image":"1","show_post_date":"1","post_date_format":"default","post_date_format_custom":"Y\/m\/d","show_post_category":"1","show_post_reading_time":"0","post_reading_time_wpm":"300","show_zoom_button":"0","zoom_button_out_step":"2","zoom_button_in_step":"3","show_post_tag":"0","show_prev_next_post":"0","show_popup_post":"0","number_popup_post":"2","show_author_box":"0","show_post_related":"0","show_inline_post_related":"1"}],"override_image_size":"0","image_override":[{"single_post_thumbnail_size":"no-crop","single_post_gallery_size":"crop-500"}],"trending_post":"0","trending_post_position":"meta","trending_post_label":"Trending","sponsored_post":"0","sponsored_post_label":"Sponsored by","sponsored_post_name":"","sponsored_post_url":"","sponsored_post_logo_enable":"0","sponsored_post_logo":"","sponsored_post_desc":"","disable_ad":"0"},"jnews_primary_category":{"id":"","hide":""},"jnews_social_meta":{"fb_title":"","fb_description":"","fb_image":"","twitter_title":"","twitter_description":"","twitter_image":""},"jnews_override_counter":{"override_view_counter":"0","view_counter_number":"0","override_share_counter":"0","share_counter_number":"0","override_like_counter":"0","like_counter_number":"0","override_dislike_counter":"0","dislike_counter_number":"0"},"footnotes":""},"categories":[6302],"tags":[],"class_list":["post-100156","post","type-post","status-publish","format-standard","has-post-thumbnail","hentry","category-solares"],"_links":{"self":[{"href":"https:\/\/www.primor.eu\/blog\/wp-json\/wp\/v2\/posts\/100156","targetHints":{"allow":["GET"]}}],"collection":[{"href":"https:\/\/www.primor.eu\/blog\/wp-json\/wp\/v2\/posts"}],"about":[{"href":"https:\/\/www.primor.eu\/blog\/wp-json\/wp\/v2\/types\/post"}],"author":[{"embeddable":true,"href":"https:\/\/www.primor.eu\/blog\/wp-json\/wp\/v2\/users\/14"}],"replies":[{"embeddable":true,"href":"https:\/\/www.primor.eu\/blog\/wp-json\/wp\/v2\/comments?post=100156"}],"version-history":[{"count":7,"href":"https:\/\/www.primor.eu\/blog\/wp-json\/wp\/v2\/posts\/100156\/revisions"}],"predecessor-version":[{"id":140212,"href":"https:\/\/www.primor.eu\/blog\/wp-json\/wp\/v2\/posts\/100156\/revisions\/140212"}],"wp:featuredmedia":[{"embeddable":true,"href":"https:\/\/www.primor.eu\/blog\/wp-json\/wp\/v2\/media\/123102"}],"wp:attachment":[{"href":"https:\/\/www.primor.eu\/blog\/wp-json\/wp\/v2\/media?parent=100156"}],"wp:term":[{"taxonomy":"category","embeddable":true,"href":"https:\/\/www.primor.eu\/blog\/wp-json\/wp\/v2\/categories?post=100156"},{"taxonomy":"post_tag","embeddable":true,"href":"https:\/\/www.primor.eu\/blog\/wp-json\/wp\/v2\/tags?post=100156"}],"curies":[{"name":"wp","href":"https:\/\/api.w.org\/{rel}","templated":true}]}}