
{"id":97,"date":"2024-07-18T16:48:15","date_gmt":"2024-07-18T15:48:15","guid":{"rendered":"https:\/\/www.primor.eu\/blog\/pt\/?p=97"},"modified":"2024-09-25T09:47:05","modified_gmt":"2024-09-25T08:47:05","slug":"melhores-contornos-olhos","status":"publish","type":"post","link":"https:\/\/www.primor.eu\/blog\/pt\/melhores-contornos-olhos\/","title":{"rendered":"Os 20 melhores contorno de olhos segundos os dermatologistas"},"content":{"rendered":"\n<p>H\u00e1 j\u00e1 algum tempo que os especialistas de uma determinada \u00e1rea, como farmac\u00eauticos, dermatologistas, nutricionistas ou personal trainers, ganham uma grande presen\u00e7a nas redes sociais. A partir dos seus perfis, partilham informa\u00e7\u00e3o contrastada e de qualidade \u2014 n\u00e3o esque\u00e7amos: s\u00e3o profissionais \u2014 e divulgam os seus conhecimentos por meio de propostas de conte\u00fados interessantes. Foram batizados de \u201cgeiunfluencers\u201d \u2014 verdadeiros influenciadores \u2014 e \u00e9-lhes que recorremos para saber, por exemplo, qual a efic\u00e1cia de um suplemento desportivo, contendo um pequeno-almo\u00e7o completo ou quais os melhores contornos de olhos.<\/p>\n\n\n\n<p>De facto, a \u00e1rea da cosm\u00e9tica \u00e9 uma das mais exploradas nas redes sociais. Dermatologistas, farmac\u00eauticos e nutricionistas falam sobre o assunto \u2014 e sobre como este afeta os cuidados com a pele. Todos querem dar a sua opini\u00e3o. No entanto, hoje vamos debru\u00e7ar-nos especificamente sobre aquele que \u00e9, na opini\u00e3o dos dermatologistas especialistas a que a Primor teve acesso, o contorno de olhos mais eficaz do mercado e, por conseguinte, o preferido dos especialistas da Primor.<\/p>\n\n\n\n<h2 class=\"wp-block-heading\">Os melhores contornos de olhos segundo os dermatologistas<\/h2>\n\n\n        <product-table >\r\n            <product-headers class=\"grid-table-rows\">\r\n                <div>Foto<\/div>\r\n                <div>Produto<\/div>\r\n                <div>Marca<\/div>\r\n                <div>Avalia\u00e7\u00f5es<\/div>\r\n                <div>Pre\u00e7o<\/div>\r\n            <\/product-headers>\r\n\r\n            <product-list>\r\n                                    <a href=\"https:\/\/www.primor.eu\/pt_pt\/cerave-creme-reparador-de-contorno-dos-olhos-15828.html\" class=\"product-item grid-table-rows\" target=\"_blank\">\r\n                        <div>\r\n                            <img decoding=\"async\" class=\"product-img\" width=\"80px\" height=\"80px\" src=\"https:\/\/www.primor.eu\/blog\/pt\/wp-content\/uploads\/2024\/09\/3337875597272_ae79.jpg\" alt=\"\" title=\"\">\r\n                        <\/div>\r\n\r\n                        <!-- Contenido de producto  -->\r\n                        <div>\r\n                            <div class=\"product-position\">\r\n                                #1 Mais Vendidos                            <\/div>\r\n\r\n                            <h2>\r\n                                Creme Reparador para o Contorno dos Olhos da Cerave                            <\/h2>\r\n                        <\/div>\r\n\r\n                        <!-- Imagen y\/o nombre de la marca -->\r\n                        <div>\r\n                                                            <img decoding=\"async\" width=\"70\" src=\"https:\/\/www.primor.eu\/blog\/pt\/wp-content\/uploads\/2024\/09\/Cerave.jpg\" alt=\"\" title=\"\">\r\n                                                    <\/div>\r\n\r\n                        <!-- Puntuaci\u00f3n del producto  -->\r\n                        <div class=\"rating\">\r\n                                                            <div class=\"rate\" style=\"--p:100;\"><\/div>\r\n                                <b>5\/5<\/b>\r\n                                <div class=\"rate-stars\">\r\n                                                                            <div\r\n                                            class=\"rate-star  \">\r\n                                        <\/div>\r\n                                                                            <div\r\n                                            class=\"rate-star  \">\r\n                                        <\/div>\r\n                                                                            <div\r\n                                            class=\"rate-star  \">\r\n                                        <\/div>\r\n                                                                            <div\r\n                                            class=\"rate-star  \">\r\n                                        <\/div>\r\n                                                                            <div\r\n                                            class=\"rate-star  \">\r\n                                        <\/div>\r\n                                                                    <\/div>\r\n                                                    <\/div>\r\n\r\n                        <!-- Bot\u00f3n de producto  -->\r\n                        <div>\r\n                            <span class=\"price-claim\">\r\n                                VER PRE\u00c7O                            <\/span>\r\n                        <\/div>\r\n                    <\/a>\r\n                                    <a href=\"https:\/\/www.primor.eu\/pt_pt\/vichy-liftactiv-olhos-14222.html\" class=\"product-item grid-table-rows\" target=\"_blank\">\r\n                        <div>\r\n                            <img decoding=\"async\" class=\"product-img\" width=\"80px\" height=\"80px\" src=\"https:\/\/www.primor.eu\/blog\/pt\/wp-content\/uploads\/2024\/09\/3337871323332_e0ea.jpg\" alt=\"\" title=\"\">\r\n                        <\/div>\r\n\r\n                        <!-- Contenido de producto  -->\r\n                        <div>\r\n                            <div class=\"product-position\">\r\n                                #2                            <\/div>\r\n\r\n                            <h2>\r\n                                LiftActiv Supreme da Vichy                            <\/h2>\r\n                        <\/div>\r\n\r\n                        <!-- Imagen y\/o nombre de la marca -->\r\n                        <div>\r\n                                                            <img decoding=\"async\" width=\"70\" src=\"https:\/\/www.primor.eu\/blog\/pt\/wp-content\/uploads\/2024\/09\/vichy.png\" alt=\"\" title=\"\">\r\n                                                    <\/div>\r\n\r\n                        <!-- Puntuaci\u00f3n del producto  -->\r\n                        <div class=\"rating\">\r\n                                                            <div class=\"rate\" style=\"--p:80;\"><\/div>\r\n                                <b>4\/5<\/b>\r\n                                <div class=\"rate-stars\">\r\n                                                                            <div\r\n                                            class=\"rate-star  \">\r\n                                        <\/div>\r\n                                                                            <div\r\n                                            class=\"rate-star  \">\r\n                                        <\/div>\r\n                                                                            <div\r\n                                            class=\"rate-star  \">\r\n                                        <\/div>\r\n                                                                            <div\r\n                                            class=\"rate-star  \">\r\n                                        <\/div>\r\n                                                                            <div\r\n                                            class=\"rate-star disable \">\r\n                                        <\/div>\r\n                                                                    <\/div>\r\n                                                    <\/div>\r\n\r\n                        <!-- Bot\u00f3n de producto  -->\r\n                        <div>\r\n                            <span class=\"price-claim\">\r\n                                VER PRE\u00c7O                            <\/span>\r\n                        <\/div>\r\n                    <\/a>\r\n                                    <a href=\"https:\/\/www.primor.eu\/pt_pt\/isdin-contorno-dos-olhos-isdinceutics-k-ox-eyes-16680.html\" class=\"product-item grid-table-rows\" target=\"_blank\">\r\n                        <div>\r\n                            <img decoding=\"async\" class=\"product-img\" width=\"80px\" height=\"80px\" src=\"https:\/\/www.primor.eu\/blog\/pt\/wp-content\/uploads\/2024\/09\/6XS13321_1_a30f.jpg\" alt=\"\" title=\"\">\r\n                        <\/div>\r\n\r\n                        <!-- Contenido de producto  -->\r\n                        <div>\r\n                            <div class=\"product-position\">\r\n                                #3                            <\/div>\r\n\r\n                            <h2>\r\n                                \u00a0K-Ox Eyes da ISDIN                            <\/h2>\r\n                        <\/div>\r\n\r\n                        <!-- Imagen y\/o nombre de la marca -->\r\n                        <div>\r\n                                                            <img decoding=\"async\" width=\"70\" src=\"https:\/\/www.primor.eu\/blog\/pt\/wp-content\/uploads\/2024\/09\/isdin.png\" alt=\"\" title=\"\">\r\n                                                    <\/div>\r\n\r\n                        <!-- Puntuaci\u00f3n del producto  -->\r\n                        <div class=\"rating\">\r\n                                                            <div class=\"rate\" style=\"--p:100;\"><\/div>\r\n                                <b>5\/5<\/b>\r\n                                <div class=\"rate-stars\">\r\n                                                                            <div\r\n                                            class=\"rate-star  \">\r\n                                        <\/div>\r\n                                                                            <div\r\n                                            class=\"rate-star  \">\r\n                                        <\/div>\r\n                                                                            <div\r\n                                            class=\"rate-star  \">\r\n                                        <\/div>\r\n                                                                            <div\r\n                                            class=\"rate-star  \">\r\n                                        <\/div>\r\n                                                                            <div\r\n                                            class=\"rate-star  \">\r\n                                        <\/div>\r\n                                                                    <\/div>\r\n                                                    <\/div>\r\n\r\n                        <!-- Bot\u00f3n de producto  -->\r\n                        <div>\r\n                            <span class=\"price-claim\">\r\n                                VER PRE\u00c7O                            <\/span>\r\n                        <\/div>\r\n                    <\/a>\r\n                                    <a href=\"https:\/\/www.primor.eu\/pt_pt\/la-roche-posay-effaclar-duo-tratamento-anti-imperfeicoes-14372.html\" class=\"product-item grid-table-rows\" target=\"_blank\">\r\n                        <div>\r\n                            <img decoding=\"async\" class=\"product-img\" width=\"80px\" height=\"80px\" src=\"https:\/\/www.primor.eu\/blog\/pt\/wp-content\/uploads\/2024\/09\/3337875863377_0780.jpg\" alt=\"\" title=\"\">\r\n                        <\/div>\r\n\r\n                        <!-- Contenido de producto  -->\r\n                        <div>\r\n                            <div class=\"product-position\">\r\n                                #4                            <\/div>\r\n\r\n                            <h2>\r\n                                Effaclar Duo [+] da La Roche Posay                            <\/h2>\r\n                        <\/div>\r\n\r\n                        <!-- Imagen y\/o nombre de la marca -->\r\n                        <div>\r\n                                                            <img decoding=\"async\" width=\"70\" src=\"https:\/\/www.primor.eu\/blog\/pt\/wp-content\/uploads\/2024\/09\/la-roche-posay.png\" alt=\"\" title=\"\">\r\n                                                    <\/div>\r\n\r\n                        <!-- Puntuaci\u00f3n del producto  -->\r\n                        <div class=\"rating\">\r\n                                                            <div class=\"rate\" style=\"--p:100;\"><\/div>\r\n                                <b>5\/5<\/b>\r\n                                <div class=\"rate-stars\">\r\n                                                                            <div\r\n                                            class=\"rate-star  \">\r\n                                        <\/div>\r\n                                                                            <div\r\n                                            class=\"rate-star  \">\r\n                                        <\/div>\r\n                                                                            <div\r\n                                            class=\"rate-star  \">\r\n                                        <\/div>\r\n                                                                            <div\r\n                                            class=\"rate-star  \">\r\n                                        <\/div>\r\n                                                                            <div\r\n                                            class=\"rate-star  \">\r\n                                        <\/div>\r\n                                                                    <\/div>\r\n                                                    <\/div>\r\n\r\n                        <!-- Bot\u00f3n de producto  -->\r\n                        <div>\r\n                            <span class=\"price-claim\">\r\n                                VER PRE\u00c7O                            <\/span>\r\n                        <\/div>\r\n                    <\/a>\r\n                                    <a href=\"https:\/\/www.primor.eu\/pt_pt\/beauty-drops-patches-de-olhos-glow-bomb-74245.html\" class=\"product-item grid-table-rows\" target=\"_blank\">\r\n                        <div>\r\n                            <img decoding=\"async\" class=\"product-img\" width=\"80px\" height=\"80px\" src=\"https:\/\/www.primor.eu\/blog\/pt\/wp-content\/uploads\/2024\/09\/90243_11e6.jpg\" alt=\"\" title=\"\">\r\n                        <\/div>\r\n\r\n                        <!-- Contenido de producto  -->\r\n                        <div>\r\n                            <div class=\"product-position\">\r\n                                #5                            <\/div>\r\n\r\n                            <h2>\r\n                                Patches de Olhos Glow Bomb da Beauty Drops                            <\/h2>\r\n                        <\/div>\r\n\r\n                        <!-- Imagen y\/o nombre de la marca -->\r\n                        <div>\r\n                                                            <img decoding=\"async\" width=\"70\" src=\"https:\/\/www.primor.eu\/blog\/pt\/wp-content\/uploads\/2024\/09\/beauty_Drops.png\" alt=\"\" title=\"\">\r\n                                                    <\/div>\r\n\r\n                        <!-- Puntuaci\u00f3n del producto  -->\r\n                        <div class=\"rating\">\r\n                                                            <div class=\"rate\" style=\"--p:100;\"><\/div>\r\n                                <b>5\/5<\/b>\r\n                                <div class=\"rate-stars\">\r\n                                                                            <div\r\n                                            class=\"rate-star  \">\r\n                                        <\/div>\r\n                                                                            <div\r\n                                            class=\"rate-star  \">\r\n                                        <\/div>\r\n                                                                            <div\r\n                                            class=\"rate-star  \">\r\n                                        <\/div>\r\n                                                                            <div\r\n                                            class=\"rate-star  \">\r\n                                        <\/div>\r\n                                                                            <div\r\n                                            class=\"rate-star  \">\r\n                                        <\/div>\r\n                                                                    <\/div>\r\n                                                    <\/div>\r\n\r\n                        <!-- Bot\u00f3n de producto  -->\r\n                        <div>\r\n                            <span class=\"price-claim\">\r\n                                VER PRE\u00c7O                            <\/span>\r\n                        <\/div>\r\n                    <\/a>\r\n                            <\/product-list>\r\n        <\/product-table>\r\n\r\n        \n\n\n\n<h3 class=\"wp-block-heading\">Creme Reparador para o Contorno dos Olhos da Cerave<\/h3>\n\n\n\n<p>Reduz o aparecimento de bolsas e rugas para uma pele mais luminosa e suave. \u00c9 100% testado por oftalmologistas, o que garante que pode ser utilizado perto dos olhos sem receio de alergias cut\u00e2neas. Al\u00e9m disso, a sua f\u00f3rmula n\u00e3o tem perfume, n\u00e3o \u00e9 gordurosa nem oleosa e pode ser utilizada em todos os tipos de pele, mesmo as mais sens\u00edveis.<\/p>\n\n\n\n        <div class=\"product-error\" data-ref=\"https:\/\/www.primor.eu\/pt_pt\/cerave-crema-reparadora-contorno-de-ojos-15828.html\">\r\n            Produto indispon\u00edvel        <\/div>\r\n        \n\n\n\n<h3 class=\"wp-block-heading\">LiftActiv Supreme da Vichy<\/h3>\n\n\n\n<p>LiftActiv Supreme proporciona um efeito lifting nos olhos, corrigindo todos os sinais de envelhecimento: rugas, p\u00e1lpebras, bolsas e olheiras. Tamb\u00e9m \u00e9 adequado para peles sens\u00edveis.<\/p>\n\n\n\n    <a class='product' target='_blank' href='https:\/\/www.primor.eu\/pt_pt\/vichy-liftactiv-olhos-14222.html'>\r\n        <img fetchpriority=\"high\" decoding=\"async\" width=\"300\" height=\"300\" loading=\"async\" src=\"https:\/\/cdn2.primor.eu\/media\/catalog\/product\/cache\/8d3aba296f7a18b5251ee30fa5db42b2\/6\/X\/6XS02771_1_3582.jpg\" alt=\"\" title=\"\">\r\n            <div class=\"claim\">\r\n                 COMPRAR AGORA            <\/div>\r\n        <\/a>\r\n    \n\n\n\n<h3 class=\"wp-block-heading\">\u00a0K-Ox Eyes da ISDIN<\/h3>\n\n\n\n<p>O seu conte\u00fado em \u00e1cido hialur\u00f3nico proporciona hidrata\u00e7\u00e3o \u00e0 zona, melhorando as linhas de express\u00e3o e conseguindo um aspeto mais descansado, rejuvenescido e luminoso.<\/p>\n\n\n\n    <a class='product' target='_blank' href='https:\/\/www.primor.eu\/pt_pt\/isdin-contorno-dos-olhos-isdinceutics-k-ox-eyes-16680.html'>\r\n        <img decoding=\"async\" width=\"300\" height=\"300\" loading=\"async\" src=\"https:\/\/cdn2.primor.eu\/media\/catalog\/product\/cache\/8d3aba296f7a18b5251ee30fa5db42b2\/6\/X\/6XS13321_1_a30f.jpg\" alt=\"\" title=\"\">\r\n            <div class=\"claim\">\r\n                 COMPRAR AGORA            <\/div>\r\n        <\/a>\r\n    \n\n\n\n<h3 class=\"wp-block-heading\">Effaclar Duo [+] da La Roche Posay<\/h3>\n\n\n\n<p>Enriquecido com \u00e1gua termal e concebido para controlar o excesso de sebo, vais adorar se tiveres pele sens\u00edvel ou oleosa.<\/p>\n\n\n\n    <a class='product' target='_blank' href='https:\/\/www.primor.eu\/pt_pt\/la-roche-posay-effaclar-duo-tratamento-anti-imperfeicoes-14372.html'>\r\n        <img decoding=\"async\" width=\"300\" height=\"300\" loading=\"async\" src=\"https:\/\/cdn2.primor.eu\/media\/catalog\/product\/cache\/8d3aba296f7a18b5251ee30fa5db42b2\/6\/X\/6XS01756_1_50b5.jpg\" alt=\"\" title=\"\">\r\n            <div class=\"claim\">\r\n                 COMPRAR AGORA            <\/div>\r\n        <\/a>\r\n    \n\n\n\n<h3 class=\"wp-block-heading\">Dermabsolu Rejuvenescedor da Av\u00e8ne<\/h3>\n\n\n\n<p>DermAbsolu da Av\u00e8ne redensifica, redefine e revitaliza a pele, gra\u00e7as aos seus componentes essenciais: polifen\u00f3is de baunilha, Sytenol e Glycoleol. A combina\u00e7\u00e3o destas subst\u00e2ncias estimula a s\u00edntese do \u00e1cido hialur\u00f3nico e do colag\u00e9nio, essenciais para a elasticidade e firmeza dos tecidos, nutre e conforta a pele.<\/p>\n\n\n\n    <a class='product' target='_blank' href='https:\/\/www.primor.eu\/pt_pt\/avene-dermabsolu-rejuvenescedor-contorno-de-olhos-15558.html'>\r\n        <img decoding=\"async\" width=\"300\" height=\"300\" loading=\"async\" src=\"https:\/\/cdn2.primor.eu\/media\/catalog\/product\/cache\/8d3aba296f7a18b5251ee30fa5db42b2\/6\/X\/6XS10614_1_e02f.jpg\" alt=\"\" title=\"\">\r\n            <div class=\"claim\">\r\n                 COMPRAR AGORA            <\/div>\r\n        <\/a>\r\n    \n\n\n\n<h3 class=\"wp-block-heading\">Bolsas e Olheiras da Remescar<\/h3>\n\n\n\n<p>A tecnologia revolucion\u00e1ria EYESYL da Remescar reduz o aparecimento de bolsas e olheiras \u00e0 volta dos olhos at\u00e9 75%. Atua apertando a pele, reduzindo o excesso de fluidos e reduzindo as contra\u00e7\u00f5es musculares.<\/p>\n\n\n\n    <a class='product' target='_blank' href='https:\/\/www.primor.eu\/pt_pt\/remescar-sacos-de-contorno-dos-olhos-e-circulos-escuros-14782.html'>\r\n        <img decoding=\"async\" width=\"300\" height=\"300\" loading=\"async\" src=\"https:\/\/cdn2.primor.eu\/media\/catalog\/product\/cache\/8d3aba296f7a18b5251ee30fa5db42b2\/6\/X\/6XS08373_1_ccca.jpg\" alt=\"\" title=\"\">\r\n            <div class=\"claim\">\r\n                 COMPRAR AGORA            <\/div>\r\n        <\/a>\r\n    \n\n\n\n<h3 class=\"wp-block-heading\">Hyaluron Filler Contorno dos Olhos da Eucerin<\/h3>\n\n\n\n<p>A f\u00f3rmula de Eucerin foi especialmente concebida para combater as rugas na chamada zona dos p\u00e9s de galinha \u00e0 volta dos olhos. Gra\u00e7as \u00e0 combina\u00e7\u00e3o de \u00c1cido Hialur\u00f3nico de alto e baixo peso molecular, atua tanto nas rugas existentes como nas rugas emergentes. Cont\u00e9m um protetor solar SPF15 para proteger esta zona delicada do rosto.<\/p>\n\n\n\n    <a class='product' target='_blank' href='https:\/\/www.primor.eu\/pt_pt\/eucerin-hyaluron-filler-contorno-de-olhos-14436.html'>\r\n        <img decoding=\"async\" width=\"300\" height=\"300\" loading=\"async\" src=\"https:\/\/cdn2.primor.eu\/media\/catalog\/product\/cache\/8d3aba296f7a18b5251ee30fa5db42b2\/6\/X\/6XS02447_1_9f9e.jpg\" alt=\"\" title=\"\">\r\n            <div class=\"claim\">\r\n                 COMPRAR AGORA            <\/div>\r\n        <\/a>\r\n    \n\n\n\n<h3 class=\"wp-block-heading\"><em>Patches <\/em>de Olhos Glow Bomb da Beauty Drops<\/h3>\n\n\n\n<p>Patches de hidrogel anti-idade para o cuidado dos olhos. Formulados com extratos naturais de plantas e colag\u00e9nio que ajudam a melhorar as olheiras e o incha\u00e7o dos olhos.<\/p>\n\n\n\n    <a class='product' target='_blank' href='https:\/\/www.primor.eu\/pt_pt\/beauty-drops-patches-de-olhos-glow-bomb-74245.html'>\r\n        <img decoding=\"async\" width=\"300\" height=\"300\" loading=\"async\" src=\"https:\/\/cdn2.primor.eu\/media\/catalog\/product\/cache\/8d3aba296f7a18b5251ee30fa5db42b2\/9\/0\/90243_11e6.jpg\" alt=\"\" title=\"\">\r\n            <div class=\"claim\">\r\n                 COMPRAR AGORA            <\/div>\r\n        <\/a>\r\n    \n\n\n\n<h3 class=\"wp-block-heading\">Radiance A\u00e7\u00e3o Imediata Liftig Eye Contour Germinal\u00a0<\/h3>\n\n\n\n<p>Tem um efeito lifting imediato que ajuda a reduzir o aparecimento de rugas e r\u00eddulas no contorno dos olhos. Isto d\u00e1 \u00e0 pele uma apar\u00eancia mais firme e tonificada, melhorando a apar\u00eancia geral da \u00e1rea dos olhos. Recomenda-se a sua utiliza\u00e7\u00e3o de manh\u00e3 e \u00e0 noite, antes do teu tratamento habitual.<\/p>\n\n\n\n    <a class='product' target='_blank' href='https:\/\/www.primor.eu\/pt_pt\/germinal-accion-inmediata-radiance-contorno-de-ojos-lifting-antiedad-82688.html'>\r\n        <img decoding=\"async\" width=\"300\" height=\"300\" loading=\"async\" src=\"https:\/\/cdn2.primor.eu\/media\/catalog\/product\/cache\/8d3aba296f7a18b5251ee30fa5db42b2\/1\/_\/1_9955.JPG\" alt=\"\" title=\"\">\r\n            <div class=\"claim\">\r\n                 COMPRAR AGORA            <\/div>\r\n        <\/a>\r\n    \n\n\n\n<h3 class=\"wp-block-heading\">Skin Active Intensive Eye Therapy da Neostrata<\/h3>\n\n\n\n<p>Uma f\u00f3rmula \u00fanica que ajuda a construir e a preencher o contorno dos olhos e ajuda a combater os sinais de envelhecimento na zona dos olhos. Reduz tamb\u00e9m o aparecimento de pigmenta\u00e7\u00e3o irregular e proporciona benef\u00edcios antioxidantes. Utiliza uma vez por dia durante duas semanas e depois aumenta para duas vezes por dia, de manh\u00e3 e \u00e0 noite, sempre antes do teu tratamento hidratante di\u00e1rio regular.<\/p>\n\n\n\n    <a class='product' target='_blank' href='https:\/\/www.primor.eu\/pt_pt\/neostrata-terapia-ocular-intensiva-ativa-para-a-pele-13765.html'>\r\n        <img decoding=\"async\" width=\"300\" height=\"300\" loading=\"async\" src=\"https:\/\/cdn2.primor.eu\/media\/catalog\/product\/cache\/8d3aba296f7a18b5251ee30fa5db42b2\/6\/X\/6XS05088_1_06e3.jpg\" alt=\"\" title=\"\">\r\n            <div class=\"claim\">\r\n                 COMPRAR AGORA            <\/div>\r\n        <\/a>\r\n    \n\n\n\n<h3 class=\"wp-block-heading\">Tensage Endocare Contorno dos Olhos + Iluminador da Cantabria Labs<\/h3>\n\n\n\n<p>Um contorno de olhos que reduz as bolsas e as rugas superficiais, iluminando a zona gra\u00e7as aos seus micropigmentos coloridos. Tratamento flash para peles que perderam vitalidade, ao produzir um efeito tensor imediato, eliminando os sinais de cansa\u00e7o. Pode ser aplicado uma ou duas vezes por dia.<\/p>\n\n\n\n    <a class='product' target='_blank' href='https:\/\/www.primor.eu\/pt_pt\/cantabria-labs-endocare-tensage-contorno-de-olhos-iluminador-14520.html'>\r\n        <img decoding=\"async\" width=\"300\" height=\"300\" loading=\"async\" src=\"https:\/\/cdn2.primor.eu\/media\/catalog\/product\/cache\/8d3aba296f7a18b5251ee30fa5db42b2\/6\/X\/6XS05099_1_a4ed.jpg\" alt=\"\" title=\"\">\r\n            <div class=\"claim\">\r\n                 COMPRAR AGORA            <\/div>\r\n        <\/a>\r\n    \n\n\n\n<h3 class=\"wp-block-heading\">Advanced Retinol Eye Cream da Strivectin&nbsp;<\/h3>\n\n\n\n<p>\u00c9 um dos mais recomendados porque a sua textura suave e leve minimiza a apar\u00eancia das linhas de express\u00e3o e dos p\u00e9s de galinha, ao mesmo tempo que reafirma e fortalece a pele do contorno dos olhos gra\u00e7as \u00e0 sua composi\u00e7\u00e3o de retinol. Obter\u00e1s instantaneamente um aspeto hidratado, rejuvenescido e refrescado.<\/p>\n\n\n\n    <a class='product' target='_blank' href='https:\/\/www.primor.eu\/pt_pt\/strivectin-advanced-retinol-eye-cream-16745.html'>\r\n        <img decoding=\"async\" width=\"300\" height=\"300\" loading=\"async\" src=\"https:\/\/cdn2.primor.eu\/media\/catalog\/product\/cache\/8d3aba296f7a18b5251ee30fa5db42b2\/6\/X\/6XS14017_1_d8d8.jpg\" alt=\"\" title=\"\">\r\n            <div class=\"claim\">\r\n                 COMPRAR AGORA            <\/div>\r\n        <\/a>\r\n    \n\n\n\n<h3 class=\"wp-block-heading\">Contorno de Olhos Skin Glow [K Eyes] da Sensilis\u00a0<\/h3>\n\n\n\n<p>\u00c9 um creme indicado para a zona do contorno dos olhos que elimina os principais sinais de envelhecimento da pele gra\u00e7as \u00e0 sua f\u00f3rmula exclusiva. Combate as rugas, reduz as manchas e melhora o tom e a textura do rosto desde a primeira aplica\u00e7\u00e3o.<\/p>\n\n\n\n    <a class='product' target='_blank' href='https:\/\/www.primor.eu\/pt_pt\/caudalie-contorno-de-olhos-premier-cru-15907.html'>\r\n        <img decoding=\"async\" width=\"300\" height=\"300\" loading=\"async\" src=\"https:\/\/cdn2.primor.eu\/media\/catalog\/product\/cache\/8d3aba296f7a18b5251ee30fa5db42b2\/6\/X\/6XS10676_1_504f.jpg\" alt=\"\" title=\"\">\r\n            <div class=\"claim\">\r\n                 COMPRAR AGORA            <\/div>\r\n        <\/a>\r\n    \n\n\n\n<h3 class=\"wp-block-heading\">P\u00e1lpebras Ca\u00eddas da Remescar&nbsp;<\/h3>\n\n\n\n<p>\u00c9 um dos mais recomendados pelos dermatologistas. Este creme est\u00e1 formulado para recuperar a elasticidade e a firmeza da pele das tuas p\u00e1lpebras de forma r\u00e1pida e eficaz desde a primeira utiliza\u00e7\u00e3o.<\/p>\n\n\n\n    <a class='product' target='_blank' href='https:\/\/www.primor.eu\/pt_pt\/remescar-palpebras-descaidas-102523.html'>\r\n        <img decoding=\"async\" width=\"300\" height=\"300\" loading=\"async\" src=\"https:\/\/cdn2.primor.eu\/media\/catalog\/product\/cache\/8d3aba296f7a18b5251ee30fa5db42b2\/5\/4\/5425012535893__1__1426.png\" alt=\"\" title=\"\">\r\n            <div class=\"claim\">\r\n                 COMPRAR AGORA            <\/div>\r\n        <\/a>\r\n    \n\n\n\n<h3 class=\"wp-block-heading\">Contorno de Olhos Premier Cru da Caudalie\u00a0<\/h3>\n\n\n\n<p>AO Contorno de Olhos Premier Cru La Cr\u00e8me Yeux \u00e9 um tratamento antienvelhecimento completo que oferece um efeito de embelezamento imediato. Reduz a apar\u00eancia de olheiras e bolsas, proporcionando um olhar iluminado e rejuvenescido.<\/p>\n\n\n\n    <a class='product' target='_blank' href='https:\/\/www.primor.eu\/pt_pt\/caudalie-contorno-de-olhos-premier-cru-15907.html'>\r\n        <img decoding=\"async\" width=\"300\" height=\"300\" loading=\"async\" src=\"https:\/\/cdn2.primor.eu\/media\/catalog\/product\/cache\/8d3aba296f7a18b5251ee30fa5db42b2\/6\/X\/6XS10676_1_504f.jpg\" alt=\"\" title=\"\">\r\n            <div class=\"claim\">\r\n                 COMPRAR AGORA            <\/div>\r\n        <\/a>\r\n    \n\n\n\n<h3 class=\"wp-block-heading\">Platinum Eye Correct Dia e Noite da Matiderm<\/h3>\n\n\n\n<p>\u00c9 um pack completo que inclui uma f\u00f3rmula de dia e de noite para reduzir e dissimular visivelmente os papos e as olheiras, conseguindo um aspeto mais luminoso e descansado. Com um efeito calmante e anti-inflamat\u00f3rio de 90%, o seu uso continuado uniformiza o tom em 51%, reduz os papos em 77% e camufla as olheiras sem necessidade de corretor em 80%. Dia ap\u00f3s dia, notar\u00e1s como os teus olhos se transformam e d\u00e3o lugar a um tom uniforme e a um olhar mais descontra\u00eddo.<\/p>\n\n\n\n    <a class='product' target='_blank' href='https:\/\/www.primor.eu\/pt_pt\/martiderm-platinum-eye-correto-dia-e-noite-16056.html'>\r\n        <img decoding=\"async\" width=\"300\" height=\"300\" loading=\"async\" src=\"https:\/\/cdn2.primor.eu\/media\/catalog\/product\/cache\/8d3aba296f7a18b5251ee30fa5db42b2\/6\/X\/6XS12376_1_4456.jpg\" alt=\"\" title=\"\">\r\n            <div class=\"claim\">\r\n                 COMPRAR AGORA            <\/div>\r\n        <\/a>\r\n    \n\n\n\n<h3 class=\"wp-block-heading\">C-Vit Creme para Contorno dos Olhos da Sesderma&nbsp;<\/h3>\n\n\n\n<p>Oferece uma <strong>hidrata\u00e7\u00e3o<\/strong> e uma <strong>prote\u00e7\u00e3o<\/strong> completas do contorno dos olhos, gra\u00e7as \u00e0 sua <strong>f\u00f3rmula inovadora<\/strong> que trata e previne as rugas, os p\u00e9s de galinha, as bolsas, as olheiras, a secura e os sinais de fadiga.<\/p>\n\n\n\n    <a class='product' target='_blank' href='https:\/\/www.primor.eu\/pt_pt\/sesderma-c-vit-creme-de-contorno-de-olhos-14418.html'>\r\n        <img decoding=\"async\" width=\"300\" height=\"300\" loading=\"async\" src=\"https:\/\/cdn2.primor.eu\/media\/catalog\/product\/cache\/8d3aba296f7a18b5251ee30fa5db42b2\/6\/X\/6XS06177_1_95b5.jpg\" alt=\"\" title=\"\">\r\n            <div class=\"claim\">\r\n                 COMPRAR AGORA            <\/div>\r\n        <\/a>\r\n    \n\n\n\n<h3 class=\"wp-block-heading\">Hydrate &amp; Plump Creme-Gel para Contorno dos Olhos da RoC&nbsp;<\/h3>\n\n\n\n<p>Atua no contorno dos olhos, levantando-os visivelmente. A sua f\u00f3rmula d\u00e1 volume \u00e0s zonas mais finas e fl\u00e1cidas, gra\u00e7as ao seu elevado teor de \u00e1cido hialur\u00f3nico. Por outro lado, os p\u00e9ptidos levantam e reafirmam visivelmente o contorno dos olhos, enquanto a cafe\u00edna desperta e alivia o aparecimento de bolsas e incha\u00e7os.<\/p>\n\n\n\n    <a class='product' target='_blank' href='https:\/\/www.primor.eu\/pt_pt\/sesderma-c-vit-creme-de-contorno-de-olhos-14418.html'>\r\n        <img decoding=\"async\" width=\"300\" height=\"300\" loading=\"async\" src=\"https:\/\/cdn2.primor.eu\/media\/catalog\/product\/cache\/8d3aba296f7a18b5251ee30fa5db42b2\/6\/X\/6XS06177_1_95b5.jpg\" alt=\"\" title=\"\">\r\n            <div class=\"claim\">\r\n                 COMPRAR AGORA            <\/div>\r\n        <\/a>\r\n    \n\n\n\n<h3 class=\"wp-block-heading\">Cellular Expert Filler Contorno dos Olhos e L\u00e1bios da Nivea&nbsp;<\/h3>\n\n\n\n<p>Este contorno de olhos e l\u00e1bios \u00e9 enriquecido com \u00c1cido F\u00f3lico puro e dois tipos de \u00c1cido Hialur\u00f3nico, ingredientes ativos com elevado poder rejuvenescedor que proporcionam um efeito de preenchimento em 24 horas.<\/p>\n\n\n\n    <a class='product' target='_blank' href='https:\/\/www.primor.eu\/pt_pt\/nivea-cellular-expert-filler-contorno-de-olhos-e-labios-60752.html'>\r\n        <img decoding=\"async\" width=\"300\" height=\"300\" loading=\"async\" src=\"https:\/\/cdn2.primor.eu\/media\/catalog\/product\/cache\/8d3aba296f7a18b5251ee30fa5db42b2\/0\/T\/0TF23069_1_2cc9.jpg\" alt=\"\" title=\"\">\r\n            <div class=\"claim\">\r\n                 COMPRAR AGORA            <\/div>\r\n        <\/a>\r\n    \n\n\n\n<h3 class=\"wp-block-heading\">Hydrotenseur Contorno dos Olhos da Rilastil&nbsp;<\/h3>\n\n\n\n<p>\u00c9 um tratamento antiborbulhas, anti-olheiras e antirrugas com uma textura suave e de r\u00e1pida absor\u00e7\u00e3o que hidrata em profundidade o globo ocular. A sua f\u00f3rmula com \u00c1cido Hialur\u00f3nico ajuda a preencher, hidratar e reparar a pele. Cont\u00e9m tamb\u00e9m ceramidas que reparam e combatem os sinais de envelhecimento. Al\u00e9m disso, o seu componente exclusivo, o acetil tetrapept\u00eddeo-5, elimina as olheiras e o incha\u00e7o.<\/p>\n\n\n\n    <a class='product' target='_blank' href='https:\/\/www.primor.eu\/pt_pt\/rilastil-hydrotenseur-contorno-de-ojos-56414.html'>\r\n        <img decoding=\"async\" width=\"300\" height=\"300\" loading=\"async\" src=\"https:\/\/cdn2.primor.eu\/media\/catalog\/product\/cache\/8d3aba296f7a18b5251ee30fa5db42b2\/6\/X\/6XS14859_1_5ee9.jpg\" alt=\"\" title=\"\">\r\n            <div class=\"claim\">\r\n                 COMPRAR AGORA            <\/div>\r\n        <\/a>\r\n    \n\n\n\n<p><\/p>\n","protected":false},"excerpt":{"rendered":"<p>H\u00e1 j\u00e1 algum tempo que os especialistas de uma determinada \u00e1rea, como farmac\u00eauticos, dermatologistas, nutricionistas ou personal trainers, ganham uma grande presen\u00e7a nas redes sociais. A partir dos seus perfis, partilham informa\u00e7\u00e3o contrastada e de qualidade \u2014 n\u00e3o esque\u00e7amos: s\u00e3o profissionais \u2014 e divulgam os seus conhecimentos por meio de propostas de conte\u00fados interessantes. Foram [&hellip;]<\/p>\n","protected":false},"author":6,"featured_media":288,"comment_status":"closed","ping_status":"closed","sticky":false,"template":"","format":"standard","meta":{"jnews-multi-image_gallery":[],"jnews_single_post":{"subtitle":"","format":"standard","video":"","gallery":"","source_name":"","source_url":"","via_name":"","via_url":"","override_template":"0","override":[{"template":"1","single_blog_custom":"","parallax":"1","fullscreen":"1","layout":"right-sidebar","sidebar":"default-sidebar","second_sidebar":"default-sidebar","sticky_sidebar":"0","share_position":"float","share_float_style":"share-monocrhome","show_share_counter":"0","show_view_counter":"0","show_featured":"1","show_post_meta":"1","show_post_author":"0","show_post_author_image":"1","show_post_date":"1","post_date_format":"default","post_date_format_custom":"Y\/m\/d","show_post_category":"1","show_post_reading_time":"0","post_reading_time_wpm":"300","show_zoom_button":"0","zoom_button_out_step":"2","zoom_button_in_step":"3","show_post_tag":"0","show_prev_next_post":"0","show_popup_post":"0","number_popup_post":"2","show_author_box":"0","show_post_related":"0","show_inline_post_related":"1"}],"override_image_size":"0","image_override":[{"single_post_thumbnail_size":"no-crop","single_post_gallery_size":"crop-500"}],"trending_post":"0","trending_post_position":"meta","trending_post_label":"Trending","sponsored_post":"0","sponsored_post_label":"Sponsored by","sponsored_post_name":"","sponsored_post_url":"","sponsored_post_logo_enable":"0","sponsored_post_logo":"","sponsored_post_desc":"","disable_ad":"0"},"jnews_primary_category":{"id":"","hide":""},"jnews_social_meta":{"fb_title":"","fb_description":"","fb_image":"","twitter_title":"","twitter_description":"","twitter_image":""},"jnews_override_counter":{"override_view_counter":"0","view_counter_number":"0","override_share_counter":"0","share_counter_number":"0","override_like_counter":"0","like_counter_number":"0","override_dislike_counter":"0","dislike_counter_number":"0"},"footnotes":""},"categories":[4],"tags":[],"class_list":["post-97","post","type-post","status-publish","format-standard","has-post-thumbnail","hentry","category-cosmetica"],"_links":{"self":[{"href":"https:\/\/www.primor.eu\/blog\/pt\/wp-json\/wp\/v2\/posts\/97","targetHints":{"allow":["GET"]}}],"collection":[{"href":"https:\/\/www.primor.eu\/blog\/pt\/wp-json\/wp\/v2\/posts"}],"about":[{"href":"https:\/\/www.primor.eu\/blog\/pt\/wp-json\/wp\/v2\/types\/post"}],"author":[{"embeddable":true,"href":"https:\/\/www.primor.eu\/blog\/pt\/wp-json\/wp\/v2\/users\/6"}],"replies":[{"embeddable":true,"href":"https:\/\/www.primor.eu\/blog\/pt\/wp-json\/wp\/v2\/comments?post=97"}],"version-history":[{"count":12,"href":"https:\/\/www.primor.eu\/blog\/pt\/wp-json\/wp\/v2\/posts\/97\/revisions"}],"predecessor-version":[{"id":1919,"href":"https:\/\/www.primor.eu\/blog\/pt\/wp-json\/wp\/v2\/posts\/97\/revisions\/1919"}],"wp:featuredmedia":[{"embeddable":true,"href":"https:\/\/www.primor.eu\/blog\/pt\/wp-json\/wp\/v2\/media\/288"}],"wp:attachment":[{"href":"https:\/\/www.primor.eu\/blog\/pt\/wp-json\/wp\/v2\/media?parent=97"}],"wp:term":[{"taxonomy":"category","embeddable":true,"href":"https:\/\/www.primor.eu\/blog\/pt\/wp-json\/wp\/v2\/categories?post=97"},{"taxonomy":"post_tag","embeddable":true,"href":"https:\/\/www.primor.eu\/blog\/pt\/wp-json\/wp\/v2\/tags?post=97"}],"curies":[{"name":"wp","href":"https:\/\/api.w.org\/{rel}","templated":true}]}}