
{"id":698,"date":"2024-07-30T12:56:57","date_gmt":"2024-07-30T11:56:57","guid":{"rendered":"https:\/\/www.primor.eu\/blog\/pt\/?p=698"},"modified":"2024-09-26T10:57:09","modified_gmt":"2024-09-26T09:57:09","slug":"o-que-e-o-botox-capilar-e-quais-sao-os-seus-beneficios","status":"publish","type":"post","link":"https:\/\/www.primor.eu\/blog\/pt\/o-que-e-o-botox-capilar-e-quais-sao-os-seus-beneficios\/","title":{"rendered":"O que \u00e9 o botox capilar e quais s\u00e3o os seus benef\u00edcios?"},"content":{"rendered":"\n<p>O<strong> botox <\/strong>est\u00e1 na moda. J\u00e1 ouvimos falar dele em inje\u00e7\u00f5es ou em s\u00e9runs com efeito botox. No entanto, o que est\u00e1 agora em voga \u00e9 o <strong>botox capilar. <\/strong>Por qu\u00ea? Porque \u00e9 um procedimento de cuidado total do cabelo que <strong>rejuvenesce o teu cabelo. <\/strong>\u00c9 proposto nos sal\u00f5es e destina-se a restaurar <strong>a sa\u00fade do cabelo.\u00a0<\/strong><\/p>\n\n\n\n<p>Este tratamento baseia-se principalmente na utiliza\u00e7\u00e3o de queratina e de <a href=\"https:\/\/www.primor.eu\/pt_pt\/acido-hialuronico\">\u00e1cido hialur\u00f3nico.<\/a> Quais s\u00e3o os seus principais <strong>benef\u00edcios<\/strong>? Devolve a <strong>luminosidade <\/strong>e <strong>o brilho <\/strong>aos cabelos ba\u00e7os, al\u00e9m de dar <strong>volume <\/strong>aos fios mais finos.<\/p>\n\n\n\n<h2 class=\"wp-block-heading\">Para que serve o botox capilar?<\/h2>\n\n\n\n<ul class=\"wp-block-list\">\n<li><strong>Repara o cabelo danificado<\/strong>. O tratamento foi concebido para reparar e revitalizar o cabelo danificado por fatores como a exposi\u00e7\u00e3o solar, a utiliza\u00e7\u00e3o frequente de ferramentas de calor, os tratamentos qu\u00edmicos e o envelhecimento.<\/li>\n\n\n\n<li><strong>Hidrata o cabelo<\/strong>. O \u00e1cido hialur\u00f3nico contido no botox capilar ajuda a manter a hidrata\u00e7\u00e3o do cabelo, o que pode ser especialmente ben\u00e9fico para o cabelo seco e quebradi\u00e7o.<\/li>\n\n\n\n<li><strong>Redu\u00e7\u00e3o do fr<\/strong><strong>isado<\/strong>. O tratamento pode ajudar a reduzir o frisado e o crespo, deixando o cabelo mais macio e male\u00e1vel.<\/li>\n\n\n\n<li><strong>Aumenta o brilho e a luminosidade.<\/strong> O Botox capilar pode dar ao cabelo um aspeto mais brilhante e saud\u00e1vel, restaurando a sua luminosidade natural.<\/li>\n\n\n\n<li><strong>Volume e corpo<\/strong>. Ajuda a dar volume aos cabelos finos e sem vida, proporcionando uma sensa\u00e7\u00e3o de maior densidade e corpo.<\/li>\n\n\n\n<li><strong>Prote\u00e7\u00e3o<\/strong>. Algumas f\u00f3rmulas de botox capilar cont\u00eam ingredientes que ajudam a proteger o cabelo de danos futuros.<\/li>\n<\/ul>\n\n\n\n<h2 class=\"wp-block-heading\">Por que usar botox capilar?<\/h2>\n\n\n\n<p>O botox capilar \u00e9 uma <strong>op\u00e7\u00e3o vers\u00e1til <\/strong>que pode beneficiar pessoas com uma variedade de tipos de <strong>cabelo <\/strong>e <strong>situa\u00e7\u00f5es<\/strong>, desde a prote\u00e7\u00e3o contra os elementos durante as f\u00e9rias at\u00e9 \u00e0 revitaliza\u00e7\u00e3o do cabelo em qualquer altura do ano. \u00c9 <strong>importante consultar <\/strong>um profissional de sal\u00e3o para obter o tratamento certo para o teu tipo de cabelo e necessidades espec\u00edficas. No entanto, n\u00e3o te esque\u00e7as de que se trata de um tratamento a considerar:<\/p>\n\n\n\n<ul class=\"wp-block-list\">\n<li>O tratamento com Botox capilar <strong>nutre <\/strong>e <strong>repara <\/strong>profundamente o cabelo, tornando-o uma excelente escolha para <strong>melhorar a sa\u00fade e o aspeto do cabelo <\/strong>danificado ou enfraquecido.<\/li>\n\n\n\n<li><strong>Suaviza o cabelo<\/strong>, o que ajuda significativamente a reduzir o frisado indesejado. Isto \u00e9 especialmente \u00fatil em climas h\u00famidos ou para pessoas com cabelo com tend\u00eancia para o frisado.<\/li>\n\n\n\n<li>Pode <strong>real\u00e7ar <\/strong>a <strong>cor e o brilho naturais <\/strong>do cabelo, deixando-o com um aspeto mais vibrante e saud\u00e1vel.<\/li>\n\n\n\n<li>Ajuda a manter o cabelo em <strong>boas condi\u00e7\u00f5es<\/strong>, mesmo em condi\u00e7\u00f5es adversas.<\/li>\n\n\n\n<li>Ap\u00f3s as <strong>f\u00e9rias<\/strong>, quando o cabelo pode ter sofrido danos devido \u00e0 exposi\u00e7\u00e3o ao sol e a outros elementos, o botox capilar pode ser um tratamento eficaz para reparar a fibra capilar e restaurar a vitalidade.<\/li>\n\n\n\n<li>No <strong>inverno<\/strong>, quando o cabelo tende a ficar sem brilho devido \u00e0 falta de humidade e \u00e0s baixas temperaturas, o botox capilar pode ajudar a melhorar o aspeto do cabelo, dando-lhe brilho e vitalidade.<\/li>\n<\/ul>\n\n\n\n<h2 class=\"wp-block-heading\">Como funciona o botox capilar<\/h2>\n\n\n\n<p>Os seus passos s\u00e3o bastante simples:<\/p>\n\n\n\n<ol class=\"wp-block-list\">\n<li>O processo come\u00e7a <strong>com a lavagem do cabelo <\/strong>com um champ\u00f4 espec\u00edfico destinado a preparar o cabelo. Este champ\u00f4 ajuda a abrir a cut\u00edcula do cabelo, o que facilita a absor\u00e7\u00e3o do produto.<\/li>\n\n\n\n<li>Quando o cabelo estiver pronto, aplica o <strong>produto de botox capilar de <\/strong>forma homog\u00e9nea em todo o cabelo. Normalmente, isto \u00e9 feito com a ajuda de um pincel, aplicando o produto em sec\u00e7\u00f5es, madeixa a madeixa.<\/li>\n\n\n\n<li>Para melhorar a penetra\u00e7\u00e3o do produto na fibra capilar, usa-se uma <strong>touca <\/strong>ou <strong>calor<\/strong>, como um secador de cabelo, para gerar calor no cabelo. Este calor ajuda os ingredientes do botox capilar a penetrarem profundamente no cabelo. O tempo de exposi\u00e7\u00e3o \u00e9 normalmente de 25 a 30 minutos, mas pode variar consoante a marca e o produto utilizado.<\/li>\n\n\n\n<li>Depois de o produto ter tido <strong>tempo suficiente para atuar, o <\/strong>cabelo \u00e9 cuidadosamente enxaguado para remover qualquer res\u00edduo do tratamento.<\/li>\n\n\n\n<li>Por fim, um profissional especializado em botox capilar procede \u00e0 <strong>secagem e ao penteado do <\/strong>cabelo. O resultado \u00e9 geralmente um cabelo mais macio, mais brilhante e mais male\u00e1vel.<\/li>\n<\/ol>\n\n\n\n<h2 class=\"wp-block-heading\">Produto a utilizar ap\u00f3s um tratamento de botox capilar<\/h2>\n\n\n\n<h3 class=\"wp-block-heading\">Champ\u00f4 Nuggela &amp; Sul\u00e9 Polin\u00e9sia-Keratina<\/h3>\n\n\n\n<p>Um champ\u00f4 que fortalece desde a fibra capilar at\u00e9 ao fol\u00edculo piloso, melhorando a sua vitalidade por dentro e por fora. Recomenda-se vivamente a sua utiliza\u00e7\u00e3o ap\u00f3s um tratamento de Queratina, Botox Capilar ou Hialur\u00f3nico.<\/p>\n\n\n\n    <a class='product' target='_blank' href='https:\/\/www.primor.eu\/pt_pt\/nuggela-sule-champo-polinesia-queratina-105911.html?#854=66338'>\r\n        <img fetchpriority=\"high\" decoding=\"async\" width=\"300\" height=\"300\" loading=\"async\" src=\"https:\/\/cdn2.primor.eu\/media\/catalog\/product\/cache\/8d3aba296f7a18b5251ee30fa5db42b2\/6\/X\/6XS09015_1_9d8b.jpg\" alt=\"\" title=\"\">\r\n            <div class=\"claim\">\r\n                 COMPRAR AGORA            <\/div>\r\n        <\/a>\r\n    \n\n\n\n<p><\/p>\n","protected":false},"excerpt":{"rendered":"<p>O botox est\u00e1 na moda. J\u00e1 ouvimos falar dele em inje\u00e7\u00f5es ou em s\u00e9runs com efeito botox. No entanto, o que est\u00e1 agora em voga \u00e9 o botox capilar. Por qu\u00ea? Porque \u00e9 um procedimento de cuidado total do cabelo que rejuvenesce o teu cabelo. \u00c9 proposto nos sal\u00f5es e destina-se a restaurar a sa\u00fade [&hellip;]<\/p>\n","protected":false},"author":6,"featured_media":699,"comment_status":"closed","ping_status":"closed","sticky":false,"template":"","format":"standard","meta":{"jnews-multi-image_gallery":[],"jnews_single_post":{"subtitle":"","format":"standard","video":"","gallery":"","source_name":"","source_url":"","via_name":"","via_url":"","override_template":"0","override":[{"template":"1","single_blog_custom":"","parallax":"1","fullscreen":"1","layout":"right-sidebar","sidebar":"default-sidebar","second_sidebar":"default-sidebar","sticky_sidebar":"0","share_position":"float","share_float_style":"share-monocrhome","show_share_counter":"0","show_view_counter":"0","show_featured":"1","show_post_meta":"1","show_post_author":"0","show_post_author_image":"1","show_post_date":"1","post_date_format":"default","post_date_format_custom":"Y\/m\/d","show_post_category":"1","show_post_reading_time":"0","post_reading_time_wpm":"300","show_zoom_button":"0","zoom_button_out_step":"2","zoom_button_in_step":"3","show_post_tag":"0","show_prev_next_post":"0","show_popup_post":"0","number_popup_post":"2","show_author_box":"0","show_post_related":"0","show_inline_post_related":"1"}],"override_image_size":"0","image_override":[{"single_post_thumbnail_size":"no-crop","single_post_gallery_size":"crop-500"}],"trending_post":"0","trending_post_position":"meta","trending_post_label":"Trending","sponsored_post":"0","sponsored_post_label":"Sponsored by","sponsored_post_name":"","sponsored_post_url":"","sponsored_post_logo_enable":"0","sponsored_post_logo":"","sponsored_post_desc":"","disable_ad":"0"},"jnews_primary_category":{"id":"","hide":""},"jnews_social_meta":{"fb_title":"","fb_description":"","fb_image":"","twitter_title":"","twitter_description":"","twitter_image":""},"jnews_override_counter":{"override_view_counter":"0","view_counter_number":"0","override_share_counter":"0","share_counter_number":"0","override_like_counter":"0","like_counter_number":"0","override_dislike_counter":"0","dislike_counter_number":"0"},"footnotes":""},"categories":[5],"tags":[],"class_list":["post-698","post","type-post","status-publish","format-standard","has-post-thumbnail","hentry","category-cabelo"],"_links":{"self":[{"href":"https:\/\/www.primor.eu\/blog\/pt\/wp-json\/wp\/v2\/posts\/698","targetHints":{"allow":["GET"]}}],"collection":[{"href":"https:\/\/www.primor.eu\/blog\/pt\/wp-json\/wp\/v2\/posts"}],"about":[{"href":"https:\/\/www.primor.eu\/blog\/pt\/wp-json\/wp\/v2\/types\/post"}],"author":[{"embeddable":true,"href":"https:\/\/www.primor.eu\/blog\/pt\/wp-json\/wp\/v2\/users\/6"}],"replies":[{"embeddable":true,"href":"https:\/\/www.primor.eu\/blog\/pt\/wp-json\/wp\/v2\/comments?post=698"}],"version-history":[{"count":3,"href":"https:\/\/www.primor.eu\/blog\/pt\/wp-json\/wp\/v2\/posts\/698\/revisions"}],"predecessor-version":[{"id":2320,"href":"https:\/\/www.primor.eu\/blog\/pt\/wp-json\/wp\/v2\/posts\/698\/revisions\/2320"}],"wp:featuredmedia":[{"embeddable":true,"href":"https:\/\/www.primor.eu\/blog\/pt\/wp-json\/wp\/v2\/media\/699"}],"wp:attachment":[{"href":"https:\/\/www.primor.eu\/blog\/pt\/wp-json\/wp\/v2\/media?parent=698"}],"wp:term":[{"taxonomy":"category","embeddable":true,"href":"https:\/\/www.primor.eu\/blog\/pt\/wp-json\/wp\/v2\/categories?post=698"},{"taxonomy":"post_tag","embeddable":true,"href":"https:\/\/www.primor.eu\/blog\/pt\/wp-json\/wp\/v2\/tags?post=698"}],"curies":[{"name":"wp","href":"https:\/\/api.w.org\/{rel}","templated":true}]}}