
{"id":6737,"date":"2026-08-28T16:08:16","date_gmt":"2026-08-28T15:08:16","guid":{"rendered":"https:\/\/www.primor.eu\/blog\/pt\/?p=6737"},"modified":"2026-08-28T16:08:45","modified_gmt":"2026-08-28T15:08:45","slug":"queda-cabelo-quando-consultar-especialista","status":"publish","type":"post","link":"https:\/\/www.primor.eu\/blog\/pt\/queda-cabelo-quando-consultar-especialista\/","title":{"rendered":"Queda de cabelo: quando consultar um especialista"},"content":{"rendered":"\n<p class=\"wp-block-paragraph\"><strong>Perder cabelo \u00e9 normal.<\/strong> Sim, <strong>normal<\/strong>. Embora, quando o vemos na escova ou no banho, a sensa\u00e7\u00e3o nunca \u00e9 tranquila. A <a href=\"https:\/\/www.primor.eu\/blog\/pt\/melhores-capsulas-queda\/\">queda de cabelo<\/a> faz parte do <strong>ciclo natural do cabelo<\/strong>. Todos os dias <strong>perdemos entre 50 e 100 cabelos<\/strong> como parte do processo de renova\u00e7\u00e3o. <strong>O problema n\u00e3o \u00e9 o cabelo cair.<\/strong> O problema surge quando deixa de fazer parte de um ciclo e come\u00e7a a tornar-se um sinal de alerta. Ent\u00e3o, quando \u00e9 que devemos realmente preocupar-nos? E em que momento \u00e9 aconselh\u00e1vel consultar um profissional? Contamos-te tudo no blog da Primor.<\/p>\n\n\n\n<h2 class=\"wp-block-heading\">Os ciclos do cabelo: como aprender a identific\u00e1-los<\/h2>\n\n\n\n<p class=\"wp-block-paragraph\">O cabelo passa por tr\u00eas fases: <strong>crescimento, transi\u00e7\u00e3o e queda.<\/strong> Este processo n\u00e3o para, \u00e9 cont\u00ednuo e necess\u00e1rio. O que muda \u00e9 o <strong>equil\u00edbrio<\/strong>. Depois de per\u00edodos de <strong>stress<\/strong>, altera\u00e7\u00f5es hormonais, dietas restritivas, infe\u00e7\u00f5es ou at\u00e9 em determinadas \u00e9pocas do ano, \u00e9 <a href=\"https:\/\/www.primor.eu\/blog\/pt\/principais-causas-queda-cabelo\/\"><strong>habitual<\/strong><\/a> notar uma queda mais acentuada do que o normal. \u00c9 o que se conhece como efl\u00favio tel\u00f3geno. Em muitos casos, \u00e9 <strong>tempor\u00e1rio<\/strong>. O corpo regula-se e, consequentemente, o cabelo tamb\u00e9m. Mas nem sempre \u00e9 assim.<\/p>\n\n\n\n<h1 class=\"wp-block-heading\">Sinais de que deves consultar um profissional<\/h1>\n\n\n\n<p class=\"wp-block-paragraph\">H\u00e1 situa\u00e7\u00f5es em que a queda deixa de ser pontual e \u00e9 aconselh\u00e1vel procurar uma <strong>avalia\u00e7\u00e3o profissional<\/strong> (dermatologista ou especialista em tricologia). Presta aten\u00e7\u00e3o se notares:<\/p>\n\n\n\n<ul class=\"wp-block-list\">\n<li>Queda excessiva que se mant\u00e9m durante mais de tr\u00eas meses.<\/li>\n\n\n\n<li>Diminui\u00e7\u00e3o vis\u00edvel da densidade capilar.<\/li>\n\n\n\n<li>Alargamento da risca do cabelo.<\/li>\n\n\n\n<li>Zonas onde o couro cabeludo come\u00e7a a ficar vis\u00edvel.<\/li>\n\n\n\n<li>Comich\u00e3o, dor ou inflama\u00e7\u00e3o no couro cabeludo.<\/li>\n\n\n\n<li>Queda acompanhada de altera\u00e7\u00f5es hormonais significativas.<\/li>\n<\/ul>\n\n\n\n<p class=\"wp-block-paragraph\"><strong>O tempo \u00e9 um fator importante.<\/strong> Uma queda sazonal tende a estabilizar; uma perda progressiva e persistente requer avalia\u00e7\u00e3o.<\/p>\n\n\n\n<h2 class=\"wp-block-heading\">Quando o volume n\u00e3o regressa<\/h2>\n\n\n\n<p class=\"wp-block-paragraph\">Um dos indicadores mais claros \u00e9 este: <strong>se notas que o cabelo cai, mas n\u00e3o observas o crescimento de novos cabelos que compense essa perda.<\/strong> O equil\u00edbrio entre <strong>queda<\/strong> e <strong>regenera\u00e7\u00e3o<\/strong> \u00e9 o que mant\u00e9m a <strong>densidade capilar<\/strong>. Quando esse equil\u00edbrio se altera, \u00e9 altura de investigar a causa.<\/p>\n\n\n\n<p class=\"wp-block-paragraph\">Pode dever-se a fatores hormonais, d\u00e9fices nutricionais, altera\u00e7\u00f5es da tiroide ou tipos espec\u00edficos de alopecia que necessitam de diagn\u00f3stico m\u00e9dico. E quanto mais cedo forem detetados, melhor tende a ser o progn\u00f3stico.<\/p>\n\n\n\n<h2 class=\"wp-block-heading\">O que pode fazer um profissional<\/h2>\n\n\n\n<p class=\"wp-block-paragraph\">Um dermatologista pode realizar uma avalia\u00e7\u00e3o cl\u00ednica, exames espec\u00edficos e at\u00e9 an\u00e1lises para identificar poss\u00edveis causas internas. <strong>Nem todos os tratamentos s\u00e3o iguais, nem todos os casos requerem a mesma abordagem<\/strong>. Desde altera\u00e7\u00f5es na alimenta\u00e7\u00e3o at\u00e9 tratamentos t\u00f3picos, farmacol\u00f3gicos ou terapias espec\u00edficas, a abordagem deve ser sempre personalizada. <strong>O AUTODIAGN\u00d3STICO N\u00c3O \u00c9 A SOLU\u00c7\u00c3O.<\/strong><\/p>\n\n\n\n<h2 class=\"wp-block-heading\">Entretanto, o que podes fazer<\/h2>\n\n\n\n<p class=\"wp-block-paragraph\">At\u00e9 teres uma avalia\u00e7\u00e3o profissional, existem alguns h\u00e1bitos que ajudam a cuidar do couro cabeludo:<\/p>\n\n\n\n<ul class=\"wp-block-list\">\n<li>Evitar penteados demasiado apertados.<\/li>\n\n\n\n<li>Moderar a utiliza\u00e7\u00e3o de ferramentas de calor.<\/li>\n\n\n\n<li>Manter uma alimenta\u00e7\u00e3o equilibrada.<\/li>\n\n\n\n<li>Reduzir o stress, tanto quanto poss\u00edvel.<\/li>\n<\/ul>\n\n\n\n<p class=\"wp-block-paragraph\">N\u00e3o s\u00e3o solu\u00e7\u00f5es milagrosas. S\u00e3o um apoio. A consist\u00eancia e a paci\u00eancia tamb\u00e9m s\u00e3o fundamentais ao longo do processo. O cabelo n\u00e3o responde de um dia para o outro. Mesmo quando se inicia um tratamento, os resultados podem demorar meses a tornar-se vis\u00edveis. Mas n\u00e3o entres em p\u00e2nico, sobretudo se estiveres a ser acompanhado por um profissional. O teu cabelo poder\u00e1 voltar a ter um aspeto igualmente bonito.<\/p>\n\n\n\n<h2 class=\"wp-block-heading\">Melhores produtos para evitar a queda de cabelo na Primor<\/h2>\n\n\n\n<h3 class=\"wp-block-heading\">Furterer Triphasic Progressive Gentech Antiqueda Progressiva<\/h3>\n\n\n\n<p class=\"wp-block-paragraph\">Ren\u00e9 Furterer Triphasic Progressive Gentech Antiqueda Progressiva <strong>combate a queda de cabelo hormonal e heredit\u00e1ria\u00a0<\/strong>atuando sobre os tr\u00eas marcadores respons\u00e1veis pelas perturba\u00e7\u00f5es do ciclo de vida do cabelo para restabelecer a linha capilar. Cont\u00e9m 98% de ingredientes de origem natural, entre eles o extrato de mangost\u00e3o, reconhecido pela sua capacidade de favorecer a funcionalidade das c\u00e9lulas estaminais capilares.<\/p>\n\n\n    <a class=\"product\" target=\"_blank\" href=\"https:\/\/pt.primor.eu\/pt_pt\/rene-furterer-triphasic-ritual-progressiva-anti-queda-9667.html\" rel=\"noopener\">\r\n        <img fetchpriority=\"high\" decoding=\"async\" width=\"300\" height=\"300\" loading=\"async\" src=\"https:\/\/cdn2.primor.eu\/media\/catalog\/product\/cache\/8d3aba296f7a18b5251ee30fa5db42b2\/6\/X\/6XS11248_1_1e9c.jpg\" alt=\"\" title=\"\">\r\n            <div class=\"claim\">\r\n                 COMPRAR AGORA            <\/div>\r\n        <\/a>\r\n    \n\n\n<h3 class=\"wp-block-heading\">Lambdapil Lo\u00e7\u00e3o Antiqueda Melatonina ISDIN<\/h3>\n\n\n\n<p class=\"wp-block-paragraph\">O <strong>ISDIN Lambdapil Lo\u00e7\u00e3o Antiqueda Melatonina<\/strong> ajuda a reduzir a queda do cabelo, melhora a densidade capilar e aumenta a espessura do cabelo. Cont\u00e9m\u00a0<strong>melatonina<\/strong>, que oferece uma a\u00e7\u00e3o antioxidante, ajudando a atrasar o envelhecimento capilar e a combater os efeitos da oxida\u00e7\u00e3o induzidos pelo sol e polui\u00e7\u00e3o.<\/p>\n\n\n    <a class=\"product\" target=\"_blank\" href=\"https:\/\/pt.primor.eu\/pt_pt\/isdin-lambdapil-loc-o-antiqueda-melatonina-115487.html\" rel=\"noopener\">\r\n        <img decoding=\"async\" width=\"300\" height=\"300\" loading=\"async\" src=\"https:\/\/cdn2.primor.eu\/media\/catalog\/product\/cache\/8d3aba296f7a18b5251ee30fa5db42b2\/8\/4\/8429420280366_c639.png\" alt=\"\" title=\"\">\r\n            <div class=\"claim\">\r\n                 COMPRAR AGORA            <\/div>\r\n        <\/a>\r\n    \n\n\n<h3 class=\"wp-block-heading\">Comprimidos Antiqueda para Mulher Pilopeptan<\/h3>\n\n\n\n<p class=\"wp-block-paragraph\"><strong>Woman Comprimidos Cabelo da Pilopeptan<\/strong>\u00a0\u00e9 um suplemento alimentar para mulheres encarregado de travar a queda do cabelo. Fornece os nutrientes em falta no organismo, fortalecendo o cabelo completamente desde a raiz.<\/p>\n\n\n    <a class=\"product\" target=\"_blank\" href=\"https:\/\/pt.primor.eu\/pt_pt\/pilopeptan-comprimidos-anti-queda-femininos-4868.html\" rel=\"noopener\">\r\n        <img decoding=\"async\" width=\"300\" height=\"300\" loading=\"async\" src=\"https:\/\/cdn2.primor.eu\/media\/catalog\/product\/cache\/8d3aba296f7a18b5251ee30fa5db42b2\/6\/X\/6XS06992_1_1b29.jpg\" alt=\"\" title=\"\">\r\n            <div class=\"claim\">\r\n                 COMPRAR AGORA            <\/div>\r\n        <\/a>\r\n    ","protected":false},"excerpt":{"rendered":"<p>Perder cabelo \u00e9 normal. Sim, normal. Embora, quando o vemos na escova ou no banho, a sensa\u00e7\u00e3o nunca \u00e9 tranquila. A queda de cabelo faz parte do ciclo natural do cabelo. Todos os dias perdemos entre 50 e 100 cabelos como parte do processo de renova\u00e7\u00e3o. O problema n\u00e3o \u00e9 o cabelo cair. O problema [&hellip;]<\/p>\n","protected":false},"author":6,"featured_media":6739,"comment_status":"closed","ping_status":"closed","sticky":false,"template":"","format":"standard","meta":{"jnews-multi-image_gallery":[],"jnews_single_post":{"format":"standard"},"jnews_primary_category":[],"jnews_social_meta":[],"jnews_override_counter":[],"footnotes":""},"categories":[5],"tags":[],"class_list":["post-6737","post","type-post","status-publish","format-standard","has-post-thumbnail","hentry","category-cabelo"],"_links":{"self":[{"href":"https:\/\/www.primor.eu\/blog\/pt\/wp-json\/wp\/v2\/posts\/6737","targetHints":{"allow":["GET"]}}],"collection":[{"href":"https:\/\/www.primor.eu\/blog\/pt\/wp-json\/wp\/v2\/posts"}],"about":[{"href":"https:\/\/www.primor.eu\/blog\/pt\/wp-json\/wp\/v2\/types\/post"}],"author":[{"embeddable":true,"href":"https:\/\/www.primor.eu\/blog\/pt\/wp-json\/wp\/v2\/users\/6"}],"replies":[{"embeddable":true,"href":"https:\/\/www.primor.eu\/blog\/pt\/wp-json\/wp\/v2\/comments?post=6737"}],"version-history":[{"count":1,"href":"https:\/\/www.primor.eu\/blog\/pt\/wp-json\/wp\/v2\/posts\/6737\/revisions"}],"predecessor-version":[{"id":6738,"href":"https:\/\/www.primor.eu\/blog\/pt\/wp-json\/wp\/v2\/posts\/6737\/revisions\/6738"}],"wp:featuredmedia":[{"embeddable":true,"href":"https:\/\/www.primor.eu\/blog\/pt\/wp-json\/wp\/v2\/media\/6739"}],"wp:attachment":[{"href":"https:\/\/www.primor.eu\/blog\/pt\/wp-json\/wp\/v2\/media?parent=6737"}],"wp:term":[{"taxonomy":"category","embeddable":true,"href":"https:\/\/www.primor.eu\/blog\/pt\/wp-json\/wp\/v2\/categories?post=6737"},{"taxonomy":"post_tag","embeddable":true,"href":"https:\/\/www.primor.eu\/blog\/pt\/wp-json\/wp\/v2\/tags?post=6737"}],"curies":[{"name":"wp","href":"https:\/\/api.w.org\/{rel}","templated":true}]}}