
{"id":6734,"date":"2026-08-28T15:53:06","date_gmt":"2026-08-28T14:53:06","guid":{"rendered":"https:\/\/www.primor.eu\/blog\/pt\/?p=6734"},"modified":"2026-08-28T15:53:08","modified_gmt":"2026-08-28T14:53:08","slug":"metodos-depilares-axilas-sem-irritacao","status":"publish","type":"post","link":"https:\/\/www.primor.eu\/blog\/pt\/metodos-depilares-axilas-sem-irritacao\/","title":{"rendered":"Os melhores m\u00e9todos para depilares as axilas sem irrita\u00e7\u00e3o em 2026"},"content":{"rendered":"\n<p class=\"wp-block-paragraph\">Saber <strong>como<\/strong> <a href=\"https:\/\/www.primor.eu\/blog\/pt\/depilacao-com-creme-perfeito-para-mulheres-e-homens\/\"><strong><\/strong><strong>depilar as axilas<\/strong><\/a> sem que apare\u00e7a aquela irrita\u00e7\u00e3o inc\u00f3moda n\u00e3o \u00e9 algo que toda a gente saiba. Existem v\u00e1rias formas de depilar as axilas e algumas podem provocar mais irrita\u00e7\u00e3o do que outras, embora haja sempre formas de reduzir a irrita\u00e7\u00e3o causada pela depila\u00e7\u00e3o. Neste artigo, contamos-te quais s\u00e3o as <strong>diferentes t\u00e9cnicas<\/strong> para depilares as axilas e quais os melhores <strong>produtos<\/strong> para o fazeres <strong>sem irrita\u00e7\u00e3o<\/strong>.<\/p>\n\n\n\n<h2 class=\"wp-block-heading\">Como depilar as axilas<\/h2>\n\n\n\n<p class=\"wp-block-paragraph\">Antes de mais, vamos ver como podes depilar as axilas atrav\u00e9s de diferentes m\u00e9todos e com v\u00e1rios produtos, para que possas escolher aquele que melhor se adapta a ti.<\/p>\n\n\n\n<ul class=\"wp-block-list\">\n<li><strong>Com l\u00e2mina<\/strong>: este \u00e9 o m\u00e9todo que mais pode irritar as tuas axilas. O melhor \u00e9 escolheres uma l\u00e2mina de qualidade para evitares ter de passar v\u00e1rias vezes pela mesma zona e reduzires o risco de irrita\u00e7\u00e3o.<\/li>\n\n\n\n<li><strong>Atrav\u00e9s de depila\u00e7\u00e3o a laser<\/strong>: se gostavas de deixar de te preocupar com a forma de depilar as axilas e esquecer a dor e a irrita\u00e7\u00e3o, a depila\u00e7\u00e3o a laser pode ser uma boa op\u00e7\u00e3o para ti. Com este m\u00e9todo de longa dura\u00e7\u00e3o, podes reduzir significativamente a necessidade de depila\u00e7\u00e3o. No entanto, \u00e9 a op\u00e7\u00e3o mais cara e s\u00e3o necess\u00e1rias v\u00e1rias sess\u00f5es.<\/li>\n\n\n\n<li><strong>Com cera quente ou fria:<\/strong> depilar as axilas com cera \u00e9 uma boa op\u00e7\u00e3o se uma das tuas principais preocupa\u00e7\u00f5es \u00e9 evitar a irrita\u00e7\u00e3o.<\/li>\n\n\n\n<li><strong>Com creme depilat\u00f3rio<\/strong>: existem op\u00e7\u00f5es especificamente desenvolvidas para peles sens\u00edveis. Antes de aplicares o produto em toda a zona, faz um teste de sensibilidade numa pequena \u00e1rea da pele para te certificares de que n\u00e3o provoca irrita\u00e7\u00e3o. Depois de confirmares que a tua pele tolera este tipo de creme, podes depilar-te sem dor e, geralmente, com menos irrita\u00e7\u00e3o do que com uma l\u00e2mina.<\/li>\n<\/ul>\n\n\n\n<h2 class=\"wp-block-heading\">Como depilar as axilas sem irrita\u00e7\u00e3o: cuidados extra<\/h2>\n\n\n\n<ul class=\"wp-block-list\">\n<li><strong>Esfolia a zona regularmente<\/strong>: ajuda a eliminar as c\u00e9lulas mortas e a prevenir os pelos encravados, o que pode reduzir a irrita\u00e7\u00e3o ap\u00f3s a depila\u00e7\u00e3o. Muitas vezes, o desconforto n\u00e3o \u00e9 provocado apenas pela depila\u00e7\u00e3o, mas tamb\u00e9m pela irrita\u00e7\u00e3o dos poros ou pelos encravados.<\/li>\n\n\n\n<li><strong>N\u00e3o uses desodorizante logo depois<\/strong>: sobretudo se contiver \u00e1lcool. O ideal \u00e9 esperares, pelo menos, at\u00e9 ao dia seguinte \u00e0 depila\u00e7\u00e3o. Este cuidado \u00e9 importante, uma vez que alguns desodorizantes cont\u00eam \u00e1lcool ou outros ingredientes que podem sensibilizar a pele.<\/li>\n\n\n\n<li><strong>Hidrata a zona das axilas<\/strong>: tanto antes como depois de cada depila\u00e7\u00e3o. Assim, evitas que a pele fique demasiado seca e ajudas a minimizar poss\u00edveis danos durante a depila\u00e7\u00e3o. Podes aplicar diariamente um creme hidratante ou \u00f3leos vegetais na zona das axilas para manteres a pele suave e ajudar a evitar a irrita\u00e7\u00e3o.<\/li>\n<\/ul>\n\n\n\n<h2 class=\"wp-block-heading\">Os melhores produtos para depilar as axilas<\/h2>\n\n\n\n<p class=\"wp-block-paragraph\">Para escolheres entre os m\u00e9todos anteriormente mencionados para depilar as axilas, recomendamos-te alguns dos melhores produtos da nossa loja:<\/p>\n\n\n        <product-table class=\"pr-slider\">\r\n            <product-headers class=\"grid-table-rows\">\r\n                <div>Foto<\/div>\r\n                <div>Produto<\/div>\r\n                <div>Marca<\/div>\r\n                <div>Avalia\u00e7\u00f5es<\/div>\r\n                <div>Pre\u00e7o<\/div>\r\n            <\/product-headers>\r\n\r\n            <product-list>\r\n                                    <a href=\"https:\/\/pt.primor.eu\/pt_pt\/veet-depil-easy-wax-23144.html\" class=\"product-item grid-table-rows\" target=\"_blank\" rel=\"noopener\">\r\n                        <div>\r\n                            <img decoding=\"async\" class=\"product-img\" width=\"80px\" height=\"80px\" src=\"https:\/\/cdn2.primor.eu\/media\/catalog\/product\/cache\/8d3aba296f7a18b5251ee30fa5db42b2\/1\/D\/1DP00127_1_93f9.jpg\" alt=\"\" title=\"\">\r\n                        <\/div>\r\n\r\n                        <!-- Contenido de producto  -->\r\n                        <div>\r\n                            <div class=\"product-position\">\r\n                                #1 Mais Vendidos                            <\/div>\r\n\r\n                            <h2>\r\n                                Depil Easy Wax                            <\/h2>\r\n                        <\/div>\r\n\r\n                        <!-- Imagen y\/o nombre de la marca -->\r\n                        <div>\r\n                                                            <img decoding=\"async\" width=\"70\" src=\"https:\/\/www.primor.eu\/media\/catalog\/category\/430.jpg\" alt=\"\" title=\"\">\r\n                                                    <\/div>\r\n\r\n                        <!-- Puntuaci\u00f3n del producto  -->\r\n                        <div class=\"rating\">\r\n                                                            <div class=\"rate\" style=\"--p:84;\"><\/div>\r\n                                <b>4.2\/5<\/b>\r\n                                <div class=\"rate-stars\">\r\n                                                                            <div\r\n                                            class=\"rate-star  \">\r\n                                        <\/div>\r\n                                                                            <div\r\n                                            class=\"rate-star  \">\r\n                                        <\/div>\r\n                                                                            <div\r\n                                            class=\"rate-star  \">\r\n                                        <\/div>\r\n                                                                            <div\r\n                                            class=\"rate-star  \">\r\n                                        <\/div>\r\n                                                                            <div\r\n                                            class=\"rate-star  \">\r\n                                        <\/div>\r\n                                                                    <\/div>\r\n                                                    <\/div>\r\n\r\n                        <!-- Bot\u00f3n de producto  -->\r\n                        <div>\r\n                            <span class=\"price-claim\">\r\n                                VER PRE\u00c7O                            <\/span>\r\n                        <\/div>\r\n                    <\/a>\r\n                                    <a href=\"https:\/\/pt.primor.eu\/pt_pt\/daen-tiras-de-cera-fria-tweezer-body-com-rosa-mosqueta-24711.html\" class=\"product-item grid-table-rows\" target=\"_blank\" rel=\"noopener\">\r\n                        <div>\r\n                            <img decoding=\"async\" class=\"product-img\" width=\"80px\" height=\"80px\" src=\"https:\/\/cdn2.primor.eu\/media\/catalog\/product\/cache\/8d3aba296f7a18b5251ee30fa5db42b2\/1\/D\/1DP00256_1_d969.jpg\" alt=\"\" title=\"\">\r\n                        <\/div>\r\n\r\n                        <!-- Contenido de producto  -->\r\n                        <div>\r\n                            <div class=\"product-position\">\r\n                                #2                            <\/div>\r\n\r\n                            <h2>\r\n                                Tiras de cera fria Tweezer Body com Rosa Mosqueta                            <\/h2>\r\n                        <\/div>\r\n\r\n                        <!-- Imagen y\/o nombre de la marca -->\r\n                        <div>\r\n                                                            <img decoding=\"async\" width=\"70\" src=\"https:\/\/www.primor.eu\/media\/catalog\/category\/Daen.jpg\" alt=\"\" title=\"\">\r\n                                                    <\/div>\r\n\r\n                        <!-- Puntuaci\u00f3n del producto  -->\r\n                        <div class=\"rating\">\r\n                                                            <div class=\"rate\" style=\"--p:100;\"><\/div>\r\n                                <b>5\/5<\/b>\r\n                                <div class=\"rate-stars\">\r\n                                                                            <div\r\n                                            class=\"rate-star  \">\r\n                                        <\/div>\r\n                                                                            <div\r\n                                            class=\"rate-star  \">\r\n                                        <\/div>\r\n                                                                            <div\r\n                                            class=\"rate-star  \">\r\n                                        <\/div>\r\n                                                                            <div\r\n                                            class=\"rate-star  \">\r\n                                        <\/div>\r\n                                                                            <div\r\n                                            class=\"rate-star  \">\r\n                                        <\/div>\r\n                                                                    <\/div>\r\n                                                    <\/div>\r\n\r\n                        <!-- Bot\u00f3n de producto  -->\r\n                        <div>\r\n                            <span class=\"price-claim\">\r\n                                VER PRE\u00c7O                            <\/span>\r\n                        <\/div>\r\n                    <\/a>\r\n                                    <a href=\"https:\/\/pt.primor.eu\/pt_pt\/taky-sensacoes-de-cera-do-corpo-divino-25084.html\" class=\"product-item grid-table-rows\" target=\"_blank\" rel=\"noopener\">\r\n                        <div>\r\n                            <img decoding=\"async\" class=\"product-img\" width=\"80px\" height=\"80px\" src=\"https:\/\/cdn2.primor.eu\/media\/catalog\/product\/cache\/8d3aba296f7a18b5251ee30fa5db42b2\/1\/D\/1DP00044_1_1fb9.jpg\" alt=\"\" title=\"\">\r\n                        <\/div>\r\n\r\n                        <!-- Contenido de producto  -->\r\n                        <div>\r\n                            <div class=\"product-position\">\r\n                                #3                            <\/div>\r\n\r\n                            <h2>\r\n                                Sensa\u00e7\u00f5es de cera do corpo divino                            <\/h2>\r\n                        <\/div>\r\n\r\n                        <!-- Imagen y\/o nombre de la marca -->\r\n                        <div>\r\n                                                            <img decoding=\"async\" width=\"70\" src=\"https:\/\/www.primor.eu\/media\/catalog\/category\/Taky.jpg\" alt=\"\" title=\"\">\r\n                                                    <\/div>\r\n\r\n                        <!-- Puntuaci\u00f3n del producto  -->\r\n                        <div class=\"rating\">\r\n                                                            <p>N\u00e3o h\u00e1 avalia\u00e7\u00f5es dispon\u00edveis.<\/p>\r\n                                                    <\/div>\r\n\r\n                        <!-- Bot\u00f3n de producto  -->\r\n                        <div>\r\n                            <span class=\"price-claim\">\r\n                                VER PRE\u00c7O                            <\/span>\r\n                        <\/div>\r\n                    <\/a>\r\n                            <\/product-list>\r\n        <\/product-table>\r\n\r\n        \n\n\n<h3 class=\"wp-block-heading\">L\u00e2mina Bikini Zonas Delicadas da LEA<\/h3>\n\n\n\n<p class=\"wp-block-paragraph\">\u00c9 uma l\u00e2mina especial, com uma folha e dimens\u00f5es reduzidas, concebida para uma depila\u00e7\u00e3o de precis\u00e3o em zonas delicadas e de acesso mais dif\u00edcil, como as virilhas e as axilas. Possui uma banda lubrificante com Aloe Vera, Vitamina E e Lavanda.<\/p>\n\n\n    <a class=\"product\" target=\"_blank\" href=\"https:\/\/pt.primor.eu\/pt_pt\/lea-maquinilla-bikini-zonas-delicadas-25349.html\" rel=\"noopener\">\r\n        <img fetchpriority=\"high\" decoding=\"async\" width=\"300\" height=\"300\" loading=\"async\" src=\"https:\/\/cdn2.primor.eu\/media\/catalog\/product\/cache\/8d3aba296f7a18b5251ee30fa5db42b2\/1\/S\/1SH00227_1_72f4.jpg\" alt=\"\" title=\"\">\r\n            <div class=\"claim\">\r\n                 COMPRAR AGORA            <\/div>\r\n        <\/a>\r\n    \n\n\n<h3 class=\"wp-block-heading\">Veet Depil Easy Wax<\/h3>\n\n\n\n<p class=\"wp-block-paragraph\">Um dispositivo autoaquec\u00edvel com tampa com recarga de 50 ml com aplicador roll-on, especialmente desenhada para pernas e bra\u00e7os<\/p>\n\n\n    <a class=\"product\" target=\"_blank\" href=\"https:\/\/pt.primor.eu\/pt_pt\/veet-depil-easy-wax-23144.html\" rel=\"noopener\">\r\n        <img decoding=\"async\" width=\"300\" height=\"300\" loading=\"async\" src=\"https:\/\/cdn2.primor.eu\/media\/catalog\/product\/cache\/8d3aba296f7a18b5251ee30fa5db42b2\/1\/D\/1DP00127_1_93f9.jpg\" alt=\"\" title=\"\">\r\n            <div class=\"claim\">\r\n                 COMPRAR AGORA            <\/div>\r\n        <\/a>\r\n    \n\n\n<h3 class=\"wp-block-heading\">Bandas Depilat\u00f3rias Corporais de Cera Fria com Rosa Mosqueta da DAEN<\/h3>\n\n\n\n<p class=\"wp-block-paragraph\">As bandas depilat\u00f3rias de cera fria DAEN cont\u00eam ingredientes de origem natural. A elasticidade da cera DAEN permite que as bandas adiram perfeitamente \u00e0 pele, facilitando a depila\u00e7\u00e3o e melhorando a sua efic\u00e1cia.<br>As bandas depilat\u00f3rias de cera fria DAEN proporcionam uma depila\u00e7\u00e3o eficaz e duradoura. Al\u00e9m disso, respeitam e cuidam da tua pele.<\/p>\n\n\n    <a class=\"product\" target=\"_blank\" href=\"https:\/\/pt.primor.eu\/pt_pt\/daen-tiras-de-cera-fria-tweezer-body-com-rosa-mosqueta-24711.html\" rel=\"noopener\">\r\n        <img decoding=\"async\" width=\"300\" height=\"300\" loading=\"async\" src=\"https:\/\/cdn2.primor.eu\/media\/catalog\/product\/cache\/8d3aba296f7a18b5251ee30fa5db42b2\/1\/D\/1DP00256_1_d969.jpg\" alt=\"\" title=\"\">\r\n            <div class=\"claim\">\r\n                 COMPRAR AGORA            <\/div>\r\n        <\/a>\r\n    \n\n\n<h3 class=\"wp-block-heading\">Sensa\u00e7\u00f5es Cera Divina Corporal da TAKY<\/h3>\n\n\n\n<p class=\"wp-block-paragraph\">\u00c9 uma f\u00f3rmula especial para micro-ondas que te proporciona resultados de sal\u00e3o de beleza em casa. Criada a partir de uma nova gera\u00e7\u00e3o de ceras \u00e0 base de resinas naturais, a sua f\u00f3rmula exclusiva para micro-ondas \u00e9 pr\u00e1tica e especialmente eficaz em pelos curtos (at\u00e9 2 mm).<\/p>\n\n\n\n<p class=\"wp-block-paragraph\">Com a sua combina\u00e7\u00e3o harmoniosa de textura e fragr\u00e2ncia, <strong>Sensaciones Cera Divina Corporal da TAKY<\/strong> permite-te desfrutar de uma experi\u00eancia de sal\u00e3o de beleza em casa. Proporciona uma depila\u00e7\u00e3o eficaz e resultados que duram at\u00e9 4 semanas.<\/p>\n\n\n    <a class=\"product\" target=\"_blank\" href=\"https:\/\/pt.primor.eu\/pt_pt\/taky-sensacoes-de-cera-do-corpo-divino-25084.html\" rel=\"noopener\">\r\n        <img decoding=\"async\" width=\"300\" height=\"300\" loading=\"async\" src=\"https:\/\/cdn2.primor.eu\/media\/catalog\/product\/cache\/8d3aba296f7a18b5251ee30fa5db42b2\/1\/D\/1DP00044_1_1fb9.jpg\" alt=\"\" title=\"\">\r\n            <div class=\"claim\">\r\n                 COMPRAR AGORA            <\/div>\r\n        <\/a>\r\n    \n\n\n<h3 class=\"wp-block-heading\">Blue II Plus L\u00e2minas Descart\u00e1veis da GILLETTE<\/h3>\n\n\n\n<p class=\"wp-block-paragraph\">Oferecem uma depila\u00e7\u00e3o r\u00e1pida, c\u00f3moda e pr\u00e1tica para quem procura uma solu\u00e7\u00e3o simples para eliminar os pelos corporais. S\u00e3o ideais para levares em viagem ou teres sempre \u00e0 m\u00e3o na tua rotina de cuidados pessoais.<\/p>\n\n\n\n<p class=\"wp-block-paragraph\">As Blue II Plus L\u00e2minas Descart\u00e1veis da GILLETTE s\u00e3o l\u00e2minas descart\u00e1veis de duas folhas, adequadas para a depila\u00e7\u00e3o corporal. Incorporam uma banda lubrificante que favorece um deslizar mais suave sobre a pele e um cabo concebido para proporcionar uma pega confort\u00e1vel durante a utiliza\u00e7\u00e3o.<\/p>\n\n\n\n<p class=\"wp-block-paragraph\">Este formato \u00e9 especialmente \u00fatil se preferes uma l\u00e2mina pronta a utilizar, sem necessidade de substituir recargas. As Blue II Plus L\u00e2minas Descart\u00e1veis da GILLETTE ajudam-te a conseguir uma depila\u00e7\u00e3o eficaz das pernas, axilas ou de outras zonas do corpo com uma ferramenta leve e f\u00e1cil de manusear.<\/p>\n\n\n\n<a class=\"product\" target=\"_blank\" href=\"https:\/\/pt.primor.eu\/pt_pt\/gillette-venus-blue-ii-plus-maquinas-de-barbear-descartaveis-148902.html\" rel=\"noopener\">\n    <img decoding=\"async\" width=\"300\" height=\"300\" loading=\"async\" src=\"https:\/\/cdnpt2.primor.eu\/media\/catalog\/product\/cache\/f3020b7489dcfc4d1d147cf4dad07b7f\/7\/1\/718cf7d6lVL._AC_SL1500__294f.jpg\" alt=\"\" title=\"\" data-pin-no-hover=\"true\">\n    <div class=\"claim\">\n        COMPRAR AGORA\n    <\/div>\n<\/a>\n","protected":false},"excerpt":{"rendered":"<p>Saber como depilar as axilas sem que apare\u00e7a aquela irrita\u00e7\u00e3o inc\u00f3moda n\u00e3o \u00e9 algo que toda a gente saiba. Existem v\u00e1rias formas de depilar as axilas e algumas podem provocar mais irrita\u00e7\u00e3o do que outras, embora haja sempre formas de reduzir a irrita\u00e7\u00e3o causada pela depila\u00e7\u00e3o. Neste artigo, contamos-te quais s\u00e3o as diferentes t\u00e9cnicas para [&hellip;]<\/p>\n","protected":false},"author":6,"featured_media":6735,"comment_status":"closed","ping_status":"closed","sticky":false,"template":"","format":"standard","meta":{"jnews-multi-image_gallery":[],"jnews_single_post":{"format":"standard"},"jnews_primary_category":[],"jnews_social_meta":[],"jnews_override_counter":[],"footnotes":""},"categories":[21],"tags":[],"class_list":["post-6734","post","type-post","status-publish","format-standard","has-post-thumbnail","hentry","category-bem-estar"],"_links":{"self":[{"href":"https:\/\/www.primor.eu\/blog\/pt\/wp-json\/wp\/v2\/posts\/6734","targetHints":{"allow":["GET"]}}],"collection":[{"href":"https:\/\/www.primor.eu\/blog\/pt\/wp-json\/wp\/v2\/posts"}],"about":[{"href":"https:\/\/www.primor.eu\/blog\/pt\/wp-json\/wp\/v2\/types\/post"}],"author":[{"embeddable":true,"href":"https:\/\/www.primor.eu\/blog\/pt\/wp-json\/wp\/v2\/users\/6"}],"replies":[{"embeddable":true,"href":"https:\/\/www.primor.eu\/blog\/pt\/wp-json\/wp\/v2\/comments?post=6734"}],"version-history":[{"count":1,"href":"https:\/\/www.primor.eu\/blog\/pt\/wp-json\/wp\/v2\/posts\/6734\/revisions"}],"predecessor-version":[{"id":6736,"href":"https:\/\/www.primor.eu\/blog\/pt\/wp-json\/wp\/v2\/posts\/6734\/revisions\/6736"}],"wp:featuredmedia":[{"embeddable":true,"href":"https:\/\/www.primor.eu\/blog\/pt\/wp-json\/wp\/v2\/media\/6735"}],"wp:attachment":[{"href":"https:\/\/www.primor.eu\/blog\/pt\/wp-json\/wp\/v2\/media?parent=6734"}],"wp:term":[{"taxonomy":"category","embeddable":true,"href":"https:\/\/www.primor.eu\/blog\/pt\/wp-json\/wp\/v2\/categories?post=6734"},{"taxonomy":"post_tag","embeddable":true,"href":"https:\/\/www.primor.eu\/blog\/pt\/wp-json\/wp\/v2\/tags?post=6734"}],"curies":[{"name":"wp","href":"https:\/\/api.w.org\/{rel}","templated":true}]}}