
{"id":6722,"date":"2026-08-25T13:08:47","date_gmt":"2026-08-25T12:08:47","guid":{"rendered":"https:\/\/www.primor.eu\/blog\/pt\/?p=6722"},"modified":"2026-08-25T13:08:48","modified_gmt":"2026-08-25T12:08:48","slug":"perfumes-formato-viagem","status":"publish","type":"post","link":"https:\/\/www.primor.eu\/blog\/pt\/perfumes-formato-viagem\/","title":{"rendered":"8 perfumes perfeitos para as tuas f\u00e9rias em formato de viagem"},"content":{"rendered":"\n<p class=\"wp-block-paragraph\">Os <a href=\"https:\/\/pt.primor.eu\/pt_pt\/perfumes-e-colonias-em-formato-viagem\" target=\"_blank\" rel=\"noopener\"><strong>perfumes em formato de viagem<\/strong><\/a> tornam a nossa vida muito mais f\u00e1cil. Certamente j\u00e1 te deparaste muitas vezes com o dilema de viajar e ter de levar um n\u00e9cessaire maior s\u00f3 para poderes levar contigo o teu perfume favorito. Ou com a dificuldade de tentar transferir um pouco do teu perfume para um frasco mais pequeno, para evitar o peso excessivo e o inc\u00f3modo de viajar com um frasco de perfume grande numa <strong>mala de m\u00e3o<\/strong>, sobretudo naquelas escapadinhas de fim de semana em que o n\u00e9cessaire acaba por ser o que mais pesa. Para que n\u00e3o tenhas de voltar a passar por isso, podes optar por perfumes em formato de viagem que te fazem sentir em casa onde quer que estejas.<\/p>\n\n\n\n<h2 class=\"wp-block-heading\">Vantagens dos perfumes em formato de viagem<\/h2>\n\n\n\n<p class=\"wp-block-paragraph\">Se pensas que a \u00fanica vantagem de comprar perfumes em formato de viagem \u00e9 ocuparem menos espa\u00e7o no teu n\u00e9cessaire do que os perfumes em formatos maiores, \u00e9 porque ainda n\u00e3o conheces todas as vantagens que te v\u00e3o fazer apaixonar definitivamente por este formato. Descobre-as:<\/p>\n\n\n\n<ul class=\"wp-block-list\">\n<li><strong>S\u00e3o pr\u00e1ticos<\/strong>: n\u00e3o s\u00f3 para viajar, mas tamb\u00e9m para levares na mala no dia a dia, caso queiras voltar a perfumar-te ao longo do dia ou se o aroma for leve e perder intensidade com o passar das horas.<\/li>\n\n\n\n<li><strong>S\u00e3o mais baratos<\/strong>: naturalmente, os perfumes em formato de viagem s\u00e3o mais econ\u00f3micos do que os de formato cl\u00e1ssico, por serem mais pequenos. Al\u00e9m disso, se escolheres uma fragr\u00e2ncia intensa, pode durar bastante tempo.<\/li>\n\n\n\n<li><strong>Cumprem as normas<\/strong>: ao escolheres perfumes em formato de viagem, evitas problemas no aeroporto relacionados com as dimens\u00f5es e quantidades permitidas, caso os leves na bagagem de m\u00e3o.<\/li>\n\n\n\n<li><strong>H\u00e1 menos risco de derrames<\/strong>: os perfumes em formato de viagem costumam ter embalagens seguras, uma vez que s\u00e3o pensados para serem transportados. Ainda assim, por serem mais pequenos, caso ocorra algum derrame no teu n\u00e9cessaire, os danos ser\u00e3o menores.<\/li>\n<\/ul>\n\n\n\n<h2 class=\"wp-block-heading\">Os melhores perfumes em formato de viagem da nossa loja<\/h2>\n\n\n\n<p class=\"wp-block-paragraph\">Agora que j\u00e1 conheces as grandes vantagens dos perfumes em formato de viagem, mostramos-te alguns dos melhores que temos dispon\u00edveis na Primor:<\/p>\n\n\n\n<h3 class=\"wp-block-heading\">Atomizador Met\u00e1lico Recarreg\u00e1vel da LA WALKIRIA<\/h3>\n\n\n\n<p class=\"wp-block-paragraph\">Recarreg\u00e1vel atrav\u00e9s de um sistema de rosca e fabricado em vidro, ajudando a conservar o teu perfume durante mais tempo. Ideal para levares na mala ou em viagem.<\/p>\n\n\n    <a class=\"product\" target=\"_blank\" href=\"https:\/\/pt.primor.eu\/pt_pt\/la-walkiria-atomizador-metalico-rellenable-84082.html\" rel=\"noopener\">\r\n        <img fetchpriority=\"high\" decoding=\"async\" width=\"300\" height=\"300\" loading=\"async\" src=\"https:\/\/cdn2.primor.eu\/media\/catalog\/product\/cache\/8d3aba296f7a18b5251ee30fa5db42b2\/8\/4\/8411375008621_7657.jpg\" alt=\"\" title=\"\">\r\n            <div class=\"claim\">\r\n                 COMPRAR AGORA            <\/div>\r\n        <\/a>\r\n    \n\n\n<h3 class=\"wp-block-heading\">Miss Dior Parfum Roller Pearl Perfume de Viagem da DIOR<\/h3>\n\n\n\n<p class=\"wp-block-paragraph\">Concebido num pr\u00e1tico formato de viagem. Este perfume permite uma aplica\u00e7\u00e3o simples e precisa gra\u00e7as \u00e0 sua esfera roller, ideal para te acompanhar a qualquer momento do dia. O Miss Dior Parfum Roller Pearl da DIOR aplica-se suavemente nos pontos de pulsa\u00e7\u00e3o, como o pesco\u00e7o, os pulsos e o decote, libertando o seu elegante aroma floral.<\/p>\n\n\n\n<a class=\"product\" target=\"_blank\" href=\"https:\/\/pt.primor.eu\/pt_pt\/dior-perfume-de-viagem-miss-dior-parfum-roller-pearl-119677.html\" rel=\"noopener\">\n    <img decoding=\"async\" width=\"300\" height=\"300\" loading=\"async\" src=\"https:\/\/cdnpt2.primor.eu\/media\/catalog\/product\/cache\/f3020b7489dcfc4d1d147cf4dad07b7f\/3\/3\/3348901709019_674a.jpg\" alt=\"\" title=\"\" data-pin-no-hover=\"true\">\n    <div class=\"claim\">\n        COMPRAR AGORA\n    <\/div>\n<\/a>\n\n\n\n<h3 class=\"wp-block-heading\">Noa EDT da CACHAREL<\/h3>\n\n\n\n<p class=\"wp-block-paragraph\">O percurso olfativo desta fragr\u00e2ncia da Cacharel come\u00e7a com uma lufada de ar fresco, proporcionada pela harmonia entre notas c\u00edtricas e refrescantes e flores brancas. Nas notas de cora\u00e7\u00e3o, encontramos uma explos\u00e3o floral que se funde com a sensualidade do Ylang Ylang, culminando num final surpreendente e duradouro, com notas doces de baunilha combinadas com a intensidade dos apontamentos amadeirados.<\/p>\n\n\n    <a class=\"product\" target=\"_blank\" href=\"https:\/\/pt.primor.eu\/pt_pt\/cacharel-noa-eau-de-toilette-111343.html?#854=66334\" rel=\"noopener\">\r\n        <img decoding=\"async\" width=\"300\" height=\"300\" loading=\"async\" src=\"https:\/\/cdn2.primor.eu\/media\/catalog\/product\/cache\/8d3aba296f7a18b5251ee30fa5db42b2\/3\/3\/3360373016334_1_1ec7.jpg\" alt=\"\" title=\"\">\r\n            <div class=\"claim\">\r\n                 COMPRAR AGORA            <\/div>\r\n        <\/a>\r\n    \n\n\n<h3 class=\"wp-block-heading\">Original Eau de Cologne Tamanho de Viagem da 4711<\/h3>\n\n\n\n<p class=\"wp-block-paragraph\">A f\u00f3rmula secreta de 4711 Original Eau de Cologne \u00e9 apreciada em todo o mundo. Cont\u00e9m notas de bergamota, lim\u00e3o e laranja, que proporcionam uma sensa\u00e7\u00e3o revitalizante. O alecrim e a lavanda conferem um efeito relaxante. O neroli, proveniente da flor de laranjeira, ajuda a proporcionar uma sensa\u00e7\u00e3o de tranquilidade e a criar um ambiente positivo.<\/p>\n\n\n    <a class=\"product\" target=\"_blank\" href=\"https:\/\/pt.primor.eu\/pt_pt\/4711-4711-edc-original-tamanho-de-viagem-51428.html\" rel=\"noopener\">\r\n        <img decoding=\"async\" width=\"300\" height=\"300\" loading=\"async\" src=\"https:\/\/cdn2.primor.eu\/media\/catalog\/product\/cache\/8d3aba296f7a18b5251ee30fa5db42b2\/4\/A\/4AF03386_1_2c97.jpg\" alt=\"\" title=\"\">\r\n            <div class=\"claim\">\r\n                 COMPRAR AGORA            <\/div>\r\n        <\/a>\r\n    \n\n\n<h3 class=\"wp-block-heading\">My Way Le Parfum Perfume de Mulher Recarreg\u00e1vel da ARMANI<\/h3>\n\n\n\n<p class=\"wp-block-paragraph\">\u00c9 um convite a uma viagem ao nosso interior, captando a sensa\u00e7\u00e3o de vitalidade que acompanha um passo em dire\u00e7\u00e3o ao desconhecido. Um bouquet floral intenso e amadeirado, nascido do contraste entre a luminosa tuberosa solar e a majestosa Iris Pallida azul, encapsulado num novo frasco de contrastes, com tons que evoluem do azul-tinta na base at\u00e9 ao rosa radiante no gargalo.<\/p>\n\n\n    <a class=\"product\" target=\"_blank\" href=\"https:\/\/pt.primor.eu\/pt_pt\/armani-my-way-le-parfum-perfume-recarregavel-112061.html?#863=67055\" rel=\"noopener\">\r\n        <img decoding=\"async\" width=\"300\" height=\"300\" loading=\"async\" src=\"https:\/\/cdn2.primor.eu\/media\/catalog\/product\/cache\/8d3aba296f7a18b5251ee30fa5db42b2\/3\/6\/3614273844673_1_14a8.jpg\" alt=\"\" title=\"\">\r\n            <div class=\"claim\">\r\n                 COMPRAR AGORA            <\/div>\r\n        <\/a>\r\n    \n\n\n<h3 class=\"wp-block-heading\">Nina Rouge Crush Eau de Parfum da NINA RICCI<\/h3>\n\n\n\n<p class=\"wp-block-paragraph\">Elaborada com 89% de ingredientes de origem natural, Nina Rouge Crush \u00e9 uma fragr\u00e2ncia vegan com uma f\u00f3rmula ecoconsciente. A sua composi\u00e7\u00e3o inclui a nota emblem\u00e1tica de Nina, o lim\u00e3o italiano suprarreciclado, uma ess\u00eancia que d\u00e1 uma nova vida aos frutos rejeitados pelo com\u00e9rcio alimentar devido ao seu aspeto ou tamanho. Do sumo \u00e0 casca e \u00e0 polpa, cada lim\u00e3o \u00e9 aproveitado na totalidade para criar uma refrescante explos\u00e3o c\u00edtrica.<\/p>\n\n\n\n<p class=\"wp-block-paragraph\">O ic\u00f3nico frasco de Nina em forma de ma\u00e7\u00e3 apresenta-se revestido por uma brilhante laca vermelho-cereja, com uma dentada em vermelho-escuro, e decorado com um pequeno cord\u00e3o vermelho. No interior da caixa encontra-se escondida uma obra de arte exclusiva da artista Jeanine Brito, dando continuidade \u00e0 sua colabora\u00e7\u00e3o com a maison ap\u00f3s o seu trabalho com o diretor art\u00edstico da NINA RICCI, Harris Reed.<\/p>\n\n\n\n<a class=\"product\" target=\"_blank\" href=\"https:\/\/pt.primor.eu\/pt_pt\/nina-ricci-nina-rouge-crush-eau-de-parfum-124575.html\" rel=\"noopener\">\n    <img decoding=\"async\" width=\"300\" height=\"300\" loading=\"async\" src=\"https:\/\/cdnpt2.primor.eu\/media\/catalog\/product\/cache\/f3020b7489dcfc4d1d147cf4dad07b7f\/3\/1\/3137370363125_d123.jpg\" alt=\"\" title=\"\" data-pin-no-hover=\"true\">\n    <div class=\"claim\">\n        COMPRAR AGORA\n    <\/div>\n<\/a>\n\n\n\n<h3 class=\"wp-block-heading\">Libre L'Eau Nue Perfume de Mulher da YVES SAINT LAURENT<\/h3>\n\n\n\n<p class=\"wp-block-paragraph\">Combina citrinos, como a tangerina verde e a bergamota da Cal\u00e1bria, com flor de laranjeira proveniente dos Jardins Comunit\u00e1rios de Ourika. Esta combina\u00e7\u00e3o transforma o perfume de mulher Libre L'Eau Nue numa fragr\u00e2ncia vers\u00e1til, adequada para o uso di\u00e1rio, com uma textura que se funde com a pele sem deixar res\u00edduos.<\/p>\n\n\n\n<a class=\"product\" target=\"_blank\" href=\"https:\/\/pt.primor.eu\/pt_pt\/yves-saint-laurent-libre-l-eau-nue-parfum-124055.html\" rel=\"noopener\">\n    <img decoding=\"async\" width=\"300\" height=\"300\" loading=\"async\" src=\"https:\/\/cdnpt2.primor.eu\/media\/catalog\/product\/cache\/f3020b7489dcfc4d1d147cf4dad07b7f\/3\/6\/3614274293845_1_bb12.jpg\" alt=\"\" title=\"\" data-pin-no-hover=\"true\">\n    <div class=\"claim\">\n        COMPRAR AGORA\n    <\/div>\n<\/a>\n\n\n\n<h3 class=\"wp-block-heading\">Paradoxe Radical Essence Parfum da PRADA<\/h3>\n\n\n\n<p class=\"wp-block-paragraph\">Paradoxe Radical Essence da PRADA \u00e9 a reinterpreta\u00e7\u00e3o mais ousada e sofisticada da ic\u00f3nica fragr\u00e2ncia feminina Paradoxe. Uma ess\u00eancia floral e ambarada que se transforma numa experi\u00eancia gourmand \u00fanica, envolvente e profundamente viciante.<\/p>\n\n\n\n<p class=\"wp-block-paragraph\"><strong>Uma nova dimens\u00e3o olfativa.<\/strong> Este perfume eleva o car\u00e1ter sensual e moderno da fragr\u00e2ncia original atrav\u00e9s de uma combina\u00e7\u00e3o surpreendente de ingredientes reinventados pelos reconhecidos perfumistas Nad\u00e8ge Le Garlantezec, Shyamala Maisondieu e Antoine Maisondieu.<\/p>\n\n\n\n<a class=\"product\" target=\"_blank\" href=\"https:\/\/pt.primor.eu\/pt_pt\/prada-paradoxe-radical-essence-parfum-129379.html\" rel=\"noopener\">\n    <img decoding=\"async\" width=\"300\" height=\"300\" loading=\"async\" src=\"https:\/\/cdnpt2.primor.eu\/media\/catalog\/product\/cache\/f3020b7489dcfc4d1d147cf4dad07b7f\/3\/6\/3614274305388_1_6293.jpg\" alt=\"\" title=\"\" data-pin-no-hover=\"true\">\n    <div class=\"claim\">\n        COMPRAR AGORA\n    <\/div>\n<\/a>\n","protected":false},"excerpt":{"rendered":"<p>Os perfumes em formato de viagem tornam a nossa vida muito mais f\u00e1cil. Certamente j\u00e1 te deparaste muitas vezes com o dilema de viajar e ter de levar um n\u00e9cessaire maior s\u00f3 para poderes levar contigo o teu perfume favorito. Ou com a dificuldade de tentar transferir um pouco do teu perfume para um frasco [&hellip;]<\/p>\n","protected":false},"author":6,"featured_media":6723,"comment_status":"closed","ping_status":"closed","sticky":false,"template":"","format":"standard","meta":{"jnews-multi-image_gallery":[],"jnews_single_post":{"format":"standard"},"jnews_primary_category":[],"jnews_social_meta":[],"jnews_override_counter":[],"footnotes":""},"categories":[1],"tags":[],"class_list":["post-6722","post","type-post","status-publish","format-standard","has-post-thumbnail","hentry","category-sin-categoria"],"_links":{"self":[{"href":"https:\/\/www.primor.eu\/blog\/pt\/wp-json\/wp\/v2\/posts\/6722","targetHints":{"allow":["GET"]}}],"collection":[{"href":"https:\/\/www.primor.eu\/blog\/pt\/wp-json\/wp\/v2\/posts"}],"about":[{"href":"https:\/\/www.primor.eu\/blog\/pt\/wp-json\/wp\/v2\/types\/post"}],"author":[{"embeddable":true,"href":"https:\/\/www.primor.eu\/blog\/pt\/wp-json\/wp\/v2\/users\/6"}],"replies":[{"embeddable":true,"href":"https:\/\/www.primor.eu\/blog\/pt\/wp-json\/wp\/v2\/comments?post=6722"}],"version-history":[{"count":1,"href":"https:\/\/www.primor.eu\/blog\/pt\/wp-json\/wp\/v2\/posts\/6722\/revisions"}],"predecessor-version":[{"id":6724,"href":"https:\/\/www.primor.eu\/blog\/pt\/wp-json\/wp\/v2\/posts\/6722\/revisions\/6724"}],"wp:featuredmedia":[{"embeddable":true,"href":"https:\/\/www.primor.eu\/blog\/pt\/wp-json\/wp\/v2\/media\/6723"}],"wp:attachment":[{"href":"https:\/\/www.primor.eu\/blog\/pt\/wp-json\/wp\/v2\/media?parent=6722"}],"wp:term":[{"taxonomy":"category","embeddable":true,"href":"https:\/\/www.primor.eu\/blog\/pt\/wp-json\/wp\/v2\/categories?post=6722"},{"taxonomy":"post_tag","embeddable":true,"href":"https:\/\/www.primor.eu\/blog\/pt\/wp-json\/wp\/v2\/tags?post=6722"}],"curies":[{"name":"wp","href":"https:\/\/api.w.org\/{rel}","templated":true}]}}