
{"id":6461,"date":"2026-04-29T15:49:10","date_gmt":"2026-04-29T14:49:10","guid":{"rendered":"https:\/\/www.primor.eu\/blog\/pt\/?p=6461"},"modified":"2026-04-30T13:15:50","modified_gmt":"2026-04-30T12:15:50","slug":"revisao-produtos-antes-verao","status":"publish","type":"post","link":"https:\/\/www.primor.eu\/blog\/pt\/revisao-produtos-antes-verao\/","title":{"rendered":"Os 5 produtos que deves rever (e talvez deitar fora) antes de chegar o ver\u00e3o"},"content":{"rendered":"\n<p>H\u00e1 uma energia muito especial quando o ver\u00e3o se aproxima. Sentes isso no ar, na tua roupa, no teu estado de esp\u00edrito. Queres sol, pele leve, planos improvisados. Mas sejamos sinceras\u2026 j\u00e1 olhaste ultimamente para o fundo da tua bolsa de toilette? Sim, aquela gaveta de cremes que prometeste organizar. Aquela prateleira com protetores solares do ano passado. Aquele batom que adoras, mas que j\u00e1 tem um cheiro um pouco estranho.<\/p>\n\n\n\n<p>Neste artigo da Primor, vimos ajudar-te a fazer uma limpeza. Aqui tens os produtos que deves rever (e talvez deitar fora) antes de chegar o ver\u00e3o. Porque o que passa do prazo n\u00e3o s\u00f3 perde efic\u00e1cia\u2026 tamb\u00e9m pode prejudicar a tua pele. E tu mereces apenas aquilo que cuida de ti de verdade.<\/p>\n\n\n\n<h2 class=\"wp-block-heading\">Que produtos rever no ver\u00e3o<\/h2>\n\n\n\n<h3 class=\"wp-block-heading\">1\/ Protetores solares: a data importa mesmo<\/h3>\n\n\n\n<p>Se h\u00e1 algo que n\u00e3o deves usar fora de prazo, \u00e9 o protetor solar. Perde efic\u00e1cia, e isso significa que n\u00e3o te protege. Al\u00e9m disso, as f\u00f3rmulas podem alterar-se e causar irrita\u00e7\u00e3o. Abriste-o no ver\u00e3o passado? Rev\u00ea-o. Se tiver um cheiro estranho, uma cor diferente ou estiver aberto h\u00e1 mais de 12 meses\u2026 adeus.<\/p>\n\n\n\n<p>Dica extra: aproveita para investir num que gostes tanto que te apete\u00e7a us\u00e1-lo todos os dias. Com textura leve, r\u00e1pida absor\u00e7\u00e3o e acabamento invis\u00edvel. A tua pele vai agradecer-te todas as manh\u00e3s.<\/p>\n\n\n\n<h3 class=\"wp-block-heading\">2\/ Bases de maquilhagem e corretores: mais de um ano, m\u00e1 ideia<\/h3>\n\n\n\n<p>O calor e o suor n\u00e3o s\u00e3o os melhores amigos da maquilhagem fora de prazo. Se a tua base est\u00e1 aberta h\u00e1 mais de 12 meses (ou at\u00e9 menos, dependendo da embalagem), pode oxidar, ficar mais espessa ou alterar o cheiro. O mesmo acontece com os corretores l\u00edquidos.<\/p>\n\n\n\n<p>Como saber se est\u00e1 em mau estado? Tem um cheiro estranho, os ingredientes separaram-se ou j\u00e1 n\u00e3o se aplica como antes. N\u00e3o hesites: deita fora. E aproveita para apostar numa base mais leve, com acabamento glow e SPF. Porque no ver\u00e3o, menos \u00e9 mais.<\/p>\n\n\n\n<h3 class=\"wp-block-heading\">3\/ Cremes e s\u00e9runs: fora de prazo \u2260 eficaz<\/h3>\n\n\n\n<p>A tua pele muda com as esta\u00e7\u00f5es. E os teus cremes tamb\u00e9m. Mas antes de incorporares novos produtos para o calor, rev\u00ea os que j\u00e1 tens. Os s\u00e9runs com vitamina C perdem pot\u00eancia se oxidarem (ficam castanhos), e os cremes que est\u00e3o abertos h\u00e1 meses podem ter perdido a efic\u00e1cia.<\/p>\n\n\n\n<p>O melhor? Verifica o PAO (o s\u00edmbolo do boi\u00e3o aberto) e, se n\u00e3o te lembras de quando o abriste\u2026 talvez esteja na hora de o deixar ir. A tua pele merece o fresco. O vivo. O novo.<\/p>\n\n\n\n<h3 class=\"wp-block-heading\">4\/ Batons, m\u00e1scaras de pestanas e l\u00e1pis: cheiram mal, v\u00e3o fora<\/h3>\n\n\n\n<p>Os produtos para olhos e l\u00e1bios s\u00e3o especialmente delicados. Uma m\u00e1scara de pestanas deve ser renovada a cada 3-6 meses. Se a notas seca, com grumos ou com um cheiro estranho\u2026 fora. Os batons e glosses podem durar mais, mas se a textura mudou ou o cheiro j\u00e1 n\u00e3o \u00e9 o mesmo, n\u00e3o arrisques.<\/p>\n\n\n\n<p>Torna o momento bonito: organiza a tua cole\u00e7\u00e3o, limpa os teus pinc\u00e9is, redescobre tons esquecidos\u2026 e deita fora sem culpa aquilo que j\u00e1 n\u00e3o te d\u00e1 alegria. Isso tamb\u00e9m \u00e9 beleza.<\/p>\n\n\n\n<h3 class=\"wp-block-heading\">5\/ Vernizes e produtos corporais esquecidos<\/h3>\n\n\n\n<p>Tens aquele verniz que n\u00e3o abres desde 2021? Est\u00e1 na hora de lhe dizer adeus. Se est\u00e1 seco, espesso ou cheio de grumos, n\u00e3o vai melhorar. E o mesmo se aplica a cremes corporais, esfoliantes ou \u00f3leos que est\u00e3o abertos h\u00e1 demasiado tempo.<\/p>\n\n\n\n<p>Abre espa\u00e7o: faz uma limpeza e deixa apenas aquilo que usas de verdade. E, para te motivares, estreia um hidratante com cheiro a ver\u00e3o ou um esfoliante com sal marinho. O teu duche vai transformar-se num ritual.<\/p>\n","protected":false},"excerpt":{"rendered":"<p>H\u00e1 uma energia muito especial quando o ver\u00e3o se aproxima. Sentes isso no ar, na tua roupa, no teu estado de esp\u00edrito. Queres sol, pele leve, planos improvisados. Mas sejamos sinceras\u2026 j\u00e1 olhaste ultimamente para o fundo da tua bolsa de toilette? Sim, aquela gaveta de cremes que prometeste organizar. Aquela prateleira com protetores solares [&hellip;]<\/p>\n","protected":false},"author":6,"featured_media":6462,"comment_status":"closed","ping_status":"closed","sticky":false,"template":"","format":"standard","meta":{"jnews-multi-image_gallery":[],"jnews_single_post":{"format":"standard"},"jnews_primary_category":[],"jnews_social_meta":[],"jnews_override_counter":[],"footnotes":""},"categories":[4],"tags":[],"class_list":["post-6461","post","type-post","status-publish","format-standard","has-post-thumbnail","hentry","category-cosmetica"],"_links":{"self":[{"href":"https:\/\/www.primor.eu\/blog\/pt\/wp-json\/wp\/v2\/posts\/6461","targetHints":{"allow":["GET"]}}],"collection":[{"href":"https:\/\/www.primor.eu\/blog\/pt\/wp-json\/wp\/v2\/posts"}],"about":[{"href":"https:\/\/www.primor.eu\/blog\/pt\/wp-json\/wp\/v2\/types\/post"}],"author":[{"embeddable":true,"href":"https:\/\/www.primor.eu\/blog\/pt\/wp-json\/wp\/v2\/users\/6"}],"replies":[{"embeddable":true,"href":"https:\/\/www.primor.eu\/blog\/pt\/wp-json\/wp\/v2\/comments?post=6461"}],"version-history":[{"count":1,"href":"https:\/\/www.primor.eu\/blog\/pt\/wp-json\/wp\/v2\/posts\/6461\/revisions"}],"predecessor-version":[{"id":6463,"href":"https:\/\/www.primor.eu\/blog\/pt\/wp-json\/wp\/v2\/posts\/6461\/revisions\/6463"}],"wp:featuredmedia":[{"embeddable":true,"href":"https:\/\/www.primor.eu\/blog\/pt\/wp-json\/wp\/v2\/media\/6462"}],"wp:attachment":[{"href":"https:\/\/www.primor.eu\/blog\/pt\/wp-json\/wp\/v2\/media?parent=6461"}],"wp:term":[{"taxonomy":"category","embeddable":true,"href":"https:\/\/www.primor.eu\/blog\/pt\/wp-json\/wp\/v2\/categories?post=6461"},{"taxonomy":"post_tag","embeddable":true,"href":"https:\/\/www.primor.eu\/blog\/pt\/wp-json\/wp\/v2\/tags?post=6461"}],"curies":[{"name":"wp","href":"https:\/\/api.w.org\/{rel}","templated":true}]}}