
{"id":5938,"date":"2025-10-29T09:00:00","date_gmt":"2025-10-29T09:00:00","guid":{"rendered":"https:\/\/www.primor.eu\/blog\/pt\/?p=5938"},"modified":"2026-01-29T09:04:35","modified_gmt":"2026-01-29T09:04:35","slug":"singles-day","status":"publish","type":"post","link":"https:\/\/www.primor.eu\/blog\/pt\/singles-day\/","title":{"rendered":"Singles\u2019 Day 2026: 15 produtos com desconto para o 11\/11"},"content":{"rendered":"\n<p>O dia 11 de novembro celebra-se o j\u00e1 famoso<strong> <em>Singles Day<\/em><\/strong> (ou Dia Mundial do Solteiro). Um dia para celebrares o amor-pr\u00f3prio e a individualidade de seres quem \u00e9s. Mas, sabes de onde vem esta data? O que se celebra exatamente e que produtos e tratamentos vais poder encontrar com desconto? Hoje contamos-te tudo (e mais).<\/p>\n\n\n\n<h2 class=\"wp-block-heading\">O que \u00e9 o Singles\u2019 Day e o que se celebra?<\/h2>\n\n\n\n<p>O <em>Singles Day<\/em>, ou Dia do Solteiro, \u00e9 o oposto do Dia dos Namorados. Esta celebra\u00e7\u00e3o global tem origem na China, quando um grupo de estudantes decidiu criar um dia para se libertar do stress e da press\u00e3o de n\u00e3o ter um par rom\u00e2ntico. Porque se os apaixonados t\u00eam um dia s\u00f3 para eles, porque n\u00e3o tamb\u00e9m os solteiros?<\/p>\n\n\n\n<p>Atualmente, esta data \u00e9 a antec\u00e2mara de grandes promo\u00e7\u00f5es como a <em>Black Friday<\/em> e a <em>Cyber Monday<\/em>. E cada vez mais pessoas aproveitam o dia para adiantar compras, procurar os melhores descontos e garantir os seus favoritos a pre\u00e7os imbat\u00edveis.<\/p>\n\n\n\n<h2 class=\"wp-block-heading\">Quando \u00e9 o Singles\u2019 Day 2026?<\/h2>\n\n\n\n<p>O Dia do Solteiro celebra-se todos os anos a 11 de novembro. Uma data simb\u00f3lica, j\u00e1 que o n\u00famero 1 representa a individualidade na cultura chinesa. Esta celebra\u00e7\u00e3o pretende aliviar um pouco o peso do Dia dos Namorados, reduzindo o stress que muitos solteiros sentem devido \u00e0 press\u00e3o social para ter um relacionamento.<\/p>\n\n\n\n<p>Em 2026, o Singles\u2019 Day calha a um s\u00e1bado, dia 11. Uma data perfeita recheada de descontos e promo\u00e7\u00f5es para cuidares da tua pessoa favorita: tu!<\/p>\n\n\n\n<h2 class=\"wp-block-heading\">Singles Day em Portugal<\/h2>\n\n\n\n<p>Sabias que o Singles\u2019 Day est\u00e1 a ganhar cada vez mais destaque em Portugal? A cada ano, mais pessoas aproveitam esta data para se mimarem com os seus produtos favoritos, e claro, com grandes descontos!<\/p>\n\n\n\n<p>Por isso mesmo, na Primor queremos ajudar-te a celebrar o teu dia como mereces: com milhares de produtos de beleza das tuas marcas favoritas com descontos incr\u00edveis. <a href=\"https:\/\/www.primor.eu\/pt_pt\/perfumes-de-mulher\">Perfumes para mulher<\/a> e para <a href=\"https:\/\/www.primor.eu\/pt_pt\/perfumes-homem\">homem<\/a>, <a href=\"https:\/\/www.primor.eu\/pt_pt\/maquilhagem-luxo\">maquilhagem<\/a>, <a href=\"https:\/\/www.primor.eu\/pt_pt\/cosmeticos-de-luxo\">cuidados antienvelhecimento<\/a>,<a href=\"https:\/\/www.primor.eu\/pt_pt\/tratamentos-corporais\"> tratamentos corporais<\/a> e <a href=\"https:\/\/www.primor.eu\/pt_pt\/produtos-cabelo\">produtos para o cabelo<\/a>, tudo a pre\u00e7os absolutamente irresist\u00edveis!<\/p>\n\n\n\n<h2 class=\"wp-block-heading\">Como aproveitar as melhores promo\u00e7\u00f5es do Singles\u2019 Day 2026?<\/h2>\n\n\n\n<p>Se queres garantir os melhores descontos do Dia do Solteiro e poupar nas tuas compras, segue estas dicas:<\/p>\n\n\n\n<ul class=\"wp-block-list\">\n<li><strong>Prepara o teu carrinho com anteced\u00eancia.<\/strong> Assim n\u00e3o te esqueces de nenhum dos teus favoritos e consegues finalizar a compra mais r\u00e1pido.<br><\/li>\n\n\n\n<li><strong>V\u00ea os produtos sugeridos.<\/strong> As melhores promo\u00e7\u00f5es do Singles\u2019 Day est\u00e3o mesmo aqui.<br><\/li>\n\n\n\n<li><strong>Segue-nos nas redes sociais e subscreve a nossa newsletter<\/strong> para n\u00e3o perderes nenhuma surpresa.<\/li>\n<\/ul>\n\n\n\n<h2 class=\"wp-block-heading\">15 produtos com desconto para celebrar o 11\/11:<\/h2>\n\n\n\n<p><strong>Ouvimos \u201cDia Mundial do Solteiro\u201d?<\/strong> Celebra a tua individualidade, ou a de quem quiseres, com um mimo mais do que merecido. Espreita a nossa sele\u00e7\u00e3o de favoritos:<\/p>\n\n\n        <product-table class=\"pr-slider\">\r\n            <product-headers class=\"grid-table-rows\">\r\n                <div>Foto<\/div>\r\n                <div>Produto<\/div>\r\n                <div>Marca<\/div>\r\n                <div>Avalia\u00e7\u00f5es<\/div>\r\n                <div>Pre\u00e7o<\/div>\r\n            <\/product-headers>\r\n\r\n            <product-list>\r\n                                    <a href=\"https:\/\/www.primor.eu\/pt_pt\/yves-saint-laurent-absolu-platine-edp-gratuito-112128.html?#863=67139\" class=\"product-item grid-table-rows\" target=\"_blank\">\r\n                        <div>\r\n                            <img decoding=\"async\" class=\"product-img\" width=\"80px\" height=\"80px\" src=\"https:\/\/cdn2.primor.eu\/media\/catalog\/product\/cache\/8d3aba296f7a18b5251ee30fa5db42b2\/3\/6\/3614273923859_1_38b0.jpg\" alt=\"\" title=\"\">\r\n                        <\/div>\r\n\r\n                        <!-- Contenido de producto  -->\r\n                        <div>\r\n                            <div class=\"product-position\">\r\n                                #1 Mais Vendidos                            <\/div>\r\n\r\n                            <h2>\r\n                                Libre Absolu Platine Eau de ParfumnM-0MR22807                            <\/h2>\r\n                        <\/div>\r\n\r\n                        <!-- Imagen y\/o nombre de la marca -->\r\n                        <div>\r\n                                                            <img decoding=\"async\" width=\"70\" src=\"https:\/\/www.primor.eu\/media\/catalog\/category\/yves.png\" alt=\"\" title=\"\">\r\n                                                    <\/div>\r\n\r\n                        <!-- Puntuaci\u00f3n del producto  -->\r\n                        <div class=\"rating\">\r\n                                                            <div class=\"rate\" style=\"--p:96;\"><\/div>\r\n                                <b>4.8\/5<\/b>\r\n                                <div class=\"rate-stars\">\r\n                                                                            <div\r\n                                            class=\"rate-star  \">\r\n                                        <\/div>\r\n                                                                            <div\r\n                                            class=\"rate-star  \">\r\n                                        <\/div>\r\n                                                                            <div\r\n                                            class=\"rate-star  \">\r\n                                        <\/div>\r\n                                                                            <div\r\n                                            class=\"rate-star  \">\r\n                                        <\/div>\r\n                                                                            <div\r\n                                            class=\"rate-star  \">\r\n                                        <\/div>\r\n                                                                    <\/div>\r\n                                                    <\/div>\r\n\r\n                        <!-- Bot\u00f3n de producto  -->\r\n                        <div>\r\n                            <span class=\"price-claim\">\r\n                                VER PRE\u00c7O                            <\/span>\r\n                        <\/div>\r\n                    <\/a>\r\n                            <\/product-list>\r\n        <\/product-table>\r\n\r\n        \n\n\n<h3 class=\"wp-block-heading\">Yves Saint Laurent Libre Absolu Platine Eau de Parfum<\/h3>\n\n\n\n<p>A mais recente novidade da marca que une dois dos materiais mais preciosos do mundo: o ouro e o platina. Uma intensidade in\u00e9dita que combina o frescor mentolado da lavanda francesa com a sensualidade da laranja de Marrocos.<\/p>\n\n\n    <a class='product' target='_blank' href='https:\/\/www.primor.eu\/pt_pt\/yves-saint-laurent-absolu-platine-edp-gratuito-112128.html?#863=67139'>\r\n        <img fetchpriority=\"high\" decoding=\"async\" width=\"300\" height=\"300\" loading=\"async\" src=\"https:\/\/cdn2.primor.eu\/media\/catalog\/product\/cache\/8d3aba296f7a18b5251ee30fa5db42b2\/3\/6\/3614273923859_1_38b0.jpg\" alt=\"\" title=\"\">\r\n            <div class=\"claim\">\r\n                 COMPRAR AGORA            <\/div>\r\n        <\/a>\r\n    \n\n\n<h2 class=\"wp-block-heading\">Lanc\u00f4me Base de maquilhagem Teint Idole Ultra Wear Care &amp; Glow<\/h2>\n\n\n\n<p>A <strong>base<\/strong> de maquilhagem em s\u00e9rum proporciona uma cobertura m\u00e9dia que real\u00e7a as suas caracter\u00edsticas, captando naturalmente a luz. Com 82% de s\u00e9rum potenciador da luminosidade, incluindo \u00e1cido hialur\u00f3nico hidratante e \u00e1cido mand\u00e9lico aperfei\u00e7oador, oferece uma hidrata\u00e7\u00e3o cont\u00ednua e uma verdadeira luminosidade.<\/p>\n\n\n    <a class='product' target='_blank' href='https:\/\/www.primor.eu\/pt_pt\/lancome-base-de-maquilhagem-teint-idole-ultra-wear-care-and-glow-110138.html?#803=50147'>\r\n        <img decoding=\"async\" width=\"300\" height=\"300\" loading=\"async\" src=\"https:\/\/cdn2.primor.eu\/media\/catalog\/product\/cache\/8d3aba296f7a18b5251ee30fa5db42b2\/0\/M\/0MR22800_1_6113.jpg\" alt=\"\" title=\"\">\r\n            <div class=\"claim\">\r\n                 COMPRAR AGORA            <\/div>\r\n        <\/a>\r\n    \n\n\n<h3 class=\"wp-block-heading\">Shiseido Antirrugas Benefiance Wrinkle Smoothing Day Cream SPF25<\/h3>\n\n\n\n<p>Um cuidado de dia com textura sedosa e suave. Une avan\u00e7os cient\u00edficos em fisiologia cut\u00e2nea com inova\u00e7\u00f5es em neuroci\u00eancia. Formulada com ingredientes de \u00faltima gera\u00e7\u00e3o, regenera a pele, reduz rugas e restaura a hidrata\u00e7\u00e3o.<br><\/p>\n\n\n    <a class='product' target='_blank' href='https:\/\/www.primor.eu\/pt_pt\/shiseido-creme-de-dia-anti-rugas-benefiance-suavizante-de-rugas-spf25-15521.html'>\r\n        <img decoding=\"async\" width=\"300\" height=\"300\" loading=\"async\" src=\"https:\/\/cdn2.primor.eu\/media\/catalog\/product\/cache\/8d3aba296f7a18b5251ee30fa5db42b2\/0\/T\/0TF16413_1_ae18.jpg\" alt=\"\" title=\"\">\r\n            <div class=\"claim\">\r\n                 COMPRAR AGORA            <\/div>\r\n        <\/a>\r\n    \n\n\n<h3 class=\"wp-block-heading\">Yves Saint Laurent YSL Myslf Eau de Parfum Recarreg\u00e1vel<\/h3>\n\n\n\n<p>A nova fragr\u00e2ncia masculina da YSL come\u00e7a com um acorde fresco e vibrante de bergamota da Cal\u00e1bria. No cora\u00e7\u00e3o, absoluto de flor de laranjeira da Tun\u00edsia. E na base, um fundo amadeirado com patchouli da Indon\u00e9sia e Ambrofix\u2122.<\/p>\n\n\n    <a class='product' target='_blank' href='https:\/\/www.primor.eu\/pt_pt\/yves-saint-laurent-myslf-eau-de-parfum-recarregavel-112559.html?#863=71114'>\r\n        <img decoding=\"async\" width=\"300\" height=\"300\" loading=\"async\" src=\"https:\/\/cdn2.primor.eu\/media\/catalog\/product\/cache\/8d3aba296f7a18b5251ee30fa5db42b2\/1\/_\/1_01d8.JPG\" alt=\"\" title=\"\">\r\n            <div class=\"claim\">\r\n                 COMPRAR AGORA            <\/div>\r\n        <\/a>\r\n    \n\n\n<h3 class=\"wp-block-heading\">Lanc\u00f4me La Vie Est Belle Eau de Parfum Recarga<\/h3>\n\n\n\n<p>Uma ode \u00e0 vida, \u00e0 feminilidade e ao romantismo. Une notas frutadas surpreendentes com um cora\u00e7\u00e3o floral e uma base quente e envolvente. Um aroma inesquec\u00edvel para mulheres confiantes.<\/p>\n\n\n    <a class='product' target='_blank' href='https:\/\/www.primor.eu\/pt_pt\/lancome-lancome-la-vie-est-belle-eau-de-parfum-perfume-mulher-recarga-60096.html'>\r\n        <img decoding=\"async\" width=\"300\" height=\"300\" loading=\"async\" src=\"https:\/\/cdn2.primor.eu\/media\/catalog\/product\/cache\/8d3aba296f7a18b5251ee30fa5db42b2\/1\/_\/1_8f7f.JPG\" alt=\"\" title=\"\">\r\n            <div class=\"claim\">\r\n                 COMPRAR AGORA            <\/div>\r\n        <\/a>\r\n    \n\n\n<h3 class=\"wp-block-heading\">Cacharel Amor Amor Eau de Toilette<\/h3>\n\n\n\n<p>Uma fragr\u00e2ncia que capta a paix\u00e3o atrav\u00e9s de uma combina\u00e7\u00e3o harmoniosa de notas c\u00edtricas, frutadas e florais. Uma experi\u00eancia sensorial doce, quente e com toques de baunilha.<\/p>\n\n\n    <a class='product' target='_blank' href='https:\/\/www.primor.eu\/pt_pt\/cacharel-amor-amor-eau-de-toilette-111347.html?#854=66334'>\r\n        <img decoding=\"async\" width=\"300\" height=\"300\" loading=\"async\" src=\"https:\/\/cdn2.primor.eu\/media\/catalog\/product\/cache\/8d3aba296f7a18b5251ee30fa5db42b2\/3\/3\/3360373063697_1_37c6.jpg\" alt=\"\" title=\"\">\r\n            <div class=\"claim\">\r\n                 COMPRAR AGORA            <\/div>\r\n        <\/a>\r\n    \n\n\n<h3 class=\"wp-block-heading\">Kiehl's Creamy Eye Treatment with Avocado<\/h3>\n\n\n\n<p>Formulado com \u00f3leo de abacate e manteiga de karit\u00e9, este creme hidrata suavemente a zona das olheiras. Textura rica e cremosa, de r\u00e1pida absor\u00e7\u00e3o e adequada para todos os tipos de pele.<\/p>\n\n\n    <a class='product' target='_blank' href='https:\/\/www.primor.eu\/pt_pt\/kiehl-s-creme-hidratante-para-contorno-de-olhos-106309.html?#854=66582'>\r\n        <img decoding=\"async\" width=\"300\" height=\"300\" loading=\"async\" src=\"https:\/\/cdn2.primor.eu\/media\/catalog\/product\/cache\/8d3aba296f7a18b5251ee30fa5db42b2\/0\/T\/0TF21233_1_41fb.jpg\" alt=\"\" title=\"\">\r\n            <div class=\"claim\">\r\n                 COMPRAR AGORA            <\/div>\r\n        <\/a>\r\n    \n\n\n<h3 class=\"wp-block-heading\">Jean Paul Gaultier Gaultier Divine Eau de Parfum<\/h3>\n\n\n\n<p>A nova fragr\u00e2ncia feminina de Gaultier celebra a diversidade e a coragem da mulher com um bouquet floral e um doce toque de merengue. Um perfume escandalosamente sensual.<\/p>\n\n\n    <a class='product' target='_blank' href='https:\/\/www.primor.eu\/pt_pt\/jean-paul-gaultier-gaultier-divine-eau-de-parfum-112142.html?#854=66333'>\r\n        <img decoding=\"async\" width=\"300\" height=\"300\" loading=\"async\" src=\"https:\/\/cdn2.primor.eu\/media\/catalog\/product\/cache\/8d3aba296f7a18b5251ee30fa5db42b2\/8\/4\/8435415076838_0_4821.jpg\" alt=\"\" title=\"\">\r\n            <div class=\"claim\">\r\n                 COMPRAR AGORA            <\/div>\r\n        <\/a>\r\n    \n\n\n<h3 class=\"wp-block-heading\">MAC Squirt Plumping Gloss Stick Gloss and Colour<\/h3>\n\n\n\n<p>O gloss em stick de que todos falam. D\u00e1 volume e cor imediata aos l\u00e1bios com uma f\u00f3rmula hidratante que n\u00e3o cola. Tons que se fundem naturalmente com a tua pele.<\/p>\n\n\n    <a class='product' target='_blank' href='https:\/\/www.primor.eu\/pt_pt\/mac-squirt-plumping-gloss-stick-gloss-and-colour-balsamo-108631.html?#803=80729'>\r\n        <img decoding=\"async\" width=\"300\" height=\"300\" loading=\"async\" src=\"https:\/\/cdn2.primor.eu\/media\/catalog\/product\/cache\/8d3aba296f7a18b5251ee30fa5db42b2\/7\/7\/773602692156_1_49d7.jpg\" alt=\"\" title=\"\">\r\n            <div class=\"claim\">\r\n                 COMPRAR AGORA            <\/div>\r\n        <\/a>\r\n    \n\n\n<h3 class=\"wp-block-heading\">Escada Show Me Love Eau de Parfum<\/h3>\n\n\n\n<p>Atrevida e provocadora. Esta fragr\u00e2ncia combina a sucul\u00eancia do arando com a sensualidade do jasmim para criar um perfume magn\u00e9tico e envolvente.<\/p>\n\n\n    <a class='product' target='_blank' href='https:\/\/www.primor.eu\/pt_pt\/escada-show-me-love-eau-de-parfum-112040.html?#854=66334'>\r\n        <img decoding=\"async\" width=\"300\" height=\"300\" loading=\"async\" src=\"https:\/\/cdn2.primor.eu\/media\/catalog\/product\/cache\/8d3aba296f7a18b5251ee30fa5db42b2\/4\/A\/4AF07649_1_61ca.jpg\" alt=\"\" title=\"\">\r\n            <div class=\"claim\">\r\n                 COMPRAR AGORA            <\/div>\r\n        <\/a>\r\n    \n\n\n<h3 class=\"wp-block-heading\">Lanc\u00f4me R\u00e9nergie H.C.F. Triple Serum<\/h3>\n\n\n\n<p>Com 3 dermoativos poderosos, atua camada a camada: melhora o volume, reduz linhas de express\u00e3o e minimiza manchas.<\/p>\n\n\n    <a class='product' target='_blank' href='https:\/\/www.primor.eu\/pt_pt\/lancome-lancome-renergie-h-c-f-triple-serum-113847.html?#854=66330'>\r\n        <img decoding=\"async\" width=\"300\" height=\"300\" loading=\"async\" src=\"https:\/\/cdn2.primor.eu\/media\/catalog\/product\/cache\/8d3aba296f7a18b5251ee30fa5db42b2\/3\/6\/3614272860377_1_75ea.jpg\" alt=\"\" title=\"\">\r\n            <div class=\"claim\">\r\n                 COMPRAR AGORA            <\/div>\r\n        <\/a>\r\n    \n\n\n<h3 class=\"wp-block-heading\">Est\u00e9e Lauder S\u00e9rum Anti-Idade Advanced Night Repair<\/h3>\n\n\n\n<p>Um s\u00e9rum noturno que estimula a produ\u00e7\u00e3o de colag\u00e9nio e elastina enquanto fortalece as c\u00e9lulas saud\u00e1veis da pele. Com \u00e1cido hialur\u00f3nico para hidrata\u00e7\u00e3o de at\u00e9 72h. Pele mais jovem e luminosa em 3 semanas.<\/p>\n\n\n    <a class='product' target='_blank' href='https:\/\/www.primor.eu\/pt_pt\/estee-lauder-serum-advanced-night-repair-106279.html?#854=66330'>\r\n        <img decoding=\"async\" width=\"300\" height=\"300\" loading=\"async\" src=\"https:\/\/cdn2.primor.eu\/media\/catalog\/product\/cache\/8d3aba296f7a18b5251ee30fa5db42b2\/0\/T\/0TF18833_1_ca29.jpg\" alt=\"\" title=\"\">\r\n            <div class=\"claim\">\r\n                 COMPRAR AGORA            <\/div>\r\n        <\/a>\r\n    \n\n\n<h3 class=\"wp-block-heading\">Carolina Herrera Good Girl Eau de Parfum Recarga<\/h3>\n\n\n\n<p>Inspiradora, intensa e audaz. Um manifesto em forma de perfume para mulheres poderosas e sem medo de mostrar quem s\u00e3o. Porque \u201c\u00c9 t\u00e3o bom ser m\u00e1!\u201d.<\/p>\n\n\n    <a class='product' target='_blank' href='https:\/\/www.primor.eu\/pt_pt\/carolina-herrera-refil-good-girl-eau-de-parfum-89601.html'>\r\n        <img decoding=\"async\" width=\"300\" height=\"300\" loading=\"async\" src=\"https:\/\/cdn2.primor.eu\/media\/catalog\/product\/cache\/8d3aba296f7a18b5251ee30fa5db42b2\/1\/_\/1_c2ba.JPG\" alt=\"\" title=\"\">\r\n            <div class=\"claim\">\r\n                 COMPRAR AGORA            <\/div>\r\n        <\/a>\r\n    \n\n\n<h3 class=\"wp-block-heading\">Urban Decay All Nighter Setting Spray Travel Size Fixador de Maquilhagem<\/h3>\n\n\n\n<p>Fijador de maquilhagem 100% vegano e sem parabenos. Garante dura\u00e7\u00e3o de at\u00e9 16h e controla a temperatura do rosto para manter o look fresco.<\/p>\n\n\n    <a class='product' target='_blank' href='https:\/\/www.primor.eu\/pt_pt\/urban-decay-all-nighter-setting-spray-travel-size-spray-de-fixac-o-para-maquilhagem-74830.html'>\r\n        <img decoding=\"async\" width=\"300\" height=\"300\" loading=\"async\" src=\"https:\/\/cdn2.primor.eu\/media\/catalog\/product\/cache\/8d3aba296f7a18b5251ee30fa5db42b2\/a\/l\/all_nighter_setting_spray_travel_size_spray_fijador_de_maquillaje_7988.jpg\" alt=\"\" title=\"\">\r\n            <div class=\"claim\">\r\n                 COMPRAR AGORA            <\/div>\r\n        <\/a>\r\n    \n\n\n<h3 class=\"wp-block-heading\">Jean Paul Gaultier Scandal pour Homme Eau de Toilette<\/h3>\n\n\n\n<p>Uma fragr\u00e2ncia masculina triunfante, sensual e energ\u00e9tica. Reinventa a masculinidade com uma presen\u00e7a amadeirada intensa e envolvente.<\/p>\n\n\n    <a class='product' target='_blank' href='https:\/\/www.primor.eu\/pt_pt\/jean-paul-gaultier-jean-paul-gaultier-scandal-pour-homme-eau-de-toilette-para-homem-112463.html?#854=66330'>\r\n        <img decoding=\"async\" width=\"300\" height=\"300\" loading=\"async\" src=\"https:\/\/cdn2.primor.eu\/media\/catalog\/product\/cache\/8d3aba296f7a18b5251ee30fa5db42b2\/8\/4\/8435415030908_01_9d27.png\" alt=\"\" title=\"\">\r\n            <div class=\"claim\">\r\n                 COMPRAR AGORA            <\/div>\r\n        <\/a>\r\n    ","protected":false},"excerpt":{"rendered":"<p>O dia 11 de novembro celebra-se o j\u00e1 famoso Singles Day (ou Dia Mundial do Solteiro). Um dia para celebrares o amor-pr\u00f3prio e a individualidade de seres quem \u00e9s. Mas, sabes de onde vem esta data? O que se celebra exatamente e que produtos e tratamentos vais poder encontrar com desconto? Hoje contamos-te tudo (e [&hellip;]<\/p>\n","protected":false},"author":6,"featured_media":5939,"comment_status":"closed","ping_status":"closed","sticky":false,"template":"","format":"standard","meta":{"jnews-multi-image_gallery":[],"jnews_single_post":{"format":"standard"},"jnews_primary_category":[],"jnews_social_meta":[],"jnews_override_counter":[],"footnotes":""},"categories":[31],"tags":[],"class_list":["post-5938","post","type-post","status-publish","format-standard","has-post-thumbnail","hentry","category-ideias-de-presentes"],"_links":{"self":[{"href":"https:\/\/www.primor.eu\/blog\/pt\/wp-json\/wp\/v2\/posts\/5938","targetHints":{"allow":["GET"]}}],"collection":[{"href":"https:\/\/www.primor.eu\/blog\/pt\/wp-json\/wp\/v2\/posts"}],"about":[{"href":"https:\/\/www.primor.eu\/blog\/pt\/wp-json\/wp\/v2\/types\/post"}],"author":[{"embeddable":true,"href":"https:\/\/www.primor.eu\/blog\/pt\/wp-json\/wp\/v2\/users\/6"}],"replies":[{"embeddable":true,"href":"https:\/\/www.primor.eu\/blog\/pt\/wp-json\/wp\/v2\/comments?post=5938"}],"version-history":[{"count":4,"href":"https:\/\/www.primor.eu\/blog\/pt\/wp-json\/wp\/v2\/posts\/5938\/revisions"}],"predecessor-version":[{"id":6264,"href":"https:\/\/www.primor.eu\/blog\/pt\/wp-json\/wp\/v2\/posts\/5938\/revisions\/6264"}],"wp:featuredmedia":[{"embeddable":true,"href":"https:\/\/www.primor.eu\/blog\/pt\/wp-json\/wp\/v2\/media\/5939"}],"wp:attachment":[{"href":"https:\/\/www.primor.eu\/blog\/pt\/wp-json\/wp\/v2\/media?parent=5938"}],"wp:term":[{"taxonomy":"category","embeddable":true,"href":"https:\/\/www.primor.eu\/blog\/pt\/wp-json\/wp\/v2\/categories?post=5938"},{"taxonomy":"post_tag","embeddable":true,"href":"https:\/\/www.primor.eu\/blog\/pt\/wp-json\/wp\/v2\/tags?post=5938"}],"curies":[{"name":"wp","href":"https:\/\/api.w.org\/{rel}","templated":true}]}}